{"id":175000,"date":"2019-08-15T11:43:57","date_gmt":"2019-08-15T11:43:57","guid":{"rendered":"https:\/\/www.welovecycling.com\/wide\/?p=175000"},"modified":"2019-08-15T11:43:57","modified_gmt":"2019-08-15T11:43:57","slug":"the-bicycle-as-art","status":"publish","type":"post","link":"https:\/\/www.welovecycling.com\/wide\/2019\/08\/15\/the-bicycle-as-art\/","title":{"rendered":"The Bicycle as Art"},"content":{"rendered":"<p><strong>I think that most of us, when we think about it, find our bikes \u2013 maybe even all bikes \u2013 to be beautiful. There is something aesthetically very pleasing about the relationship between the straight lines of the frame, the circular wheels and the projecting curve of the handlebars.<\/strong><\/p>\n<p><!--more--><br \/>\nThat relationship is based on function, of course, but architects have long shown that beauty can come out of function. The renowned American architect Louis Sullivan coined the phrase \u201cForm follows function,\u201d which he drew from the writings of the Roman architect and engineer Marcus Vitruvius Pollio, who declared that a structure must be solid, useful and beautiful. Those three adjectives perfectly describe the modern bicycle.<\/p>\n<p>No wonder, then, that the bike has increasingly become a medium for artists, beginning in the early 20th century, when it was a symbol of technological and social progress. Today, with the bicycle more present in culture than ever before, it is used by artists in a variety of ways, including as an object of beauty.<\/p>\n<figure id=\"attachment_175011\" aria-describedby=\"caption-attachment-175011\" style=\"width: 1024px\" class=\"wp-caption alignnone\"><a href=\"https:\/\/d2p6e6u75xmxt8.cloudfront.net\/2\/2019\/08\/Ai-Weiwei-profimedia-0258875016.jpg\"><img loading=\"lazy\" decoding=\"async\" class=\"size-large wp-image-175011\" src=\"https:\/\/d2p6e6u75xmxt8.cloudfront.net\/2\/2019\/08\/Ai-Weiwei-profimedia-0258875016-1024x681.jpg\" alt=\"\" width=\"1024\" height=\"681\" \/><\/a><figcaption id=\"caption-attachment-175011\" class=\"wp-caption-text\">Chinese artist Ai Weiwei poses in front of his sculpture &#8220;Forever&#8221; at the base of the the &#8220;Gherkin&#8221; tower in the City of London, during a photocall to celebrate the completion of his installation, as part of the Sculpture in the City outdoor art exhibition. The structure was nearly 10 metres tall and 16 metres wide and consisted of 1,254 bicycle frames. \u00a9 Profimedia, AFP<\/figcaption><\/figure>\n<p>The contemporary Chinese artist and activist Ai Weiwei, who has exhibited his sculptures and installations at museums around the world, including at Prague\u2019s National Gallery, has often used the bicycle in his work. In addition to admiring its formal beauty, Ai Weiwei appears to use his bicycle installations to express how authoritarian political systems produce conformist individuals in a similar way to the mass production of bikes. Check out his work <a href=\"https:\/\/www.welovecycling.com\/wide\/2017\/01\/12\/chinese-cycling-art-ai-weiweis-sculptures-symbolize-freedom\/\">here<\/a> and <a href=\"https:\/\/www.designboom.com\/art\/ai-weiwei-stacked-an-installation-of-760-bikes\/\">here<\/a>.<\/p>\n<p>On a more modest scale, in 2007 the artists Mark Grieve and Ilona Specter recycled (pun intended) bikes from rubbish dumps and recycling centres to create a 30-foot-high archway for the annual Burning Man festival held every year in Nevada\u2019s Black Rock Desert. The work was functional and formally interesting, and it attempted to express something about the problem of all the trash that is plaguing our planet and one way to deal with it \u2013 yes, re-cycling.<\/p>\n<figure id=\"attachment_175008\" aria-describedby=\"caption-attachment-175008\" style=\"width: 800px\" class=\"wp-caption alignnone\"><a href=\"https:\/\/d2p6e6u75xmxt8.cloudfront.net\/2\/2019\/08\/bicycle-arch.jpg\"><img loading=\"lazy\" decoding=\"async\" class=\"size-full wp-image-175008\" src=\"https:\/\/d2p6e6u75xmxt8.cloudfront.net\/2\/2019\/08\/bicycle-arch.jpg\" alt=\"\" width=\"800\" height=\"534\" \/><\/a><figcaption id=\"caption-attachment-175008\" class=\"wp-caption-text\">The Bicycle Arch at Burning Man Festival. \u00a9 Artists Without Borders Facebook<\/figcaption><\/figure>\n<p>Saatchi Art offers for sale over 1,000 works by emerging artists from around the world in which the bicycle is the primary subject, such as Taliah Lempert\u2019s oil painting \u201c<a href=\"https:\/\/www.saatchiart.com\/art\/Painting-Dave-s-Eisentraut-on-Pink\/669868\/6303495\/view\">Dave\u2019s Eisentraut on Pink<\/a>\u201d, which you can purchase for $3,410.<\/p>\n<p>In fact, Ms. Lempert is a bicycle artist exclusively, and her many and very diverse portraits of our favourite two-wheeler can be found at https:\/\/www.bicyclepaintings.com\/, all of them for sale.<\/p>\n<p>One of the most effective public works of art using bikes was created for the British town of Woking for the road race of the 2012 London Summer Olympics, which passed through the municipality. For that project, the artist Sara Holmes and 5,000 schoolchildren created a peloton of 50 \u201cwillow cyclists\u201d along the route of the race.<\/p>\n<lite-youtube videoid=PiQamgvd62M params=\"enablejsapi=1\" style=\"background-image: url('https:\/\/i.ytimg.com\/vi_webp\/PiQamgvd62M\/maxresdefault.webp');\"><\/lite-youtube>\n<p>Finally, bicycle parts have also been used creatively by a number of artists, none more ingeniously than the South Korean \u201cchain sculptor\u201d Seo Young-Deok, who uses bicycle chains to create large, visually stunning works, such as <a href=\"http:\/\/youngdeok.com\/the-thinker-300-iron-chain-77-x-84-x-122hcm-2016\/\">\u201cThe Thinker\u201d<\/a>.<\/p>\n<p>Also, the perfectly named company <a href=\"https:\/\/www.bikefurniture.com\">Bike Furniture Design<\/a> uses bicycle (and motorcycle) parts to create astonishingly inventive furniture, so that even when you\u2019re indoors and out of the saddle, you\u2019ll still be \u201con the bike.\u201d<\/p>\n","protected":false},"excerpt":{"rendered":"<p>I think that most of us, when we think about it, find our bikes \u2013 maybe even all bikes \u2013 [&hellip;]<\/p>\n","protected":false},"author":99,"featured_media":175010,"comment_status":"open","ping_status":"open","sticky":false,"template":"","format":"standard","meta":{"footnotes":""},"categories":[334],"tags":[764,3363,1055,3358,3355,3356,3357,3361,3360,3362,3359],"global-categories":[],"class_list":["post-175000","post","type-post","status-publish","format-standard","has-post-thumbnail","hentry","category-socialising-and-culture","tag-ai-weiwei","tag-art","tag-burning-man","tag-ilona-specter","tag-louis-sullivan","tag-marcus-vitruvius-pollio","tag-mark-grieve","tag-saatchi-art","tag-sara-holmes","tag-seo-young-deok","tag-taliah-lempert"],"yoast_head":"<!-- This site is optimized with the Yoast SEO Premium plugin v25.3 (Yoast SEO v25.9) - https:\/\/yoast.com\/wordpress\/plugins\/seo\/ -->\n<title>The Bicycle as Art - \u0160koda We Love Cycling<\/title>\n<meta name=\"description\" content=\"I think that most of us, when we think about it, find our bikes \u2013 maybe even all bikes \u2013 to be beautiful. There is something aesthetically very pleasing\" \/>\n<meta name=\"robots\" content=\"index, follow, max-snippet:-1, max-image-preview:large, max-video-preview:-1\" \/>\n<link rel=\"canonical\" href=\"https:\/\/www.welovecycling.com\/wide\/2019\/08\/15\/the-bicycle-as-art\/\" \/>\n<meta property=\"og:locale\" content=\"en_US\" \/>\n<meta property=\"og:type\" content=\"article\" \/>\n<meta property=\"og:title\" content=\"The Bicycle as Art\" \/>\n<meta property=\"og:description\" content=\"I think that most of us, when we think about it, find our bikes \u2013 maybe even all bikes \u2013 to be beautiful. There is something aesthetically very pleasing\" \/>\n<meta property=\"og:url\" content=\"https:\/\/www.welovecycling.com\/wide\/2019\/08\/15\/the-bicycle-as-art\/\" \/>\n<meta property=\"og:site_name\" content=\"\u0160koda We Love Cycling\" \/>\n<meta property=\"article:published_time\" content=\"2019-08-15T11:43:57+00:00\" \/>\n<meta property=\"og:image\" content=\"https:\/\/d2p6e6u75xmxt8.cloudfront.net\/2\/2019\/08\/bicycle-art-profimedia-0356998561-CVR.webp\" \/>\n\t<meta property=\"og:image:width\" content=\"900\" \/>\n\t<meta property=\"og:image:height\" content=\"600\" \/>\n\t<meta property=\"og:image:type\" content=\"image\/webp\" \/>\n<meta name=\"author\" content=\"tereza\" \/>\n<meta name=\"twitter:card\" content=\"summary_large_image\" \/>\n<meta name=\"twitter:label1\" content=\"Written by\" \/>\n\t<meta name=\"twitter:data1\" content=\"Siegfried Mortkowitz\" \/>\n\t<meta name=\"twitter:label2\" content=\"Est. reading time\" \/>\n\t<meta name=\"twitter:data2\" content=\"5\" \/>\n<script type=\"application\/ld+json\" class=\"yoast-schema-graph\">{\"@context\":\"https:\/\/schema.org\",\"@graph\":[{\"@type\":\"WebPage\",\"@id\":\"https:\/\/www.welovecycling.com\/wide\/2019\/08\/15\/the-bicycle-as-art\/\",\"url\":\"https:\/\/www.welovecycling.com\/wide\/2019\/08\/15\/the-bicycle-as-art\/\",\"name\":\"The Bicycle as Art - \u0160koda We Love Cycling\",\"isPartOf\":{\"@id\":\"https:\/\/www.welovecycling.com\/wide\/#website\"},\"primaryImageOfPage\":{\"@id\":\"https:\/\/www.welovecycling.com\/wide\/2019\/08\/15\/the-bicycle-as-art\/#primaryimage\"},\"image\":{\"@id\":\"https:\/\/www.welovecycling.com\/wide\/2019\/08\/15\/the-bicycle-as-art\/#primaryimage\"},\"thumbnailUrl\":\"https:\/\/d2p6e6u75xmxt8.cloudfront.net\/2\/2019\/08\/bicycle-art-profimedia-0356998561-CVR.webp\",\"datePublished\":\"2019-08-15T11:43:57+00:00\",\"author\":{\"@id\":\"https:\/\/www.welovecycling.com\/wide\/#\/schema\/person\/50f01ecd18718d2333cf72e823c4f926\"},\"description\":\"I think that most of us, when we think about it, find our bikes \u2013 maybe even all bikes \u2013 to be beautiful. There is something aesthetically very pleasing\",\"breadcrumb\":{\"@id\":\"https:\/\/www.welovecycling.com\/wide\/2019\/08\/15\/the-bicycle-as-art\/#breadcrumb\"},\"inLanguage\":\"en-US\",\"potentialAction\":[{\"@type\":\"ReadAction\",\"target\":[\"https:\/\/www.welovecycling.com\/wide\/2019\/08\/15\/the-bicycle-as-art\/\"]}]},{\"@type\":\"ImageObject\",\"inLanguage\":\"en-US\",\"@id\":\"https:\/\/www.welovecycling.com\/wide\/2019\/08\/15\/the-bicycle-as-art\/#primaryimage\",\"url\":\"https:\/\/d2p6e6u75xmxt8.cloudfront.net\/2\/2019\/08\/bicycle-art-profimedia-0356998561-CVR.webp\",\"contentUrl\":\"https:\/\/d2p6e6u75xmxt8.cloudfront.net\/2\/2019\/08\/bicycle-art-profimedia-0356998561-CVR.webp\",\"width\":900,\"height\":600},{\"@type\":\"BreadcrumbList\",\"@id\":\"https:\/\/www.welovecycling.com\/wide\/2019\/08\/15\/the-bicycle-as-art\/#breadcrumb\",\"itemListElement\":[{\"@type\":\"ListItem\",\"position\":1,\"name\":\"Home\",\"item\":\"https:\/\/www.welovecycling.com\/wide\/\"},{\"@type\":\"ListItem\",\"position\":2,\"name\":\"The Bicycle as Art\"}]},{\"@type\":\"WebSite\",\"@id\":\"https:\/\/www.welovecycling.com\/wide\/#website\",\"url\":\"https:\/\/www.welovecycling.com\/wide\/\",\"name\":\"\u0160koda We Love Cycling\",\"description\":\"\u0160koda We Love Cycling magazine\",\"alternateName\":\"\u0160koda WLC\",\"potentialAction\":[{\"@type\":\"SearchAction\",\"target\":{\"@type\":\"EntryPoint\",\"urlTemplate\":\"https:\/\/www.welovecycling.com\/wide\/?s={search_term_string}\"},\"query-input\":{\"@type\":\"PropertyValueSpecification\",\"valueRequired\":true,\"valueName\":\"search_term_string\"}}],\"inLanguage\":\"en-US\"},{\"@type\":\"Person\",\"@id\":\"https:\/\/www.welovecycling.com\/wide\/#\/schema\/person\/50f01ecd18718d2333cf72e823c4f926\",\"name\":\"tereza\",\"image\":{\"@type\":\"ImageObject\",\"inLanguage\":\"en-US\",\"@id\":\"https:\/\/www.welovecycling.com\/wide\/#\/schema\/person\/image\/\",\"url\":\"https:\/\/secure.gravatar.com\/avatar\/1f9eb71be33845f0afabce3791bc1c58ecdb0a25c62964987e5dbcf7a20d2ec7?s=96&d=mm&r=g\",\"contentUrl\":\"https:\/\/secure.gravatar.com\/avatar\/1f9eb71be33845f0afabce3791bc1c58ecdb0a25c62964987e5dbcf7a20d2ec7?s=96&d=mm&r=g\",\"caption\":\"tereza\"},\"url\":\"https:\/\/www.welovecycling.com\/wide\/author\/tereza\/\"}]}<\/script>\n<!-- \/ Yoast SEO Premium plugin. -->","yoast_head_json":{"title":"The Bicycle as Art - \u0160koda We Love Cycling","description":"I think that most of us, when we think about it, find our bikes \u2013 maybe even all bikes \u2013 to be beautiful. There is something aesthetically very pleasing","robots":{"index":"index","follow":"follow","max-snippet":"max-snippet:-1","max-image-preview":"max-image-preview:large","max-video-preview":"max-video-preview:-1"},"canonical":"https:\/\/www.welovecycling.com\/wide\/2019\/08\/15\/the-bicycle-as-art\/","og_locale":"en_US","og_type":"article","og_title":"The Bicycle as Art","og_description":"I think that most of us, when we think about it, find our bikes \u2013 maybe even all bikes \u2013 to be beautiful. There is something aesthetically very pleasing","og_url":"https:\/\/www.welovecycling.com\/wide\/2019\/08\/15\/the-bicycle-as-art\/","og_site_name":"\u0160koda We Love Cycling","article_published_time":"2019-08-15T11:43:57+00:00","og_image":[{"width":900,"height":600,"url":"https:\/\/d2p6e6u75xmxt8.cloudfront.net\/2\/2019\/08\/bicycle-art-profimedia-0356998561-CVR.webp","type":"image\/webp"}],"author":"tereza","twitter_card":"summary_large_image","twitter_misc":{"Written by":"Siegfried Mortkowitz","Est. reading time":"5"},"schema":{"@context":"https:\/\/schema.org","@graph":[{"@type":"WebPage","@id":"https:\/\/www.welovecycling.com\/wide\/2019\/08\/15\/the-bicycle-as-art\/","url":"https:\/\/www.welovecycling.com\/wide\/2019\/08\/15\/the-bicycle-as-art\/","name":"The Bicycle as Art - \u0160koda We Love Cycling","isPartOf":{"@id":"https:\/\/www.welovecycling.com\/wide\/#website"},"primaryImageOfPage":{"@id":"https:\/\/www.welovecycling.com\/wide\/2019\/08\/15\/the-bicycle-as-art\/#primaryimage"},"image":{"@id":"https:\/\/www.welovecycling.com\/wide\/2019\/08\/15\/the-bicycle-as-art\/#primaryimage"},"thumbnailUrl":"https:\/\/d2p6e6u75xmxt8.cloudfront.net\/2\/2019\/08\/bicycle-art-profimedia-0356998561-CVR.webp","datePublished":"2019-08-15T11:43:57+00:00","author":{"@id":"https:\/\/www.welovecycling.com\/wide\/#\/schema\/person\/50f01ecd18718d2333cf72e823c4f926"},"description":"I think that most of us, when we think about it, find our bikes \u2013 maybe even all bikes \u2013 to be beautiful. There is something aesthetically very pleasing","breadcrumb":{"@id":"https:\/\/www.welovecycling.com\/wide\/2019\/08\/15\/the-bicycle-as-art\/#breadcrumb"},"inLanguage":"en-US","potentialAction":[{"@type":"ReadAction","target":["https:\/\/www.welovecycling.com\/wide\/2019\/08\/15\/the-bicycle-as-art\/"]}]},{"@type":"ImageObject","inLanguage":"en-US","@id":"https:\/\/www.welovecycling.com\/wide\/2019\/08\/15\/the-bicycle-as-art\/#primaryimage","url":"https:\/\/d2p6e6u75xmxt8.cloudfront.net\/2\/2019\/08\/bicycle-art-profimedia-0356998561-CVR.webp","contentUrl":"https:\/\/d2p6e6u75xmxt8.cloudfront.net\/2\/2019\/08\/bicycle-art-profimedia-0356998561-CVR.webp","width":900,"height":600},{"@type":"BreadcrumbList","@id":"https:\/\/www.welovecycling.com\/wide\/2019\/08\/15\/the-bicycle-as-art\/#breadcrumb","itemListElement":[{"@type":"ListItem","position":1,"name":"Home","item":"https:\/\/www.welovecycling.com\/wide\/"},{"@type":"ListItem","position":2,"name":"The Bicycle as Art"}]},{"@type":"WebSite","@id":"https:\/\/www.welovecycling.com\/wide\/#website","url":"https:\/\/www.welovecycling.com\/wide\/","name":"\u0160koda We Love Cycling","description":"\u0160koda We Love Cycling magazine","alternateName":"\u0160koda WLC","potentialAction":[{"@type":"SearchAction","target":{"@type":"EntryPoint","urlTemplate":"https:\/\/www.welovecycling.com\/wide\/?s={search_term_string}"},"query-input":{"@type":"PropertyValueSpecification","valueRequired":true,"valueName":"search_term_string"}}],"inLanguage":"en-US"},{"@type":"Person","@id":"https:\/\/www.welovecycling.com\/wide\/#\/schema\/person\/50f01ecd18718d2333cf72e823c4f926","name":"tereza","image":{"@type":"ImageObject","inLanguage":"en-US","@id":"https:\/\/www.welovecycling.com\/wide\/#\/schema\/person\/image\/","url":"https:\/\/secure.gravatar.com\/avatar\/1f9eb71be33845f0afabce3791bc1c58ecdb0a25c62964987e5dbcf7a20d2ec7?s=96&d=mm&r=g","contentUrl":"https:\/\/secure.gravatar.com\/avatar\/1f9eb71be33845f0afabce3791bc1c58ecdb0a25c62964987e5dbcf7a20d2ec7?s=96&d=mm&r=g","caption":"tereza"},"url":"https:\/\/www.welovecycling.com\/wide\/author\/tereza\/"}]}},"_links":{"self":[{"href":"https:\/\/www.welovecycling.com\/wide\/wp-json\/wp\/v2\/posts\/175000","targetHints":{"allow":["GET"]}}],"collection":[{"href":"https:\/\/www.welovecycling.com\/wide\/wp-json\/wp\/v2\/posts"}],"about":[{"href":"https:\/\/www.welovecycling.com\/wide\/wp-json\/wp\/v2\/types\/post"}],"author":[{"embeddable":true,"href":"https:\/\/www.welovecycling.com\/wide\/wp-json\/wp\/v2\/users\/99"}],"replies":[{"embeddable":true,"href":"https:\/\/www.welovecycling.com\/wide\/wp-json\/wp\/v2\/comments?post=175000"}],"version-history":[{"count":2,"href":"https:\/\/www.welovecycling.com\/wide\/wp-json\/wp\/v2\/posts\/175000\/revisions"}],"predecessor-version":[{"id":175012,"href":"https:\/\/www.welovecycling.com\/wide\/wp-json\/wp\/v2\/posts\/175000\/revisions\/175012"}],"wp:featuredmedia":[{"embeddable":true,"href":"https:\/\/www.welovecycling.com\/wide\/wp-json\/wp\/v2\/media\/175010"}],"wp:attachment":[{"href":"https:\/\/www.welovecycling.com\/wide\/wp-json\/wp\/v2\/media?parent=175000"}],"wp:term":[{"taxonomy":"category","embeddable":true,"href":"https:\/\/www.welovecycling.com\/wide\/wp-json\/wp\/v2\/categories?post=175000"},{"taxonomy":"post_tag","embeddable":true,"href":"https:\/\/www.welovecycling.com\/wide\/wp-json\/wp\/v2\/tags?post=175000"},{"taxonomy":"global-categories","embeddable":true,"href":"https:\/\/www.welovecycling.com\/wide\/wp-json\/wp\/v2\/global-categories?post=175000"}],"curies":[{"name":"wp","href":"https:\/\/api.w.org\/{rel}","templated":true}]}}