{"id":174910,"date":"2019-08-07T16:41:14","date_gmt":"2019-08-07T16:41:14","guid":{"rendered":"https:\/\/www.welovecycling.com\/wide\/?p=174910"},"modified":"2019-08-07T16:47:23","modified_gmt":"2019-08-07T16:47:23","slug":"major-taylor-usas-first-black-pro-cyclist-who-shattered-the-colour-barrier-for-others-to-follow","status":"publish","type":"post","link":"https:\/\/www.welovecycling.com\/wide\/2019\/08\/07\/major-taylor-usas-first-black-pro-cyclist-who-shattered-the-colour-barrier-for-others-to-follow\/","title":{"rendered":"Major Taylor: USA\u2019s First Black Pro Cyclist Who Shattered the Colour Barrier for Others to Follow"},"content":{"rendered":"<p><strong>Marshall Walter &#8220;Major&#8221; Taylor was an American cyclist who turned professional in 1896 at the age of 18. He\u2019d move from city to city along the American East Coast, competing in track events including British formatted six-day races. He chewed up competition and within a couple of years of turning pro, Taylor was breaking world records, earning the nickname of Worcester Whirlwind. And he did all this in racially-segregated America.<\/strong><!--more--><\/p>\n<p><a href=\"https:\/\/d2p6e6u75xmxt8.cloudfront.net\/2\/2019\/08\/major-taylor-2-1.jpg\"><img loading=\"lazy\" decoding=\"async\" class=\"alignnone size-full wp-image-174924\" src=\"https:\/\/d2p6e6u75xmxt8.cloudfront.net\/2\/2019\/08\/major-taylor-2-1.jpg\" alt=\"\" width=\"684\" height=\"442\" \/><\/a><\/p>\n<p>Six-day races were popular events as the bikes at the turn of the 20th century would hit speeds of 40 miles per hour on the track \u2013 more than the cars of the day. The idea was to see how far you could race. You could take a rest whenever you wanted to \u2013 only to watch your competitors rack up miles.\u00a0 It was brutal enough without the segregationist racism. Remember, this was at the height of the \u201cJim Crow era\u201d and Taylor was born just 13 years after the passing of the thirteenth amendment to the constitution of the United States, which finally abolished slavery.<\/p>\n<p>Some cyclists refused to race him and Taylor is quoted as saying that he\u2019d been \u201cbumped, jostled, and elbowed until I was sorely tired\u201d. The \u201cn\u201d word was often used to intimidate and belittle Taylor.\u00a0 And Taylor responded by winning race after race and setting records that threw down the gauntlet to his racist detractors. In fact, his perseverance and excellent performance made him the first African American World Champion cyclist in 1899.<\/p>\n<p><a href=\"https:\/\/d2p6e6u75xmxt8.cloudfront.net\/2\/2019\/08\/Major-Taylor-1.jpg\"><img loading=\"lazy\" decoding=\"async\" class=\"alignnone size-full wp-image-174922\" src=\"https:\/\/d2p6e6u75xmxt8.cloudfront.net\/2\/2019\/08\/Major-Taylor-1.jpg\" alt=\"\" width=\"480\" height=\"686\" \/><\/a><\/p>\n<p>But in the above image, you see Major Taylor\u2019s support man was white. Tom Hay, a white man of Irish Quaker descent, gave Taylor free bikes as a teenager in exchange for Taylor performing stunts.<\/p>\n<p>The Worcester Cycle Manufacturing Company saw Taylor\u2019s athletic potential and paid him to ride for them.<\/p>\n<p>When the League of American Wheelmen changed their rules to keep blacks out the sport, commercial sponsors were supporting Taylor\u2019s career. And this tradition has continued thanks to the likes of Specialized \u2013 and Justin Williams.<\/p>\n<lite-youtube videoid=mDUio9R_R7A params=\"enablejsapi=1\" style=\"background-image: url('https:\/\/i.ytimg.com\/vi_webp\/mDUio9R_R7A\/maxresdefault.webp');\"><\/lite-youtube>\n<p>Williams grew up dreaming of participating in Le Tour de France but his instinct to break the mould took him on a diversion. In 2018, Williams became the USA Cycling Amateur Road National Champion \u2013 astonishingly, he won without riding with a team. Williams now has sponsorship and he is clearly happy with Specialized.<\/p>\n<p>https:\/\/www.youtube.com\/watch?v=UIB20zCwEd0&#038;feature=youtu.be&#038;t=194<\/p>\n<p>Ayesha McGowan, the first African-American female cyclist to go pro, pays tribute to Major Taylor in this video sponsored by a popular Cognac (drink responsibly folks\u2026) and maybe that\u2019s what\u2019s going to change the face of cycling. The sponsors funding the sports clearly see the benefits of a more diverse audience. And when black athletes compete \u2013 the victories speak for themselves.<\/p>\n<lite-youtube videoid=Y-z0Kh0pvNM params=\"enablejsapi=1\" style=\"background-image: url('https:\/\/i.ytimg.com\/vi_webp\/Y-z0Kh0pvNM\/maxresdefault.webp');\"><\/lite-youtube>\n","protected":false},"excerpt":{"rendered":"<p>Marshall Walter &#8220;Major&#8221; Taylor was an American cyclist who turned professional in 1896 at the age of 18. He\u2019d move [&hellip;]<\/p>\n","protected":false},"author":12,"featured_media":174918,"comment_status":"open","ping_status":"open","sticky":false,"template":"","format":"standard","meta":{"footnotes":""},"categories":[329,334],"tags":[3322,3321,3319,3320],"global-categories":[],"class_list":["post-174910","post","type-post","status-publish","format-standard","has-post-thumbnail","hentry","category-road-cycling","category-socialising-and-culture","tag-ayesha-mcgowan","tag-justin-williams","tag-major-tayor","tag-tom-hay"],"yoast_head":"<!-- This site is optimized with the Yoast SEO Premium plugin v25.3 (Yoast SEO v25.9) - https:\/\/yoast.com\/wordpress\/plugins\/seo\/ -->\n<title>Major Taylor: USA\u2019s First Black Pro Cyclist Who Shattered the Colour Barrier for Others to Follow - \u0160koda We Love Cycling<\/title>\n<meta name=\"description\" content=\"Marshall Walter &quot;Major&quot; Taylor was an American cyclist who turned professional in 1896 at the age of 18. He\u2019d move from city to city along the American\" \/>\n<meta name=\"robots\" content=\"index, follow, max-snippet:-1, max-image-preview:large, max-video-preview:-1\" \/>\n<link rel=\"canonical\" href=\"https:\/\/www.welovecycling.com\/wide\/2019\/08\/07\/major-taylor-usas-first-black-pro-cyclist-who-shattered-the-colour-barrier-for-others-to-follow\/\" \/>\n<meta property=\"og:locale\" content=\"en_US\" \/>\n<meta property=\"og:type\" content=\"article\" \/>\n<meta property=\"og:title\" content=\"Major Taylor: USA\u2019s First Black Pro Cyclist Who Shattered the Colour Barrier for Others to Follow\" \/>\n<meta property=\"og:description\" content=\"Marshall Walter &quot;Major&quot; Taylor was an American cyclist who turned professional in 1896 at the age of 18. He\u2019d move from city to city along the American\" \/>\n<meta property=\"og:url\" content=\"https:\/\/www.welovecycling.com\/wide\/2019\/08\/07\/major-taylor-usas-first-black-pro-cyclist-who-shattered-the-colour-barrier-for-others-to-follow\/\" \/>\n<meta property=\"og:site_name\" content=\"\u0160koda We Love Cycling\" \/>\n<meta property=\"article:published_time\" content=\"2019-08-07T16:41:14+00:00\" \/>\n<meta property=\"article:modified_time\" content=\"2019-08-07T16:47:23+00:00\" \/>\n<meta property=\"og:image\" content=\"https:\/\/d2p6e6u75xmxt8.cloudfront.net\/2\/2019\/08\/Major-Taylor-CVR.webp\" \/>\n\t<meta property=\"og:image:width\" content=\"900\" \/>\n\t<meta property=\"og:image:height\" content=\"600\" \/>\n\t<meta property=\"og:image:type\" content=\"image\/webp\" \/>\n<meta name=\"twitter:card\" content=\"summary_large_image\" \/>\n<meta name=\"twitter:label1\" content=\"Written by\" \/>\n\t<meta name=\"twitter:data1\" content=\"Christopher Ashley\" \/>\n\t<meta name=\"twitter:label2\" content=\"Est. reading time\" \/>\n\t<meta name=\"twitter:data2\" content=\"6\" \/>\n<script type=\"application\/ld+json\" class=\"yoast-schema-graph\">{\"@context\":\"https:\/\/schema.org\",\"@graph\":[{\"@type\":\"WebPage\",\"@id\":\"https:\/\/www.welovecycling.com\/wide\/2019\/08\/07\/major-taylor-usas-first-black-pro-cyclist-who-shattered-the-colour-barrier-for-others-to-follow\/\",\"url\":\"https:\/\/www.welovecycling.com\/wide\/2019\/08\/07\/major-taylor-usas-first-black-pro-cyclist-who-shattered-the-colour-barrier-for-others-to-follow\/\",\"name\":\"Major Taylor: USA\u2019s First Black Pro Cyclist Who Shattered the Colour Barrier for Others to Follow - \u0160koda We Love Cycling\",\"isPartOf\":{\"@id\":\"https:\/\/www.welovecycling.com\/wide\/#website\"},\"primaryImageOfPage\":{\"@id\":\"https:\/\/www.welovecycling.com\/wide\/2019\/08\/07\/major-taylor-usas-first-black-pro-cyclist-who-shattered-the-colour-barrier-for-others-to-follow\/#primaryimage\"},\"image\":{\"@id\":\"https:\/\/www.welovecycling.com\/wide\/2019\/08\/07\/major-taylor-usas-first-black-pro-cyclist-who-shattered-the-colour-barrier-for-others-to-follow\/#primaryimage\"},\"thumbnailUrl\":\"https:\/\/d2p6e6u75xmxt8.cloudfront.net\/2\/2019\/08\/Major-Taylor-CVR.webp\",\"datePublished\":\"2019-08-07T16:41:14+00:00\",\"dateModified\":\"2019-08-07T16:47:23+00:00\",\"author\":{\"@id\":\"\"},\"description\":\"Marshall Walter \\\"Major\\\" Taylor was an American cyclist who turned professional in 1896 at the age of 18. He\u2019d move from city to city along the American\",\"breadcrumb\":{\"@id\":\"https:\/\/www.welovecycling.com\/wide\/2019\/08\/07\/major-taylor-usas-first-black-pro-cyclist-who-shattered-the-colour-barrier-for-others-to-follow\/#breadcrumb\"},\"inLanguage\":\"en-US\",\"potentialAction\":[{\"@type\":\"ReadAction\",\"target\":[\"https:\/\/www.welovecycling.com\/wide\/2019\/08\/07\/major-taylor-usas-first-black-pro-cyclist-who-shattered-the-colour-barrier-for-others-to-follow\/\"]}]},{\"@type\":\"ImageObject\",\"inLanguage\":\"en-US\",\"@id\":\"https:\/\/www.welovecycling.com\/wide\/2019\/08\/07\/major-taylor-usas-first-black-pro-cyclist-who-shattered-the-colour-barrier-for-others-to-follow\/#primaryimage\",\"url\":\"https:\/\/d2p6e6u75xmxt8.cloudfront.net\/2\/2019\/08\/Major-Taylor-CVR.webp\",\"contentUrl\":\"https:\/\/d2p6e6u75xmxt8.cloudfront.net\/2\/2019\/08\/Major-Taylor-CVR.webp\",\"width\":900,\"height\":600},{\"@type\":\"BreadcrumbList\",\"@id\":\"https:\/\/www.welovecycling.com\/wide\/2019\/08\/07\/major-taylor-usas-first-black-pro-cyclist-who-shattered-the-colour-barrier-for-others-to-follow\/#breadcrumb\",\"itemListElement\":[{\"@type\":\"ListItem\",\"position\":1,\"name\":\"Home\",\"item\":\"https:\/\/www.welovecycling.com\/wide\/\"},{\"@type\":\"ListItem\",\"position\":2,\"name\":\"Major Taylor: USA\u2019s First Black Pro Cyclist Who Shattered the Colour Barrier for Others to Follow\"}]},{\"@type\":\"WebSite\",\"@id\":\"https:\/\/www.welovecycling.com\/wide\/#website\",\"url\":\"https:\/\/www.welovecycling.com\/wide\/\",\"name\":\"\u0160koda We Love Cycling\",\"description\":\"\u0160koda We Love Cycling magazine\",\"alternateName\":\"\u0160koda WLC\",\"potentialAction\":[{\"@type\":\"SearchAction\",\"target\":{\"@type\":\"EntryPoint\",\"urlTemplate\":\"https:\/\/www.welovecycling.com\/wide\/?s={search_term_string}\"},\"query-input\":{\"@type\":\"PropertyValueSpecification\",\"valueRequired\":true,\"valueName\":\"search_term_string\"}}],\"inLanguage\":\"en-US\"},{\"@type\":\"Person\",\"@id\":\"\",\"url\":\"https:\/\/www.welovecycling.com\/wide\/author\/\"}]}<\/script>\n<!-- \/ Yoast SEO Premium plugin. -->","yoast_head_json":{"title":"Major Taylor: USA\u2019s First Black Pro Cyclist Who Shattered the Colour Barrier for Others to Follow - \u0160koda We Love Cycling","description":"Marshall Walter \"Major\" Taylor was an American cyclist who turned professional in 1896 at the age of 18. He\u2019d move from city to city along the American","robots":{"index":"index","follow":"follow","max-snippet":"max-snippet:-1","max-image-preview":"max-image-preview:large","max-video-preview":"max-video-preview:-1"},"canonical":"https:\/\/www.welovecycling.com\/wide\/2019\/08\/07\/major-taylor-usas-first-black-pro-cyclist-who-shattered-the-colour-barrier-for-others-to-follow\/","og_locale":"en_US","og_type":"article","og_title":"Major Taylor: USA\u2019s First Black Pro Cyclist Who Shattered the Colour Barrier for Others to Follow","og_description":"Marshall Walter \"Major\" Taylor was an American cyclist who turned professional in 1896 at the age of 18. He\u2019d move from city to city along the American","og_url":"https:\/\/www.welovecycling.com\/wide\/2019\/08\/07\/major-taylor-usas-first-black-pro-cyclist-who-shattered-the-colour-barrier-for-others-to-follow\/","og_site_name":"\u0160koda We Love Cycling","article_published_time":"2019-08-07T16:41:14+00:00","article_modified_time":"2019-08-07T16:47:23+00:00","og_image":[{"width":900,"height":600,"url":"https:\/\/d2p6e6u75xmxt8.cloudfront.net\/2\/2019\/08\/Major-Taylor-CVR.webp","type":"image\/webp"}],"twitter_card":"summary_large_image","twitter_misc":{"Written by":"Christopher Ashley","Est. reading time":"6"},"schema":{"@context":"https:\/\/schema.org","@graph":[{"@type":"WebPage","@id":"https:\/\/www.welovecycling.com\/wide\/2019\/08\/07\/major-taylor-usas-first-black-pro-cyclist-who-shattered-the-colour-barrier-for-others-to-follow\/","url":"https:\/\/www.welovecycling.com\/wide\/2019\/08\/07\/major-taylor-usas-first-black-pro-cyclist-who-shattered-the-colour-barrier-for-others-to-follow\/","name":"Major Taylor: USA\u2019s First Black Pro Cyclist Who Shattered the Colour Barrier for Others to Follow - \u0160koda We Love Cycling","isPartOf":{"@id":"https:\/\/www.welovecycling.com\/wide\/#website"},"primaryImageOfPage":{"@id":"https:\/\/www.welovecycling.com\/wide\/2019\/08\/07\/major-taylor-usas-first-black-pro-cyclist-who-shattered-the-colour-barrier-for-others-to-follow\/#primaryimage"},"image":{"@id":"https:\/\/www.welovecycling.com\/wide\/2019\/08\/07\/major-taylor-usas-first-black-pro-cyclist-who-shattered-the-colour-barrier-for-others-to-follow\/#primaryimage"},"thumbnailUrl":"https:\/\/d2p6e6u75xmxt8.cloudfront.net\/2\/2019\/08\/Major-Taylor-CVR.webp","datePublished":"2019-08-07T16:41:14+00:00","dateModified":"2019-08-07T16:47:23+00:00","author":{"@id":""},"description":"Marshall Walter \"Major\" Taylor was an American cyclist who turned professional in 1896 at the age of 18. He\u2019d move from city to city along the American","breadcrumb":{"@id":"https:\/\/www.welovecycling.com\/wide\/2019\/08\/07\/major-taylor-usas-first-black-pro-cyclist-who-shattered-the-colour-barrier-for-others-to-follow\/#breadcrumb"},"inLanguage":"en-US","potentialAction":[{"@type":"ReadAction","target":["https:\/\/www.welovecycling.com\/wide\/2019\/08\/07\/major-taylor-usas-first-black-pro-cyclist-who-shattered-the-colour-barrier-for-others-to-follow\/"]}]},{"@type":"ImageObject","inLanguage":"en-US","@id":"https:\/\/www.welovecycling.com\/wide\/2019\/08\/07\/major-taylor-usas-first-black-pro-cyclist-who-shattered-the-colour-barrier-for-others-to-follow\/#primaryimage","url":"https:\/\/d2p6e6u75xmxt8.cloudfront.net\/2\/2019\/08\/Major-Taylor-CVR.webp","contentUrl":"https:\/\/d2p6e6u75xmxt8.cloudfront.net\/2\/2019\/08\/Major-Taylor-CVR.webp","width":900,"height":600},{"@type":"BreadcrumbList","@id":"https:\/\/www.welovecycling.com\/wide\/2019\/08\/07\/major-taylor-usas-first-black-pro-cyclist-who-shattered-the-colour-barrier-for-others-to-follow\/#breadcrumb","itemListElement":[{"@type":"ListItem","position":1,"name":"Home","item":"https:\/\/www.welovecycling.com\/wide\/"},{"@type":"ListItem","position":2,"name":"Major Taylor: USA\u2019s First Black Pro Cyclist Who Shattered the Colour Barrier for Others to Follow"}]},{"@type":"WebSite","@id":"https:\/\/www.welovecycling.com\/wide\/#website","url":"https:\/\/www.welovecycling.com\/wide\/","name":"\u0160koda We Love Cycling","description":"\u0160koda We Love Cycling magazine","alternateName":"\u0160koda WLC","potentialAction":[{"@type":"SearchAction","target":{"@type":"EntryPoint","urlTemplate":"https:\/\/www.welovecycling.com\/wide\/?s={search_term_string}"},"query-input":{"@type":"PropertyValueSpecification","valueRequired":true,"valueName":"search_term_string"}}],"inLanguage":"en-US"},{"@type":"Person","@id":"","url":"https:\/\/www.welovecycling.com\/wide\/author\/"}]}},"_links":{"self":[{"href":"https:\/\/www.welovecycling.com\/wide\/wp-json\/wp\/v2\/posts\/174910","targetHints":{"allow":["GET"]}}],"collection":[{"href":"https:\/\/www.welovecycling.com\/wide\/wp-json\/wp\/v2\/posts"}],"about":[{"href":"https:\/\/www.welovecycling.com\/wide\/wp-json\/wp\/v2\/types\/post"}],"author":[{"embeddable":true,"href":"https:\/\/www.welovecycling.com\/wide\/wp-json\/wp\/v2\/users\/12"}],"replies":[{"embeddable":true,"href":"https:\/\/www.welovecycling.com\/wide\/wp-json\/wp\/v2\/comments?post=174910"}],"version-history":[{"count":2,"href":"https:\/\/www.welovecycling.com\/wide\/wp-json\/wp\/v2\/posts\/174910\/revisions"}],"predecessor-version":[{"id":174926,"href":"https:\/\/www.welovecycling.com\/wide\/wp-json\/wp\/v2\/posts\/174910\/revisions\/174926"}],"wp:featuredmedia":[{"embeddable":true,"href":"https:\/\/www.welovecycling.com\/wide\/wp-json\/wp\/v2\/media\/174918"}],"wp:attachment":[{"href":"https:\/\/www.welovecycling.com\/wide\/wp-json\/wp\/v2\/media?parent=174910"}],"wp:term":[{"taxonomy":"category","embeddable":true,"href":"https:\/\/www.welovecycling.com\/wide\/wp-json\/wp\/v2\/categories?post=174910"},{"taxonomy":"post_tag","embeddable":true,"href":"https:\/\/www.welovecycling.com\/wide\/wp-json\/wp\/v2\/tags?post=174910"},{"taxonomy":"global-categories","embeddable":true,"href":"https:\/\/www.welovecycling.com\/wide\/wp-json\/wp\/v2\/global-categories?post=174910"}],"curies":[{"name":"wp","href":"https:\/\/api.w.org\/{rel}","templated":true}]}}