{"id":174895,"date":"2019-08-06T11:59:59","date_gmt":"2019-08-06T11:59:59","guid":{"rendered":"https:\/\/www.welovecycling.com\/wide\/?p=174895"},"modified":"2019-08-06T12:00:59","modified_gmt":"2019-08-06T12:00:59","slug":"the-cycling-world-mourns-the-passing-of-bjorg-lambrecht","status":"publish","type":"post","link":"https:\/\/www.welovecycling.com\/wide\/2019\/08\/06\/the-cycling-world-mourns-the-passing-of-bjorg-lambrecht\/","title":{"rendered":"The Cycling World Mourns the Passing of Bjorg Lambrecht"},"content":{"rendered":"<p><strong>The date 5th August 2019 leaves a grim mark on cycling history. After suffering grave injuries during a crash at the Tour de Pologne 2019, Bjorg Lambrecht sadly passed away after being rushed to the hospital, aged only 22.<\/strong><!--more--><\/p>\n<p>The Belgian hopeful talent who just started emerging in the field of professional cycling rode under the colours of the Lotto-Soudal team. According to what we know, the crash made him fall off the bike and hit a roadside culvert.<\/p>\n<p>After crashing in the final 100 km of stage three of the Tour de Pologne, Bjorg was taken to the hospital by an ambulance because his state didn\u2019t allow for helicopter transport. The race organizers issued several statements on their official Twitter before they knew that the crash had fatal consequences, stating hopes that: \u201cWe\u2019re very sad to report a serious crash for Bjorg Lambrecht of Lotto-Soudal who needed helicopter transport to a hospital following emergency reanimation. We\u2019ll report when we know more, but we hope it\u2019s nothing too serious and are wishing fast recovery.\u201d<\/p>\n<figure id=\"attachment_174900\" aria-describedby=\"caption-attachment-174900\" style=\"width: 1250px\" class=\"wp-caption alignnone\"><a href=\"https:\/\/d2p6e6u75xmxt8.cloudfront.net\/2\/2019\/08\/profimedia-0462622146.jpg\"><img loading=\"lazy\" decoding=\"async\" class=\"size-full wp-image-174900\" src=\"https:\/\/d2p6e6u75xmxt8.cloudfront.net\/2\/2019\/08\/profimedia-0462622146.jpg\" alt=\"\" width=\"1250\" height=\"831\" \/><\/a><figcaption id=\"caption-attachment-174900\" class=\"wp-caption-text\">Bjorg pictured with silver medal on the second step of the podium after the U23 men road cycling World Championship race, September 28, 2018.\u00a0\u00a9 Profimedia, Sipa Press<\/figcaption><\/figure>\n<p>Lotto-Soudal confirmed Bjorg\u2019s transport to the hospital and released \u201cunofficial information\u201d that the doctors managed to bring his life functions back. Later the same day, Monday 5th August at around 6 PM, the team released a statement, confirming everyone\u2019s worst fears \u2013 Bjorg Lambrecht had died.<\/p>\n<p>The team\u2019s statement reads: \u201cThe biggest tragedy possible that could happen to family, friends and team-mates of Bjorg has happened.<\/p>\n<p>\u201cRest in peace Bjorg.\u201d<\/p>\n<div class=\"embed-controller-wrapper\">\n<blockquote class=\"twitter-tweet\" data-width=\"500\" data-dnt=\"true\">\n<p lang=\"en\" dir=\"ltr\">The biggest tragedy possible that could happen to the family, friends and teammates of Bjorg has happened\u2026 Rest in peace Bjorg&#8230; \u2764\ufe0f <a href=\"https:\/\/t.co\/9u9LZkp2Rt\">pic.twitter.com\/9u9LZkp2Rt<\/a><\/p>\n<p>&mdash; Lotto Dstny (@lotto_dstny) <a href=\"https:\/\/twitter.com\/lotto_dstny\/status\/1158422647287504899?ref_src=twsrc%5Etfw\">August 5, 2019<\/a><\/p><\/blockquote>\n<p><script async data-src=\"https:\/\/platform.twitter.com\/widgets.js\" charset=\"utf-8\"><\/script><\/div>\n<p>Many cycling teams and personas expressed condolences and paid respects to the late young rider on their social media. The outpour of solidarity and grief has been tremendous.<\/p>\n<p>CCC Team wrote: \u201cThe riders and staff of CCC Team are deeply saddened to learn of the passing of Bjorg Lambrecht. Our deepest sympathies go out to Bjorg\u2019s family and friends and the entire Lotto-Soudal team at this incredibly sad time.\u201d<\/p>\n<p>World champion Alejandro Valverde: \u201cDeeply sorry for the loss of Bjorg Lambrecht, a cyclist who had demonstrated a lot in a few years. My deepest condolences to family, friends and team.\u201d Valverde\u2019s team Movistar also released an individual statement: \u201cSometimes, life is simply not fair. So young with so many things yet to do. All our thoughts are with the family, friends and Lotto-Soudal team-mates of Bjorg Lambrecht. Rest in peace.\u201d<\/p>\n<div class=\"embed-controller-wrapper\">\n<blockquote class=\"twitter-tweet\" data-width=\"500\" data-dnt=\"true\">\n<p lang=\"en\" dir=\"ltr\">My thoughts to Bjorg\u2019s family, friends and everyone @Lotto_Soudal, such tragic news \ud83d\ude22 Rest in peace. <a href=\"https:\/\/t.co\/XxZH7r1DqF\">https:\/\/t.co\/XxZH7r1DqF<\/a><\/p>\n<p>&mdash; Alex Dowsett (@alexdowsett) <a href=\"https:\/\/twitter.com\/alexdowsett\/status\/1158430729661014017?ref_src=twsrc%5Etfw\">August 5, 2019<\/a><\/p><\/blockquote>\n<p><script async data-src=\"https:\/\/platform.twitter.com\/widgets.js\" charset=\"utf-8\"><\/script><\/div>\n<p>Team INEOS stated on Twitter: \u201cThe thoughts of everyone at Team INEOS are with Bjorg&#8217;s family, friends and all at Lotto-Soudal. May he rest in peace.\u201d<\/p>\n<div class=\"embed-controller-wrapper\">\n<blockquote class=\"twitter-tweet\" data-width=\"500\" data-dnt=\"true\">\n<p lang=\"en\" dir=\"ltr\">Just so incredibly sad. Such a young talent doing something he loved. This sport can be so cruel at time. RIP Bjorg thoughts with all your friends and family<\/p>\n<p>&mdash; Ben Swift (@swiftybswift) <a href=\"https:\/\/twitter.com\/swiftybswift\/status\/1158432379301765122?ref_src=twsrc%5Etfw\">August 5, 2019<\/a><\/p><\/blockquote>\n<p><script async data-src=\"https:\/\/platform.twitter.com\/widgets.js\" charset=\"utf-8\"><\/script><\/div>\n<p>Pascal Ackermann of the Bora-Hansgrohe team, who eventually ended up winning the Tour de Pologne&#8217;s fateful third stage, commented a heart-wrenching message: \u201cToday, the result of the race doesn\u2019t matter. I was devastated to hear today\u2019s tragic news and I would like to personally send my deepest condolences to the family and friends of Bjorg Lambrecht and everyone at Lotto-Soudal.\u201d<\/p>\n<p>The same sentiments were expressed by the Deceuninck \u2013 Quick-Step boss Patrick Lefevre, after their rider Fabio Jacobsen, who originally had a shot at winning the stage, was relegated. \u201cDisqualification is not important in light of the dramatic news about Bjorg Lambrecht. No words to express my sadness. My condolences to the team, team-mates and family.\u201d<\/p>\n<figure id=\"attachment_174901\" aria-describedby=\"caption-attachment-174901\" style=\"width: 1250px\" class=\"wp-caption alignnone\"><a href=\"https:\/\/d2p6e6u75xmxt8.cloudfront.net\/2\/2019\/08\/profimedia-0385276584.jpg\"><img loading=\"lazy\" decoding=\"async\" class=\"size-full wp-image-174901\" src=\"https:\/\/d2p6e6u75xmxt8.cloudfront.net\/2\/2019\/08\/profimedia-0385276584.jpg\" alt=\"\" width=\"1250\" height=\"833\" \/><\/a><figcaption id=\"caption-attachment-174901\" class=\"wp-caption-text\">Bjorg pictured during the tenth stage of the &#8216;Vuelta a Espana&#8217;.\u00a0\u00a9 Profimedia, AFP<\/figcaption><\/figure>\n<p>Team Astana posted on social media channels: \u201cIt is an enormous tragedy and it is hard to find words to express our sorrow. Bjorg Lambrecht was so young and so talented. This has a huge impact on all of the cycling world. We express our deepest condolences to the family and Lotto-Soudal team.\u201d<\/p>\n<p>Bjorg was riding his second season at WorldTour level and has been one of the Belgian emerging stars. He\u00a0finished second in the under-23 World Championships 2018 and went on to finish 12th\u00a0in the Criterium du Dauphine, taking the youth classification in the process.<\/p>\n","protected":false},"excerpt":{"rendered":"<p>The date 5th August 2019 leaves a grim mark on cycling history. After suffering grave injuries during a crash at [&hellip;]<\/p>\n","protected":false},"author":12,"featured_media":174899,"comment_status":"open","ping_status":"open","sticky":false,"template":"","format":"standard","meta":{"footnotes":""},"categories":[329],"tags":[3314,1252],"global-categories":[],"class_list":["post-174895","post","type-post","status-publish","format-standard","has-post-thumbnail","hentry","category-road-cycling","tag-bjorg-lambrecht","tag-tour-de-pologne"],"yoast_head":"<!-- This site is optimized with the Yoast SEO Premium plugin v25.3 (Yoast SEO v25.9) - https:\/\/yoast.com\/wordpress\/plugins\/seo\/ -->\n<title>The Cycling World Mourns the Passing of Bjorg Lambrecht - \u0160koda We Love Cycling<\/title>\n<meta name=\"description\" content=\"The date 5th August 2019 leaves a grim mark on cycling history. After suffering grave injuries during a crash at the Tour de Pologne 2019, Bjorg Lambrecht\" \/>\n<meta name=\"robots\" content=\"index, follow, max-snippet:-1, max-image-preview:large, max-video-preview:-1\" \/>\n<link rel=\"canonical\" href=\"https:\/\/www.welovecycling.com\/wide\/2019\/08\/06\/the-cycling-world-mourns-the-passing-of-bjorg-lambrecht\/\" \/>\n<meta property=\"og:locale\" content=\"en_US\" \/>\n<meta property=\"og:type\" content=\"article\" \/>\n<meta property=\"og:title\" content=\"The Cycling World Mourns the Passing of Bjorg Lambrecht\" \/>\n<meta property=\"og:description\" content=\"The date 5th August 2019 leaves a grim mark on cycling history. After suffering grave injuries during a crash at the Tour de Pologne 2019, Bjorg Lambrecht\" \/>\n<meta property=\"og:url\" content=\"https:\/\/www.welovecycling.com\/wide\/2019\/08\/06\/the-cycling-world-mourns-the-passing-of-bjorg-lambrecht\/\" \/>\n<meta property=\"og:site_name\" content=\"\u0160koda We Love Cycling\" \/>\n<meta property=\"article:published_time\" content=\"2019-08-06T11:59:59+00:00\" \/>\n<meta property=\"article:modified_time\" content=\"2019-08-06T12:00:59+00:00\" \/>\n<meta property=\"og:image\" content=\"https:\/\/d2p6e6u75xmxt8.cloudfront.net\/2\/2019\/08\/Bjorg-Lambrecht-CVR-profimedia-0402916482.webp\" \/>\n\t<meta property=\"og:image:width\" content=\"900\" \/>\n\t<meta property=\"og:image:height\" content=\"600\" \/>\n\t<meta property=\"og:image:type\" content=\"image\/webp\" \/>\n<meta name=\"twitter:card\" content=\"summary_large_image\" \/>\n<meta name=\"twitter:label1\" content=\"Written by\" \/>\n\t<meta name=\"twitter:data1\" content=\"Frantiska Blazkova\" \/>\n\t<meta name=\"twitter:label2\" content=\"Est. reading time\" \/>\n\t<meta name=\"twitter:data2\" content=\"5\" \/>\n<script type=\"application\/ld+json\" class=\"yoast-schema-graph\">{\"@context\":\"https:\/\/schema.org\",\"@graph\":[{\"@type\":\"WebPage\",\"@id\":\"https:\/\/www.welovecycling.com\/wide\/2019\/08\/06\/the-cycling-world-mourns-the-passing-of-bjorg-lambrecht\/\",\"url\":\"https:\/\/www.welovecycling.com\/wide\/2019\/08\/06\/the-cycling-world-mourns-the-passing-of-bjorg-lambrecht\/\",\"name\":\"The Cycling World Mourns the Passing of Bjorg Lambrecht - \u0160koda We Love Cycling\",\"isPartOf\":{\"@id\":\"https:\/\/www.welovecycling.com\/wide\/#website\"},\"primaryImageOfPage\":{\"@id\":\"https:\/\/www.welovecycling.com\/wide\/2019\/08\/06\/the-cycling-world-mourns-the-passing-of-bjorg-lambrecht\/#primaryimage\"},\"image\":{\"@id\":\"https:\/\/www.welovecycling.com\/wide\/2019\/08\/06\/the-cycling-world-mourns-the-passing-of-bjorg-lambrecht\/#primaryimage\"},\"thumbnailUrl\":\"https:\/\/d2p6e6u75xmxt8.cloudfront.net\/2\/2019\/08\/Bjorg-Lambrecht-CVR-profimedia-0402916482.webp\",\"datePublished\":\"2019-08-06T11:59:59+00:00\",\"dateModified\":\"2019-08-06T12:00:59+00:00\",\"author\":{\"@id\":\"\"},\"description\":\"The date 5th August 2019 leaves a grim mark on cycling history. After suffering grave injuries during a crash at the Tour de Pologne 2019, Bjorg Lambrecht\",\"breadcrumb\":{\"@id\":\"https:\/\/www.welovecycling.com\/wide\/2019\/08\/06\/the-cycling-world-mourns-the-passing-of-bjorg-lambrecht\/#breadcrumb\"},\"inLanguage\":\"en-US\",\"potentialAction\":[{\"@type\":\"ReadAction\",\"target\":[\"https:\/\/www.welovecycling.com\/wide\/2019\/08\/06\/the-cycling-world-mourns-the-passing-of-bjorg-lambrecht\/\"]}]},{\"@type\":\"ImageObject\",\"inLanguage\":\"en-US\",\"@id\":\"https:\/\/www.welovecycling.com\/wide\/2019\/08\/06\/the-cycling-world-mourns-the-passing-of-bjorg-lambrecht\/#primaryimage\",\"url\":\"https:\/\/d2p6e6u75xmxt8.cloudfront.net\/2\/2019\/08\/Bjorg-Lambrecht-CVR-profimedia-0402916482.webp\",\"contentUrl\":\"https:\/\/d2p6e6u75xmxt8.cloudfront.net\/2\/2019\/08\/Bjorg-Lambrecht-CVR-profimedia-0402916482.webp\",\"width\":900,\"height\":600},{\"@type\":\"BreadcrumbList\",\"@id\":\"https:\/\/www.welovecycling.com\/wide\/2019\/08\/06\/the-cycling-world-mourns-the-passing-of-bjorg-lambrecht\/#breadcrumb\",\"itemListElement\":[{\"@type\":\"ListItem\",\"position\":1,\"name\":\"Home\",\"item\":\"https:\/\/www.welovecycling.com\/wide\/\"},{\"@type\":\"ListItem\",\"position\":2,\"name\":\"The Cycling World Mourns the Passing of Bjorg Lambrecht\"}]},{\"@type\":\"WebSite\",\"@id\":\"https:\/\/www.welovecycling.com\/wide\/#website\",\"url\":\"https:\/\/www.welovecycling.com\/wide\/\",\"name\":\"\u0160koda We Love Cycling\",\"description\":\"\u0160koda We Love Cycling magazine\",\"alternateName\":\"\u0160koda WLC\",\"potentialAction\":[{\"@type\":\"SearchAction\",\"target\":{\"@type\":\"EntryPoint\",\"urlTemplate\":\"https:\/\/www.welovecycling.com\/wide\/?s={search_term_string}\"},\"query-input\":{\"@type\":\"PropertyValueSpecification\",\"valueRequired\":true,\"valueName\":\"search_term_string\"}}],\"inLanguage\":\"en-US\"},{\"@type\":\"Person\",\"@id\":\"\",\"url\":\"https:\/\/www.welovecycling.com\/wide\/author\/\"}]}<\/script>\n<!-- \/ Yoast SEO Premium plugin. -->","yoast_head_json":{"title":"The Cycling World Mourns the Passing of Bjorg Lambrecht - \u0160koda We Love Cycling","description":"The date 5th August 2019 leaves a grim mark on cycling history. After suffering grave injuries during a crash at the Tour de Pologne 2019, Bjorg Lambrecht","robots":{"index":"index","follow":"follow","max-snippet":"max-snippet:-1","max-image-preview":"max-image-preview:large","max-video-preview":"max-video-preview:-1"},"canonical":"https:\/\/www.welovecycling.com\/wide\/2019\/08\/06\/the-cycling-world-mourns-the-passing-of-bjorg-lambrecht\/","og_locale":"en_US","og_type":"article","og_title":"The Cycling World Mourns the Passing of Bjorg Lambrecht","og_description":"The date 5th August 2019 leaves a grim mark on cycling history. After suffering grave injuries during a crash at the Tour de Pologne 2019, Bjorg Lambrecht","og_url":"https:\/\/www.welovecycling.com\/wide\/2019\/08\/06\/the-cycling-world-mourns-the-passing-of-bjorg-lambrecht\/","og_site_name":"\u0160koda We Love Cycling","article_published_time":"2019-08-06T11:59:59+00:00","article_modified_time":"2019-08-06T12:00:59+00:00","og_image":[{"width":900,"height":600,"url":"https:\/\/d2p6e6u75xmxt8.cloudfront.net\/2\/2019\/08\/Bjorg-Lambrecht-CVR-profimedia-0402916482.webp","type":"image\/webp"}],"twitter_card":"summary_large_image","twitter_misc":{"Written by":"Frantiska Blazkova","Est. reading time":"5"},"schema":{"@context":"https:\/\/schema.org","@graph":[{"@type":"WebPage","@id":"https:\/\/www.welovecycling.com\/wide\/2019\/08\/06\/the-cycling-world-mourns-the-passing-of-bjorg-lambrecht\/","url":"https:\/\/www.welovecycling.com\/wide\/2019\/08\/06\/the-cycling-world-mourns-the-passing-of-bjorg-lambrecht\/","name":"The Cycling World Mourns the Passing of Bjorg Lambrecht - \u0160koda We Love Cycling","isPartOf":{"@id":"https:\/\/www.welovecycling.com\/wide\/#website"},"primaryImageOfPage":{"@id":"https:\/\/www.welovecycling.com\/wide\/2019\/08\/06\/the-cycling-world-mourns-the-passing-of-bjorg-lambrecht\/#primaryimage"},"image":{"@id":"https:\/\/www.welovecycling.com\/wide\/2019\/08\/06\/the-cycling-world-mourns-the-passing-of-bjorg-lambrecht\/#primaryimage"},"thumbnailUrl":"https:\/\/d2p6e6u75xmxt8.cloudfront.net\/2\/2019\/08\/Bjorg-Lambrecht-CVR-profimedia-0402916482.webp","datePublished":"2019-08-06T11:59:59+00:00","dateModified":"2019-08-06T12:00:59+00:00","author":{"@id":""},"description":"The date 5th August 2019 leaves a grim mark on cycling history. After suffering grave injuries during a crash at the Tour de Pologne 2019, Bjorg Lambrecht","breadcrumb":{"@id":"https:\/\/www.welovecycling.com\/wide\/2019\/08\/06\/the-cycling-world-mourns-the-passing-of-bjorg-lambrecht\/#breadcrumb"},"inLanguage":"en-US","potentialAction":[{"@type":"ReadAction","target":["https:\/\/www.welovecycling.com\/wide\/2019\/08\/06\/the-cycling-world-mourns-the-passing-of-bjorg-lambrecht\/"]}]},{"@type":"ImageObject","inLanguage":"en-US","@id":"https:\/\/www.welovecycling.com\/wide\/2019\/08\/06\/the-cycling-world-mourns-the-passing-of-bjorg-lambrecht\/#primaryimage","url":"https:\/\/d2p6e6u75xmxt8.cloudfront.net\/2\/2019\/08\/Bjorg-Lambrecht-CVR-profimedia-0402916482.webp","contentUrl":"https:\/\/d2p6e6u75xmxt8.cloudfront.net\/2\/2019\/08\/Bjorg-Lambrecht-CVR-profimedia-0402916482.webp","width":900,"height":600},{"@type":"BreadcrumbList","@id":"https:\/\/www.welovecycling.com\/wide\/2019\/08\/06\/the-cycling-world-mourns-the-passing-of-bjorg-lambrecht\/#breadcrumb","itemListElement":[{"@type":"ListItem","position":1,"name":"Home","item":"https:\/\/www.welovecycling.com\/wide\/"},{"@type":"ListItem","position":2,"name":"The Cycling World Mourns the Passing of Bjorg Lambrecht"}]},{"@type":"WebSite","@id":"https:\/\/www.welovecycling.com\/wide\/#website","url":"https:\/\/www.welovecycling.com\/wide\/","name":"\u0160koda We Love Cycling","description":"\u0160koda We Love Cycling magazine","alternateName":"\u0160koda WLC","potentialAction":[{"@type":"SearchAction","target":{"@type":"EntryPoint","urlTemplate":"https:\/\/www.welovecycling.com\/wide\/?s={search_term_string}"},"query-input":{"@type":"PropertyValueSpecification","valueRequired":true,"valueName":"search_term_string"}}],"inLanguage":"en-US"},{"@type":"Person","@id":"","url":"https:\/\/www.welovecycling.com\/wide\/author\/"}]}},"_links":{"self":[{"href":"https:\/\/www.welovecycling.com\/wide\/wp-json\/wp\/v2\/posts\/174895","targetHints":{"allow":["GET"]}}],"collection":[{"href":"https:\/\/www.welovecycling.com\/wide\/wp-json\/wp\/v2\/posts"}],"about":[{"href":"https:\/\/www.welovecycling.com\/wide\/wp-json\/wp\/v2\/types\/post"}],"author":[{"embeddable":true,"href":"https:\/\/www.welovecycling.com\/wide\/wp-json\/wp\/v2\/users\/12"}],"replies":[{"embeddable":true,"href":"https:\/\/www.welovecycling.com\/wide\/wp-json\/wp\/v2\/comments?post=174895"}],"version-history":[{"count":1,"href":"https:\/\/www.welovecycling.com\/wide\/wp-json\/wp\/v2\/posts\/174895\/revisions"}],"predecessor-version":[{"id":174902,"href":"https:\/\/www.welovecycling.com\/wide\/wp-json\/wp\/v2\/posts\/174895\/revisions\/174902"}],"wp:featuredmedia":[{"embeddable":true,"href":"https:\/\/www.welovecycling.com\/wide\/wp-json\/wp\/v2\/media\/174899"}],"wp:attachment":[{"href":"https:\/\/www.welovecycling.com\/wide\/wp-json\/wp\/v2\/media?parent=174895"}],"wp:term":[{"taxonomy":"category","embeddable":true,"href":"https:\/\/www.welovecycling.com\/wide\/wp-json\/wp\/v2\/categories?post=174895"},{"taxonomy":"post_tag","embeddable":true,"href":"https:\/\/www.welovecycling.com\/wide\/wp-json\/wp\/v2\/tags?post=174895"},{"taxonomy":"global-categories","embeddable":true,"href":"https:\/\/www.welovecycling.com\/wide\/wp-json\/wp\/v2\/global-categories?post=174895"}],"curies":[{"name":"wp","href":"https:\/\/api.w.org\/{rel}","templated":true}]}}