{"id":174874,"date":"2019-08-05T10:53:16","date_gmt":"2019-08-05T10:53:16","guid":{"rendered":"https:\/\/www.welovecycling.com\/wide\/?p=174874"},"modified":"2019-08-05T10:53:16","modified_gmt":"2019-08-05T10:53:16","slug":"elia-viviani-wins-the-ridelondon-surrey-classic-and-other-cool-news-from-the-world-of-cycling","status":"publish","type":"post","link":"https:\/\/www.welovecycling.com\/wide\/2019\/08\/05\/elia-viviani-wins-the-ridelondon-surrey-classic-and-other-cool-news-from-the-world-of-cycling\/","title":{"rendered":"Elia Viviani Wins the RideLondon-Surrey Classic and Other Cool News from the World of Cycling"},"content":{"rendered":"<p><strong>Another Monday is here and our news from the world of cycling with it. So, what did you miss?<\/strong><br \/>\n<!--more--><\/p>\n<h2><strong>Exceptional lead-out for Viviani<\/strong><\/h2>\n<p>The Italian beat Sam Bennett in the bunch sprint after he was delivered into a perfect position by Michael M\u00f8rk\u00f8v, who finished third. Alex Dowsett claimed the King of the Mountains jersey after spending most of the day in the break. A major crash towards the front of the peloton with just 2km to go decimated the field. One of the riders left behind was Michael Matthews. Ethan Hayter then led the reduced bunch round the final bend and in the end claimed 10th place. An impressive feat for the 20-year-old British rider. We should keep an eye on this one.<\/p>\n<div class=\"embed-controller-wrapper\">\n<blockquote class=\"twitter-tweet\" data-width=\"500\" data-dnt=\"true\">\n<p lang=\"en\" dir=\"ltr\">\ud83d\udcfd\ufe0f Must see on-bike footage of <a href=\"https:\/\/twitter.com\/eliaviviani?ref_src=twsrc%5Etfw\">@eliaviviani<\/a>&#39;s incredible sprint to victory at <a href=\"https:\/\/twitter.com\/RideLondon?ref_src=twsrc%5Etfw\">@RideLondon<\/a>! \ud83d\udcfd\ufe0f<\/p>\n<p>Watch the <a href=\"https:\/\/twitter.com\/deceuninck_qst?ref_src=twsrc%5Etfw\">@deceuninck_qst<\/a> rider launch his race-winning effort, thanks to our on-bike camera on his lead-out man <a href=\"https:\/\/twitter.com\/MichaelMorkov?ref_src=twsrc%5Etfw\">@MichaelMorkov<\/a>. Amazing teamwork! <a href=\"https:\/\/twitter.com\/hashtag\/RideLondon?src=hash&amp;ref_src=twsrc%5Etfw\">#RideLondon<\/a> <a href=\"https:\/\/t.co\/7o6dGyzNux\">pic.twitter.com\/7o6dGyzNux<\/a><\/p>\n<p>&mdash; Velon CC (@VelonCC) <a href=\"https:\/\/twitter.com\/VelonCC\/status\/1158094884412243969?ref_src=twsrc%5Etfw\">August 4, 2019<\/a><\/p><\/blockquote>\n<p><script async data-src=\"https:\/\/platform.twitter.com\/widgets.js\" charset=\"utf-8\"><\/script><\/div>\n<h4><strong>Prudential RideLondon-Surrey Classic 2019<\/strong><\/h4>\n<p>1. Elia Viviani (Deceuninck \u2013 Quick-Step) \u2013 3:46:16<br \/>\n2. Sam Bennett (Bora-Hansgrohe)<br \/>\n3. Michael M\u00f8rk\u00f8v (Deceuninck \u2013 Quick-Step)<br \/>\n4. Jasper Stuyven (Trek-Segafredo)<br \/>\n5. Amund Gr\u00f8ndahl Jansen (Jumbo-Visma)<br \/>\n6. Giacomo Nizzolo (Dimension Data)<br \/>\n7. Alexander Kristoff (UAE Team Emirates)<br \/>\n8. Oliver Naesen (Ag2r La Mondiale)<br \/>\n9. Jasper De Buyst (Lotto-Soudal)<br \/>\n10. Ethan Hayter (Great Britain)<\/p>\n<h2><strong>All hail the king<\/strong><\/h2>\n<div class=\"embed-controller-wrapper\">\n<blockquote class=\"twitter-tweet\" data-width=\"500\" data-dnt=\"true\">\n<p lang=\"en\" dir=\"ltr\">Just so you all know, I\u2019m going to be milking this for the foreseeable future. \u263a\ufe0f<\/p>\n<p>&mdash; Alex Dowsett (@alexdowsett) <a href=\"https:\/\/twitter.com\/alexdowsett\/status\/1158093540993511424?ref_src=twsrc%5Etfw\">August 4, 2019<\/a><\/p><\/blockquote>\n<p><script async data-src=\"https:\/\/platform.twitter.com\/widgets.js\" charset=\"utf-8\"><\/script><\/div>\n<h2><strong>Hope to see you on the start line, Chris!<\/strong><\/h2>\n<div class=\"embed-controller-wrapper\">\n<blockquote class=\"twitter-tweet\" data-width=\"500\" data-dnt=\"true\">\n<p lang=\"en\" dir=\"ltr\">In his first interview since the crash that ended his 2019 season, <a href=\"https:\/\/twitter.com\/chrisfroome?ref_src=twsrc%5Etfw\">@ChrisFroome<\/a> reflects on the incident and details his rigorous daily recovery regime which is helping him move closer to his goal of lining up on the start line for the 2020 Tour de France. <a href=\"https:\/\/t.co\/qWaubno3fz\">pic.twitter.com\/qWaubno3fz<\/a><\/p>\n<p>&mdash; INEOS Grenadiers (@INEOSGrenadiers) <a href=\"https:\/\/twitter.com\/INEOSGrenadiers\/status\/1157546643908153345?ref_src=twsrc%5Etfw\">August 3, 2019<\/a><\/p><\/blockquote>\n<p><script async data-src=\"https:\/\/platform.twitter.com\/widgets.js\" charset=\"utf-8\"><\/script><\/div>\n<h2><strong>Experience L\u2019\u00c9tape 2019<\/strong><\/h2>\n<p>https:\/\/www.instagram.com\/p\/B0nX1qzFhtS\/<\/p>\n<h2><strong>The secret training of Peter Sagan<\/strong><\/h2>\n<div class=\"embed-controller-wrapper\">\n<blockquote class=\"twitter-tweet\" data-width=\"500\" data-dnt=\"true\">\n<p lang=\"en\" dir=\"ltr\">He did it again! A huge congratulations to <a href=\"https:\/\/twitter.com\/petosagan?ref_src=twsrc%5Etfw\">@petosagan<\/a> from the <a href=\"https:\/\/twitter.com\/BORAhansgrohe?ref_src=twsrc%5Etfw\">@BORAhansgrohe<\/a> team for winning his seventh Green Jersey in the <a href=\"https:\/\/twitter.com\/LeTour?ref_src=twsrc%5Etfw\">@LeTour<\/a>! &quot;I&#39;m glad I&#39;m making history in the Tour De France,&quot; Sagan notes. We can&#39;t agree more! <a href=\"https:\/\/twitter.com\/hashtag\/settingrecords?src=hash&amp;ref_src=twsrc%5Etfw\">#settingrecords<\/a> <a href=\"https:\/\/t.co\/3UgVsP81fd\">pic.twitter.com\/3UgVsP81fd<\/a><\/p>\n<p>&mdash; Hansgrohe USA (@hansgroheusa) <a href=\"https:\/\/twitter.com\/hansgroheusa\/status\/1155946156507070467?ref_src=twsrc%5Etfw\">July 29, 2019<\/a><\/p><\/blockquote>\n<p><script async data-src=\"https:\/\/platform.twitter.com\/widgets.js\" charset=\"utf-8\"><\/script><\/div>\n","protected":false},"excerpt":{"rendered":"<p>Another Monday is here and our news from the world of cycling with it. So, what did you miss?<\/p>\n","protected":false},"author":12,"featured_media":174880,"comment_status":"open","ping_status":"open","sticky":false,"template":"","format":"standard","meta":{"footnotes":""},"categories":[329],"tags":[1709,425,1941,3263,3312,381,3313,1468],"global-categories":[],"class_list":["post-174874","post","type-post","status-publish","format-standard","has-post-thumbnail","hentry","category-road-cycling","tag-alex-dowsett","tag-chris-froome","tag-elia-viviani","tag-letape-2019","tag-michael-morkov","tag-peter-sagan","tag-ridelondon-surrey-classic","tag-sam-bennett"],"yoast_head":"<!-- This site is optimized with the Yoast SEO Premium plugin v25.3 (Yoast SEO v25.9) - https:\/\/yoast.com\/wordpress\/plugins\/seo\/ -->\n<title>Elia Viviani Wins the RideLondon-Surrey Classic and Other Cool News from the World of Cycling - \u0160koda We Love Cycling<\/title>\n<meta name=\"description\" content=\"Another Monday is here and our news from the world of cycling with it. So, what did you miss? Exceptional lead-out for Viviani The Italian beat Sam\" \/>\n<meta name=\"robots\" content=\"index, follow, max-snippet:-1, max-image-preview:large, max-video-preview:-1\" \/>\n<link rel=\"canonical\" href=\"https:\/\/www.welovecycling.com\/wide\/2019\/08\/05\/elia-viviani-wins-the-ridelondon-surrey-classic-and-other-cool-news-from-the-world-of-cycling\/\" \/>\n<meta property=\"og:locale\" content=\"en_US\" \/>\n<meta property=\"og:type\" content=\"article\" \/>\n<meta property=\"og:title\" content=\"Elia Viviani Wins the RideLondon-Surrey Classic and Other Cool News from the World of Cycling\" \/>\n<meta property=\"og:description\" content=\"Another Monday is here and our news from the world of cycling with it. So, what did you miss? Exceptional lead-out for Viviani The Italian beat Sam\" \/>\n<meta property=\"og:url\" content=\"https:\/\/www.welovecycling.com\/wide\/2019\/08\/05\/elia-viviani-wins-the-ridelondon-surrey-classic-and-other-cool-news-from-the-world-of-cycling\/\" \/>\n<meta property=\"og:site_name\" content=\"\u0160koda We Love Cycling\" \/>\n<meta property=\"article:published_time\" content=\"2019-08-05T10:53:16+00:00\" \/>\n<meta property=\"og:image\" content=\"https:\/\/d2p6e6u75xmxt8.cloudfront.net\/2\/2019\/08\/Elia-Viviani-CVR-profimedia-0462356538.webp\" \/>\n\t<meta property=\"og:image:width\" content=\"900\" \/>\n\t<meta property=\"og:image:height\" content=\"600\" \/>\n\t<meta property=\"og:image:type\" content=\"image\/webp\" \/>\n<meta name=\"twitter:card\" content=\"summary_large_image\" \/>\n<meta name=\"twitter:label1\" content=\"Written by\" \/>\n\t<meta name=\"twitter:data1\" content=\"Monica Buck\" \/>\n\t<meta name=\"twitter:label2\" content=\"Est. reading time\" \/>\n\t<meta name=\"twitter:data2\" content=\"3\" \/>\n<script type=\"application\/ld+json\" class=\"yoast-schema-graph\">{\"@context\":\"https:\/\/schema.org\",\"@graph\":[{\"@type\":\"WebPage\",\"@id\":\"https:\/\/www.welovecycling.com\/wide\/2019\/08\/05\/elia-viviani-wins-the-ridelondon-surrey-classic-and-other-cool-news-from-the-world-of-cycling\/\",\"url\":\"https:\/\/www.welovecycling.com\/wide\/2019\/08\/05\/elia-viviani-wins-the-ridelondon-surrey-classic-and-other-cool-news-from-the-world-of-cycling\/\",\"name\":\"Elia Viviani Wins the RideLondon-Surrey Classic and Other Cool News from the World of Cycling - \u0160koda We Love Cycling\",\"isPartOf\":{\"@id\":\"https:\/\/www.welovecycling.com\/wide\/#website\"},\"primaryImageOfPage\":{\"@id\":\"https:\/\/www.welovecycling.com\/wide\/2019\/08\/05\/elia-viviani-wins-the-ridelondon-surrey-classic-and-other-cool-news-from-the-world-of-cycling\/#primaryimage\"},\"image\":{\"@id\":\"https:\/\/www.welovecycling.com\/wide\/2019\/08\/05\/elia-viviani-wins-the-ridelondon-surrey-classic-and-other-cool-news-from-the-world-of-cycling\/#primaryimage\"},\"thumbnailUrl\":\"https:\/\/d2p6e6u75xmxt8.cloudfront.net\/2\/2019\/08\/Elia-Viviani-CVR-profimedia-0462356538.webp\",\"datePublished\":\"2019-08-05T10:53:16+00:00\",\"author\":{\"@id\":\"\"},\"description\":\"Another Monday is here and our news from the world of cycling with it. So, what did you miss? Exceptional lead-out for Viviani The Italian beat Sam\",\"breadcrumb\":{\"@id\":\"https:\/\/www.welovecycling.com\/wide\/2019\/08\/05\/elia-viviani-wins-the-ridelondon-surrey-classic-and-other-cool-news-from-the-world-of-cycling\/#breadcrumb\"},\"inLanguage\":\"en-US\",\"potentialAction\":[{\"@type\":\"ReadAction\",\"target\":[\"https:\/\/www.welovecycling.com\/wide\/2019\/08\/05\/elia-viviani-wins-the-ridelondon-surrey-classic-and-other-cool-news-from-the-world-of-cycling\/\"]}]},{\"@type\":\"ImageObject\",\"inLanguage\":\"en-US\",\"@id\":\"https:\/\/www.welovecycling.com\/wide\/2019\/08\/05\/elia-viviani-wins-the-ridelondon-surrey-classic-and-other-cool-news-from-the-world-of-cycling\/#primaryimage\",\"url\":\"https:\/\/d2p6e6u75xmxt8.cloudfront.net\/2\/2019\/08\/Elia-Viviani-CVR-profimedia-0462356538.webp\",\"contentUrl\":\"https:\/\/d2p6e6u75xmxt8.cloudfront.net\/2\/2019\/08\/Elia-Viviani-CVR-profimedia-0462356538.webp\",\"width\":900,\"height\":600},{\"@type\":\"BreadcrumbList\",\"@id\":\"https:\/\/www.welovecycling.com\/wide\/2019\/08\/05\/elia-viviani-wins-the-ridelondon-surrey-classic-and-other-cool-news-from-the-world-of-cycling\/#breadcrumb\",\"itemListElement\":[{\"@type\":\"ListItem\",\"position\":1,\"name\":\"Home\",\"item\":\"https:\/\/www.welovecycling.com\/wide\/\"},{\"@type\":\"ListItem\",\"position\":2,\"name\":\"Elia Viviani Wins the RideLondon-Surrey Classic and Other Cool News from the World of Cycling\"}]},{\"@type\":\"WebSite\",\"@id\":\"https:\/\/www.welovecycling.com\/wide\/#website\",\"url\":\"https:\/\/www.welovecycling.com\/wide\/\",\"name\":\"\u0160koda We Love Cycling\",\"description\":\"\u0160koda We Love Cycling magazine\",\"alternateName\":\"\u0160koda WLC\",\"potentialAction\":[{\"@type\":\"SearchAction\",\"target\":{\"@type\":\"EntryPoint\",\"urlTemplate\":\"https:\/\/www.welovecycling.com\/wide\/?s={search_term_string}\"},\"query-input\":{\"@type\":\"PropertyValueSpecification\",\"valueRequired\":true,\"valueName\":\"search_term_string\"}}],\"inLanguage\":\"en-US\"},{\"@type\":\"Person\",\"@id\":\"\",\"url\":\"https:\/\/www.welovecycling.com\/wide\/author\/\"}]}<\/script>\n<!-- \/ Yoast SEO Premium plugin. -->","yoast_head_json":{"title":"Elia Viviani Wins the RideLondon-Surrey Classic and Other Cool News from the World of Cycling - \u0160koda We Love Cycling","description":"Another Monday is here and our news from the world of cycling with it. So, what did you miss? Exceptional lead-out for Viviani The Italian beat Sam","robots":{"index":"index","follow":"follow","max-snippet":"max-snippet:-1","max-image-preview":"max-image-preview:large","max-video-preview":"max-video-preview:-1"},"canonical":"https:\/\/www.welovecycling.com\/wide\/2019\/08\/05\/elia-viviani-wins-the-ridelondon-surrey-classic-and-other-cool-news-from-the-world-of-cycling\/","og_locale":"en_US","og_type":"article","og_title":"Elia Viviani Wins the RideLondon-Surrey Classic and Other Cool News from the World of Cycling","og_description":"Another Monday is here and our news from the world of cycling with it. So, what did you miss? Exceptional lead-out for Viviani The Italian beat Sam","og_url":"https:\/\/www.welovecycling.com\/wide\/2019\/08\/05\/elia-viviani-wins-the-ridelondon-surrey-classic-and-other-cool-news-from-the-world-of-cycling\/","og_site_name":"\u0160koda We Love Cycling","article_published_time":"2019-08-05T10:53:16+00:00","og_image":[{"width":900,"height":600,"url":"https:\/\/d2p6e6u75xmxt8.cloudfront.net\/2\/2019\/08\/Elia-Viviani-CVR-profimedia-0462356538.webp","type":"image\/webp"}],"twitter_card":"summary_large_image","twitter_misc":{"Written by":"Monica Buck","Est. reading time":"3"},"schema":{"@context":"https:\/\/schema.org","@graph":[{"@type":"WebPage","@id":"https:\/\/www.welovecycling.com\/wide\/2019\/08\/05\/elia-viviani-wins-the-ridelondon-surrey-classic-and-other-cool-news-from-the-world-of-cycling\/","url":"https:\/\/www.welovecycling.com\/wide\/2019\/08\/05\/elia-viviani-wins-the-ridelondon-surrey-classic-and-other-cool-news-from-the-world-of-cycling\/","name":"Elia Viviani Wins the RideLondon-Surrey Classic and Other Cool News from the World of Cycling - \u0160koda We Love Cycling","isPartOf":{"@id":"https:\/\/www.welovecycling.com\/wide\/#website"},"primaryImageOfPage":{"@id":"https:\/\/www.welovecycling.com\/wide\/2019\/08\/05\/elia-viviani-wins-the-ridelondon-surrey-classic-and-other-cool-news-from-the-world-of-cycling\/#primaryimage"},"image":{"@id":"https:\/\/www.welovecycling.com\/wide\/2019\/08\/05\/elia-viviani-wins-the-ridelondon-surrey-classic-and-other-cool-news-from-the-world-of-cycling\/#primaryimage"},"thumbnailUrl":"https:\/\/d2p6e6u75xmxt8.cloudfront.net\/2\/2019\/08\/Elia-Viviani-CVR-profimedia-0462356538.webp","datePublished":"2019-08-05T10:53:16+00:00","author":{"@id":""},"description":"Another Monday is here and our news from the world of cycling with it. So, what did you miss? Exceptional lead-out for Viviani The Italian beat Sam","breadcrumb":{"@id":"https:\/\/www.welovecycling.com\/wide\/2019\/08\/05\/elia-viviani-wins-the-ridelondon-surrey-classic-and-other-cool-news-from-the-world-of-cycling\/#breadcrumb"},"inLanguage":"en-US","potentialAction":[{"@type":"ReadAction","target":["https:\/\/www.welovecycling.com\/wide\/2019\/08\/05\/elia-viviani-wins-the-ridelondon-surrey-classic-and-other-cool-news-from-the-world-of-cycling\/"]}]},{"@type":"ImageObject","inLanguage":"en-US","@id":"https:\/\/www.welovecycling.com\/wide\/2019\/08\/05\/elia-viviani-wins-the-ridelondon-surrey-classic-and-other-cool-news-from-the-world-of-cycling\/#primaryimage","url":"https:\/\/d2p6e6u75xmxt8.cloudfront.net\/2\/2019\/08\/Elia-Viviani-CVR-profimedia-0462356538.webp","contentUrl":"https:\/\/d2p6e6u75xmxt8.cloudfront.net\/2\/2019\/08\/Elia-Viviani-CVR-profimedia-0462356538.webp","width":900,"height":600},{"@type":"BreadcrumbList","@id":"https:\/\/www.welovecycling.com\/wide\/2019\/08\/05\/elia-viviani-wins-the-ridelondon-surrey-classic-and-other-cool-news-from-the-world-of-cycling\/#breadcrumb","itemListElement":[{"@type":"ListItem","position":1,"name":"Home","item":"https:\/\/www.welovecycling.com\/wide\/"},{"@type":"ListItem","position":2,"name":"Elia Viviani Wins the RideLondon-Surrey Classic and Other Cool News from the World of Cycling"}]},{"@type":"WebSite","@id":"https:\/\/www.welovecycling.com\/wide\/#website","url":"https:\/\/www.welovecycling.com\/wide\/","name":"\u0160koda We Love Cycling","description":"\u0160koda We Love Cycling magazine","alternateName":"\u0160koda WLC","potentialAction":[{"@type":"SearchAction","target":{"@type":"EntryPoint","urlTemplate":"https:\/\/www.welovecycling.com\/wide\/?s={search_term_string}"},"query-input":{"@type":"PropertyValueSpecification","valueRequired":true,"valueName":"search_term_string"}}],"inLanguage":"en-US"},{"@type":"Person","@id":"","url":"https:\/\/www.welovecycling.com\/wide\/author\/"}]}},"_links":{"self":[{"href":"https:\/\/www.welovecycling.com\/wide\/wp-json\/wp\/v2\/posts\/174874","targetHints":{"allow":["GET"]}}],"collection":[{"href":"https:\/\/www.welovecycling.com\/wide\/wp-json\/wp\/v2\/posts"}],"about":[{"href":"https:\/\/www.welovecycling.com\/wide\/wp-json\/wp\/v2\/types\/post"}],"author":[{"embeddable":true,"href":"https:\/\/www.welovecycling.com\/wide\/wp-json\/wp\/v2\/users\/12"}],"replies":[{"embeddable":true,"href":"https:\/\/www.welovecycling.com\/wide\/wp-json\/wp\/v2\/comments?post=174874"}],"version-history":[{"count":2,"href":"https:\/\/www.welovecycling.com\/wide\/wp-json\/wp\/v2\/posts\/174874\/revisions"}],"predecessor-version":[{"id":174881,"href":"https:\/\/www.welovecycling.com\/wide\/wp-json\/wp\/v2\/posts\/174874\/revisions\/174881"}],"wp:featuredmedia":[{"embeddable":true,"href":"https:\/\/www.welovecycling.com\/wide\/wp-json\/wp\/v2\/media\/174880"}],"wp:attachment":[{"href":"https:\/\/www.welovecycling.com\/wide\/wp-json\/wp\/v2\/media?parent=174874"}],"wp:term":[{"taxonomy":"category","embeddable":true,"href":"https:\/\/www.welovecycling.com\/wide\/wp-json\/wp\/v2\/categories?post=174874"},{"taxonomy":"post_tag","embeddable":true,"href":"https:\/\/www.welovecycling.com\/wide\/wp-json\/wp\/v2\/tags?post=174874"},{"taxonomy":"global-categories","embeddable":true,"href":"https:\/\/www.welovecycling.com\/wide\/wp-json\/wp\/v2\/global-categories?post=174874"}],"curies":[{"name":"wp","href":"https:\/\/api.w.org\/{rel}","templated":true}]}}