{"id":174684,"date":"2019-07-18T10:58:25","date_gmt":"2019-07-18T10:58:25","guid":{"rendered":"https:\/\/www.welovecycling.com\/wide\/?p=174684"},"modified":"2019-07-18T10:58:25","modified_gmt":"2019-07-18T10:58:25","slug":"on-la-grande-boucle-are-we-watching-a-vintage-tour-de-france","status":"publish","type":"post","link":"https:\/\/www.welovecycling.com\/wide\/2019\/07\/18\/on-la-grande-boucle-are-we-watching-a-vintage-tour-de-france\/","title":{"rendered":"On La Grande Boucle: Are We Watching a Vintage Tour de France?"},"content":{"rendered":"<p><strong>If the second half of this year\u2019s Tour de France is as eventful and exciting as the first, 2019 will be considered a vintage year in the Tour\u2019s history. Yes, all those mountains lie ahead, and that\u2019s where the race used to hold most of the drama and excitement \u2013 and where it has usually been decided. But the race organizers\u2019 decision to reduce the amount of flat terrain in the run-up to the mountain stages has added a great deal of drama to the race \u2013 and it greatly benefitted the rider who has dominated the first 11 stages, France\u2019s Julian Alaphilippe.<\/strong><!--more--><\/p>\n<p>The 27-year-old Deceuninck-Quick Step rider took advantage of the hilly stages to take over the race leader\u2019s yellow jersey with an explosive move late in stage 3, regained it in the same style in stage 8 while also pulling fellow Frenchman Thibaut Pinot into third place in the standings and then, in stage 10, turned what should have been a routine leg into another pulsating road race with yet another sensational acceleration 35 km from the finish line. That move split the peloton in two, with no fewer than five championship pretenders including Pinot, caught in the trailing group and losing 1 min 40 secs to last year\u2019s winner Geraint Thomas.<\/p>\n<figure id=\"attachment_174688\" aria-describedby=\"caption-attachment-174688\" style=\"width: 1250px\" class=\"wp-caption alignnone\"><a href=\"https:\/\/d2p6e6u75xmxt8.cloudfront.net\/2\/2019\/07\/Pinot-profimedia-0458518846.jpg\"><img loading=\"lazy\" decoding=\"async\" class=\"size-full wp-image-174688\" src=\"https:\/\/d2p6e6u75xmxt8.cloudfront.net\/2\/2019\/07\/Pinot-profimedia-0458518846.jpg\" alt=\"\" width=\"1250\" height=\"830\" \/><\/a><figcaption id=\"caption-attachment-174688\" class=\"wp-caption-text\">Thibaut Pinot during stage 9.\u00a0\u00a9 Profimedia, Polaris<\/figcaption><\/figure>\n<p>This was the kind of stage where the Tour is never won but occasionally lost. That may well have been the case for Pinot, Richie Porte, Rigoberto Uran, Jakob Fuglsang, and Mikel Landa all of who now trail Thomas (who has dispelled all doubts about his fitness) by 2 mins 33 secs (Pinot) to 4 mins 15 secs (Landa). \u201cWe didn\u2019t plan to split the peloton,\u201d Alaphilippe said after the stage. \u201cWe only expected the stage to be nervous and tricky. Our intention was only to protect my yellow jersey and concentrate on the sprint.\u201d Oh, well. Stuff happens.<\/p>\n<p>Just as Alaphilippe has been the revelation of the Tour so far, the surprise team of the first half of this year\u2019s race must be the Jumbo-Visma, which has four stage wins out of the first eleven so far, won the team time trial and three sprint finishes and, what\u2019s even more impressive, each of these won by a different rider! In this era of specialization where most teams carry one sprinter, one or two riders for the low mountains, one or two leaders and the rest as support, it\u2019s refreshing to watch a team with a different strategy \u2013 one that has already paid off in grand fashion.<\/p>\n<p>Jumbo-Visma\u2019s primary sprinter was supposed to be Dylan Groenewegen and he did win stage 7 in fine style. But after he crashed in stage 1 and was unable to participate in that sprint, teammate Mike Teunissen (who usually leads Groenewegen into the final meters) took over and won. And when both Groenewegen and Teunissen were caught in the trailing group in stage 10, fellow Jumbo-Visma rider Wout van Aert stepped up and won the sprint finish.<\/p>\n<div class=\"embed-controller-wrapper\">\n<blockquote class=\"twitter-tweet\" data-width=\"500\" data-dnt=\"true\">\n<p lang=\"en\" dir=\"ltr\">\ud83c\uddeb\ud83c\uddf7 <a href=\"https:\/\/twitter.com\/hashtag\/TDF2019?src=hash&amp;ref_src=twsrc%5Etfw\">#TDF2019<\/a> <\/p>\n<p>That moment when&#8230; you hear you\u2019ve won your first <a href=\"https:\/\/twitter.com\/LeTour?ref_src=twsrc%5Etfw\">@LeTour<\/a> stage\ud83e\udd29 <a href=\"https:\/\/t.co\/NQ1kyXXp9s\">pic.twitter.com\/NQ1kyXXp9s<\/a><\/p>\n<p>&mdash; Team Visma | Lease a Bike (@vismaleaseabike) <a href=\"https:\/\/twitter.com\/vismaleaseabike\/status\/1150839247122980865?ref_src=twsrc%5Etfw\">July 15, 2019<\/a><\/p><\/blockquote>\n<p><script async data-src=\"https:\/\/platform.twitter.com\/widgets.js\" charset=\"utf-8\"><\/script><\/div>\n<p>Based on the first eleven stages, it is now hard not to imagine Geraint Thomas as a defending Tour de France champion. He is fit and motivated and his Team Ineos looks like the well-oiled machine its predecessor Team Sky always was. But Groupama-FDJ sports director Marc Madiot whose team leader Pinot trails Thomas by 2 mins 33 secs, remains confident. \u201cI\u2019m not worried about the rest of the race,\u201d he said. \u201cOn the contrary.\u201d<\/p>\n<p>Of course, anything can happen in the mountains and often does. Though Alaphilippe currently leads Thomas by more than 1 minute, it\u2019s virtually certain that he will not figure in the race for the championship. He has already expended a great deal of energy and his kind of explosive power does not suit a long climb \u2013 especially that interminable final slog to the mountaintop finish at Val Thorens on July 27, measuring 33.4 km with an average gradient of 5.5 per cent and an altitude of 2,365 m. This is this race\u2019s third finish 2,000 m above sea level, a first in the long history of the Tour de France. One thing is certain: no matter who wears the yellow jersey in Paris on July 28, he will well and truly have earned it.<\/p>\n","protected":false},"excerpt":{"rendered":"<p>If the second half of this year\u2019s Tour de France is as eventful and exciting as the first, 2019 will [&hellip;]<\/p>\n","protected":false},"author":12,"featured_media":174685,"comment_status":"open","ping_status":"open","sticky":false,"template":"","format":"standard","meta":{"footnotes":""},"categories":[329],"tags":[3226,2396,1080,1887,773,1098],"global-categories":[],"class_list":["post-174684","post","type-post","status-publish","format-standard","has-post-thumbnail","hentry","category-road-cycling","tag-2019-tour","tag-2019-tour-de-france","tag-geraint-thomas","tag-julian-alaphilippe","tag-richie-porte","tag-thibaut-pinot"],"yoast_head":"<!-- This site is optimized with the Yoast SEO Premium plugin v25.3 (Yoast SEO v25.9) - https:\/\/yoast.com\/wordpress\/plugins\/seo\/ -->\n<title>On La Grande Boucle: Are We Watching a Vintage Tour de France? - \u0160koda We Love Cycling<\/title>\n<meta name=\"description\" content=\"If the second half of this year\u2019s Tour de France is as eventful and exciting as the first, 2019 will be considered a vintage year in the Tour\u2019s history.\" \/>\n<meta name=\"robots\" content=\"index, follow, max-snippet:-1, max-image-preview:large, max-video-preview:-1\" \/>\n<link rel=\"canonical\" href=\"https:\/\/www.welovecycling.com\/wide\/2019\/07\/18\/on-la-grande-boucle-are-we-watching-a-vintage-tour-de-france\/\" \/>\n<meta property=\"og:locale\" content=\"en_US\" \/>\n<meta property=\"og:type\" content=\"article\" \/>\n<meta property=\"og:title\" content=\"On La Grande Boucle: Are We Watching a Vintage Tour de France?\" \/>\n<meta property=\"og:description\" content=\"If the second half of this year\u2019s Tour de France is as eventful and exciting as the first, 2019 will be considered a vintage year in the Tour\u2019s history.\" \/>\n<meta property=\"og:url\" content=\"https:\/\/www.welovecycling.com\/wide\/2019\/07\/18\/on-la-grande-boucle-are-we-watching-a-vintage-tour-de-france\/\" \/>\n<meta property=\"og:site_name\" content=\"\u0160koda We Love Cycling\" \/>\n<meta property=\"article:published_time\" content=\"2019-07-18T10:58:25+00:00\" \/>\n<meta property=\"og:image\" content=\"https:\/\/d2p6e6u75xmxt8.cloudfront.net\/2\/2019\/07\/Julian-Alaphilippe-CVR-profimedia-0459311425.webp\" \/>\n\t<meta property=\"og:image:width\" content=\"900\" \/>\n\t<meta property=\"og:image:height\" content=\"600\" \/>\n\t<meta property=\"og:image:type\" content=\"image\/webp\" \/>\n<meta name=\"twitter:card\" content=\"summary_large_image\" \/>\n<meta name=\"twitter:label1\" content=\"Written by\" \/>\n\t<meta name=\"twitter:data1\" content=\"Siegfried Mortkowitz\" \/>\n\t<meta name=\"twitter:label2\" content=\"Est. reading time\" \/>\n\t<meta name=\"twitter:data2\" content=\"6\" \/>\n<script type=\"application\/ld+json\" class=\"yoast-schema-graph\">{\"@context\":\"https:\/\/schema.org\",\"@graph\":[{\"@type\":\"WebPage\",\"@id\":\"https:\/\/www.welovecycling.com\/wide\/2019\/07\/18\/on-la-grande-boucle-are-we-watching-a-vintage-tour-de-france\/\",\"url\":\"https:\/\/www.welovecycling.com\/wide\/2019\/07\/18\/on-la-grande-boucle-are-we-watching-a-vintage-tour-de-france\/\",\"name\":\"On La Grande Boucle: Are We Watching a Vintage Tour de France? - \u0160koda We Love Cycling\",\"isPartOf\":{\"@id\":\"https:\/\/www.welovecycling.com\/wide\/#website\"},\"primaryImageOfPage\":{\"@id\":\"https:\/\/www.welovecycling.com\/wide\/2019\/07\/18\/on-la-grande-boucle-are-we-watching-a-vintage-tour-de-france\/#primaryimage\"},\"image\":{\"@id\":\"https:\/\/www.welovecycling.com\/wide\/2019\/07\/18\/on-la-grande-boucle-are-we-watching-a-vintage-tour-de-france\/#primaryimage\"},\"thumbnailUrl\":\"https:\/\/d2p6e6u75xmxt8.cloudfront.net\/2\/2019\/07\/Julian-Alaphilippe-CVR-profimedia-0459311425.webp\",\"datePublished\":\"2019-07-18T10:58:25+00:00\",\"author\":{\"@id\":\"\"},\"description\":\"If the second half of this year\u2019s Tour de France is as eventful and exciting as the first, 2019 will be considered a vintage year in the Tour\u2019s history.\",\"breadcrumb\":{\"@id\":\"https:\/\/www.welovecycling.com\/wide\/2019\/07\/18\/on-la-grande-boucle-are-we-watching-a-vintage-tour-de-france\/#breadcrumb\"},\"inLanguage\":\"en-US\",\"potentialAction\":[{\"@type\":\"ReadAction\",\"target\":[\"https:\/\/www.welovecycling.com\/wide\/2019\/07\/18\/on-la-grande-boucle-are-we-watching-a-vintage-tour-de-france\/\"]}]},{\"@type\":\"ImageObject\",\"inLanguage\":\"en-US\",\"@id\":\"https:\/\/www.welovecycling.com\/wide\/2019\/07\/18\/on-la-grande-boucle-are-we-watching-a-vintage-tour-de-france\/#primaryimage\",\"url\":\"https:\/\/d2p6e6u75xmxt8.cloudfront.net\/2\/2019\/07\/Julian-Alaphilippe-CVR-profimedia-0459311425.webp\",\"contentUrl\":\"https:\/\/d2p6e6u75xmxt8.cloudfront.net\/2\/2019\/07\/Julian-Alaphilippe-CVR-profimedia-0459311425.webp\",\"width\":900,\"height\":600},{\"@type\":\"BreadcrumbList\",\"@id\":\"https:\/\/www.welovecycling.com\/wide\/2019\/07\/18\/on-la-grande-boucle-are-we-watching-a-vintage-tour-de-france\/#breadcrumb\",\"itemListElement\":[{\"@type\":\"ListItem\",\"position\":1,\"name\":\"Home\",\"item\":\"https:\/\/www.welovecycling.com\/wide\/\"},{\"@type\":\"ListItem\",\"position\":2,\"name\":\"On La Grande Boucle: Are We Watching a Vintage Tour de France?\"}]},{\"@type\":\"WebSite\",\"@id\":\"https:\/\/www.welovecycling.com\/wide\/#website\",\"url\":\"https:\/\/www.welovecycling.com\/wide\/\",\"name\":\"\u0160koda We Love Cycling\",\"description\":\"\u0160koda We Love Cycling magazine\",\"alternateName\":\"\u0160koda WLC\",\"potentialAction\":[{\"@type\":\"SearchAction\",\"target\":{\"@type\":\"EntryPoint\",\"urlTemplate\":\"https:\/\/www.welovecycling.com\/wide\/?s={search_term_string}\"},\"query-input\":{\"@type\":\"PropertyValueSpecification\",\"valueRequired\":true,\"valueName\":\"search_term_string\"}}],\"inLanguage\":\"en-US\"},{\"@type\":\"Person\",\"@id\":\"\",\"url\":\"https:\/\/www.welovecycling.com\/wide\/author\/\"}]}<\/script>\n<!-- \/ Yoast SEO Premium plugin. -->","yoast_head_json":{"title":"On La Grande Boucle: Are We Watching a Vintage Tour de France? - \u0160koda We Love Cycling","description":"If the second half of this year\u2019s Tour de France is as eventful and exciting as the first, 2019 will be considered a vintage year in the Tour\u2019s history.","robots":{"index":"index","follow":"follow","max-snippet":"max-snippet:-1","max-image-preview":"max-image-preview:large","max-video-preview":"max-video-preview:-1"},"canonical":"https:\/\/www.welovecycling.com\/wide\/2019\/07\/18\/on-la-grande-boucle-are-we-watching-a-vintage-tour-de-france\/","og_locale":"en_US","og_type":"article","og_title":"On La Grande Boucle: Are We Watching a Vintage Tour de France?","og_description":"If the second half of this year\u2019s Tour de France is as eventful and exciting as the first, 2019 will be considered a vintage year in the Tour\u2019s history.","og_url":"https:\/\/www.welovecycling.com\/wide\/2019\/07\/18\/on-la-grande-boucle-are-we-watching-a-vintage-tour-de-france\/","og_site_name":"\u0160koda We Love Cycling","article_published_time":"2019-07-18T10:58:25+00:00","og_image":[{"width":900,"height":600,"url":"https:\/\/d2p6e6u75xmxt8.cloudfront.net\/2\/2019\/07\/Julian-Alaphilippe-CVR-profimedia-0459311425.webp","type":"image\/webp"}],"twitter_card":"summary_large_image","twitter_misc":{"Written by":"Siegfried Mortkowitz","Est. reading time":"6"},"schema":{"@context":"https:\/\/schema.org","@graph":[{"@type":"WebPage","@id":"https:\/\/www.welovecycling.com\/wide\/2019\/07\/18\/on-la-grande-boucle-are-we-watching-a-vintage-tour-de-france\/","url":"https:\/\/www.welovecycling.com\/wide\/2019\/07\/18\/on-la-grande-boucle-are-we-watching-a-vintage-tour-de-france\/","name":"On La Grande Boucle: Are We Watching a Vintage Tour de France? - \u0160koda We Love Cycling","isPartOf":{"@id":"https:\/\/www.welovecycling.com\/wide\/#website"},"primaryImageOfPage":{"@id":"https:\/\/www.welovecycling.com\/wide\/2019\/07\/18\/on-la-grande-boucle-are-we-watching-a-vintage-tour-de-france\/#primaryimage"},"image":{"@id":"https:\/\/www.welovecycling.com\/wide\/2019\/07\/18\/on-la-grande-boucle-are-we-watching-a-vintage-tour-de-france\/#primaryimage"},"thumbnailUrl":"https:\/\/d2p6e6u75xmxt8.cloudfront.net\/2\/2019\/07\/Julian-Alaphilippe-CVR-profimedia-0459311425.webp","datePublished":"2019-07-18T10:58:25+00:00","author":{"@id":""},"description":"If the second half of this year\u2019s Tour de France is as eventful and exciting as the first, 2019 will be considered a vintage year in the Tour\u2019s history.","breadcrumb":{"@id":"https:\/\/www.welovecycling.com\/wide\/2019\/07\/18\/on-la-grande-boucle-are-we-watching-a-vintage-tour-de-france\/#breadcrumb"},"inLanguage":"en-US","potentialAction":[{"@type":"ReadAction","target":["https:\/\/www.welovecycling.com\/wide\/2019\/07\/18\/on-la-grande-boucle-are-we-watching-a-vintage-tour-de-france\/"]}]},{"@type":"ImageObject","inLanguage":"en-US","@id":"https:\/\/www.welovecycling.com\/wide\/2019\/07\/18\/on-la-grande-boucle-are-we-watching-a-vintage-tour-de-france\/#primaryimage","url":"https:\/\/d2p6e6u75xmxt8.cloudfront.net\/2\/2019\/07\/Julian-Alaphilippe-CVR-profimedia-0459311425.webp","contentUrl":"https:\/\/d2p6e6u75xmxt8.cloudfront.net\/2\/2019\/07\/Julian-Alaphilippe-CVR-profimedia-0459311425.webp","width":900,"height":600},{"@type":"BreadcrumbList","@id":"https:\/\/www.welovecycling.com\/wide\/2019\/07\/18\/on-la-grande-boucle-are-we-watching-a-vintage-tour-de-france\/#breadcrumb","itemListElement":[{"@type":"ListItem","position":1,"name":"Home","item":"https:\/\/www.welovecycling.com\/wide\/"},{"@type":"ListItem","position":2,"name":"On La Grande Boucle: Are We Watching a Vintage Tour de France?"}]},{"@type":"WebSite","@id":"https:\/\/www.welovecycling.com\/wide\/#website","url":"https:\/\/www.welovecycling.com\/wide\/","name":"\u0160koda We Love Cycling","description":"\u0160koda We Love Cycling magazine","alternateName":"\u0160koda WLC","potentialAction":[{"@type":"SearchAction","target":{"@type":"EntryPoint","urlTemplate":"https:\/\/www.welovecycling.com\/wide\/?s={search_term_string}"},"query-input":{"@type":"PropertyValueSpecification","valueRequired":true,"valueName":"search_term_string"}}],"inLanguage":"en-US"},{"@type":"Person","@id":"","url":"https:\/\/www.welovecycling.com\/wide\/author\/"}]}},"_links":{"self":[{"href":"https:\/\/www.welovecycling.com\/wide\/wp-json\/wp\/v2\/posts\/174684","targetHints":{"allow":["GET"]}}],"collection":[{"href":"https:\/\/www.welovecycling.com\/wide\/wp-json\/wp\/v2\/posts"}],"about":[{"href":"https:\/\/www.welovecycling.com\/wide\/wp-json\/wp\/v2\/types\/post"}],"author":[{"embeddable":true,"href":"https:\/\/www.welovecycling.com\/wide\/wp-json\/wp\/v2\/users\/12"}],"replies":[{"embeddable":true,"href":"https:\/\/www.welovecycling.com\/wide\/wp-json\/wp\/v2\/comments?post=174684"}],"version-history":[{"count":2,"href":"https:\/\/www.welovecycling.com\/wide\/wp-json\/wp\/v2\/posts\/174684\/revisions"}],"predecessor-version":[{"id":174690,"href":"https:\/\/www.welovecycling.com\/wide\/wp-json\/wp\/v2\/posts\/174684\/revisions\/174690"}],"wp:featuredmedia":[{"embeddable":true,"href":"https:\/\/www.welovecycling.com\/wide\/wp-json\/wp\/v2\/media\/174685"}],"wp:attachment":[{"href":"https:\/\/www.welovecycling.com\/wide\/wp-json\/wp\/v2\/media?parent=174684"}],"wp:term":[{"taxonomy":"category","embeddable":true,"href":"https:\/\/www.welovecycling.com\/wide\/wp-json\/wp\/v2\/categories?post=174684"},{"taxonomy":"post_tag","embeddable":true,"href":"https:\/\/www.welovecycling.com\/wide\/wp-json\/wp\/v2\/tags?post=174684"},{"taxonomy":"global-categories","embeddable":true,"href":"https:\/\/www.welovecycling.com\/wide\/wp-json\/wp\/v2\/global-categories?post=174684"}],"curies":[{"name":"wp","href":"https:\/\/api.w.org\/{rel}","templated":true}]}}