{"id":174631,"date":"2019-07-11T09:19:31","date_gmt":"2019-07-11T09:19:31","guid":{"rendered":"https:\/\/www.welovecycling.com\/wide\/?p=174631"},"modified":"2019-07-11T09:19:31","modified_gmt":"2019-07-11T09:19:31","slug":"on-la-grande-boucle-a-great-tour-for-france-so-far","status":"publish","type":"post","link":"https:\/\/www.welovecycling.com\/wide\/2019\/07\/11\/on-la-grande-boucle-a-great-tour-for-france-so-far\/","title":{"rendered":"On La Grande Boucle: A Great Tour for France So Far"},"content":{"rendered":"<p><strong>The first week of the 2019 Tour de France was a very good one for the host country, with 27-year-old Julian Alaphilippe, of the French Deceuninck-Quick Step team, becoming the first Frenchman to wear the race leader\u2019s yellow jersey since 2014.<\/strong><!--more--><\/p>\n<p>His bold breakaway on a short climb near the end of the third stage sent French TV commentators into raptures and had them musing that this may be the year that a French rider \u2013 any French rider \u2013 could be wearing the yellow jersey on the Champs-\u00c9lys\u00e9es when the race ends, on July 28. A reminder: no French rider has won the Tour since Bernard Hinault, in 1985 \u2013 34 years ago.<\/p>\n<p>Following Chris Froome\u2019s horrifying training crash, which left him unable to compete, this year\u2019s race is unusually open \u2013 even though last year\u2019s winner, Geraint Thomas of Froome\u2019s Team Ineos, must be considered a slight favourite to repeat the deed. But his team\u2019s second-place finish in the team time trial, on Sunday\u2019s second stage, has raised questions about whether it will dominate the race as it has six in the past seven years when it was known as Team Sky.<\/p>\n<figure id=\"attachment_174633\" aria-describedby=\"caption-attachment-174633\" style=\"width: 1250px\" class=\"wp-caption alignnone\"><a href=\"https:\/\/d2p6e6u75xmxt8.cloudfront.net\/2\/2019\/07\/profimedia-0456509418.jpg\"><img loading=\"lazy\" decoding=\"async\" class=\"size-full wp-image-174633\" src=\"https:\/\/d2p6e6u75xmxt8.cloudfront.net\/2\/2019\/07\/profimedia-0456509418.jpg\" alt=\"\" width=\"1250\" height=\"830\" \/><\/a><figcaption id=\"caption-attachment-174633\" class=\"wp-caption-text\">Can Geraint Thomas defend the title? \u00a9 Profimedia, Polaris<\/figcaption><\/figure>\n<p>Surprisingly, Thomas has not looked sharp so far and appears to be trying to find his legs in the early stages. Thursday\u2019s race, with its six difficult climbs and a mountaintop finish, will reveal much about his fitness and about who is likely to shine in the latter part of the Tour, when the riders tackle the Pyrenees and the Alps where the Tour de France is decided.<\/p>\n<p>The team time trial was one of the many surprises the first week of the Tour has produced. The Dutch Jumbo-Visma team beat Ineos by 20 seconds, which is quite a lot for a 27.6-km race. Jumbo-Visma therefore claimed its second surprising stage win, after Mike Teunissen won the sprint to the finish of the first stage, nipping perennial green jersey winner Peter Sagan by a whisker.<\/p>\n<p>If a French rider will end the home country\u2019s long victory drought, it is likely to be Thibaut Pinot, of the Groupama-FDJ team. The 29-year-old has had an excellent spring, winning the Tour de \u2018Ain and the Tour du Haut Var. He skipped the Giro d\u2019Italia and appeared to have been pointing to the Tour from the start of the year. He finished third in the 2014 Tour but has not finished the race since then, skipping it last year.<\/p>\n<figure id=\"attachment_174598\" aria-describedby=\"caption-attachment-174598\" style=\"width: 1250px\" class=\"wp-caption alignnone\"><a href=\"https:\/\/d2p6e6u75xmxt8.cloudfront.net\/2\/2019\/07\/Peter-Sagan-Tour-2019-profimedia-0456066878.jpg\"><img loading=\"lazy\" decoding=\"async\" class=\"size-full wp-image-174598\" src=\"https:\/\/d2p6e6u75xmxt8.cloudfront.net\/2\/2019\/07\/Peter-Sagan-Tour-2019-profimedia-0456066878.jpg\" alt=\"\" width=\"1250\" height=\"833\" \/><\/a><figcaption id=\"caption-attachment-174598\" class=\"wp-caption-text\">Peter Sagan is already wearing green. \u00a9 Profimedia, AFP<\/figcaption><\/figure>\n<p>If Pinot should win, it would represent a wonderful novelty for a race that has been, for most of this century, far too predictable. Lance Armstrong and Team Sky riders have won 12 of the previous 18 races, all in much the same fashion so that the Tour often seemed like a very long and exhausting victory parade, rather than a competition. This year\u2019s race has begun with surprises, and if we are lucky it will continue to surprise us to the end.<\/p>\n<p>However, based on Wednesday\u2019s fifth stage, there will be no surprising green jersey winner. The ease with which Slovakia\u2019s Peter Sagan outdistanced his rivals in the sprint to the finish suggests that the 29-year-old Bora-Hansgrohe rider is in his usual excellent form and, barring injury or accident, is likely to become the first rider to win seven Tour de France points classification titles. Unless, of course, the race has another surprise in store for us.<\/p>\n","protected":false},"excerpt":{"rendered":"<p>The first week of the 2019 Tour de France was a very good one for the host country, with 27-year-old [&hellip;]<\/p>\n","protected":false},"author":12,"featured_media":174632,"comment_status":"open","ping_status":"open","sticky":false,"template":"","format":"standard","meta":{"footnotes":""},"categories":[329],"tags":[3226,2396,1080,1887,381,1098],"global-categories":[],"class_list":["post-174631","post","type-post","status-publish","format-standard","has-post-thumbnail","hentry","category-road-cycling","tag-2019-tour","tag-2019-tour-de-france","tag-geraint-thomas","tag-julian-alaphilippe","tag-peter-sagan","tag-thibaut-pinot"],"yoast_head":"<!-- This site is optimized with the Yoast SEO Premium plugin v25.3 (Yoast SEO v25.9) - https:\/\/yoast.com\/wordpress\/plugins\/seo\/ -->\n<title>On La Grande Boucle: A Great Tour for France So Far - \u0160koda We Love Cycling<\/title>\n<meta name=\"description\" content=\"The first week of the 2019 Tour de France was a very good one for the host country, with 27-year-old Julian Alaphilippe, of the French Deceuninck-Quick\" \/>\n<meta name=\"robots\" content=\"index, follow, max-snippet:-1, max-image-preview:large, max-video-preview:-1\" \/>\n<link rel=\"canonical\" href=\"https:\/\/www.welovecycling.com\/wide\/2019\/07\/11\/on-la-grande-boucle-a-great-tour-for-france-so-far\/\" \/>\n<meta property=\"og:locale\" content=\"en_US\" \/>\n<meta property=\"og:type\" content=\"article\" \/>\n<meta property=\"og:title\" content=\"On La Grande Boucle: A Great Tour for France So Far\" \/>\n<meta property=\"og:description\" content=\"The first week of the 2019 Tour de France was a very good one for the host country, with 27-year-old Julian Alaphilippe, of the French Deceuninck-Quick\" \/>\n<meta property=\"og:url\" content=\"https:\/\/www.welovecycling.com\/wide\/2019\/07\/11\/on-la-grande-boucle-a-great-tour-for-france-so-far\/\" \/>\n<meta property=\"og:site_name\" content=\"\u0160koda We Love Cycling\" \/>\n<meta property=\"article:published_time\" content=\"2019-07-11T09:19:31+00:00\" \/>\n<meta property=\"og:image\" content=\"https:\/\/d2p6e6u75xmxt8.cloudfront.net\/2\/2019\/07\/Alaphilippe-CVR-profimedia-0456866425.webp\" \/>\n\t<meta property=\"og:image:width\" content=\"900\" \/>\n\t<meta property=\"og:image:height\" content=\"600\" \/>\n\t<meta property=\"og:image:type\" content=\"image\/webp\" \/>\n<meta name=\"twitter:card\" content=\"summary_large_image\" \/>\n<meta name=\"twitter:label1\" content=\"Written by\" \/>\n\t<meta name=\"twitter:data1\" content=\"Siegfried Mortkowitz\" \/>\n\t<meta name=\"twitter:label2\" content=\"Est. reading time\" \/>\n\t<meta name=\"twitter:data2\" content=\"6\" \/>\n<script type=\"application\/ld+json\" class=\"yoast-schema-graph\">{\"@context\":\"https:\/\/schema.org\",\"@graph\":[{\"@type\":\"WebPage\",\"@id\":\"https:\/\/www.welovecycling.com\/wide\/2019\/07\/11\/on-la-grande-boucle-a-great-tour-for-france-so-far\/\",\"url\":\"https:\/\/www.welovecycling.com\/wide\/2019\/07\/11\/on-la-grande-boucle-a-great-tour-for-france-so-far\/\",\"name\":\"On La Grande Boucle: A Great Tour for France So Far - \u0160koda We Love Cycling\",\"isPartOf\":{\"@id\":\"https:\/\/www.welovecycling.com\/wide\/#website\"},\"primaryImageOfPage\":{\"@id\":\"https:\/\/www.welovecycling.com\/wide\/2019\/07\/11\/on-la-grande-boucle-a-great-tour-for-france-so-far\/#primaryimage\"},\"image\":{\"@id\":\"https:\/\/www.welovecycling.com\/wide\/2019\/07\/11\/on-la-grande-boucle-a-great-tour-for-france-so-far\/#primaryimage\"},\"thumbnailUrl\":\"https:\/\/d2p6e6u75xmxt8.cloudfront.net\/2\/2019\/07\/Alaphilippe-CVR-profimedia-0456866425.webp\",\"datePublished\":\"2019-07-11T09:19:31+00:00\",\"author\":{\"@id\":\"\"},\"description\":\"The first week of the 2019 Tour de France was a very good one for the host country, with 27-year-old Julian Alaphilippe, of the French Deceuninck-Quick\",\"breadcrumb\":{\"@id\":\"https:\/\/www.welovecycling.com\/wide\/2019\/07\/11\/on-la-grande-boucle-a-great-tour-for-france-so-far\/#breadcrumb\"},\"inLanguage\":\"en-US\",\"potentialAction\":[{\"@type\":\"ReadAction\",\"target\":[\"https:\/\/www.welovecycling.com\/wide\/2019\/07\/11\/on-la-grande-boucle-a-great-tour-for-france-so-far\/\"]}]},{\"@type\":\"ImageObject\",\"inLanguage\":\"en-US\",\"@id\":\"https:\/\/www.welovecycling.com\/wide\/2019\/07\/11\/on-la-grande-boucle-a-great-tour-for-france-so-far\/#primaryimage\",\"url\":\"https:\/\/d2p6e6u75xmxt8.cloudfront.net\/2\/2019\/07\/Alaphilippe-CVR-profimedia-0456866425.webp\",\"contentUrl\":\"https:\/\/d2p6e6u75xmxt8.cloudfront.net\/2\/2019\/07\/Alaphilippe-CVR-profimedia-0456866425.webp\",\"width\":900,\"height\":600},{\"@type\":\"BreadcrumbList\",\"@id\":\"https:\/\/www.welovecycling.com\/wide\/2019\/07\/11\/on-la-grande-boucle-a-great-tour-for-france-so-far\/#breadcrumb\",\"itemListElement\":[{\"@type\":\"ListItem\",\"position\":1,\"name\":\"Home\",\"item\":\"https:\/\/www.welovecycling.com\/wide\/\"},{\"@type\":\"ListItem\",\"position\":2,\"name\":\"On La Grande Boucle: A Great Tour for France So Far\"}]},{\"@type\":\"WebSite\",\"@id\":\"https:\/\/www.welovecycling.com\/wide\/#website\",\"url\":\"https:\/\/www.welovecycling.com\/wide\/\",\"name\":\"\u0160koda We Love Cycling\",\"description\":\"\u0160koda We Love Cycling magazine\",\"alternateName\":\"\u0160koda WLC\",\"potentialAction\":[{\"@type\":\"SearchAction\",\"target\":{\"@type\":\"EntryPoint\",\"urlTemplate\":\"https:\/\/www.welovecycling.com\/wide\/?s={search_term_string}\"},\"query-input\":{\"@type\":\"PropertyValueSpecification\",\"valueRequired\":true,\"valueName\":\"search_term_string\"}}],\"inLanguage\":\"en-US\"},{\"@type\":\"Person\",\"@id\":\"\",\"url\":\"https:\/\/www.welovecycling.com\/wide\/author\/\"}]}<\/script>\n<!-- \/ Yoast SEO Premium plugin. -->","yoast_head_json":{"title":"On La Grande Boucle: A Great Tour for France So Far - \u0160koda We Love Cycling","description":"The first week of the 2019 Tour de France was a very good one for the host country, with 27-year-old Julian Alaphilippe, of the French Deceuninck-Quick","robots":{"index":"index","follow":"follow","max-snippet":"max-snippet:-1","max-image-preview":"max-image-preview:large","max-video-preview":"max-video-preview:-1"},"canonical":"https:\/\/www.welovecycling.com\/wide\/2019\/07\/11\/on-la-grande-boucle-a-great-tour-for-france-so-far\/","og_locale":"en_US","og_type":"article","og_title":"On La Grande Boucle: A Great Tour for France So Far","og_description":"The first week of the 2019 Tour de France was a very good one for the host country, with 27-year-old Julian Alaphilippe, of the French Deceuninck-Quick","og_url":"https:\/\/www.welovecycling.com\/wide\/2019\/07\/11\/on-la-grande-boucle-a-great-tour-for-france-so-far\/","og_site_name":"\u0160koda We Love Cycling","article_published_time":"2019-07-11T09:19:31+00:00","og_image":[{"width":900,"height":600,"url":"https:\/\/d2p6e6u75xmxt8.cloudfront.net\/2\/2019\/07\/Alaphilippe-CVR-profimedia-0456866425.webp","type":"image\/webp"}],"twitter_card":"summary_large_image","twitter_misc":{"Written by":"Siegfried Mortkowitz","Est. reading time":"6"},"schema":{"@context":"https:\/\/schema.org","@graph":[{"@type":"WebPage","@id":"https:\/\/www.welovecycling.com\/wide\/2019\/07\/11\/on-la-grande-boucle-a-great-tour-for-france-so-far\/","url":"https:\/\/www.welovecycling.com\/wide\/2019\/07\/11\/on-la-grande-boucle-a-great-tour-for-france-so-far\/","name":"On La Grande Boucle: A Great Tour for France So Far - \u0160koda We Love Cycling","isPartOf":{"@id":"https:\/\/www.welovecycling.com\/wide\/#website"},"primaryImageOfPage":{"@id":"https:\/\/www.welovecycling.com\/wide\/2019\/07\/11\/on-la-grande-boucle-a-great-tour-for-france-so-far\/#primaryimage"},"image":{"@id":"https:\/\/www.welovecycling.com\/wide\/2019\/07\/11\/on-la-grande-boucle-a-great-tour-for-france-so-far\/#primaryimage"},"thumbnailUrl":"https:\/\/d2p6e6u75xmxt8.cloudfront.net\/2\/2019\/07\/Alaphilippe-CVR-profimedia-0456866425.webp","datePublished":"2019-07-11T09:19:31+00:00","author":{"@id":""},"description":"The first week of the 2019 Tour de France was a very good one for the host country, with 27-year-old Julian Alaphilippe, of the French Deceuninck-Quick","breadcrumb":{"@id":"https:\/\/www.welovecycling.com\/wide\/2019\/07\/11\/on-la-grande-boucle-a-great-tour-for-france-so-far\/#breadcrumb"},"inLanguage":"en-US","potentialAction":[{"@type":"ReadAction","target":["https:\/\/www.welovecycling.com\/wide\/2019\/07\/11\/on-la-grande-boucle-a-great-tour-for-france-so-far\/"]}]},{"@type":"ImageObject","inLanguage":"en-US","@id":"https:\/\/www.welovecycling.com\/wide\/2019\/07\/11\/on-la-grande-boucle-a-great-tour-for-france-so-far\/#primaryimage","url":"https:\/\/d2p6e6u75xmxt8.cloudfront.net\/2\/2019\/07\/Alaphilippe-CVR-profimedia-0456866425.webp","contentUrl":"https:\/\/d2p6e6u75xmxt8.cloudfront.net\/2\/2019\/07\/Alaphilippe-CVR-profimedia-0456866425.webp","width":900,"height":600},{"@type":"BreadcrumbList","@id":"https:\/\/www.welovecycling.com\/wide\/2019\/07\/11\/on-la-grande-boucle-a-great-tour-for-france-so-far\/#breadcrumb","itemListElement":[{"@type":"ListItem","position":1,"name":"Home","item":"https:\/\/www.welovecycling.com\/wide\/"},{"@type":"ListItem","position":2,"name":"On La Grande Boucle: A Great Tour for France So Far"}]},{"@type":"WebSite","@id":"https:\/\/www.welovecycling.com\/wide\/#website","url":"https:\/\/www.welovecycling.com\/wide\/","name":"\u0160koda We Love Cycling","description":"\u0160koda We Love Cycling magazine","alternateName":"\u0160koda WLC","potentialAction":[{"@type":"SearchAction","target":{"@type":"EntryPoint","urlTemplate":"https:\/\/www.welovecycling.com\/wide\/?s={search_term_string}"},"query-input":{"@type":"PropertyValueSpecification","valueRequired":true,"valueName":"search_term_string"}}],"inLanguage":"en-US"},{"@type":"Person","@id":"","url":"https:\/\/www.welovecycling.com\/wide\/author\/"}]}},"_links":{"self":[{"href":"https:\/\/www.welovecycling.com\/wide\/wp-json\/wp\/v2\/posts\/174631","targetHints":{"allow":["GET"]}}],"collection":[{"href":"https:\/\/www.welovecycling.com\/wide\/wp-json\/wp\/v2\/posts"}],"about":[{"href":"https:\/\/www.welovecycling.com\/wide\/wp-json\/wp\/v2\/types\/post"}],"author":[{"embeddable":true,"href":"https:\/\/www.welovecycling.com\/wide\/wp-json\/wp\/v2\/users\/12"}],"replies":[{"embeddable":true,"href":"https:\/\/www.welovecycling.com\/wide\/wp-json\/wp\/v2\/comments?post=174631"}],"version-history":[{"count":1,"href":"https:\/\/www.welovecycling.com\/wide\/wp-json\/wp\/v2\/posts\/174631\/revisions"}],"predecessor-version":[{"id":174634,"href":"https:\/\/www.welovecycling.com\/wide\/wp-json\/wp\/v2\/posts\/174631\/revisions\/174634"}],"wp:featuredmedia":[{"embeddable":true,"href":"https:\/\/www.welovecycling.com\/wide\/wp-json\/wp\/v2\/media\/174632"}],"wp:attachment":[{"href":"https:\/\/www.welovecycling.com\/wide\/wp-json\/wp\/v2\/media?parent=174631"}],"wp:term":[{"taxonomy":"category","embeddable":true,"href":"https:\/\/www.welovecycling.com\/wide\/wp-json\/wp\/v2\/categories?post=174631"},{"taxonomy":"post_tag","embeddable":true,"href":"https:\/\/www.welovecycling.com\/wide\/wp-json\/wp\/v2\/tags?post=174631"},{"taxonomy":"global-categories","embeddable":true,"href":"https:\/\/www.welovecycling.com\/wide\/wp-json\/wp\/v2\/global-categories?post=174631"}],"curies":[{"name":"wp","href":"https:\/\/api.w.org\/{rel}","templated":true}]}}