{"id":174595,"date":"2019-07-09T13:37:05","date_gmt":"2019-07-09T13:37:05","guid":{"rendered":"https:\/\/www.welovecycling.com\/wide\/?p=174595"},"modified":"2019-07-09T13:37:05","modified_gmt":"2019-07-09T13:37:05","slug":"andy-schleck-on-the-tour-de-france-sagan-is-in-for-the-green-jersey-again","status":"publish","type":"post","link":"https:\/\/www.welovecycling.com\/wide\/2019\/07\/09\/andy-schleck-on-the-tour-de-france-sagan-is-in-for-the-green-jersey-again\/","title":{"rendered":"Andy Schleck on the Tour de France: \u201cSagan Is in for the Green Jersey Again\u201d"},"content":{"rendered":"<p><strong>Andy Raymond Schleck is a former pro-cyclist, a Luxembourg native, the 2010 Tour de France winner and has cycling running in his family. Currently, he functions as a chairman of the \u0160koda Tour de Luxembourg and as an ambassador at the Tour de France\u2019s \u0160koda Hospitality Programme so we reached out to him to get both his insider and expert overview of this year\u2019s Le Grande Boucle.<\/strong><\/p>\n<p><!--more--><\/p>\n<h2><strong>Alaphilippe\u2019s stunning triumph<\/strong><\/h2>\n<p>Julian Alaphilippe, a Deceuninck-Quick-Step team rider, made a big surprise by winning the third stage with an explosive attack that got him the yellow jersey. However, he usually excels in one-day Classics so the long-term and demanding nature of the Tour might not suit him. However, Andy Schleck thinks otherwise.<\/p>\n<p>\u201cI think he can keep the jersey for quite a while because he also had a good week, you know. If he survived the stage and won, I think he can keep it for more stages.\u201d<\/p>\n<h2><strong>Jumbo-Visma\u2019s great season<\/strong><\/h2>\n<p>The Jumbo-Visma team saw significant improvement this season. Their riders have won one time-trial and one sprint stage and Mike Teunissen even wore the maillot jaune for one day. Despite all these successes, Andy is realistic concerning future predictions, especially the GC yellow jersey.<\/p>\n<figure id=\"attachment_174598\" aria-describedby=\"caption-attachment-174598\" style=\"width: 1024px\" class=\"wp-caption alignnone\"><a href=\"https:\/\/d2p6e6u75xmxt8.cloudfront.net\/2\/2019\/07\/Peter-Sagan-Tour-2019-profimedia-0456066878.jpg\"><img loading=\"lazy\" decoding=\"async\" class=\"wp-image-174598 size-large\" src=\"https:\/\/d2p6e6u75xmxt8.cloudfront.net\/2\/2019\/07\/Peter-Sagan-Tour-2019-profimedia-0456066878-1024x682.jpg\" alt=\"\" width=\"1024\" height=\"682\" \/><\/a><figcaption id=\"caption-attachment-174598\" class=\"wp-caption-text\">Peter Sagan is already in green. \u00a9 Profimedia, AFP<\/figcaption><\/figure>\n<p>\u201cI don\u2019t think that they have a chance with the general classification. They\u2019ve come here for a stage win and they managed to do it but I don\u2019t think they\u2019ll win the GC. They have Kruijswijk who is here for the overall [classification] but I don\u2019t think they\u2019ll make it to the podium.\u201d Based on the team\u2019s history, Andy has his own take on their point of concentration: \u201cI think they\u2019re going for the win in the Giro d\u2019Italia so their main focus is on stages and not the GC.\u201d<\/p>\n<p>Concerning the most unexpected outcome of the race so far, for Andy, Teunissen\u2019s win was also the most surprising event of this week\u2019s Tour. \u201cNobody really expected he\u2019ll win stage one. He was not there to lead the stage, he was there for his leader until the leader crashed and then he took his chance and won by surprise.\u201d<\/p>\n<h2><strong>Peter Sagan (because, of course)<\/strong><\/h2>\n<p>Peter Sagan hasn\u2019t won a stage yet but he\u2019s already in green \u2013 almost a formal sight at the Tour de France. It\u2019s no wonder then that Andy thinks it\u2019s a safe bet to say he\u2019ll win the points classification again.<\/p>\n<p>\u201cBasically, I think he\u2019ll probably win again because he\u2019s good and he knows where to rack up points. He collects the most points at the \u201c\u0160koda sprints\u201d so he focuses on them. I know he\u2019s here for the green jersey again but I believe there\u2019s hope for other riders.\u201d<\/p>\n<p><strong>Stay tuned for more Andy Schleck commentary!<\/strong><\/p>\n","protected":false},"excerpt":{"rendered":"<p>Andy Raymond Schleck is a former pro-cyclist, a Luxembourg native, the 2010 Tour de France winner and has cycling running [&hellip;]<\/p>\n","protected":false},"author":99,"featured_media":174596,"comment_status":"open","ping_status":"open","sticky":false,"template":"","format":"standard","meta":{"footnotes":""},"categories":[329],"tags":[2396,3227,402,2718,381,3266,433],"global-categories":[],"class_list":["post-174595","post","type-post","status-publish","format-standard","has-post-thumbnail","hentry","category-road-cycling","tag-2019-tour-de-france","tag-andy-schleck","tag-giro-ditalia","tag-jumbo-visma","tag-peter-sagan","tag-skoda-hospitality-programme","tag-tour-de-france"],"yoast_head":"<!-- This site is optimized with the Yoast SEO Premium plugin v25.3 (Yoast SEO v25.9) - https:\/\/yoast.com\/wordpress\/plugins\/seo\/ -->\n<title>Andy Schleck on the Tour de France: \u201cSagan Is in for the Green Jersey Again\u201d - \u0160koda We Love Cycling<\/title>\n<meta name=\"description\" content=\"Andy Raymond Schleck is a former pro-cyclist, a Luxembourg native, the 2010 Tour de France winner and has cycling running in his family. Currently, he\" \/>\n<meta name=\"robots\" content=\"index, follow, max-snippet:-1, max-image-preview:large, max-video-preview:-1\" \/>\n<link rel=\"canonical\" href=\"https:\/\/www.welovecycling.com\/wide\/2019\/07\/09\/andy-schleck-on-the-tour-de-france-sagan-is-in-for-the-green-jersey-again\/\" \/>\n<meta property=\"og:locale\" content=\"en_US\" \/>\n<meta property=\"og:type\" content=\"article\" \/>\n<meta property=\"og:title\" content=\"Andy Schleck on the Tour de France: \u201cSagan Is in for the Green Jersey Again\u201d\" \/>\n<meta property=\"og:description\" content=\"Andy Raymond Schleck is a former pro-cyclist, a Luxembourg native, the 2010 Tour de France winner and has cycling running in his family. Currently, he\" \/>\n<meta property=\"og:url\" content=\"https:\/\/www.welovecycling.com\/wide\/2019\/07\/09\/andy-schleck-on-the-tour-de-france-sagan-is-in-for-the-green-jersey-again\/\" \/>\n<meta property=\"og:site_name\" content=\"\u0160koda We Love Cycling\" \/>\n<meta property=\"article:published_time\" content=\"2019-07-09T13:37:05+00:00\" \/>\n<meta property=\"og:image\" content=\"https:\/\/d2p6e6u75xmxt8.cloudfront.net\/2\/2019\/07\/andy-schleck-profimedia-0340942692-CVR.webp\" \/>\n\t<meta property=\"og:image:width\" content=\"900\" \/>\n\t<meta property=\"og:image:height\" content=\"600\" \/>\n\t<meta property=\"og:image:type\" content=\"image\/webp\" \/>\n<meta name=\"author\" content=\"tereza\" \/>\n<meta name=\"twitter:card\" content=\"summary_large_image\" \/>\n<meta name=\"twitter:label1\" content=\"Written by\" \/>\n\t<meta name=\"twitter:data1\" content=\"Frantiska Blazkova\" \/>\n\t<meta name=\"twitter:label2\" content=\"Est. reading time\" \/>\n\t<meta name=\"twitter:data2\" content=\"4\" \/>\n<script type=\"application\/ld+json\" class=\"yoast-schema-graph\">{\"@context\":\"https:\/\/schema.org\",\"@graph\":[{\"@type\":\"WebPage\",\"@id\":\"https:\/\/www.welovecycling.com\/wide\/2019\/07\/09\/andy-schleck-on-the-tour-de-france-sagan-is-in-for-the-green-jersey-again\/\",\"url\":\"https:\/\/www.welovecycling.com\/wide\/2019\/07\/09\/andy-schleck-on-the-tour-de-france-sagan-is-in-for-the-green-jersey-again\/\",\"name\":\"Andy Schleck on the Tour de France: \u201cSagan Is in for the Green Jersey Again\u201d - \u0160koda We Love Cycling\",\"isPartOf\":{\"@id\":\"https:\/\/www.welovecycling.com\/wide\/#website\"},\"primaryImageOfPage\":{\"@id\":\"https:\/\/www.welovecycling.com\/wide\/2019\/07\/09\/andy-schleck-on-the-tour-de-france-sagan-is-in-for-the-green-jersey-again\/#primaryimage\"},\"image\":{\"@id\":\"https:\/\/www.welovecycling.com\/wide\/2019\/07\/09\/andy-schleck-on-the-tour-de-france-sagan-is-in-for-the-green-jersey-again\/#primaryimage\"},\"thumbnailUrl\":\"https:\/\/d2p6e6u75xmxt8.cloudfront.net\/2\/2019\/07\/andy-schleck-profimedia-0340942692-CVR.webp\",\"datePublished\":\"2019-07-09T13:37:05+00:00\",\"author\":{\"@id\":\"https:\/\/www.welovecycling.com\/wide\/#\/schema\/person\/50f01ecd18718d2333cf72e823c4f926\"},\"description\":\"Andy Raymond Schleck is a former pro-cyclist, a Luxembourg native, the 2010 Tour de France winner and has cycling running in his family. Currently, he\",\"breadcrumb\":{\"@id\":\"https:\/\/www.welovecycling.com\/wide\/2019\/07\/09\/andy-schleck-on-the-tour-de-france-sagan-is-in-for-the-green-jersey-again\/#breadcrumb\"},\"inLanguage\":\"en-US\",\"potentialAction\":[{\"@type\":\"ReadAction\",\"target\":[\"https:\/\/www.welovecycling.com\/wide\/2019\/07\/09\/andy-schleck-on-the-tour-de-france-sagan-is-in-for-the-green-jersey-again\/\"]}]},{\"@type\":\"ImageObject\",\"inLanguage\":\"en-US\",\"@id\":\"https:\/\/www.welovecycling.com\/wide\/2019\/07\/09\/andy-schleck-on-the-tour-de-france-sagan-is-in-for-the-green-jersey-again\/#primaryimage\",\"url\":\"https:\/\/d2p6e6u75xmxt8.cloudfront.net\/2\/2019\/07\/andy-schleck-profimedia-0340942692-CVR.webp\",\"contentUrl\":\"https:\/\/d2p6e6u75xmxt8.cloudfront.net\/2\/2019\/07\/andy-schleck-profimedia-0340942692-CVR.webp\",\"width\":900,\"height\":600},{\"@type\":\"BreadcrumbList\",\"@id\":\"https:\/\/www.welovecycling.com\/wide\/2019\/07\/09\/andy-schleck-on-the-tour-de-france-sagan-is-in-for-the-green-jersey-again\/#breadcrumb\",\"itemListElement\":[{\"@type\":\"ListItem\",\"position\":1,\"name\":\"Home\",\"item\":\"https:\/\/www.welovecycling.com\/wide\/\"},{\"@type\":\"ListItem\",\"position\":2,\"name\":\"Andy Schleck on the Tour de France: \u201cSagan Is in for the Green Jersey Again\u201d\"}]},{\"@type\":\"WebSite\",\"@id\":\"https:\/\/www.welovecycling.com\/wide\/#website\",\"url\":\"https:\/\/www.welovecycling.com\/wide\/\",\"name\":\"\u0160koda We Love Cycling\",\"description\":\"\u0160koda We Love Cycling magazine\",\"alternateName\":\"\u0160koda WLC\",\"potentialAction\":[{\"@type\":\"SearchAction\",\"target\":{\"@type\":\"EntryPoint\",\"urlTemplate\":\"https:\/\/www.welovecycling.com\/wide\/?s={search_term_string}\"},\"query-input\":{\"@type\":\"PropertyValueSpecification\",\"valueRequired\":true,\"valueName\":\"search_term_string\"}}],\"inLanguage\":\"en-US\"},{\"@type\":\"Person\",\"@id\":\"https:\/\/www.welovecycling.com\/wide\/#\/schema\/person\/50f01ecd18718d2333cf72e823c4f926\",\"name\":\"tereza\",\"image\":{\"@type\":\"ImageObject\",\"inLanguage\":\"en-US\",\"@id\":\"https:\/\/www.welovecycling.com\/wide\/#\/schema\/person\/image\/\",\"url\":\"https:\/\/secure.gravatar.com\/avatar\/1f9eb71be33845f0afabce3791bc1c58ecdb0a25c62964987e5dbcf7a20d2ec7?s=96&d=mm&r=g\",\"contentUrl\":\"https:\/\/secure.gravatar.com\/avatar\/1f9eb71be33845f0afabce3791bc1c58ecdb0a25c62964987e5dbcf7a20d2ec7?s=96&d=mm&r=g\",\"caption\":\"tereza\"},\"url\":\"https:\/\/www.welovecycling.com\/wide\/author\/tereza\/\"}]}<\/script>\n<!-- \/ Yoast SEO Premium plugin. -->","yoast_head_json":{"title":"Andy Schleck on the Tour de France: \u201cSagan Is in for the Green Jersey Again\u201d - \u0160koda We Love Cycling","description":"Andy Raymond Schleck is a former pro-cyclist, a Luxembourg native, the 2010 Tour de France winner and has cycling running in his family. Currently, he","robots":{"index":"index","follow":"follow","max-snippet":"max-snippet:-1","max-image-preview":"max-image-preview:large","max-video-preview":"max-video-preview:-1"},"canonical":"https:\/\/www.welovecycling.com\/wide\/2019\/07\/09\/andy-schleck-on-the-tour-de-france-sagan-is-in-for-the-green-jersey-again\/","og_locale":"en_US","og_type":"article","og_title":"Andy Schleck on the Tour de France: \u201cSagan Is in for the Green Jersey Again\u201d","og_description":"Andy Raymond Schleck is a former pro-cyclist, a Luxembourg native, the 2010 Tour de France winner and has cycling running in his family. Currently, he","og_url":"https:\/\/www.welovecycling.com\/wide\/2019\/07\/09\/andy-schleck-on-the-tour-de-france-sagan-is-in-for-the-green-jersey-again\/","og_site_name":"\u0160koda We Love Cycling","article_published_time":"2019-07-09T13:37:05+00:00","og_image":[{"width":900,"height":600,"url":"https:\/\/d2p6e6u75xmxt8.cloudfront.net\/2\/2019\/07\/andy-schleck-profimedia-0340942692-CVR.webp","type":"image\/webp"}],"author":"tereza","twitter_card":"summary_large_image","twitter_misc":{"Written by":"Frantiska Blazkova","Est. reading time":"4"},"schema":{"@context":"https:\/\/schema.org","@graph":[{"@type":"WebPage","@id":"https:\/\/www.welovecycling.com\/wide\/2019\/07\/09\/andy-schleck-on-the-tour-de-france-sagan-is-in-for-the-green-jersey-again\/","url":"https:\/\/www.welovecycling.com\/wide\/2019\/07\/09\/andy-schleck-on-the-tour-de-france-sagan-is-in-for-the-green-jersey-again\/","name":"Andy Schleck on the Tour de France: \u201cSagan Is in for the Green Jersey Again\u201d - \u0160koda We Love Cycling","isPartOf":{"@id":"https:\/\/www.welovecycling.com\/wide\/#website"},"primaryImageOfPage":{"@id":"https:\/\/www.welovecycling.com\/wide\/2019\/07\/09\/andy-schleck-on-the-tour-de-france-sagan-is-in-for-the-green-jersey-again\/#primaryimage"},"image":{"@id":"https:\/\/www.welovecycling.com\/wide\/2019\/07\/09\/andy-schleck-on-the-tour-de-france-sagan-is-in-for-the-green-jersey-again\/#primaryimage"},"thumbnailUrl":"https:\/\/d2p6e6u75xmxt8.cloudfront.net\/2\/2019\/07\/andy-schleck-profimedia-0340942692-CVR.webp","datePublished":"2019-07-09T13:37:05+00:00","author":{"@id":"https:\/\/www.welovecycling.com\/wide\/#\/schema\/person\/50f01ecd18718d2333cf72e823c4f926"},"description":"Andy Raymond Schleck is a former pro-cyclist, a Luxembourg native, the 2010 Tour de France winner and has cycling running in his family. Currently, he","breadcrumb":{"@id":"https:\/\/www.welovecycling.com\/wide\/2019\/07\/09\/andy-schleck-on-the-tour-de-france-sagan-is-in-for-the-green-jersey-again\/#breadcrumb"},"inLanguage":"en-US","potentialAction":[{"@type":"ReadAction","target":["https:\/\/www.welovecycling.com\/wide\/2019\/07\/09\/andy-schleck-on-the-tour-de-france-sagan-is-in-for-the-green-jersey-again\/"]}]},{"@type":"ImageObject","inLanguage":"en-US","@id":"https:\/\/www.welovecycling.com\/wide\/2019\/07\/09\/andy-schleck-on-the-tour-de-france-sagan-is-in-for-the-green-jersey-again\/#primaryimage","url":"https:\/\/d2p6e6u75xmxt8.cloudfront.net\/2\/2019\/07\/andy-schleck-profimedia-0340942692-CVR.webp","contentUrl":"https:\/\/d2p6e6u75xmxt8.cloudfront.net\/2\/2019\/07\/andy-schleck-profimedia-0340942692-CVR.webp","width":900,"height":600},{"@type":"BreadcrumbList","@id":"https:\/\/www.welovecycling.com\/wide\/2019\/07\/09\/andy-schleck-on-the-tour-de-france-sagan-is-in-for-the-green-jersey-again\/#breadcrumb","itemListElement":[{"@type":"ListItem","position":1,"name":"Home","item":"https:\/\/www.welovecycling.com\/wide\/"},{"@type":"ListItem","position":2,"name":"Andy Schleck on the Tour de France: \u201cSagan Is in for the Green Jersey Again\u201d"}]},{"@type":"WebSite","@id":"https:\/\/www.welovecycling.com\/wide\/#website","url":"https:\/\/www.welovecycling.com\/wide\/","name":"\u0160koda We Love Cycling","description":"\u0160koda We Love Cycling magazine","alternateName":"\u0160koda WLC","potentialAction":[{"@type":"SearchAction","target":{"@type":"EntryPoint","urlTemplate":"https:\/\/www.welovecycling.com\/wide\/?s={search_term_string}"},"query-input":{"@type":"PropertyValueSpecification","valueRequired":true,"valueName":"search_term_string"}}],"inLanguage":"en-US"},{"@type":"Person","@id":"https:\/\/www.welovecycling.com\/wide\/#\/schema\/person\/50f01ecd18718d2333cf72e823c4f926","name":"tereza","image":{"@type":"ImageObject","inLanguage":"en-US","@id":"https:\/\/www.welovecycling.com\/wide\/#\/schema\/person\/image\/","url":"https:\/\/secure.gravatar.com\/avatar\/1f9eb71be33845f0afabce3791bc1c58ecdb0a25c62964987e5dbcf7a20d2ec7?s=96&d=mm&r=g","contentUrl":"https:\/\/secure.gravatar.com\/avatar\/1f9eb71be33845f0afabce3791bc1c58ecdb0a25c62964987e5dbcf7a20d2ec7?s=96&d=mm&r=g","caption":"tereza"},"url":"https:\/\/www.welovecycling.com\/wide\/author\/tereza\/"}]}},"_links":{"self":[{"href":"https:\/\/www.welovecycling.com\/wide\/wp-json\/wp\/v2\/posts\/174595","targetHints":{"allow":["GET"]}}],"collection":[{"href":"https:\/\/www.welovecycling.com\/wide\/wp-json\/wp\/v2\/posts"}],"about":[{"href":"https:\/\/www.welovecycling.com\/wide\/wp-json\/wp\/v2\/types\/post"}],"author":[{"embeddable":true,"href":"https:\/\/www.welovecycling.com\/wide\/wp-json\/wp\/v2\/users\/99"}],"replies":[{"embeddable":true,"href":"https:\/\/www.welovecycling.com\/wide\/wp-json\/wp\/v2\/comments?post=174595"}],"version-history":[{"count":2,"href":"https:\/\/www.welovecycling.com\/wide\/wp-json\/wp\/v2\/posts\/174595\/revisions"}],"predecessor-version":[{"id":174600,"href":"https:\/\/www.welovecycling.com\/wide\/wp-json\/wp\/v2\/posts\/174595\/revisions\/174600"}],"wp:featuredmedia":[{"embeddable":true,"href":"https:\/\/www.welovecycling.com\/wide\/wp-json\/wp\/v2\/media\/174596"}],"wp:attachment":[{"href":"https:\/\/www.welovecycling.com\/wide\/wp-json\/wp\/v2\/media?parent=174595"}],"wp:term":[{"taxonomy":"category","embeddable":true,"href":"https:\/\/www.welovecycling.com\/wide\/wp-json\/wp\/v2\/categories?post=174595"},{"taxonomy":"post_tag","embeddable":true,"href":"https:\/\/www.welovecycling.com\/wide\/wp-json\/wp\/v2\/tags?post=174595"},{"taxonomy":"global-categories","embeddable":true,"href":"https:\/\/www.welovecycling.com\/wide\/wp-json\/wp\/v2\/global-categories?post=174595"}],"curies":[{"name":"wp","href":"https:\/\/api.w.org\/{rel}","templated":true}]}}