{"id":174388,"date":"2019-06-26T10:05:59","date_gmt":"2019-06-26T10:05:59","guid":{"rendered":"https:\/\/www.welovecycling.com\/wide\/?p=174388"},"modified":"2019-06-26T10:05:59","modified_gmt":"2019-06-26T10:05:59","slug":"photo-gallery-relive-the-old-days-of-the-tour-de-france","status":"publish","type":"post","link":"https:\/\/www.welovecycling.com\/wide\/2019\/06\/26\/photo-gallery-relive-the-old-days-of-the-tour-de-france\/","title":{"rendered":"PHOTO GALLERY: Relive the Old Days of the Tour de France"},"content":{"rendered":"<p><strong>With the start of the Grand Boucle almost upon us, it\u2019s time to get into the holiday spirit with this &#8220;brand new&#8221; gallery of old cycling heroes. From climbing the Col du Galibier with Gino Bartali to the ecstatic face of Ferdi Kubler, these photos are here to remind us all what proper racing is all about.<\/strong><!--more--><\/p>\n<figure id=\"attachment_174400\" aria-describedby=\"caption-attachment-174400\" style=\"width: 1250px\" class=\"wp-caption alignnone\"><a href=\"https:\/\/d2p6e6u75xmxt8.cloudfront.net\/2\/2019\/06\/profimedia-0067944227.jpg\"><img loading=\"lazy\" decoding=\"async\" class=\"size-full wp-image-174400\" src=\"https:\/\/d2p6e6u75xmxt8.cloudfront.net\/2\/2019\/06\/profimedia-0067944227.jpg\" alt=\"\" width=\"1250\" height=\"854\" \/><\/a><figcaption id=\"caption-attachment-174400\" class=\"wp-caption-text\"><span style=\"color: #000000;\">The 1910 Tour<span lang=\"en-US\">\u2019<\/span>s mountainous stage.\u00a0\u00a9\u00a0<\/span>Profimedia, Roger Viollet<\/figcaption><\/figure>\n<figure id=\"attachment_174395\" aria-describedby=\"caption-attachment-174395\" style=\"width: 1250px\" class=\"wp-caption alignnone\"><a href=\"https:\/\/d2p6e6u75xmxt8.cloudfront.net\/2\/2019\/06\/profimedia-0067986218.jpg\"><img loading=\"lazy\" decoding=\"async\" class=\"size-full wp-image-174395\" src=\"https:\/\/d2p6e6u75xmxt8.cloudfront.net\/2\/2019\/06\/profimedia-0067986218.jpg\" alt=\"\" width=\"1250\" height=\"839\" \/><\/a><figcaption id=\"caption-attachment-174395\" class=\"wp-caption-text\"><span style=\"color: #000000;\">Ren\u00e9 Vietto cheered on by a fan while climbing the Col du Galibier in 1934.\u00a0\u00a9<\/span> Profimedia, AFP<\/figcaption><\/figure>\n<figure id=\"attachment_174406\" aria-describedby=\"caption-attachment-174406\" style=\"width: 1250px\" class=\"wp-caption alignnone\"><a href=\"https:\/\/d2p6e6u75xmxt8.cloudfront.net\/2\/2019\/06\/profimedia-0068046464.jpg\"><img loading=\"lazy\" decoding=\"async\" class=\"size-full wp-image-174406\" src=\"https:\/\/d2p6e6u75xmxt8.cloudfront.net\/2\/2019\/06\/profimedia-0068046464.jpg\" alt=\"\" width=\"1250\" height=\"839\" \/><\/a><figcaption id=\"caption-attachment-174406\" class=\"wp-caption-text\"><span style=\"color: #000000;\">Jean Dotto&#8217;s withdrawal during the 16th stage on July 25, 1955.\u00a0\u00a9<\/span> Profimedia, Roger Viollet<\/figcaption><\/figure>\n<figure id=\"attachment_174404\" aria-describedby=\"caption-attachment-174404\" style=\"width: 1158px\" class=\"wp-caption alignnone\"><a href=\"https:\/\/d2p6e6u75xmxt8.cloudfront.net\/2\/2019\/06\/profimedia-0068100139.jpg\"><img loading=\"lazy\" decoding=\"async\" class=\"size-full wp-image-174404\" src=\"https:\/\/d2p6e6u75xmxt8.cloudfront.net\/2\/2019\/06\/profimedia-0068100139.jpg\" alt=\"\" width=\"1158\" height=\"1250\" \/><\/a><figcaption id=\"caption-attachment-174404\" class=\"wp-caption-text\">An intruder at the 1965 Tour de France.\u00a0\u00a9 Profimedia<\/figcaption><\/figure>\n<figure id=\"attachment_174392\" aria-describedby=\"caption-attachment-174392\" style=\"width: 1250px\" class=\"wp-caption alignnone\"><a href=\"https:\/\/d2p6e6u75xmxt8.cloudfront.net\/2\/2019\/06\/profimedia-0067993549.jpg\"><img loading=\"lazy\" decoding=\"async\" class=\"size-full wp-image-174392\" src=\"https:\/\/d2p6e6u75xmxt8.cloudfront.net\/2\/2019\/06\/profimedia-0067993549.jpg\" alt=\"\" width=\"1250\" height=\"838\" \/><\/a><figcaption id=\"caption-attachment-174392\" class=\"wp-caption-text\"><a name=\"__DdeLink__281_471270953\"><\/a> <span style=\"color: #000000;\">Gino Bartali climbing the Col du Galibier in 1939.<\/span>\u00a0\u00a9 Profimedia, AFP<\/figcaption><\/figure>\n<figure id=\"attachment_174401\" aria-describedby=\"caption-attachment-174401\" style=\"width: 1250px\" class=\"wp-caption alignnone\"><a href=\"https:\/\/d2p6e6u75xmxt8.cloudfront.net\/2\/2019\/06\/profimedia-0286581950.jpg\"><img loading=\"lazy\" decoding=\"async\" class=\"size-full wp-image-174401\" src=\"https:\/\/d2p6e6u75xmxt8.cloudfront.net\/2\/2019\/06\/profimedia-0286581950.jpg\" alt=\"\" width=\"1250\" height=\"1152\" \/><\/a><figcaption id=\"caption-attachment-174401\" class=\"wp-caption-text\"><span style=\"color: #000000;\">The one and only Jacques Anquetil, pictured in 1955.\u00a0\u00a9<\/span> Profimedia, Roger Viollet<\/figcaption><\/figure>\n<figure id=\"attachment_174398\" aria-describedby=\"caption-attachment-174398\" style=\"width: 1250px\" class=\"wp-caption alignnone\"><a href=\"https:\/\/d2p6e6u75xmxt8.cloudfront.net\/2\/2019\/06\/profimedia-0309688274.jpg\"><img loading=\"lazy\" decoding=\"async\" class=\"size-full wp-image-174398\" src=\"https:\/\/d2p6e6u75xmxt8.cloudfront.net\/2\/2019\/06\/profimedia-0309688274.jpg\" alt=\"\" width=\"1250\" height=\"898\" \/><\/a><figcaption id=\"caption-attachment-174398\" class=\"wp-caption-text\"><span style=\"color: #000000;\">Ferdinand &#8220;Ferdi&#8221; Kubler jubilating after winning the first stage of the Tour de France on June 26, 1947 in Lille. Ferdi, 97, passed away on December 30, 2016.\u00a0\u00a9<\/span> Profimedia, AFP<\/figcaption><\/figure>\n<figure id=\"attachment_174405\" aria-describedby=\"caption-attachment-174405\" style=\"width: 1250px\" class=\"wp-caption alignnone\"><a href=\"https:\/\/d2p6e6u75xmxt8.cloudfront.net\/2\/2019\/06\/profimedia-0156440588.jpg\"><img loading=\"lazy\" decoding=\"async\" class=\"size-full wp-image-174405\" src=\"https:\/\/d2p6e6u75xmxt8.cloudfront.net\/2\/2019\/06\/profimedia-0156440588.jpg\" alt=\"\" width=\"1250\" height=\"914\" \/><\/a><figcaption id=\"caption-attachment-174405\" class=\"wp-caption-text\"><span style=\"color: #000000;\">French national and winner of the Tour de France in 1930 and 1932 Andr\u00e9 Leducq (1904-1980) having a break. (July 11, 1932).\u00a0\u00a9<\/span> Profimedia, Imagno<\/figcaption><\/figure>\n<figure id=\"attachment_174403\" aria-describedby=\"caption-attachment-174403\" style=\"width: 1250px\" class=\"wp-caption alignnone\"><a href=\"https:\/\/d2p6e6u75xmxt8.cloudfront.net\/2\/2019\/06\/profimedia-0068046458.jpg\"><img loading=\"lazy\" decoding=\"async\" class=\"size-full wp-image-174403\" src=\"https:\/\/d2p6e6u75xmxt8.cloudfront.net\/2\/2019\/06\/profimedia-0068046458.jpg\" alt=\"\" width=\"1250\" height=\"834\" \/><\/a><figcaption id=\"caption-attachment-174403\" class=\"wp-caption-text\"><span style=\"color: #000000;\">Bernard Gauthier&#8217;s flat in the Col de Minier, on July 20, 1955.\u00a0\u00a9<\/span> Profimedia, Roger Viollet<\/figcaption><\/figure>\n<figure id=\"attachment_174397\" aria-describedby=\"caption-attachment-174397\" style=\"width: 1250px\" class=\"wp-caption alignnone\"><a href=\"https:\/\/d2p6e6u75xmxt8.cloudfront.net\/2\/2019\/06\/profimedia-0067998944.jpg\"><img loading=\"lazy\" decoding=\"async\" class=\"size-full wp-image-174397\" src=\"https:\/\/d2p6e6u75xmxt8.cloudfront.net\/2\/2019\/06\/profimedia-0067998944.jpg\" alt=\"\" width=\"1250\" height=\"831\" \/><\/a><figcaption id=\"caption-attachment-174397\" class=\"wp-caption-text\"><span style=\"color: #000000;\">The Col du Galibier on July 27, 1939.\u00a0\u00a9<\/span> Profimedia, AFP<\/figcaption><\/figure>\n<figure id=\"attachment_174402\" aria-describedby=\"caption-attachment-174402\" style=\"width: 1250px\" class=\"wp-caption alignnone\"><a href=\"https:\/\/d2p6e6u75xmxt8.cloudfront.net\/2\/2019\/06\/profimedia-0068036977.jpg\"><img loading=\"lazy\" decoding=\"async\" class=\"size-full wp-image-174402\" src=\"https:\/\/d2p6e6u75xmxt8.cloudfront.net\/2\/2019\/06\/profimedia-0068036977.jpg\" alt=\"\" width=\"1250\" height=\"873\" \/><\/a><figcaption id=\"caption-attachment-174402\" class=\"wp-caption-text\"><span style=\"color: #000000;\">Peloton crossing the rails in 1952.\u00a0\u00a9<\/span> Profimedia, Roger Viollet<\/figcaption><\/figure>\n<figure id=\"attachment_174396\" aria-describedby=\"caption-attachment-174396\" style=\"width: 1250px\" class=\"wp-caption alignnone\"><a href=\"https:\/\/d2p6e6u75xmxt8.cloudfront.net\/2\/2019\/06\/profimedia-0309686915.jpg\"><img loading=\"lazy\" decoding=\"async\" class=\"size-full wp-image-174396\" src=\"https:\/\/d2p6e6u75xmxt8.cloudfront.net\/2\/2019\/06\/profimedia-0309686915.jpg\" alt=\"\" width=\"1250\" height=\"895\" \/><\/a><figcaption id=\"caption-attachment-174396\" class=\"wp-caption-text\"><span style=\"color: #000000;\">This photo taken on July 18, 1949, shows Ferdi Kubler riding uphill during a breakaway on the 16th stage of the Tour de France between Cannes and Brian\u00e7on.\u00a0\u00a9<\/span> Profimedia, AFP<\/figcaption><\/figure>\n<figure id=\"attachment_174393\" aria-describedby=\"caption-attachment-174393\" style=\"width: 1250px\" class=\"wp-caption alignnone\"><a href=\"https:\/\/d2p6e6u75xmxt8.cloudfront.net\/2\/2019\/06\/profimedia-0067974341.jpg\"><img loading=\"lazy\" decoding=\"async\" class=\"size-full wp-image-174393\" src=\"https:\/\/d2p6e6u75xmxt8.cloudfront.net\/2\/2019\/06\/profimedia-0067974341.jpg\" alt=\"\" width=\"1250\" height=\"944\" \/><\/a><figcaption id=\"caption-attachment-174393\" class=\"wp-caption-text\"><span style=\"color: #000000;\">Stage 16 of the 1927 Tour de France.\u00a0\u00a9<\/span> Profimedia, AFP<\/figcaption><\/figure>\n<figure id=\"attachment_174394\" aria-describedby=\"caption-attachment-174394\" style=\"width: 1250px\" class=\"wp-caption alignnone\"><a href=\"https:\/\/d2p6e6u75xmxt8.cloudfront.net\/2\/2019\/06\/profimedia-0067990899.jpg\"><img loading=\"lazy\" decoding=\"async\" class=\"size-full wp-image-174394\" src=\"https:\/\/d2p6e6u75xmxt8.cloudfront.net\/2\/2019\/06\/profimedia-0067990899.jpg\" alt=\"\" width=\"1250\" height=\"924\" \/><\/a><figcaption id=\"caption-attachment-174394\" class=\"wp-caption-text\"><span style=\"color: #000000;\">Federico Ezquerra climbing the Col du Galibier on July 14, 1936.\u00a0\u00a9<\/span> Profimedia, AFP<\/figcaption><\/figure>\n<figure id=\"attachment_174399\" aria-describedby=\"caption-attachment-174399\" style=\"width: 1250px\" class=\"wp-caption alignnone\"><a href=\"https:\/\/d2p6e6u75xmxt8.cloudfront.net\/2\/2019\/06\/profimedia-0068049376.jpg\"><img loading=\"lazy\" decoding=\"async\" class=\"size-full wp-image-174399\" src=\"https:\/\/d2p6e6u75xmxt8.cloudfront.net\/2\/2019\/06\/profimedia-0068049376.jpg\" alt=\"\" width=\"1250\" height=\"914\" \/><\/a><figcaption id=\"caption-attachment-174399\" class=\"wp-caption-text\"><span style=\"color: #000000;\">Roger Hassenforder (R) and Ferdi Kubler (L) joking before the start of the 2nd stage of the 1955 Tour de France in Dieppe.\u00a0\u00a9<\/span> Profimedia, AFP<\/figcaption><\/figure>\n","protected":false},"excerpt":{"rendered":"<p>With the start of the Grand Boucle almost upon us, it\u2019s time to get into the holiday spirit with this [&hellip;]<\/p>\n","protected":false},"author":12,"featured_media":174389,"comment_status":"open","ping_status":"open","sticky":false,"template":"","format":"standard","meta":{"footnotes":""},"categories":[329],"tags":[2396,2784,3207,2115,2555],"global-categories":[],"class_list":["post-174388","post","type-post","status-publish","format-standard","has-post-thumbnail","hentry","category-road-cycling","tag-2019-tour-de-france","tag-cycling-history","tag-ferdi-kubler","tag-jacques-anquetil","tag-le-tour-de-france"],"yoast_head":"<!-- This site is optimized with the Yoast SEO Premium plugin v25.3 (Yoast SEO v25.9) - https:\/\/yoast.com\/wordpress\/plugins\/seo\/ -->\n<title>PHOTO GALLERY: Relive the Old Days of the Tour de France - \u0160koda We Love Cycling<\/title>\n<meta name=\"description\" content=\"With the start of the Grand Boucle almost upon us, it\u2019s time to get into the holiday spirit with this &quot;brand new&quot; gallery of old cycling heroes. From\" \/>\n<meta name=\"robots\" content=\"index, follow, max-snippet:-1, max-image-preview:large, max-video-preview:-1\" \/>\n<link rel=\"canonical\" href=\"https:\/\/www.welovecycling.com\/wide\/2019\/06\/26\/photo-gallery-relive-the-old-days-of-the-tour-de-france\/\" \/>\n<meta property=\"og:locale\" content=\"en_US\" \/>\n<meta property=\"og:type\" content=\"article\" \/>\n<meta property=\"og:title\" content=\"PHOTO GALLERY: Relive the Old Days of the Tour de France\" \/>\n<meta property=\"og:description\" content=\"With the start of the Grand Boucle almost upon us, it\u2019s time to get into the holiday spirit with this &quot;brand new&quot; gallery of old cycling heroes. From\" \/>\n<meta property=\"og:url\" content=\"https:\/\/www.welovecycling.com\/wide\/2019\/06\/26\/photo-gallery-relive-the-old-days-of-the-tour-de-france\/\" \/>\n<meta property=\"og:site_name\" content=\"\u0160koda We Love Cycling\" \/>\n<meta property=\"article:published_time\" content=\"2019-06-26T10:05:59+00:00\" \/>\n<meta property=\"og:image\" content=\"https:\/\/d2p6e6u75xmxt8.cloudfront.net\/2\/2019\/06\/Tour-CVR-profimedia-0068092108.webp\" \/>\n\t<meta property=\"og:image:width\" content=\"900\" \/>\n\t<meta property=\"og:image:height\" content=\"600\" \/>\n\t<meta property=\"og:image:type\" content=\"image\/webp\" \/>\n<meta name=\"twitter:card\" content=\"summary_large_image\" \/>\n<meta name=\"twitter:label1\" content=\"Written by\" \/>\n\t<meta name=\"twitter:data1\" content=\"Monica Buck\" \/>\n\t<meta name=\"twitter:label2\" content=\"Est. reading time\" \/>\n\t<meta name=\"twitter:data2\" content=\"5\" \/>\n<script type=\"application\/ld+json\" class=\"yoast-schema-graph\">{\"@context\":\"https:\/\/schema.org\",\"@graph\":[{\"@type\":\"WebPage\",\"@id\":\"https:\/\/www.welovecycling.com\/wide\/2019\/06\/26\/photo-gallery-relive-the-old-days-of-the-tour-de-france\/\",\"url\":\"https:\/\/www.welovecycling.com\/wide\/2019\/06\/26\/photo-gallery-relive-the-old-days-of-the-tour-de-france\/\",\"name\":\"PHOTO GALLERY: Relive the Old Days of the Tour de France - \u0160koda We Love Cycling\",\"isPartOf\":{\"@id\":\"https:\/\/www.welovecycling.com\/wide\/#website\"},\"primaryImageOfPage\":{\"@id\":\"https:\/\/www.welovecycling.com\/wide\/2019\/06\/26\/photo-gallery-relive-the-old-days-of-the-tour-de-france\/#primaryimage\"},\"image\":{\"@id\":\"https:\/\/www.welovecycling.com\/wide\/2019\/06\/26\/photo-gallery-relive-the-old-days-of-the-tour-de-france\/#primaryimage\"},\"thumbnailUrl\":\"https:\/\/d2p6e6u75xmxt8.cloudfront.net\/2\/2019\/06\/Tour-CVR-profimedia-0068092108.webp\",\"datePublished\":\"2019-06-26T10:05:59+00:00\",\"author\":{\"@id\":\"\"},\"description\":\"With the start of the Grand Boucle almost upon us, it\u2019s time to get into the holiday spirit with this \\\"brand new\\\" gallery of old cycling heroes. From\",\"breadcrumb\":{\"@id\":\"https:\/\/www.welovecycling.com\/wide\/2019\/06\/26\/photo-gallery-relive-the-old-days-of-the-tour-de-france\/#breadcrumb\"},\"inLanguage\":\"en-US\",\"potentialAction\":[{\"@type\":\"ReadAction\",\"target\":[\"https:\/\/www.welovecycling.com\/wide\/2019\/06\/26\/photo-gallery-relive-the-old-days-of-the-tour-de-france\/\"]}]},{\"@type\":\"ImageObject\",\"inLanguage\":\"en-US\",\"@id\":\"https:\/\/www.welovecycling.com\/wide\/2019\/06\/26\/photo-gallery-relive-the-old-days-of-the-tour-de-france\/#primaryimage\",\"url\":\"https:\/\/d2p6e6u75xmxt8.cloudfront.net\/2\/2019\/06\/Tour-CVR-profimedia-0068092108.webp\",\"contentUrl\":\"https:\/\/d2p6e6u75xmxt8.cloudfront.net\/2\/2019\/06\/Tour-CVR-profimedia-0068092108.webp\",\"width\":900,\"height\":600},{\"@type\":\"BreadcrumbList\",\"@id\":\"https:\/\/www.welovecycling.com\/wide\/2019\/06\/26\/photo-gallery-relive-the-old-days-of-the-tour-de-france\/#breadcrumb\",\"itemListElement\":[{\"@type\":\"ListItem\",\"position\":1,\"name\":\"Home\",\"item\":\"https:\/\/www.welovecycling.com\/wide\/\"},{\"@type\":\"ListItem\",\"position\":2,\"name\":\"PHOTO GALLERY: Relive the Old Days of the Tour de France\"}]},{\"@type\":\"WebSite\",\"@id\":\"https:\/\/www.welovecycling.com\/wide\/#website\",\"url\":\"https:\/\/www.welovecycling.com\/wide\/\",\"name\":\"\u0160koda We Love Cycling\",\"description\":\"\u0160koda We Love Cycling magazine\",\"alternateName\":\"\u0160koda WLC\",\"potentialAction\":[{\"@type\":\"SearchAction\",\"target\":{\"@type\":\"EntryPoint\",\"urlTemplate\":\"https:\/\/www.welovecycling.com\/wide\/?s={search_term_string}\"},\"query-input\":{\"@type\":\"PropertyValueSpecification\",\"valueRequired\":true,\"valueName\":\"search_term_string\"}}],\"inLanguage\":\"en-US\"},{\"@type\":\"Person\",\"@id\":\"\",\"url\":\"https:\/\/www.welovecycling.com\/wide\/author\/\"}]}<\/script>\n<!-- \/ Yoast SEO Premium plugin. -->","yoast_head_json":{"title":"PHOTO GALLERY: Relive the Old Days of the Tour de France - \u0160koda We Love Cycling","description":"With the start of the Grand Boucle almost upon us, it\u2019s time to get into the holiday spirit with this \"brand new\" gallery of old cycling heroes. From","robots":{"index":"index","follow":"follow","max-snippet":"max-snippet:-1","max-image-preview":"max-image-preview:large","max-video-preview":"max-video-preview:-1"},"canonical":"https:\/\/www.welovecycling.com\/wide\/2019\/06\/26\/photo-gallery-relive-the-old-days-of-the-tour-de-france\/","og_locale":"en_US","og_type":"article","og_title":"PHOTO GALLERY: Relive the Old Days of the Tour de France","og_description":"With the start of the Grand Boucle almost upon us, it\u2019s time to get into the holiday spirit with this \"brand new\" gallery of old cycling heroes. From","og_url":"https:\/\/www.welovecycling.com\/wide\/2019\/06\/26\/photo-gallery-relive-the-old-days-of-the-tour-de-france\/","og_site_name":"\u0160koda We Love Cycling","article_published_time":"2019-06-26T10:05:59+00:00","og_image":[{"width":900,"height":600,"url":"https:\/\/d2p6e6u75xmxt8.cloudfront.net\/2\/2019\/06\/Tour-CVR-profimedia-0068092108.webp","type":"image\/webp"}],"twitter_card":"summary_large_image","twitter_misc":{"Written by":"Monica Buck","Est. reading time":"5"},"schema":{"@context":"https:\/\/schema.org","@graph":[{"@type":"WebPage","@id":"https:\/\/www.welovecycling.com\/wide\/2019\/06\/26\/photo-gallery-relive-the-old-days-of-the-tour-de-france\/","url":"https:\/\/www.welovecycling.com\/wide\/2019\/06\/26\/photo-gallery-relive-the-old-days-of-the-tour-de-france\/","name":"PHOTO GALLERY: Relive the Old Days of the Tour de France - \u0160koda We Love Cycling","isPartOf":{"@id":"https:\/\/www.welovecycling.com\/wide\/#website"},"primaryImageOfPage":{"@id":"https:\/\/www.welovecycling.com\/wide\/2019\/06\/26\/photo-gallery-relive-the-old-days-of-the-tour-de-france\/#primaryimage"},"image":{"@id":"https:\/\/www.welovecycling.com\/wide\/2019\/06\/26\/photo-gallery-relive-the-old-days-of-the-tour-de-france\/#primaryimage"},"thumbnailUrl":"https:\/\/d2p6e6u75xmxt8.cloudfront.net\/2\/2019\/06\/Tour-CVR-profimedia-0068092108.webp","datePublished":"2019-06-26T10:05:59+00:00","author":{"@id":""},"description":"With the start of the Grand Boucle almost upon us, it\u2019s time to get into the holiday spirit with this \"brand new\" gallery of old cycling heroes. From","breadcrumb":{"@id":"https:\/\/www.welovecycling.com\/wide\/2019\/06\/26\/photo-gallery-relive-the-old-days-of-the-tour-de-france\/#breadcrumb"},"inLanguage":"en-US","potentialAction":[{"@type":"ReadAction","target":["https:\/\/www.welovecycling.com\/wide\/2019\/06\/26\/photo-gallery-relive-the-old-days-of-the-tour-de-france\/"]}]},{"@type":"ImageObject","inLanguage":"en-US","@id":"https:\/\/www.welovecycling.com\/wide\/2019\/06\/26\/photo-gallery-relive-the-old-days-of-the-tour-de-france\/#primaryimage","url":"https:\/\/d2p6e6u75xmxt8.cloudfront.net\/2\/2019\/06\/Tour-CVR-profimedia-0068092108.webp","contentUrl":"https:\/\/d2p6e6u75xmxt8.cloudfront.net\/2\/2019\/06\/Tour-CVR-profimedia-0068092108.webp","width":900,"height":600},{"@type":"BreadcrumbList","@id":"https:\/\/www.welovecycling.com\/wide\/2019\/06\/26\/photo-gallery-relive-the-old-days-of-the-tour-de-france\/#breadcrumb","itemListElement":[{"@type":"ListItem","position":1,"name":"Home","item":"https:\/\/www.welovecycling.com\/wide\/"},{"@type":"ListItem","position":2,"name":"PHOTO GALLERY: Relive the Old Days of the Tour de France"}]},{"@type":"WebSite","@id":"https:\/\/www.welovecycling.com\/wide\/#website","url":"https:\/\/www.welovecycling.com\/wide\/","name":"\u0160koda We Love Cycling","description":"\u0160koda We Love Cycling magazine","alternateName":"\u0160koda WLC","potentialAction":[{"@type":"SearchAction","target":{"@type":"EntryPoint","urlTemplate":"https:\/\/www.welovecycling.com\/wide\/?s={search_term_string}"},"query-input":{"@type":"PropertyValueSpecification","valueRequired":true,"valueName":"search_term_string"}}],"inLanguage":"en-US"},{"@type":"Person","@id":"","url":"https:\/\/www.welovecycling.com\/wide\/author\/"}]}},"_links":{"self":[{"href":"https:\/\/www.welovecycling.com\/wide\/wp-json\/wp\/v2\/posts\/174388","targetHints":{"allow":["GET"]}}],"collection":[{"href":"https:\/\/www.welovecycling.com\/wide\/wp-json\/wp\/v2\/posts"}],"about":[{"href":"https:\/\/www.welovecycling.com\/wide\/wp-json\/wp\/v2\/types\/post"}],"author":[{"embeddable":true,"href":"https:\/\/www.welovecycling.com\/wide\/wp-json\/wp\/v2\/users\/12"}],"replies":[{"embeddable":true,"href":"https:\/\/www.welovecycling.com\/wide\/wp-json\/wp\/v2\/comments?post=174388"}],"version-history":[{"count":2,"href":"https:\/\/www.welovecycling.com\/wide\/wp-json\/wp\/v2\/posts\/174388\/revisions"}],"predecessor-version":[{"id":174407,"href":"https:\/\/www.welovecycling.com\/wide\/wp-json\/wp\/v2\/posts\/174388\/revisions\/174407"}],"wp:featuredmedia":[{"embeddable":true,"href":"https:\/\/www.welovecycling.com\/wide\/wp-json\/wp\/v2\/media\/174389"}],"wp:attachment":[{"href":"https:\/\/www.welovecycling.com\/wide\/wp-json\/wp\/v2\/media?parent=174388"}],"wp:term":[{"taxonomy":"category","embeddable":true,"href":"https:\/\/www.welovecycling.com\/wide\/wp-json\/wp\/v2\/categories?post=174388"},{"taxonomy":"post_tag","embeddable":true,"href":"https:\/\/www.welovecycling.com\/wide\/wp-json\/wp\/v2\/tags?post=174388"},{"taxonomy":"global-categories","embeddable":true,"href":"https:\/\/www.welovecycling.com\/wide\/wp-json\/wp\/v2\/global-categories?post=174388"}],"curies":[{"name":"wp","href":"https:\/\/api.w.org\/{rel}","templated":true}]}}