{"id":174230,"date":"2019-06-14T08:45:52","date_gmt":"2019-06-14T08:45:52","guid":{"rendered":"https:\/\/www.welovecycling.com\/wide\/?p=174230"},"modified":"2019-10-11T08:46:00","modified_gmt":"2019-10-11T08:46:00","slug":"skoda-karoq-velo-every-cyclists-wildest-dream","status":"publish","type":"post","link":"https:\/\/www.welovecycling.com\/wide\/2019\/06\/14\/skoda-karoq-velo-every-cyclists-wildest-dream\/","title":{"rendered":"\u0160koda KAROQ Velo: Every Cyclist\u2019s Wildest Dream?"},"content":{"rendered":"<p><strong>When 1,500 cyclists get together in a survey designed to produce the perfect car to go along with the cycling lifestyle, you can bet your bibs the result is going to be pretty specific. As a long-term supporter and sponsor of multiple cycling events and activities, \u0160koda, the Czech car manufacturer, came up with a concept that should offer anything an active cyclist might ask for in an automobile.<\/strong><!--more--><\/p>\n<lite-youtube videoid=YoVHyCCfEOw params=\"enablejsapi=1\" style=\"background-image: url('https:\/\/i.ytimg.com\/vi_webp\/YoVHyCCfEOw\/maxresdefault.webp');\"><\/lite-youtube>\n<p>More precisely, the company\u2019s UK branch conducted the survey and brought the idea to life. By asking cyclists about the greatest downsides of cycling and all things surrounding it, they uncovered two major vexations: the damp cycling outfit and a muddy bike when getting back to the car after a ride. To tackle these issues, this one-of-a-kind concept car fits in a spin cycle washer for your sweaty jerseys and high-pressure washer to spray off your bicycle. The KAROQ is a mid-size SUV so there was sufficient room for other useful gadgets such as a cooler for bidons (or cooling gel pads) and a complete toolkit box in the boot. Regarding the bike storage, there\u2019s the usual sturdy roof rack and a dedicated space inside for one bike frame. Although one third of the KAROQ\u2019s rear bench seat had to give way for the interior storage, \u0160koda claims that practicality hasn\u2019t been affected and that four adults can still fit in comfortably.<\/p>\n<p><a href=\"https:\/\/d2p6e6u75xmxt8.cloudfront.net\/2\/2019\/06\/50638aa6-skoda-karoq-velo-concept-car-14-1.jpg\"><img loading=\"lazy\" decoding=\"async\" class=\"alignnone size-full wp-image-174233\" src=\"https:\/\/d2p6e6u75xmxt8.cloudfront.net\/2\/2019\/06\/50638aa6-skoda-karoq-velo-concept-car-14-1.jpg\" alt=\"\" width=\"1754\" height=\"1240\" \/><\/a><\/p>\n<p>All gadgets using water to function source it from a single tank so you need to refill it ever so often but other than that, everything is fully automated.<\/p>\n<p>Other most frequent complaints of the cycling motorists included dealing with mechanical issues, especially at night time. That\u2019s why \u0160koda fitted in a number of internal and external LED features that allow you to catch a breather with a book when on an overnight trip or to fix a puncture when the sun sets. As the proverbial cherry on top, the Velo is also equipped with its very own drone with a magnetic landing spot that can be placed on the front bonnet. The drone is fitted with the Follow Me function so you can just hop in the saddle and the drone will follow your ride like a personal cameraman. And in case you needed to upload the pictures or the footage to social media or elsewhere immediately, the KAROQ Velo also hides a WiFi hotspot.<\/p>\n<p><a href=\"https:\/\/d2p6e6u75xmxt8.cloudfront.net\/2\/2019\/06\/SKODA-KAROQ-VELO.jpg\"><img loading=\"lazy\" decoding=\"async\" class=\"alignnone size-full wp-image-174234\" src=\"https:\/\/d2p6e6u75xmxt8.cloudfront.net\/2\/2019\/06\/SKODA-KAROQ-VELO.jpg\" alt=\"\" width=\"1001\" height=\"638\" \/><\/a><\/p>\n<div id='gallery-1' class='gallery galleryid-174230 gallery-columns-2 gallery-size-large'><figure class='gallery-item'>\n\t\t\t<div class='gallery-icon landscape'>\n\t\t\t\t<a href='https:\/\/d2p6e6u75xmxt8.cloudfront.net\/2\/2019\/06\/SKODA-KAROQ-VELO-2.webp'><img loading=\"lazy\" decoding=\"async\" width=\"1001\" height=\"638\" src=\"https:\/\/d2p6e6u75xmxt8.cloudfront.net\/2\/2019\/06\/SKODA-KAROQ-VELO-2.webp\" class=\"attachment-large size-large\" alt=\"\" srcset=\"https:\/\/d2p6e6u75xmxt8.cloudfront.net\/2\/2019\/06\/SKODA-KAROQ-VELO-2.webp 1001w, https:\/\/d2p6e6u75xmxt8.cloudfront.net\/2\/2019\/06\/SKODA-KAROQ-VELO-2-300x191.webp 300w, https:\/\/d2p6e6u75xmxt8.cloudfront.net\/2\/2019\/06\/SKODA-KAROQ-VELO-2-768x489.webp 768w\" sizes=\"auto, (max-width: 1001px) 100vw, 1001px\" \/><\/a>\n\t\t\t<\/div><\/figure><figure class='gallery-item'>\n\t\t\t<div class='gallery-icon landscape'>\n\t\t\t\t<a href='https:\/\/d2p6e6u75xmxt8.cloudfront.net\/2\/2019\/06\/SKODA-KAROQ-VELO-1.webp'><img loading=\"lazy\" decoding=\"async\" width=\"1001\" height=\"638\" src=\"https:\/\/d2p6e6u75xmxt8.cloudfront.net\/2\/2019\/06\/SKODA-KAROQ-VELO-1.webp\" class=\"attachment-large size-large\" alt=\"\" srcset=\"https:\/\/d2p6e6u75xmxt8.cloudfront.net\/2\/2019\/06\/SKODA-KAROQ-VELO-1.webp 1001w, https:\/\/d2p6e6u75xmxt8.cloudfront.net\/2\/2019\/06\/SKODA-KAROQ-VELO-1-300x191.webp 300w, https:\/\/d2p6e6u75xmxt8.cloudfront.net\/2\/2019\/06\/SKODA-KAROQ-VELO-1-768x489.webp 768w\" sizes=\"auto, (max-width: 1001px) 100vw, 1001px\" \/><\/a>\n\t\t\t<\/div><\/figure>\n\t\t<\/div>\n\n<p>The concept\u2019s tagline is \u201cdelivering the perfect pre- and post-ride experience for cyclists\u201d and we dare to say that it has all the features and technologies to achieve just that. The KAROQ Velo is not destined for mass production but \u0160koda will be lending it to cyclists throughout summer, as a four-wheeled assistant to races and competitions.<\/p>\n<p>Would you like to try out this innovative concept? Tell us in the comments!<\/p>\n","protected":false},"excerpt":{"rendered":"<p>When 1,500 cyclists get together in a survey designed to produce the perfect car to go along with the cycling [&hellip;]<\/p>\n","protected":false},"author":12,"featured_media":174232,"comment_status":"open","ping_status":"open","sticky":false,"template":"","format":"standard","meta":{"footnotes":""},"categories":[333,329,334],"tags":[3130,3129,1212,3128],"global-categories":[3377],"class_list":["post-174230","post","type-post","status-publish","format-standard","has-post-thumbnail","hentry","category-family","category-road-cycling","category-socialising-and-culture","tag-car-for-cyclists","tag-karoq-velo","tag-skoda-karoq","tag-skoda-karoq-velo","global-categories-karoq"],"yoast_head":"<!-- This site is optimized with the Yoast SEO Premium plugin v25.3 (Yoast SEO v25.9) - https:\/\/yoast.com\/wordpress\/plugins\/seo\/ -->\n<title>\u0160koda KAROQ Velo: Every Cyclist\u2019s Wildest Dream? - \u0160koda We Love Cycling<\/title>\n<meta name=\"description\" content=\"When 1,500 cyclists get together in a survey designed to produce the perfect car to go along with the cycling lifestyle, you can bet your bibs the result\" \/>\n<meta name=\"robots\" content=\"index, follow, max-snippet:-1, max-image-preview:large, max-video-preview:-1\" \/>\n<link rel=\"canonical\" href=\"https:\/\/www.welovecycling.com\/wide\/2019\/06\/14\/skoda-karoq-velo-every-cyclists-wildest-dream\/\" \/>\n<meta property=\"og:locale\" content=\"en_US\" \/>\n<meta property=\"og:type\" content=\"article\" \/>\n<meta property=\"og:title\" content=\"\u0160koda KAROQ Velo: Every Cyclist\u2019s Wildest Dream?\" \/>\n<meta property=\"og:description\" content=\"When 1,500 cyclists get together in a survey designed to produce the perfect car to go along with the cycling lifestyle, you can bet your bibs the result\" \/>\n<meta property=\"og:url\" content=\"https:\/\/www.welovecycling.com\/wide\/2019\/06\/14\/skoda-karoq-velo-every-cyclists-wildest-dream\/\" \/>\n<meta property=\"og:site_name\" content=\"\u0160koda We Love Cycling\" \/>\n<meta property=\"article:published_time\" content=\"2019-06-14T08:45:52+00:00\" \/>\n<meta property=\"article:modified_time\" content=\"2019-10-11T08:46:00+00:00\" \/>\n<meta property=\"og:image\" content=\"https:\/\/d2p6e6u75xmxt8.cloudfront.net\/2\/2019\/06\/SKODA-KAROQ-VELO-CVR.webp\" \/>\n\t<meta property=\"og:image:width\" content=\"900\" \/>\n\t<meta property=\"og:image:height\" content=\"600\" \/>\n\t<meta property=\"og:image:type\" content=\"image\/webp\" \/>\n<meta name=\"twitter:card\" content=\"summary_large_image\" \/>\n<meta name=\"twitter:label1\" content=\"Written by\" \/>\n\t<meta name=\"twitter:data1\" content=\"Frantiska Blazkova\" \/>\n\t<meta name=\"twitter:label2\" content=\"Est. reading time\" \/>\n\t<meta name=\"twitter:data2\" content=\"5\" \/>\n<script type=\"application\/ld+json\" class=\"yoast-schema-graph\">{\"@context\":\"https:\/\/schema.org\",\"@graph\":[{\"@type\":\"WebPage\",\"@id\":\"https:\/\/www.welovecycling.com\/wide\/2019\/06\/14\/skoda-karoq-velo-every-cyclists-wildest-dream\/\",\"url\":\"https:\/\/www.welovecycling.com\/wide\/2019\/06\/14\/skoda-karoq-velo-every-cyclists-wildest-dream\/\",\"name\":\"\u0160koda KAROQ Velo: Every Cyclist\u2019s Wildest Dream? - \u0160koda We Love Cycling\",\"isPartOf\":{\"@id\":\"https:\/\/www.welovecycling.com\/wide\/#website\"},\"primaryImageOfPage\":{\"@id\":\"https:\/\/www.welovecycling.com\/wide\/2019\/06\/14\/skoda-karoq-velo-every-cyclists-wildest-dream\/#primaryimage\"},\"image\":{\"@id\":\"https:\/\/www.welovecycling.com\/wide\/2019\/06\/14\/skoda-karoq-velo-every-cyclists-wildest-dream\/#primaryimage\"},\"thumbnailUrl\":\"https:\/\/d2p6e6u75xmxt8.cloudfront.net\/2\/2019\/06\/SKODA-KAROQ-VELO-CVR.webp\",\"datePublished\":\"2019-06-14T08:45:52+00:00\",\"dateModified\":\"2019-10-11T08:46:00+00:00\",\"author\":{\"@id\":\"\"},\"description\":\"When 1,500 cyclists get together in a survey designed to produce the perfect car to go along with the cycling lifestyle, you can bet your bibs the result\",\"breadcrumb\":{\"@id\":\"https:\/\/www.welovecycling.com\/wide\/2019\/06\/14\/skoda-karoq-velo-every-cyclists-wildest-dream\/#breadcrumb\"},\"inLanguage\":\"en-US\",\"potentialAction\":[{\"@type\":\"ReadAction\",\"target\":[\"https:\/\/www.welovecycling.com\/wide\/2019\/06\/14\/skoda-karoq-velo-every-cyclists-wildest-dream\/\"]}]},{\"@type\":\"ImageObject\",\"inLanguage\":\"en-US\",\"@id\":\"https:\/\/www.welovecycling.com\/wide\/2019\/06\/14\/skoda-karoq-velo-every-cyclists-wildest-dream\/#primaryimage\",\"url\":\"https:\/\/d2p6e6u75xmxt8.cloudfront.net\/2\/2019\/06\/SKODA-KAROQ-VELO-CVR.webp\",\"contentUrl\":\"https:\/\/d2p6e6u75xmxt8.cloudfront.net\/2\/2019\/06\/SKODA-KAROQ-VELO-CVR.webp\",\"width\":900,\"height\":600},{\"@type\":\"BreadcrumbList\",\"@id\":\"https:\/\/www.welovecycling.com\/wide\/2019\/06\/14\/skoda-karoq-velo-every-cyclists-wildest-dream\/#breadcrumb\",\"itemListElement\":[{\"@type\":\"ListItem\",\"position\":1,\"name\":\"Home\",\"item\":\"https:\/\/www.welovecycling.com\/wide\/\"},{\"@type\":\"ListItem\",\"position\":2,\"name\":\"\u0160koda KAROQ Velo: Every Cyclist\u2019s Wildest Dream?\"}]},{\"@type\":\"WebSite\",\"@id\":\"https:\/\/www.welovecycling.com\/wide\/#website\",\"url\":\"https:\/\/www.welovecycling.com\/wide\/\",\"name\":\"\u0160koda We Love Cycling\",\"description\":\"\u0160koda We Love Cycling magazine\",\"alternateName\":\"\u0160koda WLC\",\"potentialAction\":[{\"@type\":\"SearchAction\",\"target\":{\"@type\":\"EntryPoint\",\"urlTemplate\":\"https:\/\/www.welovecycling.com\/wide\/?s={search_term_string}\"},\"query-input\":{\"@type\":\"PropertyValueSpecification\",\"valueRequired\":true,\"valueName\":\"search_term_string\"}}],\"inLanguage\":\"en-US\"},{\"@type\":\"Person\",\"@id\":\"\",\"url\":\"https:\/\/www.welovecycling.com\/wide\/author\/\"}]}<\/script>\n<!-- \/ Yoast SEO Premium plugin. -->","yoast_head_json":{"title":"\u0160koda KAROQ Velo: Every Cyclist\u2019s Wildest Dream? - \u0160koda We Love Cycling","description":"When 1,500 cyclists get together in a survey designed to produce the perfect car to go along with the cycling lifestyle, you can bet your bibs the result","robots":{"index":"index","follow":"follow","max-snippet":"max-snippet:-1","max-image-preview":"max-image-preview:large","max-video-preview":"max-video-preview:-1"},"canonical":"https:\/\/www.welovecycling.com\/wide\/2019\/06\/14\/skoda-karoq-velo-every-cyclists-wildest-dream\/","og_locale":"en_US","og_type":"article","og_title":"\u0160koda KAROQ Velo: Every Cyclist\u2019s Wildest Dream?","og_description":"When 1,500 cyclists get together in a survey designed to produce the perfect car to go along with the cycling lifestyle, you can bet your bibs the result","og_url":"https:\/\/www.welovecycling.com\/wide\/2019\/06\/14\/skoda-karoq-velo-every-cyclists-wildest-dream\/","og_site_name":"\u0160koda We Love Cycling","article_published_time":"2019-06-14T08:45:52+00:00","article_modified_time":"2019-10-11T08:46:00+00:00","og_image":[{"width":900,"height":600,"url":"https:\/\/d2p6e6u75xmxt8.cloudfront.net\/2\/2019\/06\/SKODA-KAROQ-VELO-CVR.webp","type":"image\/webp"}],"twitter_card":"summary_large_image","twitter_misc":{"Written by":"Frantiska Blazkova","Est. reading time":"5"},"schema":{"@context":"https:\/\/schema.org","@graph":[{"@type":"WebPage","@id":"https:\/\/www.welovecycling.com\/wide\/2019\/06\/14\/skoda-karoq-velo-every-cyclists-wildest-dream\/","url":"https:\/\/www.welovecycling.com\/wide\/2019\/06\/14\/skoda-karoq-velo-every-cyclists-wildest-dream\/","name":"\u0160koda KAROQ Velo: Every Cyclist\u2019s Wildest Dream? - \u0160koda We Love Cycling","isPartOf":{"@id":"https:\/\/www.welovecycling.com\/wide\/#website"},"primaryImageOfPage":{"@id":"https:\/\/www.welovecycling.com\/wide\/2019\/06\/14\/skoda-karoq-velo-every-cyclists-wildest-dream\/#primaryimage"},"image":{"@id":"https:\/\/www.welovecycling.com\/wide\/2019\/06\/14\/skoda-karoq-velo-every-cyclists-wildest-dream\/#primaryimage"},"thumbnailUrl":"https:\/\/d2p6e6u75xmxt8.cloudfront.net\/2\/2019\/06\/SKODA-KAROQ-VELO-CVR.webp","datePublished":"2019-06-14T08:45:52+00:00","dateModified":"2019-10-11T08:46:00+00:00","author":{"@id":""},"description":"When 1,500 cyclists get together in a survey designed to produce the perfect car to go along with the cycling lifestyle, you can bet your bibs the result","breadcrumb":{"@id":"https:\/\/www.welovecycling.com\/wide\/2019\/06\/14\/skoda-karoq-velo-every-cyclists-wildest-dream\/#breadcrumb"},"inLanguage":"en-US","potentialAction":[{"@type":"ReadAction","target":["https:\/\/www.welovecycling.com\/wide\/2019\/06\/14\/skoda-karoq-velo-every-cyclists-wildest-dream\/"]}]},{"@type":"ImageObject","inLanguage":"en-US","@id":"https:\/\/www.welovecycling.com\/wide\/2019\/06\/14\/skoda-karoq-velo-every-cyclists-wildest-dream\/#primaryimage","url":"https:\/\/d2p6e6u75xmxt8.cloudfront.net\/2\/2019\/06\/SKODA-KAROQ-VELO-CVR.webp","contentUrl":"https:\/\/d2p6e6u75xmxt8.cloudfront.net\/2\/2019\/06\/SKODA-KAROQ-VELO-CVR.webp","width":900,"height":600},{"@type":"BreadcrumbList","@id":"https:\/\/www.welovecycling.com\/wide\/2019\/06\/14\/skoda-karoq-velo-every-cyclists-wildest-dream\/#breadcrumb","itemListElement":[{"@type":"ListItem","position":1,"name":"Home","item":"https:\/\/www.welovecycling.com\/wide\/"},{"@type":"ListItem","position":2,"name":"\u0160koda KAROQ Velo: Every Cyclist\u2019s Wildest Dream?"}]},{"@type":"WebSite","@id":"https:\/\/www.welovecycling.com\/wide\/#website","url":"https:\/\/www.welovecycling.com\/wide\/","name":"\u0160koda We Love Cycling","description":"\u0160koda We Love Cycling magazine","alternateName":"\u0160koda WLC","potentialAction":[{"@type":"SearchAction","target":{"@type":"EntryPoint","urlTemplate":"https:\/\/www.welovecycling.com\/wide\/?s={search_term_string}"},"query-input":{"@type":"PropertyValueSpecification","valueRequired":true,"valueName":"search_term_string"}}],"inLanguage":"en-US"},{"@type":"Person","@id":"","url":"https:\/\/www.welovecycling.com\/wide\/author\/"}]}},"_links":{"self":[{"href":"https:\/\/www.welovecycling.com\/wide\/wp-json\/wp\/v2\/posts\/174230","targetHints":{"allow":["GET"]}}],"collection":[{"href":"https:\/\/www.welovecycling.com\/wide\/wp-json\/wp\/v2\/posts"}],"about":[{"href":"https:\/\/www.welovecycling.com\/wide\/wp-json\/wp\/v2\/types\/post"}],"author":[{"embeddable":true,"href":"https:\/\/www.welovecycling.com\/wide\/wp-json\/wp\/v2\/users\/12"}],"replies":[{"embeddable":true,"href":"https:\/\/www.welovecycling.com\/wide\/wp-json\/wp\/v2\/comments?post=174230"}],"version-history":[{"count":1,"href":"https:\/\/www.welovecycling.com\/wide\/wp-json\/wp\/v2\/posts\/174230\/revisions"}],"predecessor-version":[{"id":174237,"href":"https:\/\/www.welovecycling.com\/wide\/wp-json\/wp\/v2\/posts\/174230\/revisions\/174237"}],"wp:featuredmedia":[{"embeddable":true,"href":"https:\/\/www.welovecycling.com\/wide\/wp-json\/wp\/v2\/media\/174232"}],"wp:attachment":[{"href":"https:\/\/www.welovecycling.com\/wide\/wp-json\/wp\/v2\/media?parent=174230"}],"wp:term":[{"taxonomy":"category","embeddable":true,"href":"https:\/\/www.welovecycling.com\/wide\/wp-json\/wp\/v2\/categories?post=174230"},{"taxonomy":"post_tag","embeddable":true,"href":"https:\/\/www.welovecycling.com\/wide\/wp-json\/wp\/v2\/tags?post=174230"},{"taxonomy":"global-categories","embeddable":true,"href":"https:\/\/www.welovecycling.com\/wide\/wp-json\/wp\/v2\/global-categories?post=174230"}],"curies":[{"name":"wp","href":"https:\/\/api.w.org\/{rel}","templated":true}]}}