{"id":174108,"date":"2019-06-05T10:27:22","date_gmt":"2019-06-05T10:27:22","guid":{"rendered":"https:\/\/www.welovecycling.com\/wide\/?p=174108"},"modified":"2019-06-05T10:27:22","modified_gmt":"2019-06-05T10:27:22","slug":"mopeds-are-now-banned-from-amsterdams-bike-lanes","status":"publish","type":"post","link":"https:\/\/www.welovecycling.com\/wide\/2019\/06\/05\/mopeds-are-now-banned-from-amsterdams-bike-lanes\/","title":{"rendered":"Mopeds Are Now Banned from Amsterdam\u2019s Bike Lanes"},"content":{"rendered":"<p><strong>The Dutch capital is world-renowned for its pro-cycling attitude. However, the city officials plan to take it one step further. And in the last couple of days, we\u2019ve seen that not everybody is happy about it.<\/strong><br \/>\n<!--more--><\/p>\n<p>Convoys of mopeds were speeding down the city\u2019s bike lanes, the riders purposefully not wearing helmets, honking their horns loudly. They protested against the new city regulation which forces them out of bike lanes into the traffic and demands that they wear head protection. Almost 50,000 people signed a petition pointing out the risk of potential accidents for mopeds in the faster-moving traffic. 4,000 citizens decided to comment on the policy when it was at consultation level, which is unheard of in Amsterdam.<\/p>\n<lite-youtube videoid=TZDhZxy2G1k params=\"enablejsapi=1\" style=\"background-image: url('https:\/\/i.ytimg.com\/vi_webp\/TZDhZxy2G1k\/maxresdefault.webp');\"><\/lite-youtube>\n<p>\u201cWe really want to make a change and people need to see the change on the street: a fundamental improvement of public space,\u201d the municipal head of transport, Sharon Dijksma, told the Guardian. \u201cPublic space is probably the most scarce item we have \u2013 like a jewel \u2013 and we need to take care of it. That\u2019s not so easy sometimes as there are a lot of interests.\u201d<\/p>\n<p>The officials plan to ban petrol and diesel vehicles from the city centre by 2030, remove 10,000 parking spaces and hike the prices of the rest of the parking spots. The aim is simply to give more peace to cyclists, pedestrians and some space for children to play in. And to get rid of the pollution in the process.<\/p>\n<figure id=\"attachment_174112\" aria-describedby=\"caption-attachment-174112\" style=\"width: 1250px\" class=\"wp-caption alignnone\"><a href=\"https:\/\/d2p6e6u75xmxt8.cloudfront.net\/2\/2019\/06\/Amsterdam-profimedia-0441843900-1.jpg\"><img loading=\"lazy\" decoding=\"async\" class=\"size-full wp-image-174112\" src=\"https:\/\/d2p6e6u75xmxt8.cloudfront.net\/2\/2019\/06\/Amsterdam-profimedia-0441843900-1.jpg\" alt=\"\" width=\"1250\" height=\"703\" \/><\/a><figcaption id=\"caption-attachment-174112\" class=\"wp-caption-text\">Bicycles parking in front of Amsterdam main station.\u00a0\u00a9 Profimedia, Stock Budget<\/figcaption><\/figure>\n<p>\u201cPollution often is a silent killer and is one of the greatest health hazards in Amsterdam,\u201d Dijksma added.<\/p>\n<p>Do you agree with the officials\u2019 decision?<\/p>\n","protected":false},"excerpt":{"rendered":"<p>The Dutch capital is world-renowned for its pro-cycling attitude. However, the city officials plan to take it one step further. [&hellip;]<\/p>\n","protected":false},"author":12,"featured_media":174110,"comment_status":"open","ping_status":"open","sticky":false,"template":"","format":"standard","meta":{"footnotes":""},"categories":[330],"tags":[635,3104],"global-categories":[],"class_list":["post-174108","post","type-post","status-publish","format-standard","has-post-thumbnail","hentry","category-urban-cycling","tag-amsterdam","tag-moped-protest"],"yoast_head":"<!-- This site is optimized with the Yoast SEO Premium plugin v25.3 (Yoast SEO v25.9) - https:\/\/yoast.com\/wordpress\/plugins\/seo\/ -->\n<title>Mopeds Are Now Banned from Amsterdam\u2019s Bike Lanes - \u0160koda We Love Cycling<\/title>\n<meta name=\"description\" content=\"The Dutch capital is world-renowned for its pro-cycling attitude. However, the city officials plan to take it one step further. And in the last couple of\" \/>\n<meta name=\"robots\" content=\"index, follow, max-snippet:-1, max-image-preview:large, max-video-preview:-1\" \/>\n<link rel=\"canonical\" href=\"https:\/\/www.welovecycling.com\/wide\/2019\/06\/05\/mopeds-are-now-banned-from-amsterdams-bike-lanes\/\" \/>\n<meta property=\"og:locale\" content=\"en_US\" \/>\n<meta property=\"og:type\" content=\"article\" \/>\n<meta property=\"og:title\" content=\"Mopeds Are Now Banned from Amsterdam\u2019s Bike Lanes\" \/>\n<meta property=\"og:description\" content=\"The Dutch capital is world-renowned for its pro-cycling attitude. However, the city officials plan to take it one step further. And in the last couple of\" \/>\n<meta property=\"og:url\" content=\"https:\/\/www.welovecycling.com\/wide\/2019\/06\/05\/mopeds-are-now-banned-from-amsterdams-bike-lanes\/\" \/>\n<meta property=\"og:site_name\" content=\"\u0160koda We Love Cycling\" \/>\n<meta property=\"article:published_time\" content=\"2019-06-05T10:27:22+00:00\" \/>\n<meta property=\"og:image\" content=\"https:\/\/d2p6e6u75xmxt8.cloudfront.net\/2\/2019\/06\/scooter-Amsterdam-CVR-profimedia-0225353221.webp\" \/>\n\t<meta property=\"og:image:width\" content=\"900\" \/>\n\t<meta property=\"og:image:height\" content=\"600\" \/>\n\t<meta property=\"og:image:type\" content=\"image\/webp\" \/>\n<meta name=\"twitter:card\" content=\"summary_large_image\" \/>\n<meta name=\"twitter:label1\" content=\"Written by\" \/>\n\t<meta name=\"twitter:data1\" content=\"Monica Buck\" \/>\n\t<meta name=\"twitter:label2\" content=\"Est. reading time\" \/>\n\t<meta name=\"twitter:data2\" content=\"4\" \/>\n<script type=\"application\/ld+json\" class=\"yoast-schema-graph\">{\"@context\":\"https:\/\/schema.org\",\"@graph\":[{\"@type\":\"WebPage\",\"@id\":\"https:\/\/www.welovecycling.com\/wide\/2019\/06\/05\/mopeds-are-now-banned-from-amsterdams-bike-lanes\/\",\"url\":\"https:\/\/www.welovecycling.com\/wide\/2019\/06\/05\/mopeds-are-now-banned-from-amsterdams-bike-lanes\/\",\"name\":\"Mopeds Are Now Banned from Amsterdam\u2019s Bike Lanes - \u0160koda We Love Cycling\",\"isPartOf\":{\"@id\":\"https:\/\/www.welovecycling.com\/wide\/#website\"},\"primaryImageOfPage\":{\"@id\":\"https:\/\/www.welovecycling.com\/wide\/2019\/06\/05\/mopeds-are-now-banned-from-amsterdams-bike-lanes\/#primaryimage\"},\"image\":{\"@id\":\"https:\/\/www.welovecycling.com\/wide\/2019\/06\/05\/mopeds-are-now-banned-from-amsterdams-bike-lanes\/#primaryimage\"},\"thumbnailUrl\":\"https:\/\/d2p6e6u75xmxt8.cloudfront.net\/2\/2019\/06\/scooter-Amsterdam-CVR-profimedia-0225353221.webp\",\"datePublished\":\"2019-06-05T10:27:22+00:00\",\"author\":{\"@id\":\"\"},\"description\":\"The Dutch capital is world-renowned for its pro-cycling attitude. However, the city officials plan to take it one step further. And in the last couple of\",\"breadcrumb\":{\"@id\":\"https:\/\/www.welovecycling.com\/wide\/2019\/06\/05\/mopeds-are-now-banned-from-amsterdams-bike-lanes\/#breadcrumb\"},\"inLanguage\":\"en-US\",\"potentialAction\":[{\"@type\":\"ReadAction\",\"target\":[\"https:\/\/www.welovecycling.com\/wide\/2019\/06\/05\/mopeds-are-now-banned-from-amsterdams-bike-lanes\/\"]}]},{\"@type\":\"ImageObject\",\"inLanguage\":\"en-US\",\"@id\":\"https:\/\/www.welovecycling.com\/wide\/2019\/06\/05\/mopeds-are-now-banned-from-amsterdams-bike-lanes\/#primaryimage\",\"url\":\"https:\/\/d2p6e6u75xmxt8.cloudfront.net\/2\/2019\/06\/scooter-Amsterdam-CVR-profimedia-0225353221.webp\",\"contentUrl\":\"https:\/\/d2p6e6u75xmxt8.cloudfront.net\/2\/2019\/06\/scooter-Amsterdam-CVR-profimedia-0225353221.webp\",\"width\":900,\"height\":600},{\"@type\":\"BreadcrumbList\",\"@id\":\"https:\/\/www.welovecycling.com\/wide\/2019\/06\/05\/mopeds-are-now-banned-from-amsterdams-bike-lanes\/#breadcrumb\",\"itemListElement\":[{\"@type\":\"ListItem\",\"position\":1,\"name\":\"Home\",\"item\":\"https:\/\/www.welovecycling.com\/wide\/\"},{\"@type\":\"ListItem\",\"position\":2,\"name\":\"Mopeds Are Now Banned from Amsterdam\u2019s Bike Lanes\"}]},{\"@type\":\"WebSite\",\"@id\":\"https:\/\/www.welovecycling.com\/wide\/#website\",\"url\":\"https:\/\/www.welovecycling.com\/wide\/\",\"name\":\"\u0160koda We Love Cycling\",\"description\":\"\u0160koda We Love Cycling magazine\",\"alternateName\":\"\u0160koda WLC\",\"potentialAction\":[{\"@type\":\"SearchAction\",\"target\":{\"@type\":\"EntryPoint\",\"urlTemplate\":\"https:\/\/www.welovecycling.com\/wide\/?s={search_term_string}\"},\"query-input\":{\"@type\":\"PropertyValueSpecification\",\"valueRequired\":true,\"valueName\":\"search_term_string\"}}],\"inLanguage\":\"en-US\"},{\"@type\":\"Person\",\"@id\":\"\",\"url\":\"https:\/\/www.welovecycling.com\/wide\/author\/\"}]}<\/script>\n<!-- \/ Yoast SEO Premium plugin. -->","yoast_head_json":{"title":"Mopeds Are Now Banned from Amsterdam\u2019s Bike Lanes - \u0160koda We Love Cycling","description":"The Dutch capital is world-renowned for its pro-cycling attitude. However, the city officials plan to take it one step further. And in the last couple of","robots":{"index":"index","follow":"follow","max-snippet":"max-snippet:-1","max-image-preview":"max-image-preview:large","max-video-preview":"max-video-preview:-1"},"canonical":"https:\/\/www.welovecycling.com\/wide\/2019\/06\/05\/mopeds-are-now-banned-from-amsterdams-bike-lanes\/","og_locale":"en_US","og_type":"article","og_title":"Mopeds Are Now Banned from Amsterdam\u2019s Bike Lanes","og_description":"The Dutch capital is world-renowned for its pro-cycling attitude. However, the city officials plan to take it one step further. And in the last couple of","og_url":"https:\/\/www.welovecycling.com\/wide\/2019\/06\/05\/mopeds-are-now-banned-from-amsterdams-bike-lanes\/","og_site_name":"\u0160koda We Love Cycling","article_published_time":"2019-06-05T10:27:22+00:00","og_image":[{"width":900,"height":600,"url":"https:\/\/d2p6e6u75xmxt8.cloudfront.net\/2\/2019\/06\/scooter-Amsterdam-CVR-profimedia-0225353221.webp","type":"image\/webp"}],"twitter_card":"summary_large_image","twitter_misc":{"Written by":"Monica Buck","Est. reading time":"4"},"schema":{"@context":"https:\/\/schema.org","@graph":[{"@type":"WebPage","@id":"https:\/\/www.welovecycling.com\/wide\/2019\/06\/05\/mopeds-are-now-banned-from-amsterdams-bike-lanes\/","url":"https:\/\/www.welovecycling.com\/wide\/2019\/06\/05\/mopeds-are-now-banned-from-amsterdams-bike-lanes\/","name":"Mopeds Are Now Banned from Amsterdam\u2019s Bike Lanes - \u0160koda We Love Cycling","isPartOf":{"@id":"https:\/\/www.welovecycling.com\/wide\/#website"},"primaryImageOfPage":{"@id":"https:\/\/www.welovecycling.com\/wide\/2019\/06\/05\/mopeds-are-now-banned-from-amsterdams-bike-lanes\/#primaryimage"},"image":{"@id":"https:\/\/www.welovecycling.com\/wide\/2019\/06\/05\/mopeds-are-now-banned-from-amsterdams-bike-lanes\/#primaryimage"},"thumbnailUrl":"https:\/\/d2p6e6u75xmxt8.cloudfront.net\/2\/2019\/06\/scooter-Amsterdam-CVR-profimedia-0225353221.webp","datePublished":"2019-06-05T10:27:22+00:00","author":{"@id":""},"description":"The Dutch capital is world-renowned for its pro-cycling attitude. However, the city officials plan to take it one step further. And in the last couple of","breadcrumb":{"@id":"https:\/\/www.welovecycling.com\/wide\/2019\/06\/05\/mopeds-are-now-banned-from-amsterdams-bike-lanes\/#breadcrumb"},"inLanguage":"en-US","potentialAction":[{"@type":"ReadAction","target":["https:\/\/www.welovecycling.com\/wide\/2019\/06\/05\/mopeds-are-now-banned-from-amsterdams-bike-lanes\/"]}]},{"@type":"ImageObject","inLanguage":"en-US","@id":"https:\/\/www.welovecycling.com\/wide\/2019\/06\/05\/mopeds-are-now-banned-from-amsterdams-bike-lanes\/#primaryimage","url":"https:\/\/d2p6e6u75xmxt8.cloudfront.net\/2\/2019\/06\/scooter-Amsterdam-CVR-profimedia-0225353221.webp","contentUrl":"https:\/\/d2p6e6u75xmxt8.cloudfront.net\/2\/2019\/06\/scooter-Amsterdam-CVR-profimedia-0225353221.webp","width":900,"height":600},{"@type":"BreadcrumbList","@id":"https:\/\/www.welovecycling.com\/wide\/2019\/06\/05\/mopeds-are-now-banned-from-amsterdams-bike-lanes\/#breadcrumb","itemListElement":[{"@type":"ListItem","position":1,"name":"Home","item":"https:\/\/www.welovecycling.com\/wide\/"},{"@type":"ListItem","position":2,"name":"Mopeds Are Now Banned from Amsterdam\u2019s Bike Lanes"}]},{"@type":"WebSite","@id":"https:\/\/www.welovecycling.com\/wide\/#website","url":"https:\/\/www.welovecycling.com\/wide\/","name":"\u0160koda We Love Cycling","description":"\u0160koda We Love Cycling magazine","alternateName":"\u0160koda WLC","potentialAction":[{"@type":"SearchAction","target":{"@type":"EntryPoint","urlTemplate":"https:\/\/www.welovecycling.com\/wide\/?s={search_term_string}"},"query-input":{"@type":"PropertyValueSpecification","valueRequired":true,"valueName":"search_term_string"}}],"inLanguage":"en-US"},{"@type":"Person","@id":"","url":"https:\/\/www.welovecycling.com\/wide\/author\/"}]}},"_links":{"self":[{"href":"https:\/\/www.welovecycling.com\/wide\/wp-json\/wp\/v2\/posts\/174108","targetHints":{"allow":["GET"]}}],"collection":[{"href":"https:\/\/www.welovecycling.com\/wide\/wp-json\/wp\/v2\/posts"}],"about":[{"href":"https:\/\/www.welovecycling.com\/wide\/wp-json\/wp\/v2\/types\/post"}],"author":[{"embeddable":true,"href":"https:\/\/www.welovecycling.com\/wide\/wp-json\/wp\/v2\/users\/12"}],"replies":[{"embeddable":true,"href":"https:\/\/www.welovecycling.com\/wide\/wp-json\/wp\/v2\/comments?post=174108"}],"version-history":[{"count":2,"href":"https:\/\/www.welovecycling.com\/wide\/wp-json\/wp\/v2\/posts\/174108\/revisions"}],"predecessor-version":[{"id":174114,"href":"https:\/\/www.welovecycling.com\/wide\/wp-json\/wp\/v2\/posts\/174108\/revisions\/174114"}],"wp:featuredmedia":[{"embeddable":true,"href":"https:\/\/www.welovecycling.com\/wide\/wp-json\/wp\/v2\/media\/174110"}],"wp:attachment":[{"href":"https:\/\/www.welovecycling.com\/wide\/wp-json\/wp\/v2\/media?parent=174108"}],"wp:term":[{"taxonomy":"category","embeddable":true,"href":"https:\/\/www.welovecycling.com\/wide\/wp-json\/wp\/v2\/categories?post=174108"},{"taxonomy":"post_tag","embeddable":true,"href":"https:\/\/www.welovecycling.com\/wide\/wp-json\/wp\/v2\/tags?post=174108"},{"taxonomy":"global-categories","embeddable":true,"href":"https:\/\/www.welovecycling.com\/wide\/wp-json\/wp\/v2\/global-categories?post=174108"}],"curies":[{"name":"wp","href":"https:\/\/api.w.org\/{rel}","templated":true}]}}