{"id":173963,"date":"2019-05-24T09:10:22","date_gmt":"2019-05-24T09:10:22","guid":{"rendered":"https:\/\/www.welovecycling.com\/wide\/?p=173963"},"modified":"2019-05-24T09:11:22","modified_gmt":"2019-05-24T09:11:22","slug":"how-the-colorado-classic-is-breaking-the-rules-of-womens-racing","status":"publish","type":"post","link":"https:\/\/www.welovecycling.com\/wide\/2019\/05\/24\/how-the-colorado-classic-is-breaking-the-rules-of-womens-racing\/","title":{"rendered":"How the Colorado Classic Is Breaking the Rules of Women\u2019s Racing"},"content":{"rendered":"<p><strong>\u2018We want to build a blueprint that other events can follow and show the world that a sustainable model for women\u2019s racing does exist.\u2019<\/strong><!--more--><\/p>\n<p>The Colorado Classic, a high-profile professional road cycling stage event, has decided to do something pretty unprecedented in 2019\u2014drop the men\u2019s race and let the women be the stars of the show. This brand-new all-women\u2019s standalone will feature longer, harder, high-altitude routes, competitive stipends, substantial prize money, and last, but certainly not least, live coverage. In a bid to address what the professional women\u2019s cycling community has been begging for for years, the Colorado Classic organizers decided to deliver, offering two hours of live coverage for each day of the race. Available on Facebook Live and other streaming services, this is women\u2019s racing on a global stage like never before.<\/p>\n<figure id=\"attachment_173975\" aria-describedby=\"caption-attachment-173975\" style=\"width: 1176px\" class=\"wp-caption alignnone\"><a href=\"https:\/\/d2p6e6u75xmxt8.cloudfront.net\/2\/2019\/05\/2019-Colorado-Classic-presented-by-VF-Corporation.jpg\"><img loading=\"lazy\" decoding=\"async\" class=\"size-full wp-image-173975\" src=\"https:\/\/d2p6e6u75xmxt8.cloudfront.net\/2\/2019\/05\/2019-Colorado-Classic-presented-by-VF-Corporation.jpg\" alt=\"\" width=\"1176\" height=\"918\" \/><\/a><figcaption id=\"caption-attachment-173975\" class=\"wp-caption-text\">\u00a9 2019 Colorado Classic presented by VF Corporation<\/figcaption><\/figure>\n<p>One of the key figures making this ground-breaking event happen is Lucy Diaz. The Chief Operating Officer for the race since 2017, Diaz talked to We Love Cycling about her vision for the race, the community support it has received, and why she believes the Colorado Classic will prove that an all-women\u2019s race can, and will, be financially sustainable.<\/p>\n<h2><strong>Empowering women<\/strong><\/h2>\n<p>Diaz is an athlete herself and has long been involved in women\u2019s advocacy, especially when it comes to sports. In terms of her vision for the Colorado Classic specifically, one of the turning points came at last year\u2019s race. She was watching the event with her family when her 8-year-old daughter turned to her and asked, \u2018Why do the women only do 4 stages when the men are doing 8?\u2019 She obviously didn\u2019t have a good answer and it only solidified for her the discrepancy in opportunities for women in cycling. Naturally, she was excited to do something about it. \u2018When the option of switching to an all-women\u2019s event came up, I was all for it. This has been an incredible opportunity to meld the personal and professional and I\u2019m so excited about what we\u2019ve accomplished so far.\u2019<\/p>\n<h2><strong>Overcoming skepticism<\/strong><\/h2>\n<figure id=\"attachment_173983\" aria-describedby=\"caption-attachment-173983\" style=\"width: 1080px\" class=\"wp-caption alignnone\"><a href=\"https:\/\/d2p6e6u75xmxt8.cloudfront.net\/2\/2019\/05\/IMG_1324.JPG.jpg\"><img loading=\"lazy\" decoding=\"async\" class=\"wp-image-173983 size-full\" src=\"https:\/\/d2p6e6u75xmxt8.cloudfront.net\/2\/2019\/05\/IMG_1324.JPG.jpg\" alt=\"\" width=\"1080\" height=\"1080\" \/><\/a><figcaption id=\"caption-attachment-173983\" class=\"wp-caption-text\">Lucy Diaz, the chief operating officer for the race since 2017<\/figcaption><\/figure>\n<p>Of course, the decision to switch to an all-women\u2019s event certainly raised some eyebrows, and the onus was largely on Diaz and her team to justify their decision and prove they could make it work. She explained that, \u2018there was definitely some skepticism from the broader cycling community, but honestly that just served as stronger motivation to work harder and prove them wrong. I know what these women are capable of and I know they won\u2019t disappoint.\u2019<\/p>\n<h2><strong>Creating a sustainable model<\/strong><\/h2>\n<p>The fact that they received so much support off the bat didn\u2019t hurt either, and shows that Diaz and other organizers are looking to do more than just provide a spotlight for women at this year\u2019s race. \u2018We want to build a blueprint that other events can follow and show the world that a sustainable model for women\u2019s racing does exist. It has been a long road to get to where we are today, but I really believe this is something that could work elsewhere too. The sponsorship is there.\u2019<\/p>\n<p>And indeed it is, for the first year since the race started, they\u2019ve found a title sponsor in VF Corporation. The umbrella company of The North Face, Timberland, and other major brands, a sponsor of this calibre is nothing to scoff at. Diaz says, \u2018we are thrilled to have secured this kind of sponsorship. We knew from the start that we only wanted to do this if we could take proper care of the riders and create a positive experience for everyone. This allows us to do just that.\u2019<\/p>\n<h2><strong>Providing a platform for the riders<\/strong><\/h2>\n<p>Although riders are undoubtedly happy about the substantial stipends and prize money up for grabs at this year\u2019s race, Diaz explained that what everyone is most excited about is the live coverage. \u2018We\u2019re simply creating a platform for the riders to do their thing. I have no doubt that once people get the chance to actually watch women\u2019s racing, they\u2019ll be hooked.\u2019 She also explained that live coverage provides the opportunity to do more than just showcase the race, but also to generate interest in the lives and personalities of the women riding. \u2018These women all have incredible stories and they do more than just live and breathe cycling. We want to put them in the spotlight and let fans see who they really are.\u2019<\/p>\n<figure id=\"attachment_173977\" aria-describedby=\"caption-attachment-173977\" style=\"width: 1377px\" class=\"wp-caption alignnone\"><a href=\"https:\/\/d2p6e6u75xmxt8.cloudfront.net\/2\/2019\/05\/2019-Colorado-Classic-presented-by-VF-Corporation-2.jpg\"><img loading=\"lazy\" decoding=\"async\" class=\"wp-image-173977 size-full\" src=\"https:\/\/d2p6e6u75xmxt8.cloudfront.net\/2\/2019\/05\/2019-Colorado-Classic-presented-by-VF-Corporation-2.jpg\" alt=\"\" width=\"1377\" height=\"918\" \/><\/a><figcaption id=\"caption-attachment-173977\" class=\"wp-caption-text\">\u00a9 2019 Colorado Classic presented by VF Corporation<\/figcaption><\/figure>\n<div id='gallery-1' class='gallery galleryid-173963 gallery-columns-2 gallery-size-large'><figure class='gallery-item'>\n\t\t\t<div class='gallery-icon landscape'>\n\t\t\t\t<a href='https:\/\/d2p6e6u75xmxt8.cloudfront.net\/2\/2019\/05\/2019-Colorado-Classic-presented-by-VF-Corporation-5.webp'><img loading=\"lazy\" decoding=\"async\" width=\"1024\" height=\"683\" src=\"https:\/\/d2p6e6u75xmxt8.cloudfront.net\/2\/2019\/05\/2019-Colorado-Classic-presented-by-VF-Corporation-5-1024x683.webp\" class=\"attachment-large size-large\" alt=\"\" srcset=\"https:\/\/d2p6e6u75xmxt8.cloudfront.net\/2\/2019\/05\/2019-Colorado-Classic-presented-by-VF-Corporation-5-1024x683.webp 1024w, https:\/\/d2p6e6u75xmxt8.cloudfront.net\/2\/2019\/05\/2019-Colorado-Classic-presented-by-VF-Corporation-5-300x200.webp 300w, https:\/\/d2p6e6u75xmxt8.cloudfront.net\/2\/2019\/05\/2019-Colorado-Classic-presented-by-VF-Corporation-5-768x512.webp 768w, https:\/\/d2p6e6u75xmxt8.cloudfront.net\/2\/2019\/05\/2019-Colorado-Classic-presented-by-VF-Corporation-5-272x182.webp 272w, https:\/\/d2p6e6u75xmxt8.cloudfront.net\/2\/2019\/05\/2019-Colorado-Classic-presented-by-VF-Corporation-5.webp 1377w\" sizes=\"auto, (max-width: 1024px) 100vw, 1024px\" \/><\/a>\n\t\t\t<\/div><\/figure><figure class='gallery-item'>\n\t\t\t<div class='gallery-icon landscape'>\n\t\t\t\t<a href='https:\/\/d2p6e6u75xmxt8.cloudfront.net\/2\/2019\/05\/2019-Colorado-Classic-presented-by-VF-Corporation-4.webp'><img loading=\"lazy\" decoding=\"async\" width=\"1024\" height=\"683\" src=\"https:\/\/d2p6e6u75xmxt8.cloudfront.net\/2\/2019\/05\/2019-Colorado-Classic-presented-by-VF-Corporation-4-1024x683.webp\" class=\"attachment-large size-large\" alt=\"\" srcset=\"https:\/\/d2p6e6u75xmxt8.cloudfront.net\/2\/2019\/05\/2019-Colorado-Classic-presented-by-VF-Corporation-4-1024x683.webp 1024w, https:\/\/d2p6e6u75xmxt8.cloudfront.net\/2\/2019\/05\/2019-Colorado-Classic-presented-by-VF-Corporation-4-300x200.webp 300w, https:\/\/d2p6e6u75xmxt8.cloudfront.net\/2\/2019\/05\/2019-Colorado-Classic-presented-by-VF-Corporation-4-768x512.webp 768w, https:\/\/d2p6e6u75xmxt8.cloudfront.net\/2\/2019\/05\/2019-Colorado-Classic-presented-by-VF-Corporation-4-272x182.webp 272w, https:\/\/d2p6e6u75xmxt8.cloudfront.net\/2\/2019\/05\/2019-Colorado-Classic-presented-by-VF-Corporation-4.webp 1377w\" sizes=\"auto, (max-width: 1024px) 100vw, 1024px\" \/><\/a>\n\t\t\t<\/div><\/figure>\n\t\t<\/div>\n\n<h2><strong>Highlighting women\u2019s strengths<\/strong><\/h2>\n<p>The Colorado Classic is also a standout for the fact that they are putting on a race that is specifically designed to highlight women riders and showcase their strengths. Unlike many races where the women\u2019s event is simply a shrunk-down version of a course designed for men, this year is all about creating something that will really allow the women to shine. As Diaz said, \u2018This course will focus on the women and will do it right.\u2019<\/p>\n<h2><strong>Building a community<\/strong><\/h2>\n<p>The Colorado Classic has always been known as a progressive race, rejecting the tradition of podium hostesses and featuring an all-female cast of commentators in years passed. Diaz has felt major support going into this new model. \u2018Since we made the decision to go to an all-women\u2019s event, nobody has had any regrets. The community that has emerged has been phenomenal and people are jumping to get involved.\u2019<\/p>\n<figure id=\"attachment_173978\" aria-describedby=\"caption-attachment-173978\" style=\"width: 1377px\" class=\"wp-caption alignnone\"><a href=\"https:\/\/d2p6e6u75xmxt8.cloudfront.net\/2\/2019\/05\/2019-Colorado-Classic-presented-by-VF-Corporation-3.jpg\"><img loading=\"lazy\" decoding=\"async\" class=\"wp-image-173978 size-full\" src=\"https:\/\/d2p6e6u75xmxt8.cloudfront.net\/2\/2019\/05\/2019-Colorado-Classic-presented-by-VF-Corporation-3.jpg\" alt=\"\" width=\"1377\" height=\"918\" \/><\/a><figcaption id=\"caption-attachment-173978\" class=\"wp-caption-text\">\u00a9 2019 Colorado Classic presented by VF Corporation<\/figcaption><\/figure>\n<p>This year\u2019s event will also include a series of inspiration events featuring women from across the world of cycling and other sports. Diaz explained they are looking for their \u2018Billy Jean King moment,\u2019 where they can really show the world what women cyclists are capable of. \u2018We want to rally the cyclists that are participating and also bring other groups of people together under the larger umbrella of women\u2019s empowerment and advocacy. Inspiration and education are main goals of this year\u2019s race.\u2019<\/p>\n<p>In what is likely to be a game changer in the way we think about women\u2019s racing and how fans can engage with it, the Colorado Classic looks poised to impress. Courses and teams will be announced over the next couple of weeks, so stay tuned to see how this first-time event is coming together. Most importantly, don\u2019t forget to tune in to live coverage once the race kicks off on August 22nd. Best of luck to Diaz and her team\u2014here\u2019s to seeing a lot more coverage of women\u2019s racing in the years to come!<\/p>\n","protected":false},"excerpt":{"rendered":"<p>\u2018We want to build a blueprint that other events can follow and show the world that a sustainable model for [&hellip;]<\/p>\n","protected":false},"author":12,"featured_media":173976,"comment_status":"open","ping_status":"open","sticky":false,"template":"","format":"standard","meta":{"footnotes":""},"categories":[329,334],"tags":[3064,3063,538],"global-categories":[],"class_list":["post-173963","post","type-post","status-publish","format-standard","has-post-thumbnail","hentry","category-road-cycling","category-socialising-and-culture","tag-colorado-classic","tag-lucy-diaz","tag-women-cycling"],"yoast_head":"<!-- This site is optimized with the Yoast SEO Premium plugin v25.3 (Yoast SEO v25.9) - https:\/\/yoast.com\/wordpress\/plugins\/seo\/ -->\n<title>How the Colorado Classic Is Breaking the Rules of Women\u2019s Racing - \u0160koda We Love Cycling<\/title>\n<meta name=\"description\" content=\"\u2018We want to build a blueprint that other events can follow and show the world that a sustainable model for women\u2019s racing does exist.\u2019 The Colorado\" \/>\n<meta name=\"robots\" content=\"index, follow, max-snippet:-1, max-image-preview:large, max-video-preview:-1\" \/>\n<link rel=\"canonical\" href=\"https:\/\/www.welovecycling.com\/wide\/2019\/05\/24\/how-the-colorado-classic-is-breaking-the-rules-of-womens-racing\/\" \/>\n<meta property=\"og:locale\" content=\"en_US\" \/>\n<meta property=\"og:type\" content=\"article\" \/>\n<meta property=\"og:title\" content=\"How the Colorado Classic Is Breaking the Rules of Women\u2019s Racing\" \/>\n<meta property=\"og:description\" content=\"\u2018We want to build a blueprint that other events can follow and show the world that a sustainable model for women\u2019s racing does exist.\u2019 The Colorado\" \/>\n<meta property=\"og:url\" content=\"https:\/\/www.welovecycling.com\/wide\/2019\/05\/24\/how-the-colorado-classic-is-breaking-the-rules-of-womens-racing\/\" \/>\n<meta property=\"og:site_name\" content=\"\u0160koda We Love Cycling\" \/>\n<meta property=\"article:published_time\" content=\"2019-05-24T09:10:22+00:00\" \/>\n<meta property=\"article:modified_time\" content=\"2019-05-24T09:11:22+00:00\" \/>\n<meta property=\"og:image\" content=\"https:\/\/d2p6e6u75xmxt8.cloudfront.net\/2\/2019\/05\/2019-Colorado-Classic-presented-by-VF-Corporation-1.webp\" \/>\n\t<meta property=\"og:image:width\" content=\"900\" \/>\n\t<meta property=\"og:image:height\" content=\"600\" \/>\n\t<meta property=\"og:image:type\" content=\"image\/webp\" \/>\n<meta name=\"twitter:card\" content=\"summary_large_image\" \/>\n<meta name=\"twitter:label1\" content=\"Written by\" \/>\n\t<meta name=\"twitter:data1\" content=\"Megan Flottorp\" \/>\n\t<meta name=\"twitter:label2\" content=\"Est. reading time\" \/>\n\t<meta name=\"twitter:data2\" content=\"7\" \/>\n<script type=\"application\/ld+json\" class=\"yoast-schema-graph\">{\"@context\":\"https:\/\/schema.org\",\"@graph\":[{\"@type\":\"WebPage\",\"@id\":\"https:\/\/www.welovecycling.com\/wide\/2019\/05\/24\/how-the-colorado-classic-is-breaking-the-rules-of-womens-racing\/\",\"url\":\"https:\/\/www.welovecycling.com\/wide\/2019\/05\/24\/how-the-colorado-classic-is-breaking-the-rules-of-womens-racing\/\",\"name\":\"How the Colorado Classic Is Breaking the Rules of Women\u2019s Racing - \u0160koda We Love Cycling\",\"isPartOf\":{\"@id\":\"https:\/\/www.welovecycling.com\/wide\/#website\"},\"primaryImageOfPage\":{\"@id\":\"https:\/\/www.welovecycling.com\/wide\/2019\/05\/24\/how-the-colorado-classic-is-breaking-the-rules-of-womens-racing\/#primaryimage\"},\"image\":{\"@id\":\"https:\/\/www.welovecycling.com\/wide\/2019\/05\/24\/how-the-colorado-classic-is-breaking-the-rules-of-womens-racing\/#primaryimage\"},\"thumbnailUrl\":\"https:\/\/d2p6e6u75xmxt8.cloudfront.net\/2\/2019\/05\/2019-Colorado-Classic-presented-by-VF-Corporation-1.webp\",\"datePublished\":\"2019-05-24T09:10:22+00:00\",\"dateModified\":\"2019-05-24T09:11:22+00:00\",\"author\":{\"@id\":\"\"},\"description\":\"\u2018We want to build a blueprint that other events can follow and show the world that a sustainable model for women\u2019s racing does exist.\u2019 The Colorado\",\"breadcrumb\":{\"@id\":\"https:\/\/www.welovecycling.com\/wide\/2019\/05\/24\/how-the-colorado-classic-is-breaking-the-rules-of-womens-racing\/#breadcrumb\"},\"inLanguage\":\"en-US\",\"potentialAction\":[{\"@type\":\"ReadAction\",\"target\":[\"https:\/\/www.welovecycling.com\/wide\/2019\/05\/24\/how-the-colorado-classic-is-breaking-the-rules-of-womens-racing\/\"]}]},{\"@type\":\"ImageObject\",\"inLanguage\":\"en-US\",\"@id\":\"https:\/\/www.welovecycling.com\/wide\/2019\/05\/24\/how-the-colorado-classic-is-breaking-the-rules-of-womens-racing\/#primaryimage\",\"url\":\"https:\/\/d2p6e6u75xmxt8.cloudfront.net\/2\/2019\/05\/2019-Colorado-Classic-presented-by-VF-Corporation-1.webp\",\"contentUrl\":\"https:\/\/d2p6e6u75xmxt8.cloudfront.net\/2\/2019\/05\/2019-Colorado-Classic-presented-by-VF-Corporation-1.webp\",\"width\":900,\"height\":600},{\"@type\":\"BreadcrumbList\",\"@id\":\"https:\/\/www.welovecycling.com\/wide\/2019\/05\/24\/how-the-colorado-classic-is-breaking-the-rules-of-womens-racing\/#breadcrumb\",\"itemListElement\":[{\"@type\":\"ListItem\",\"position\":1,\"name\":\"Home\",\"item\":\"https:\/\/www.welovecycling.com\/wide\/\"},{\"@type\":\"ListItem\",\"position\":2,\"name\":\"How the Colorado Classic Is Breaking the Rules of Women\u2019s Racing\"}]},{\"@type\":\"WebSite\",\"@id\":\"https:\/\/www.welovecycling.com\/wide\/#website\",\"url\":\"https:\/\/www.welovecycling.com\/wide\/\",\"name\":\"\u0160koda We Love Cycling\",\"description\":\"\u0160koda We Love Cycling magazine\",\"alternateName\":\"\u0160koda WLC\",\"potentialAction\":[{\"@type\":\"SearchAction\",\"target\":{\"@type\":\"EntryPoint\",\"urlTemplate\":\"https:\/\/www.welovecycling.com\/wide\/?s={search_term_string}\"},\"query-input\":{\"@type\":\"PropertyValueSpecification\",\"valueRequired\":true,\"valueName\":\"search_term_string\"}}],\"inLanguage\":\"en-US\"},{\"@type\":\"Person\",\"@id\":\"\",\"url\":\"https:\/\/www.welovecycling.com\/wide\/author\/\"}]}<\/script>\n<!-- \/ Yoast SEO Premium plugin. -->","yoast_head_json":{"title":"How the Colorado Classic Is Breaking the Rules of Women\u2019s Racing - \u0160koda We Love Cycling","description":"\u2018We want to build a blueprint that other events can follow and show the world that a sustainable model for women\u2019s racing does exist.\u2019 The Colorado","robots":{"index":"index","follow":"follow","max-snippet":"max-snippet:-1","max-image-preview":"max-image-preview:large","max-video-preview":"max-video-preview:-1"},"canonical":"https:\/\/www.welovecycling.com\/wide\/2019\/05\/24\/how-the-colorado-classic-is-breaking-the-rules-of-womens-racing\/","og_locale":"en_US","og_type":"article","og_title":"How the Colorado Classic Is Breaking the Rules of Women\u2019s Racing","og_description":"\u2018We want to build a blueprint that other events can follow and show the world that a sustainable model for women\u2019s racing does exist.\u2019 The Colorado","og_url":"https:\/\/www.welovecycling.com\/wide\/2019\/05\/24\/how-the-colorado-classic-is-breaking-the-rules-of-womens-racing\/","og_site_name":"\u0160koda We Love Cycling","article_published_time":"2019-05-24T09:10:22+00:00","article_modified_time":"2019-05-24T09:11:22+00:00","og_image":[{"width":900,"height":600,"url":"https:\/\/d2p6e6u75xmxt8.cloudfront.net\/2\/2019\/05\/2019-Colorado-Classic-presented-by-VF-Corporation-1.webp","type":"image\/webp"}],"twitter_card":"summary_large_image","twitter_misc":{"Written by":"Megan Flottorp","Est. reading time":"7"},"schema":{"@context":"https:\/\/schema.org","@graph":[{"@type":"WebPage","@id":"https:\/\/www.welovecycling.com\/wide\/2019\/05\/24\/how-the-colorado-classic-is-breaking-the-rules-of-womens-racing\/","url":"https:\/\/www.welovecycling.com\/wide\/2019\/05\/24\/how-the-colorado-classic-is-breaking-the-rules-of-womens-racing\/","name":"How the Colorado Classic Is Breaking the Rules of Women\u2019s Racing - \u0160koda We Love Cycling","isPartOf":{"@id":"https:\/\/www.welovecycling.com\/wide\/#website"},"primaryImageOfPage":{"@id":"https:\/\/www.welovecycling.com\/wide\/2019\/05\/24\/how-the-colorado-classic-is-breaking-the-rules-of-womens-racing\/#primaryimage"},"image":{"@id":"https:\/\/www.welovecycling.com\/wide\/2019\/05\/24\/how-the-colorado-classic-is-breaking-the-rules-of-womens-racing\/#primaryimage"},"thumbnailUrl":"https:\/\/d2p6e6u75xmxt8.cloudfront.net\/2\/2019\/05\/2019-Colorado-Classic-presented-by-VF-Corporation-1.webp","datePublished":"2019-05-24T09:10:22+00:00","dateModified":"2019-05-24T09:11:22+00:00","author":{"@id":""},"description":"\u2018We want to build a blueprint that other events can follow and show the world that a sustainable model for women\u2019s racing does exist.\u2019 The Colorado","breadcrumb":{"@id":"https:\/\/www.welovecycling.com\/wide\/2019\/05\/24\/how-the-colorado-classic-is-breaking-the-rules-of-womens-racing\/#breadcrumb"},"inLanguage":"en-US","potentialAction":[{"@type":"ReadAction","target":["https:\/\/www.welovecycling.com\/wide\/2019\/05\/24\/how-the-colorado-classic-is-breaking-the-rules-of-womens-racing\/"]}]},{"@type":"ImageObject","inLanguage":"en-US","@id":"https:\/\/www.welovecycling.com\/wide\/2019\/05\/24\/how-the-colorado-classic-is-breaking-the-rules-of-womens-racing\/#primaryimage","url":"https:\/\/d2p6e6u75xmxt8.cloudfront.net\/2\/2019\/05\/2019-Colorado-Classic-presented-by-VF-Corporation-1.webp","contentUrl":"https:\/\/d2p6e6u75xmxt8.cloudfront.net\/2\/2019\/05\/2019-Colorado-Classic-presented-by-VF-Corporation-1.webp","width":900,"height":600},{"@type":"BreadcrumbList","@id":"https:\/\/www.welovecycling.com\/wide\/2019\/05\/24\/how-the-colorado-classic-is-breaking-the-rules-of-womens-racing\/#breadcrumb","itemListElement":[{"@type":"ListItem","position":1,"name":"Home","item":"https:\/\/www.welovecycling.com\/wide\/"},{"@type":"ListItem","position":2,"name":"How the Colorado Classic Is Breaking the Rules of Women\u2019s Racing"}]},{"@type":"WebSite","@id":"https:\/\/www.welovecycling.com\/wide\/#website","url":"https:\/\/www.welovecycling.com\/wide\/","name":"\u0160koda We Love Cycling","description":"\u0160koda We Love Cycling magazine","alternateName":"\u0160koda WLC","potentialAction":[{"@type":"SearchAction","target":{"@type":"EntryPoint","urlTemplate":"https:\/\/www.welovecycling.com\/wide\/?s={search_term_string}"},"query-input":{"@type":"PropertyValueSpecification","valueRequired":true,"valueName":"search_term_string"}}],"inLanguage":"en-US"},{"@type":"Person","@id":"","url":"https:\/\/www.welovecycling.com\/wide\/author\/"}]}},"_links":{"self":[{"href":"https:\/\/www.welovecycling.com\/wide\/wp-json\/wp\/v2\/posts\/173963","targetHints":{"allow":["GET"]}}],"collection":[{"href":"https:\/\/www.welovecycling.com\/wide\/wp-json\/wp\/v2\/posts"}],"about":[{"href":"https:\/\/www.welovecycling.com\/wide\/wp-json\/wp\/v2\/types\/post"}],"author":[{"embeddable":true,"href":"https:\/\/www.welovecycling.com\/wide\/wp-json\/wp\/v2\/users\/12"}],"replies":[{"embeddable":true,"href":"https:\/\/www.welovecycling.com\/wide\/wp-json\/wp\/v2\/comments?post=173963"}],"version-history":[{"count":2,"href":"https:\/\/www.welovecycling.com\/wide\/wp-json\/wp\/v2\/posts\/173963\/revisions"}],"predecessor-version":[{"id":173984,"href":"https:\/\/www.welovecycling.com\/wide\/wp-json\/wp\/v2\/posts\/173963\/revisions\/173984"}],"wp:featuredmedia":[{"embeddable":true,"href":"https:\/\/www.welovecycling.com\/wide\/wp-json\/wp\/v2\/media\/173976"}],"wp:attachment":[{"href":"https:\/\/www.welovecycling.com\/wide\/wp-json\/wp\/v2\/media?parent=173963"}],"wp:term":[{"taxonomy":"category","embeddable":true,"href":"https:\/\/www.welovecycling.com\/wide\/wp-json\/wp\/v2\/categories?post=173963"},{"taxonomy":"post_tag","embeddable":true,"href":"https:\/\/www.welovecycling.com\/wide\/wp-json\/wp\/v2\/tags?post=173963"},{"taxonomy":"global-categories","embeddable":true,"href":"https:\/\/www.welovecycling.com\/wide\/wp-json\/wp\/v2\/global-categories?post=173963"}],"curies":[{"name":"wp","href":"https:\/\/api.w.org\/{rel}","templated":true}]}}