{"id":173891,"date":"2019-05-20T10:58:03","date_gmt":"2019-05-20T10:58:03","guid":{"rendered":"https:\/\/www.welovecycling.com\/wide\/?p=173891"},"modified":"2019-05-20T10:59:58","modified_gmt":"2019-05-20T10:59:58","slug":"roglic-wins-giro-time-trial-and-other-cool-news-from-the-world-of-cycling","status":"publish","type":"post","link":"https:\/\/www.welovecycling.com\/wide\/2019\/05\/20\/roglic-wins-giro-time-trial-and-other-cool-news-from-the-world-of-cycling\/","title":{"rendered":"Rogli\u010d Wins Giro Time Trial and Other Cool News from the World of Cycling"},"content":{"rendered":"<p><strong>Another Monday is here and our news from the world of cycling with it. So, what did you miss?<\/strong><!--more--><\/p>\n<h2><strong>Rogli\u010d does it again<\/strong><\/h2>\n<p>Another time trial and another victory for the Slovenian superstar. Primo\u017e Rogli\u010d (Jumbo-Visma) landed a huge blow to his GC rivals. The first and second time checks showed only minimal gains in terms of seconds on the likes of Yates (Mitchelton-Scott) and Nibali (Bahrain-Merida), but in the end the 29-year-old crushed it. 1:05 quicker than Nibali, 3:11 over Yates.<\/p>\n<p>https:\/\/www.instagram.com\/p\/BxouanGhMul\/<\/p>\n<p>Rogli\u010d even managed to beat Victor Campenaerts (Lotto-Soudal), who, unlike the Slovenian, started on a dry track. However, we should mention that Campenaerts suffered a mechanical and had to change his bike in the last kilometre. Rogli\u010d now sits in second place with a comfortable lead on the real GC threats. Is there anyone who can stop him? What do you think?<\/p>\n<h4>Giro d\u2019Italia 2019 &#8211; Stage 9 Results<\/h4>\n<p>1. Primo\u017e Rogli\u010d (Jumbo-Visma) \u2013 51:52<br \/>\n2. Victor Campenaerts (Lotto-Soudal) + 11s<br \/>\n3. Bauke Mollema (Trek-Segafredo) + 1:00<br \/>\n4. Vincenzo Nibali (Bahrain-Merida) + 1:05<br \/>\n5. Tanel Kangert (EF Education First) + 1:10<br \/>\n6. Chad Haga (Sunweb) + 1:14<br \/>\n7. Bob Jungels (Deceuninck \u2013 Quick-Step) + 1:16<br \/>\n8. Hugh Carthy (EF Education First) + 1:30<br \/>\n9. Pello Bilbao (Astana) + 1:43<br \/>\n10. Mattia Cattaneo (Androni Giocattoli-Sidermic) + 1:52<\/p>\n<h4>GC After Stage 9<\/h4>\n<p>1. Valerio Conti (UAE Team Emirates) \u2013 36:08:32<br \/>\n2. Primo\u017e Rogli\u010d (Jumbo-Visma) + 1:50<br \/>\n3. Nans Peters (Ag2r La Mondiale) + 2:21<br \/>\n4. Jos\u00e9 Joaqu\u00edn Rojas (Movistar) + 2:33<br \/>\n5. Fausto Masnada (Androni Giocattoli-Sidermec) + 2:36<br \/>\n6. Andrey Amador (Movistar) + 2:39<br \/>\n7. Amaro Antunes (CCC Team) + 3:05<br \/>\n8. Valentin Madouas (Groupama-FDJ) + 3:27<br \/>\n9. Giovanni Carboni (Bardiani-CSF) + 3:30<br \/>\n10. Pello Bilbao (Astana) + 3:32<\/p>\n<h2><strong>Dra\u017eil takes seventh<\/strong><\/h2>\n<p>Our dear friend Martin Dra\u017eil placed seventh in the flatland competition at Bike Days Solothurn and made a little vlog about it. Congrats, buddy!<\/p>\n<p>https:\/\/www.instagram.com\/p\/BxiQTCKgSua\/<\/p>\n<h2><strong>Too true<\/strong><\/h2>\n<div class=\"embed-controller-wrapper\">\n<blockquote class=\"twitter-tweet\" data-width=\"500\" data-dnt=\"true\">\n<p lang=\"en\" dir=\"ltr\">How you get to your room after a 235km stage <a href=\"https:\/\/twitter.com\/hashtag\/gordoYdelgado?src=hash&amp;ref_src=twsrc%5Etfw\">#gordoYdelgado<\/a> <a href=\"https:\/\/t.co\/083A6LTeup\">pic.twitter.com\/083A6LTeup<\/a><\/p>\n<p>&mdash; Thomas De Gendt (@DeGendtThomas) <a href=\"https:\/\/twitter.com\/DeGendtThomas\/status\/1128361740985602048?ref_src=twsrc%5Etfw\">May 14, 2019<\/a><\/p><\/blockquote>\n<p><script async data-src=\"https:\/\/platform.twitter.com\/widgets.js\" charset=\"utf-8\"><\/script><\/div>\n<h2><strong>The mad queen<\/strong><\/h2>\n<p>https:\/\/www.instagram.com\/p\/BxhjUaZoSky\/<\/p>\n<h2><strong>Been there?<\/strong><\/h2>\n<div class=\"embed-controller-wrapper\">\n<blockquote class=\"twitter-tweet\" data-width=\"500\" data-dnt=\"true\">\n<p lang=\"en\" dir=\"ltr\">You know your TT position is aero when you hit a bump and punch yourself in the visor.<\/p>\n<p>&mdash; Chad Haga (@ChadHaga) <a href=\"https:\/\/twitter.com\/ChadHaga\/status\/1127263330844991488?ref_src=twsrc%5Etfw\">May 11, 2019<\/a><\/p><\/blockquote>\n<p><script async data-src=\"https:\/\/platform.twitter.com\/widgets.js\" charset=\"utf-8\"><\/script><\/div>\n","protected":false},"excerpt":{"rendered":"<p>Another Monday is here and our news from the world of cycling with it. So, what did you miss?<\/p>\n","protected":false},"author":12,"featured_media":173897,"comment_status":"open","ping_status":"open","sticky":false,"template":"","format":"standard","meta":{"footnotes":""},"categories":[329],"tags":[2648,1221,1786,2331,426],"global-categories":[],"class_list":["post-173891","post","type-post","status-publish","format-standard","has-post-thumbnail","hentry","category-road-cycling","tag-2019-giro","tag-primoz-roglic","tag-simon-yates","tag-victor-campenaerts","tag-vincenzo-nibali"],"yoast_head":"<!-- This site is optimized with the Yoast SEO Premium plugin v25.3 (Yoast SEO v25.9) - https:\/\/yoast.com\/wordpress\/plugins\/seo\/ -->\n<title>Rogli\u010d Wins Giro Time Trial and Other Cool News from the World of Cycling - \u0160koda We Love Cycling<\/title>\n<meta name=\"description\" content=\"Another Monday is here and our news from the world of cycling with it. So, what did you miss? Rogli\u010d does it again Another time trial and another victory\" \/>\n<meta name=\"robots\" content=\"index, follow, max-snippet:-1, max-image-preview:large, max-video-preview:-1\" \/>\n<link rel=\"canonical\" href=\"https:\/\/www.welovecycling.com\/wide\/2019\/05\/20\/roglic-wins-giro-time-trial-and-other-cool-news-from-the-world-of-cycling\/\" \/>\n<meta property=\"og:locale\" content=\"en_US\" \/>\n<meta property=\"og:type\" content=\"article\" \/>\n<meta property=\"og:title\" content=\"Rogli\u010d Wins Giro Time Trial and Other Cool News from the World of Cycling\" \/>\n<meta property=\"og:description\" content=\"Another Monday is here and our news from the world of cycling with it. So, what did you miss? Rogli\u010d does it again Another time trial and another victory\" \/>\n<meta property=\"og:url\" content=\"https:\/\/www.welovecycling.com\/wide\/2019\/05\/20\/roglic-wins-giro-time-trial-and-other-cool-news-from-the-world-of-cycling\/\" \/>\n<meta property=\"og:site_name\" content=\"\u0160koda We Love Cycling\" \/>\n<meta property=\"article:published_time\" content=\"2019-05-20T10:58:03+00:00\" \/>\n<meta property=\"article:modified_time\" content=\"2019-05-20T10:59:58+00:00\" \/>\n<meta property=\"og:image\" content=\"https:\/\/d2p6e6u75xmxt8.cloudfront.net\/2\/2019\/05\/Primoz-Roglic-CVR-profimedia-0434633519.webp\" \/>\n\t<meta property=\"og:image:width\" content=\"900\" \/>\n\t<meta property=\"og:image:height\" content=\"600\" \/>\n\t<meta property=\"og:image:type\" content=\"image\/webp\" \/>\n<meta name=\"twitter:card\" content=\"summary_large_image\" \/>\n<meta name=\"twitter:label1\" content=\"Written by\" \/>\n\t<meta name=\"twitter:data1\" content=\"Monica Buck\" \/>\n\t<meta name=\"twitter:label2\" content=\"Est. reading time\" \/>\n\t<meta name=\"twitter:data2\" content=\"4\" \/>\n<script type=\"application\/ld+json\" class=\"yoast-schema-graph\">{\"@context\":\"https:\/\/schema.org\",\"@graph\":[{\"@type\":\"WebPage\",\"@id\":\"https:\/\/www.welovecycling.com\/wide\/2019\/05\/20\/roglic-wins-giro-time-trial-and-other-cool-news-from-the-world-of-cycling\/\",\"url\":\"https:\/\/www.welovecycling.com\/wide\/2019\/05\/20\/roglic-wins-giro-time-trial-and-other-cool-news-from-the-world-of-cycling\/\",\"name\":\"Rogli\u010d Wins Giro Time Trial and Other Cool News from the World of Cycling - \u0160koda We Love Cycling\",\"isPartOf\":{\"@id\":\"https:\/\/www.welovecycling.com\/wide\/#website\"},\"primaryImageOfPage\":{\"@id\":\"https:\/\/www.welovecycling.com\/wide\/2019\/05\/20\/roglic-wins-giro-time-trial-and-other-cool-news-from-the-world-of-cycling\/#primaryimage\"},\"image\":{\"@id\":\"https:\/\/www.welovecycling.com\/wide\/2019\/05\/20\/roglic-wins-giro-time-trial-and-other-cool-news-from-the-world-of-cycling\/#primaryimage\"},\"thumbnailUrl\":\"https:\/\/d2p6e6u75xmxt8.cloudfront.net\/2\/2019\/05\/Primoz-Roglic-CVR-profimedia-0434633519.webp\",\"datePublished\":\"2019-05-20T10:58:03+00:00\",\"dateModified\":\"2019-05-20T10:59:58+00:00\",\"author\":{\"@id\":\"\"},\"description\":\"Another Monday is here and our news from the world of cycling with it. So, what did you miss? Rogli\u010d does it again Another time trial and another victory\",\"breadcrumb\":{\"@id\":\"https:\/\/www.welovecycling.com\/wide\/2019\/05\/20\/roglic-wins-giro-time-trial-and-other-cool-news-from-the-world-of-cycling\/#breadcrumb\"},\"inLanguage\":\"en-US\",\"potentialAction\":[{\"@type\":\"ReadAction\",\"target\":[\"https:\/\/www.welovecycling.com\/wide\/2019\/05\/20\/roglic-wins-giro-time-trial-and-other-cool-news-from-the-world-of-cycling\/\"]}]},{\"@type\":\"ImageObject\",\"inLanguage\":\"en-US\",\"@id\":\"https:\/\/www.welovecycling.com\/wide\/2019\/05\/20\/roglic-wins-giro-time-trial-and-other-cool-news-from-the-world-of-cycling\/#primaryimage\",\"url\":\"https:\/\/d2p6e6u75xmxt8.cloudfront.net\/2\/2019\/05\/Primoz-Roglic-CVR-profimedia-0434633519.webp\",\"contentUrl\":\"https:\/\/d2p6e6u75xmxt8.cloudfront.net\/2\/2019\/05\/Primoz-Roglic-CVR-profimedia-0434633519.webp\",\"width\":900,\"height\":600},{\"@type\":\"BreadcrumbList\",\"@id\":\"https:\/\/www.welovecycling.com\/wide\/2019\/05\/20\/roglic-wins-giro-time-trial-and-other-cool-news-from-the-world-of-cycling\/#breadcrumb\",\"itemListElement\":[{\"@type\":\"ListItem\",\"position\":1,\"name\":\"Home\",\"item\":\"https:\/\/www.welovecycling.com\/wide\/\"},{\"@type\":\"ListItem\",\"position\":2,\"name\":\"Rogli\u010d Wins Giro Time Trial and Other Cool News from the World of Cycling\"}]},{\"@type\":\"WebSite\",\"@id\":\"https:\/\/www.welovecycling.com\/wide\/#website\",\"url\":\"https:\/\/www.welovecycling.com\/wide\/\",\"name\":\"\u0160koda We Love Cycling\",\"description\":\"\u0160koda We Love Cycling magazine\",\"alternateName\":\"\u0160koda WLC\",\"potentialAction\":[{\"@type\":\"SearchAction\",\"target\":{\"@type\":\"EntryPoint\",\"urlTemplate\":\"https:\/\/www.welovecycling.com\/wide\/?s={search_term_string}\"},\"query-input\":{\"@type\":\"PropertyValueSpecification\",\"valueRequired\":true,\"valueName\":\"search_term_string\"}}],\"inLanguage\":\"en-US\"},{\"@type\":\"Person\",\"@id\":\"\",\"url\":\"https:\/\/www.welovecycling.com\/wide\/author\/\"}]}<\/script>\n<!-- \/ Yoast SEO Premium plugin. -->","yoast_head_json":{"title":"Rogli\u010d Wins Giro Time Trial and Other Cool News from the World of Cycling - \u0160koda We Love Cycling","description":"Another Monday is here and our news from the world of cycling with it. So, what did you miss? Rogli\u010d does it again Another time trial and another victory","robots":{"index":"index","follow":"follow","max-snippet":"max-snippet:-1","max-image-preview":"max-image-preview:large","max-video-preview":"max-video-preview:-1"},"canonical":"https:\/\/www.welovecycling.com\/wide\/2019\/05\/20\/roglic-wins-giro-time-trial-and-other-cool-news-from-the-world-of-cycling\/","og_locale":"en_US","og_type":"article","og_title":"Rogli\u010d Wins Giro Time Trial and Other Cool News from the World of Cycling","og_description":"Another Monday is here and our news from the world of cycling with it. So, what did you miss? Rogli\u010d does it again Another time trial and another victory","og_url":"https:\/\/www.welovecycling.com\/wide\/2019\/05\/20\/roglic-wins-giro-time-trial-and-other-cool-news-from-the-world-of-cycling\/","og_site_name":"\u0160koda We Love Cycling","article_published_time":"2019-05-20T10:58:03+00:00","article_modified_time":"2019-05-20T10:59:58+00:00","og_image":[{"width":900,"height":600,"url":"https:\/\/d2p6e6u75xmxt8.cloudfront.net\/2\/2019\/05\/Primoz-Roglic-CVR-profimedia-0434633519.webp","type":"image\/webp"}],"twitter_card":"summary_large_image","twitter_misc":{"Written by":"Monica Buck","Est. reading time":"4"},"schema":{"@context":"https:\/\/schema.org","@graph":[{"@type":"WebPage","@id":"https:\/\/www.welovecycling.com\/wide\/2019\/05\/20\/roglic-wins-giro-time-trial-and-other-cool-news-from-the-world-of-cycling\/","url":"https:\/\/www.welovecycling.com\/wide\/2019\/05\/20\/roglic-wins-giro-time-trial-and-other-cool-news-from-the-world-of-cycling\/","name":"Rogli\u010d Wins Giro Time Trial and Other Cool News from the World of Cycling - \u0160koda We Love Cycling","isPartOf":{"@id":"https:\/\/www.welovecycling.com\/wide\/#website"},"primaryImageOfPage":{"@id":"https:\/\/www.welovecycling.com\/wide\/2019\/05\/20\/roglic-wins-giro-time-trial-and-other-cool-news-from-the-world-of-cycling\/#primaryimage"},"image":{"@id":"https:\/\/www.welovecycling.com\/wide\/2019\/05\/20\/roglic-wins-giro-time-trial-and-other-cool-news-from-the-world-of-cycling\/#primaryimage"},"thumbnailUrl":"https:\/\/d2p6e6u75xmxt8.cloudfront.net\/2\/2019\/05\/Primoz-Roglic-CVR-profimedia-0434633519.webp","datePublished":"2019-05-20T10:58:03+00:00","dateModified":"2019-05-20T10:59:58+00:00","author":{"@id":""},"description":"Another Monday is here and our news from the world of cycling with it. So, what did you miss? Rogli\u010d does it again Another time trial and another victory","breadcrumb":{"@id":"https:\/\/www.welovecycling.com\/wide\/2019\/05\/20\/roglic-wins-giro-time-trial-and-other-cool-news-from-the-world-of-cycling\/#breadcrumb"},"inLanguage":"en-US","potentialAction":[{"@type":"ReadAction","target":["https:\/\/www.welovecycling.com\/wide\/2019\/05\/20\/roglic-wins-giro-time-trial-and-other-cool-news-from-the-world-of-cycling\/"]}]},{"@type":"ImageObject","inLanguage":"en-US","@id":"https:\/\/www.welovecycling.com\/wide\/2019\/05\/20\/roglic-wins-giro-time-trial-and-other-cool-news-from-the-world-of-cycling\/#primaryimage","url":"https:\/\/d2p6e6u75xmxt8.cloudfront.net\/2\/2019\/05\/Primoz-Roglic-CVR-profimedia-0434633519.webp","contentUrl":"https:\/\/d2p6e6u75xmxt8.cloudfront.net\/2\/2019\/05\/Primoz-Roglic-CVR-profimedia-0434633519.webp","width":900,"height":600},{"@type":"BreadcrumbList","@id":"https:\/\/www.welovecycling.com\/wide\/2019\/05\/20\/roglic-wins-giro-time-trial-and-other-cool-news-from-the-world-of-cycling\/#breadcrumb","itemListElement":[{"@type":"ListItem","position":1,"name":"Home","item":"https:\/\/www.welovecycling.com\/wide\/"},{"@type":"ListItem","position":2,"name":"Rogli\u010d Wins Giro Time Trial and Other Cool News from the World of Cycling"}]},{"@type":"WebSite","@id":"https:\/\/www.welovecycling.com\/wide\/#website","url":"https:\/\/www.welovecycling.com\/wide\/","name":"\u0160koda We Love Cycling","description":"\u0160koda We Love Cycling magazine","alternateName":"\u0160koda WLC","potentialAction":[{"@type":"SearchAction","target":{"@type":"EntryPoint","urlTemplate":"https:\/\/www.welovecycling.com\/wide\/?s={search_term_string}"},"query-input":{"@type":"PropertyValueSpecification","valueRequired":true,"valueName":"search_term_string"}}],"inLanguage":"en-US"},{"@type":"Person","@id":"","url":"https:\/\/www.welovecycling.com\/wide\/author\/"}]}},"_links":{"self":[{"href":"https:\/\/www.welovecycling.com\/wide\/wp-json\/wp\/v2\/posts\/173891","targetHints":{"allow":["GET"]}}],"collection":[{"href":"https:\/\/www.welovecycling.com\/wide\/wp-json\/wp\/v2\/posts"}],"about":[{"href":"https:\/\/www.welovecycling.com\/wide\/wp-json\/wp\/v2\/types\/post"}],"author":[{"embeddable":true,"href":"https:\/\/www.welovecycling.com\/wide\/wp-json\/wp\/v2\/users\/12"}],"replies":[{"embeddable":true,"href":"https:\/\/www.welovecycling.com\/wide\/wp-json\/wp\/v2\/comments?post=173891"}],"version-history":[{"count":2,"href":"https:\/\/www.welovecycling.com\/wide\/wp-json\/wp\/v2\/posts\/173891\/revisions"}],"predecessor-version":[{"id":173985,"href":"https:\/\/www.welovecycling.com\/wide\/wp-json\/wp\/v2\/posts\/173891\/revisions\/173985"}],"wp:featuredmedia":[{"embeddable":true,"href":"https:\/\/www.welovecycling.com\/wide\/wp-json\/wp\/v2\/media\/173897"}],"wp:attachment":[{"href":"https:\/\/www.welovecycling.com\/wide\/wp-json\/wp\/v2\/media?parent=173891"}],"wp:term":[{"taxonomy":"category","embeddable":true,"href":"https:\/\/www.welovecycling.com\/wide\/wp-json\/wp\/v2\/categories?post=173891"},{"taxonomy":"post_tag","embeddable":true,"href":"https:\/\/www.welovecycling.com\/wide\/wp-json\/wp\/v2\/tags?post=173891"},{"taxonomy":"global-categories","embeddable":true,"href":"https:\/\/www.welovecycling.com\/wide\/wp-json\/wp\/v2\/global-categories?post=173891"}],"curies":[{"name":"wp","href":"https:\/\/api.w.org\/{rel}","templated":true}]}}