{"id":173774,"date":"2019-05-13T10:47:37","date_gmt":"2019-05-13T10:47:37","guid":{"rendered":"https:\/\/www.welovecycling.com\/wide\/?p=173774"},"modified":"2019-05-13T10:48:07","modified_gmt":"2019-05-13T10:48:07","slug":"roglic-leads-the-giro-and-other-cool-news-from-the-world-of-cycling","status":"publish","type":"post","link":"https:\/\/www.welovecycling.com\/wide\/2019\/05\/13\/roglic-leads-the-giro-and-other-cool-news-from-the-world-of-cycling\/","title":{"rendered":"Rogli\u010d Leads the Giro and Other Cool News from the World of Cycling"},"content":{"rendered":"<p><strong>Another Monday is here and our news from the world of cycling with it. So, what did you miss?<\/strong><!--more--><\/p>\n<h2><strong>Start to finish in pink for Rogli\u010d?<\/strong><\/h2>\n<p>The Slovenian came to Giro as a one of the main favourites. He won all the three races he entered this season. He got the pink jersey on the very first day of the Giro and now there are talks he could stay in it till the very end. Something like that hasn\u2019t happened in nearly 30 years. Is he really on a different level than the rest of the riders? Let us know your opinion!<\/p>\n<div class=\"embed-controller-wrapper\">\n<blockquote class=\"twitter-tweet\" data-width=\"500\" data-dnt=\"true\">\n<p lang=\"it\" dir=\"ltr\">La Maglia Rosa &#8211; <a href=\"https:\/\/twitter.com\/EnelGroupIT?ref_src=twsrc%5Etfw\">@EnelGroupIT<\/a>: <a href=\"https:\/\/twitter.com\/rogla?ref_src=twsrc%5Etfw\">@rogla<\/a> \u2764\ufe0f <a href=\"https:\/\/twitter.com\/hashtag\/Giro?src=hash&amp;ref_src=twsrc%5Etfw\">#Giro<\/a> <a href=\"https:\/\/t.co\/o7xQe89ZKk\">pic.twitter.com\/o7xQe89ZKk<\/a><\/p>\n<p>&mdash; Giro d&#39;Italia (@giroditalia) <a href=\"https:\/\/twitter.com\/giroditalia\/status\/1127878159624544258?ref_src=twsrc%5Etfw\">May 13, 2019<\/a><\/p><\/blockquote>\n<p><script async data-src=\"https:\/\/platform.twitter.com\/widgets.js\" charset=\"utf-8\"><\/script><\/div>\n<p>Pascal Ackermann won on his first real opportunity in stage two, which must have come as a relief for the 25-year-old German. There were talks that Bora-Hansgrohe may have made a mistake omitting Sam Bennett from the roster this year. Bennett won three stages last year and was publicly displeased about being left out. So far, however, it seems they made the right decision.<\/p>\n<p>\u201cFor sure there was big pressure, but it is my first Grand Tour and you never know what will happen in your first Grand Tour. I\u2019m happy to have won my first stage,\u201d Ackermann said.<\/p>\n<h4>GC after stage two<\/h4>\n<p>1. Primo\u017e Rogli\u010d (Jumbo-Visma) &#8211; 4:57:42<br \/>\n2. Simon Yates (Mitchelton-Scott) + 19s<br \/>\n3. Vincenzo Nibali (Bahrain-Merida) + 23s<br \/>\n4. Miguel \u00c1ngel L\u00f3pez (Astana) + 28s<br \/>\n5. Tom Dumoulin (Sunweb)<br \/>\n6. Rafa\u0142 Majka (Bora-Hansgrohe) + 33s<br \/>\n7. Tao Geoghegan Hart (Team Ineos) + 35s<br \/>\n8. Laurens De Plus (Jumbo-Visma)<br \/>\n9. Bauke Mollema (Trek-Segafredo) + 39s<br \/>\n10. Damiano Caruso (Bahrain-Merida) + 40s<\/p>\n<h2><strong>It\u2019s about respect<\/strong><\/h2>\n<p>https:\/\/www.instagram.com\/p\/BxXwVkNn0nj\/<\/p>\n<h2><strong>No, nooo&#8230;<\/strong><\/h2>\n<div class=\"embed-controller-wrapper\">\n<blockquote class=\"twitter-tweet\" data-width=\"500\" data-dnt=\"true\">\n<p lang=\"en\" dir=\"ltr\">Conor Dunne&#39;s Giro d&#39;Italia diary: &#39;For about 15km I must have looked like a snowman who&#39;d just taken up cycling&#39;<a href=\"https:\/\/t.co\/IfLMxM5hcY\">https:\/\/t.co\/IfLMxM5hcY<\/a> <a href=\"https:\/\/t.co\/8exzmG12Y9\">pic.twitter.com\/8exzmG12Y9<\/a><\/p>\n<p>&mdash; Irish Independent Sport (@IndoSport) <a href=\"https:\/\/twitter.com\/IndoSport\/status\/1127649689766125568?ref_src=twsrc%5Etfw\">May 12, 2019<\/a><\/p><\/blockquote>\n<p><script async data-src=\"https:\/\/platform.twitter.com\/widgets.js\" charset=\"utf-8\"><\/script><\/div>\n<h2><strong>Been there?<\/strong><\/h2>\n<div class=\"embed-controller-wrapper\">\n<blockquote class=\"twitter-tweet\" data-width=\"500\" data-dnt=\"true\">\n<p lang=\"en\" dir=\"ltr\">You know it\u2019s been a pretty tough day when you very nearly put jam in your pasta instead of your smoothie, bit like the time the day after TTT Worlds I put ketchup in my coffee by mistake <a href=\"https:\/\/twitter.com\/hashtag\/tired?src=hash&amp;ref_src=twsrc%5Etfw\">#tired<\/a><\/p>\n<p>&mdash; Alex Dowsett (@alexdowsett) <a href=\"https:\/\/twitter.com\/alexdowsett\/status\/1126897126133440513?ref_src=twsrc%5Etfw\">May 10, 2019<\/a><\/p><\/blockquote>\n<p><script async data-src=\"https:\/\/platform.twitter.com\/widgets.js\" charset=\"utf-8\"><\/script><\/div>\n","protected":false},"excerpt":{"rendered":"<p>Another Monday is here and our news from the world of cycling with it. So, what did you miss?<\/p>\n","protected":false},"author":12,"featured_media":173779,"comment_status":"open","ping_status":"open","sticky":false,"template":"","format":"standard","meta":{"footnotes":""},"categories":[329],"tags":[2648,1709,1431,3007,1221,1468],"global-categories":[],"class_list":["post-173774","post","type-post","status-publish","format-standard","has-post-thumbnail","hentry","category-road-cycling","tag-2019-giro","tag-alex-dowsett","tag-conor-dunne","tag-pascal-ackerman","tag-primoz-roglic","tag-sam-bennett"],"yoast_head":"<!-- This site is optimized with the Yoast SEO Premium plugin v25.3 (Yoast SEO v25.9) - https:\/\/yoast.com\/wordpress\/plugins\/seo\/ -->\n<title>Rogli\u010d Leads the Giro and Other Cool News from the World of Cycling - \u0160koda We Love Cycling<\/title>\n<meta name=\"description\" content=\"Another Monday is here and our news from the world of cycling with it. So, what did you miss? Start to finish in pink for Rogli\u010d? The Slovenian came to\" \/>\n<meta name=\"robots\" content=\"index, follow, max-snippet:-1, max-image-preview:large, max-video-preview:-1\" \/>\n<link rel=\"canonical\" href=\"https:\/\/www.welovecycling.com\/wide\/2019\/05\/13\/roglic-leads-the-giro-and-other-cool-news-from-the-world-of-cycling\/\" \/>\n<meta property=\"og:locale\" content=\"en_US\" \/>\n<meta property=\"og:type\" content=\"article\" \/>\n<meta property=\"og:title\" content=\"Rogli\u010d Leads the Giro and Other Cool News from the World of Cycling\" \/>\n<meta property=\"og:description\" content=\"Another Monday is here and our news from the world of cycling with it. So, what did you miss? Start to finish in pink for Rogli\u010d? The Slovenian came to\" \/>\n<meta property=\"og:url\" content=\"https:\/\/www.welovecycling.com\/wide\/2019\/05\/13\/roglic-leads-the-giro-and-other-cool-news-from-the-world-of-cycling\/\" \/>\n<meta property=\"og:site_name\" content=\"\u0160koda We Love Cycling\" \/>\n<meta property=\"article:published_time\" content=\"2019-05-13T10:47:37+00:00\" \/>\n<meta property=\"article:modified_time\" content=\"2019-05-13T10:48:07+00:00\" \/>\n<meta property=\"og:image\" content=\"https:\/\/d2p6e6u75xmxt8.cloudfront.net\/2\/2019\/05\/primoz-roglic-CVR-profimedia-0432708987.webp\" \/>\n\t<meta property=\"og:image:width\" content=\"900\" \/>\n\t<meta property=\"og:image:height\" content=\"600\" \/>\n\t<meta property=\"og:image:type\" content=\"image\/webp\" \/>\n<meta name=\"twitter:card\" content=\"summary_large_image\" \/>\n<meta name=\"twitter:label1\" content=\"Written by\" \/>\n\t<meta name=\"twitter:data1\" content=\"Monica Buck\" \/>\n\t<meta name=\"twitter:label2\" content=\"Est. reading time\" \/>\n\t<meta name=\"twitter:data2\" content=\"3\" \/>\n<script type=\"application\/ld+json\" class=\"yoast-schema-graph\">{\"@context\":\"https:\/\/schema.org\",\"@graph\":[{\"@type\":\"WebPage\",\"@id\":\"https:\/\/www.welovecycling.com\/wide\/2019\/05\/13\/roglic-leads-the-giro-and-other-cool-news-from-the-world-of-cycling\/\",\"url\":\"https:\/\/www.welovecycling.com\/wide\/2019\/05\/13\/roglic-leads-the-giro-and-other-cool-news-from-the-world-of-cycling\/\",\"name\":\"Rogli\u010d Leads the Giro and Other Cool News from the World of Cycling - \u0160koda We Love Cycling\",\"isPartOf\":{\"@id\":\"https:\/\/www.welovecycling.com\/wide\/#website\"},\"primaryImageOfPage\":{\"@id\":\"https:\/\/www.welovecycling.com\/wide\/2019\/05\/13\/roglic-leads-the-giro-and-other-cool-news-from-the-world-of-cycling\/#primaryimage\"},\"image\":{\"@id\":\"https:\/\/www.welovecycling.com\/wide\/2019\/05\/13\/roglic-leads-the-giro-and-other-cool-news-from-the-world-of-cycling\/#primaryimage\"},\"thumbnailUrl\":\"https:\/\/d2p6e6u75xmxt8.cloudfront.net\/2\/2019\/05\/primoz-roglic-CVR-profimedia-0432708987.webp\",\"datePublished\":\"2019-05-13T10:47:37+00:00\",\"dateModified\":\"2019-05-13T10:48:07+00:00\",\"author\":{\"@id\":\"\"},\"description\":\"Another Monday is here and our news from the world of cycling with it. So, what did you miss? Start to finish in pink for Rogli\u010d? The Slovenian came to\",\"breadcrumb\":{\"@id\":\"https:\/\/www.welovecycling.com\/wide\/2019\/05\/13\/roglic-leads-the-giro-and-other-cool-news-from-the-world-of-cycling\/#breadcrumb\"},\"inLanguage\":\"en-US\",\"potentialAction\":[{\"@type\":\"ReadAction\",\"target\":[\"https:\/\/www.welovecycling.com\/wide\/2019\/05\/13\/roglic-leads-the-giro-and-other-cool-news-from-the-world-of-cycling\/\"]}]},{\"@type\":\"ImageObject\",\"inLanguage\":\"en-US\",\"@id\":\"https:\/\/www.welovecycling.com\/wide\/2019\/05\/13\/roglic-leads-the-giro-and-other-cool-news-from-the-world-of-cycling\/#primaryimage\",\"url\":\"https:\/\/d2p6e6u75xmxt8.cloudfront.net\/2\/2019\/05\/primoz-roglic-CVR-profimedia-0432708987.webp\",\"contentUrl\":\"https:\/\/d2p6e6u75xmxt8.cloudfront.net\/2\/2019\/05\/primoz-roglic-CVR-profimedia-0432708987.webp\",\"width\":900,\"height\":600},{\"@type\":\"BreadcrumbList\",\"@id\":\"https:\/\/www.welovecycling.com\/wide\/2019\/05\/13\/roglic-leads-the-giro-and-other-cool-news-from-the-world-of-cycling\/#breadcrumb\",\"itemListElement\":[{\"@type\":\"ListItem\",\"position\":1,\"name\":\"Home\",\"item\":\"https:\/\/www.welovecycling.com\/wide\/\"},{\"@type\":\"ListItem\",\"position\":2,\"name\":\"Rogli\u010d Leads the Giro and Other Cool News from the World of Cycling\"}]},{\"@type\":\"WebSite\",\"@id\":\"https:\/\/www.welovecycling.com\/wide\/#website\",\"url\":\"https:\/\/www.welovecycling.com\/wide\/\",\"name\":\"\u0160koda We Love Cycling\",\"description\":\"\u0160koda We Love Cycling magazine\",\"alternateName\":\"\u0160koda WLC\",\"potentialAction\":[{\"@type\":\"SearchAction\",\"target\":{\"@type\":\"EntryPoint\",\"urlTemplate\":\"https:\/\/www.welovecycling.com\/wide\/?s={search_term_string}\"},\"query-input\":{\"@type\":\"PropertyValueSpecification\",\"valueRequired\":true,\"valueName\":\"search_term_string\"}}],\"inLanguage\":\"en-US\"},{\"@type\":\"Person\",\"@id\":\"\",\"url\":\"https:\/\/www.welovecycling.com\/wide\/author\/\"}]}<\/script>\n<!-- \/ Yoast SEO Premium plugin. -->","yoast_head_json":{"title":"Rogli\u010d Leads the Giro and Other Cool News from the World of Cycling - \u0160koda We Love Cycling","description":"Another Monday is here and our news from the world of cycling with it. So, what did you miss? Start to finish in pink for Rogli\u010d? The Slovenian came to","robots":{"index":"index","follow":"follow","max-snippet":"max-snippet:-1","max-image-preview":"max-image-preview:large","max-video-preview":"max-video-preview:-1"},"canonical":"https:\/\/www.welovecycling.com\/wide\/2019\/05\/13\/roglic-leads-the-giro-and-other-cool-news-from-the-world-of-cycling\/","og_locale":"en_US","og_type":"article","og_title":"Rogli\u010d Leads the Giro and Other Cool News from the World of Cycling","og_description":"Another Monday is here and our news from the world of cycling with it. So, what did you miss? Start to finish in pink for Rogli\u010d? The Slovenian came to","og_url":"https:\/\/www.welovecycling.com\/wide\/2019\/05\/13\/roglic-leads-the-giro-and-other-cool-news-from-the-world-of-cycling\/","og_site_name":"\u0160koda We Love Cycling","article_published_time":"2019-05-13T10:47:37+00:00","article_modified_time":"2019-05-13T10:48:07+00:00","og_image":[{"width":900,"height":600,"url":"https:\/\/d2p6e6u75xmxt8.cloudfront.net\/2\/2019\/05\/primoz-roglic-CVR-profimedia-0432708987.webp","type":"image\/webp"}],"twitter_card":"summary_large_image","twitter_misc":{"Written by":"Monica Buck","Est. reading time":"3"},"schema":{"@context":"https:\/\/schema.org","@graph":[{"@type":"WebPage","@id":"https:\/\/www.welovecycling.com\/wide\/2019\/05\/13\/roglic-leads-the-giro-and-other-cool-news-from-the-world-of-cycling\/","url":"https:\/\/www.welovecycling.com\/wide\/2019\/05\/13\/roglic-leads-the-giro-and-other-cool-news-from-the-world-of-cycling\/","name":"Rogli\u010d Leads the Giro and Other Cool News from the World of Cycling - \u0160koda We Love Cycling","isPartOf":{"@id":"https:\/\/www.welovecycling.com\/wide\/#website"},"primaryImageOfPage":{"@id":"https:\/\/www.welovecycling.com\/wide\/2019\/05\/13\/roglic-leads-the-giro-and-other-cool-news-from-the-world-of-cycling\/#primaryimage"},"image":{"@id":"https:\/\/www.welovecycling.com\/wide\/2019\/05\/13\/roglic-leads-the-giro-and-other-cool-news-from-the-world-of-cycling\/#primaryimage"},"thumbnailUrl":"https:\/\/d2p6e6u75xmxt8.cloudfront.net\/2\/2019\/05\/primoz-roglic-CVR-profimedia-0432708987.webp","datePublished":"2019-05-13T10:47:37+00:00","dateModified":"2019-05-13T10:48:07+00:00","author":{"@id":""},"description":"Another Monday is here and our news from the world of cycling with it. So, what did you miss? Start to finish in pink for Rogli\u010d? The Slovenian came to","breadcrumb":{"@id":"https:\/\/www.welovecycling.com\/wide\/2019\/05\/13\/roglic-leads-the-giro-and-other-cool-news-from-the-world-of-cycling\/#breadcrumb"},"inLanguage":"en-US","potentialAction":[{"@type":"ReadAction","target":["https:\/\/www.welovecycling.com\/wide\/2019\/05\/13\/roglic-leads-the-giro-and-other-cool-news-from-the-world-of-cycling\/"]}]},{"@type":"ImageObject","inLanguage":"en-US","@id":"https:\/\/www.welovecycling.com\/wide\/2019\/05\/13\/roglic-leads-the-giro-and-other-cool-news-from-the-world-of-cycling\/#primaryimage","url":"https:\/\/d2p6e6u75xmxt8.cloudfront.net\/2\/2019\/05\/primoz-roglic-CVR-profimedia-0432708987.webp","contentUrl":"https:\/\/d2p6e6u75xmxt8.cloudfront.net\/2\/2019\/05\/primoz-roglic-CVR-profimedia-0432708987.webp","width":900,"height":600},{"@type":"BreadcrumbList","@id":"https:\/\/www.welovecycling.com\/wide\/2019\/05\/13\/roglic-leads-the-giro-and-other-cool-news-from-the-world-of-cycling\/#breadcrumb","itemListElement":[{"@type":"ListItem","position":1,"name":"Home","item":"https:\/\/www.welovecycling.com\/wide\/"},{"@type":"ListItem","position":2,"name":"Rogli\u010d Leads the Giro and Other Cool News from the World of Cycling"}]},{"@type":"WebSite","@id":"https:\/\/www.welovecycling.com\/wide\/#website","url":"https:\/\/www.welovecycling.com\/wide\/","name":"\u0160koda We Love Cycling","description":"\u0160koda We Love Cycling magazine","alternateName":"\u0160koda WLC","potentialAction":[{"@type":"SearchAction","target":{"@type":"EntryPoint","urlTemplate":"https:\/\/www.welovecycling.com\/wide\/?s={search_term_string}"},"query-input":{"@type":"PropertyValueSpecification","valueRequired":true,"valueName":"search_term_string"}}],"inLanguage":"en-US"},{"@type":"Person","@id":"","url":"https:\/\/www.welovecycling.com\/wide\/author\/"}]}},"_links":{"self":[{"href":"https:\/\/www.welovecycling.com\/wide\/wp-json\/wp\/v2\/posts\/173774","targetHints":{"allow":["GET"]}}],"collection":[{"href":"https:\/\/www.welovecycling.com\/wide\/wp-json\/wp\/v2\/posts"}],"about":[{"href":"https:\/\/www.welovecycling.com\/wide\/wp-json\/wp\/v2\/types\/post"}],"author":[{"embeddable":true,"href":"https:\/\/www.welovecycling.com\/wide\/wp-json\/wp\/v2\/users\/12"}],"replies":[{"embeddable":true,"href":"https:\/\/www.welovecycling.com\/wide\/wp-json\/wp\/v2\/comments?post=173774"}],"version-history":[{"count":2,"href":"https:\/\/www.welovecycling.com\/wide\/wp-json\/wp\/v2\/posts\/173774\/revisions"}],"predecessor-version":[{"id":173780,"href":"https:\/\/www.welovecycling.com\/wide\/wp-json\/wp\/v2\/posts\/173774\/revisions\/173780"}],"wp:featuredmedia":[{"embeddable":true,"href":"https:\/\/www.welovecycling.com\/wide\/wp-json\/wp\/v2\/media\/173779"}],"wp:attachment":[{"href":"https:\/\/www.welovecycling.com\/wide\/wp-json\/wp\/v2\/media?parent=173774"}],"wp:term":[{"taxonomy":"category","embeddable":true,"href":"https:\/\/www.welovecycling.com\/wide\/wp-json\/wp\/v2\/categories?post=173774"},{"taxonomy":"post_tag","embeddable":true,"href":"https:\/\/www.welovecycling.com\/wide\/wp-json\/wp\/v2\/tags?post=173774"},{"taxonomy":"global-categories","embeddable":true,"href":"https:\/\/www.welovecycling.com\/wide\/wp-json\/wp\/v2\/global-categories?post=173774"}],"curies":[{"name":"wp","href":"https:\/\/api.w.org\/{rel}","templated":true}]}}