{"id":173361,"date":"2019-04-15T11:28:10","date_gmt":"2019-04-15T11:28:10","guid":{"rendered":"https:\/\/www.welovecycling.com\/wide\/?p=173361"},"modified":"2019-04-15T11:28:10","modified_gmt":"2019-04-15T11:28:10","slug":"women-leading-women-why-it-matters-in-professional-cycling","status":"publish","type":"post","link":"https:\/\/www.welovecycling.com\/wide\/2019\/04\/15\/women-leading-women-why-it-matters-in-professional-cycling\/","title":{"rendered":"Women Leading Women: Why It Matters in Professional Cycling"},"content":{"rendered":"<p><strong>Kicking off the racing season, Trek-Segafredo garnered a lot of attention for the fact that their new women\u2019s team is directed by two cycling heavyweights, who also happen to be women\u2014Ina Teutenberg and Giorgia Bronzini. The reason this is such a big deal? It is still pretty rare to see women in leadership roles, whether we\u2019re talking cycling or something else. Although the women\u2019s cycling scene is certainly coming into its own, management roles still tend to be mainly populated by men.<\/strong><!--more--><\/p>\n<p>This needs to change. The dynamic at play when women lead women is unique, strong, and deeply effective. And there are historical precedents, even in cycling, to back that up.<\/p>\n<figure id=\"attachment_173364\" aria-describedby=\"caption-attachment-173364\" style=\"width: 1250px\" class=\"wp-caption alignnone\"><a href=\"https:\/\/d2p6e6u75xmxt8.cloudfront.net\/2\/2019\/04\/Ina-Teutenberg-profimedia-0133698460.jpg\"><img loading=\"lazy\" decoding=\"async\" class=\"size-full wp-image-173364\" src=\"https:\/\/d2p6e6u75xmxt8.cloudfront.net\/2\/2019\/04\/Ina-Teutenberg-profimedia-0133698460.jpg\" alt=\"\" width=\"1250\" height=\"827\" \/><\/a><figcaption id=\"caption-attachment-173364\" class=\"wp-caption-text\">Trixi Worrack, Judith Arndt Ina-Yoko Teutenberg show their medals at the ladies&#8217; individual time-trial during the German&#8217;s cycling Championships, on June 22, 2012 in Zwenckau, Germany. \u00a9 Profimedia, AFP<\/figcaption><\/figure>\n<p>Take the case of Millie Robinson and Eileen Gray, for example. Millie Robinson, one of the largely unsung heroes of women\u2019s racing, won the first women\u2019s Tour de France in 1955. A few years down the road she went on to set a new hour record and was considered the top rider on the road. She\u2019s remembered today as an important ambassador for women\u2019s racing, a rider who demonstrated fierce determination while being considered warm and cheerful by her fellow competitors.<\/p>\n<p>Of course, no one reaches this level of success without a solid network of support, and Millie Robinson\u2019s story is closely linked to that of Eileen Gray. Gray managed Robinson\u2019s team when she won the Tour de France and was instrumental in both helping to shape her career and in the larger context of cycling history. Gray was the driving force that got the UCI to introduce a women\u2019s World Championships, and, later, a women\u2019s road race at the Olympics.\u00a0Devoted, accomplished, and fiercely supportive of other women cyclists, Grey was described like this: \u201cShe was like a battleship, in that if you sailed with her, you knew you would be looked after, and she would protect you to the death.\u201d<\/p>\n<figure id=\"attachment_173365\" aria-describedby=\"caption-attachment-173365\" style=\"width: 708px\" class=\"wp-caption alignnone\"><a href=\"https:\/\/d2p6e6u75xmxt8.cloudfront.net\/2\/2019\/04\/565846.JPG.jpg\"><img loading=\"lazy\" decoding=\"async\" class=\"size-full wp-image-173365\" src=\"https:\/\/d2p6e6u75xmxt8.cloudfront.net\/2\/2019\/04\/565846.JPG.jpg\" alt=\"\" width=\"708\" height=\"898\" \/><\/a><figcaption id=\"caption-attachment-173365\" class=\"wp-caption-text\">Millie Robinson posing next to her bicycle.<\/figcaption><\/figure>\n<p>Now that\u2019s the kind of person you want in your corner. The strength and value of these relationships continues to shine through as we see it unfolding with the success Trek-Segafredo has had so far this season, and with the accomplishments of other strong women mentors in the world of cycling. When women lead women, special things happen.<\/p>\n<p>Thanks to a natural inclination towards empathy and a high valuation of relationships, women are predisposed to have a strong understanding of what drives and motivates people. They\u2019re also able to more easily understand that different people require different kinds of acknowledgement and feedback regarding their performance\u2014a skill that is vital in the world of professional sports.<\/p>\n<p>It is important that organizations take steps to facilitate the development of these mentorship relationships. <a href=\"https:\/\/journals.aom.org\/doi\/abs\/10.5465\/256398\">Studies have found<\/a> that women have a more difficult time finding mentors than men and encounter added barriers on the road to establishing the kind of support system they need. This is notable because, as we\u2019ve talked about before, <a href=\"https:\/\/www.welovecycling.com\/wide\/2018\/09\/07\/the-important-role-of-mentorship-in-womens-cycling\/\">mentorship plays an incredibly important role<\/a>, not only in achieving success, but also in maintaining a healthy and satisfying relationship towards one\u2019s passion.<\/p>\n<figure id=\"attachment_173366\" aria-describedby=\"caption-attachment-173366\" style=\"width: 1250px\" class=\"wp-caption alignnone\"><a href=\"https:\/\/d2p6e6u75xmxt8.cloudfront.net\/2\/2019\/04\/profimedia-0332303874.jpg\"><img loading=\"lazy\" decoding=\"async\" class=\"size-full wp-image-173366\" src=\"https:\/\/d2p6e6u75xmxt8.cloudfront.net\/2\/2019\/04\/profimedia-0332303874.jpg\" alt=\"\" width=\"1250\" height=\"833\" \/><\/a><figcaption id=\"caption-attachment-173366\" class=\"wp-caption-text\">Giorgia Bronzini celebrates after winning the final stage of the Amgen Breakaway From Heart Disease Women&#8217;s Race Empowered by SRAM on May 14, 2017 in Sacramento, California. \u00a9 Profimedia, Getty images<\/figcaption><\/figure>\n<p>For those reasons, and many more, we\u2019d like to see more women in leadership roles throughout the professional cycling ecosystem. Women have proven over and over again that, despite often starting out at a disadvantage, they have what it takes to defy the odds. They demonstrate high emotional intelligence, are strong communicators, and are able to check their egos at the door. So in remembering the legacy of Millie Robinson and Eileen Gray, and looking towards the future of women\u2019s cycling, here\u2019s to seeing a lot more women in roles where they have the chance to lead by example.<\/p>\n","protected":false},"excerpt":{"rendered":"<p>Kicking off the racing season, Trek-Segafredo garnered a lot of attention for the fact that their new women\u2019s team is [&hellip;]<\/p>\n","protected":false},"author":12,"featured_media":173367,"comment_status":"open","ping_status":"open","sticky":false,"template":"","format":"standard","meta":{"footnotes":""},"categories":[334],"tags":[2790,2914,2709,2913,2712,538],"global-categories":[],"class_list":["post-173361","post","type-post","status-publish","format-standard","has-post-thumbnail","hentry","category-socialising-and-culture","tag-eileen-gray","tag-giorgia-bronzini","tag-ina-teutenberg","tag-millie-robinson","tag-trek-segafredo","tag-women-cycling"],"yoast_head":"<!-- This site is optimized with the Yoast SEO Premium plugin v25.3 (Yoast SEO v25.9) - https:\/\/yoast.com\/wordpress\/plugins\/seo\/ -->\n<title>Women Leading Women: Why It Matters in Professional Cycling - \u0160koda We Love Cycling<\/title>\n<meta name=\"description\" content=\"Kicking off the racing season, Trek-Segafredo garnered a lot of attention for the fact that their new women\u2019s team is directed by two cycling\" \/>\n<meta name=\"robots\" content=\"index, follow, max-snippet:-1, max-image-preview:large, max-video-preview:-1\" \/>\n<link rel=\"canonical\" href=\"https:\/\/www.welovecycling.com\/wide\/2019\/04\/15\/women-leading-women-why-it-matters-in-professional-cycling\/\" \/>\n<meta property=\"og:locale\" content=\"en_US\" \/>\n<meta property=\"og:type\" content=\"article\" \/>\n<meta property=\"og:title\" content=\"Women Leading Women: Why It Matters in Professional Cycling\" \/>\n<meta property=\"og:description\" content=\"Kicking off the racing season, Trek-Segafredo garnered a lot of attention for the fact that their new women\u2019s team is directed by two cycling\" \/>\n<meta property=\"og:url\" content=\"https:\/\/www.welovecycling.com\/wide\/2019\/04\/15\/women-leading-women-why-it-matters-in-professional-cycling\/\" \/>\n<meta property=\"og:site_name\" content=\"\u0160koda We Love Cycling\" \/>\n<meta property=\"article:published_time\" content=\"2019-04-15T11:28:10+00:00\" \/>\n<meta property=\"og:image\" content=\"https:\/\/d2p6e6u75xmxt8.cloudfront.net\/2\/2019\/04\/Trek-Segafredo-CVR-profimedia-0411234988.webp\" \/>\n\t<meta property=\"og:image:width\" content=\"900\" \/>\n\t<meta property=\"og:image:height\" content=\"600\" \/>\n\t<meta property=\"og:image:type\" content=\"image\/webp\" \/>\n<meta name=\"twitter:card\" content=\"summary_large_image\" \/>\n<meta name=\"twitter:label1\" content=\"Written by\" \/>\n\t<meta name=\"twitter:data1\" content=\"Megan Flottorp\" \/>\n\t<meta name=\"twitter:label2\" content=\"Est. reading time\" \/>\n\t<meta name=\"twitter:data2\" content=\"6\" \/>\n<script type=\"application\/ld+json\" class=\"yoast-schema-graph\">{\"@context\":\"https:\/\/schema.org\",\"@graph\":[{\"@type\":\"WebPage\",\"@id\":\"https:\/\/www.welovecycling.com\/wide\/2019\/04\/15\/women-leading-women-why-it-matters-in-professional-cycling\/\",\"url\":\"https:\/\/www.welovecycling.com\/wide\/2019\/04\/15\/women-leading-women-why-it-matters-in-professional-cycling\/\",\"name\":\"Women Leading Women: Why It Matters in Professional Cycling - \u0160koda We Love Cycling\",\"isPartOf\":{\"@id\":\"https:\/\/www.welovecycling.com\/wide\/#website\"},\"primaryImageOfPage\":{\"@id\":\"https:\/\/www.welovecycling.com\/wide\/2019\/04\/15\/women-leading-women-why-it-matters-in-professional-cycling\/#primaryimage\"},\"image\":{\"@id\":\"https:\/\/www.welovecycling.com\/wide\/2019\/04\/15\/women-leading-women-why-it-matters-in-professional-cycling\/#primaryimage\"},\"thumbnailUrl\":\"https:\/\/d2p6e6u75xmxt8.cloudfront.net\/2\/2019\/04\/Trek-Segafredo-CVR-profimedia-0411234988.webp\",\"datePublished\":\"2019-04-15T11:28:10+00:00\",\"author\":{\"@id\":\"\"},\"description\":\"Kicking off the racing season, Trek-Segafredo garnered a lot of attention for the fact that their new women\u2019s team is directed by two cycling\",\"breadcrumb\":{\"@id\":\"https:\/\/www.welovecycling.com\/wide\/2019\/04\/15\/women-leading-women-why-it-matters-in-professional-cycling\/#breadcrumb\"},\"inLanguage\":\"en-US\",\"potentialAction\":[{\"@type\":\"ReadAction\",\"target\":[\"https:\/\/www.welovecycling.com\/wide\/2019\/04\/15\/women-leading-women-why-it-matters-in-professional-cycling\/\"]}]},{\"@type\":\"ImageObject\",\"inLanguage\":\"en-US\",\"@id\":\"https:\/\/www.welovecycling.com\/wide\/2019\/04\/15\/women-leading-women-why-it-matters-in-professional-cycling\/#primaryimage\",\"url\":\"https:\/\/d2p6e6u75xmxt8.cloudfront.net\/2\/2019\/04\/Trek-Segafredo-CVR-profimedia-0411234988.webp\",\"contentUrl\":\"https:\/\/d2p6e6u75xmxt8.cloudfront.net\/2\/2019\/04\/Trek-Segafredo-CVR-profimedia-0411234988.webp\",\"width\":900,\"height\":600},{\"@type\":\"BreadcrumbList\",\"@id\":\"https:\/\/www.welovecycling.com\/wide\/2019\/04\/15\/women-leading-women-why-it-matters-in-professional-cycling\/#breadcrumb\",\"itemListElement\":[{\"@type\":\"ListItem\",\"position\":1,\"name\":\"Home\",\"item\":\"https:\/\/www.welovecycling.com\/wide\/\"},{\"@type\":\"ListItem\",\"position\":2,\"name\":\"Women Leading Women: Why It Matters in Professional Cycling\"}]},{\"@type\":\"WebSite\",\"@id\":\"https:\/\/www.welovecycling.com\/wide\/#website\",\"url\":\"https:\/\/www.welovecycling.com\/wide\/\",\"name\":\"\u0160koda We Love Cycling\",\"description\":\"\u0160koda We Love Cycling magazine\",\"alternateName\":\"\u0160koda WLC\",\"potentialAction\":[{\"@type\":\"SearchAction\",\"target\":{\"@type\":\"EntryPoint\",\"urlTemplate\":\"https:\/\/www.welovecycling.com\/wide\/?s={search_term_string}\"},\"query-input\":{\"@type\":\"PropertyValueSpecification\",\"valueRequired\":true,\"valueName\":\"search_term_string\"}}],\"inLanguage\":\"en-US\"},{\"@type\":\"Person\",\"@id\":\"\",\"url\":\"https:\/\/www.welovecycling.com\/wide\/author\/\"}]}<\/script>\n<!-- \/ Yoast SEO Premium plugin. -->","yoast_head_json":{"title":"Women Leading Women: Why It Matters in Professional Cycling - \u0160koda We Love Cycling","description":"Kicking off the racing season, Trek-Segafredo garnered a lot of attention for the fact that their new women\u2019s team is directed by two cycling","robots":{"index":"index","follow":"follow","max-snippet":"max-snippet:-1","max-image-preview":"max-image-preview:large","max-video-preview":"max-video-preview:-1"},"canonical":"https:\/\/www.welovecycling.com\/wide\/2019\/04\/15\/women-leading-women-why-it-matters-in-professional-cycling\/","og_locale":"en_US","og_type":"article","og_title":"Women Leading Women: Why It Matters in Professional Cycling","og_description":"Kicking off the racing season, Trek-Segafredo garnered a lot of attention for the fact that their new women\u2019s team is directed by two cycling","og_url":"https:\/\/www.welovecycling.com\/wide\/2019\/04\/15\/women-leading-women-why-it-matters-in-professional-cycling\/","og_site_name":"\u0160koda We Love Cycling","article_published_time":"2019-04-15T11:28:10+00:00","og_image":[{"width":900,"height":600,"url":"https:\/\/d2p6e6u75xmxt8.cloudfront.net\/2\/2019\/04\/Trek-Segafredo-CVR-profimedia-0411234988.webp","type":"image\/webp"}],"twitter_card":"summary_large_image","twitter_misc":{"Written by":"Megan Flottorp","Est. reading time":"6"},"schema":{"@context":"https:\/\/schema.org","@graph":[{"@type":"WebPage","@id":"https:\/\/www.welovecycling.com\/wide\/2019\/04\/15\/women-leading-women-why-it-matters-in-professional-cycling\/","url":"https:\/\/www.welovecycling.com\/wide\/2019\/04\/15\/women-leading-women-why-it-matters-in-professional-cycling\/","name":"Women Leading Women: Why It Matters in Professional Cycling - \u0160koda We Love Cycling","isPartOf":{"@id":"https:\/\/www.welovecycling.com\/wide\/#website"},"primaryImageOfPage":{"@id":"https:\/\/www.welovecycling.com\/wide\/2019\/04\/15\/women-leading-women-why-it-matters-in-professional-cycling\/#primaryimage"},"image":{"@id":"https:\/\/www.welovecycling.com\/wide\/2019\/04\/15\/women-leading-women-why-it-matters-in-professional-cycling\/#primaryimage"},"thumbnailUrl":"https:\/\/d2p6e6u75xmxt8.cloudfront.net\/2\/2019\/04\/Trek-Segafredo-CVR-profimedia-0411234988.webp","datePublished":"2019-04-15T11:28:10+00:00","author":{"@id":""},"description":"Kicking off the racing season, Trek-Segafredo garnered a lot of attention for the fact that their new women\u2019s team is directed by two cycling","breadcrumb":{"@id":"https:\/\/www.welovecycling.com\/wide\/2019\/04\/15\/women-leading-women-why-it-matters-in-professional-cycling\/#breadcrumb"},"inLanguage":"en-US","potentialAction":[{"@type":"ReadAction","target":["https:\/\/www.welovecycling.com\/wide\/2019\/04\/15\/women-leading-women-why-it-matters-in-professional-cycling\/"]}]},{"@type":"ImageObject","inLanguage":"en-US","@id":"https:\/\/www.welovecycling.com\/wide\/2019\/04\/15\/women-leading-women-why-it-matters-in-professional-cycling\/#primaryimage","url":"https:\/\/d2p6e6u75xmxt8.cloudfront.net\/2\/2019\/04\/Trek-Segafredo-CVR-profimedia-0411234988.webp","contentUrl":"https:\/\/d2p6e6u75xmxt8.cloudfront.net\/2\/2019\/04\/Trek-Segafredo-CVR-profimedia-0411234988.webp","width":900,"height":600},{"@type":"BreadcrumbList","@id":"https:\/\/www.welovecycling.com\/wide\/2019\/04\/15\/women-leading-women-why-it-matters-in-professional-cycling\/#breadcrumb","itemListElement":[{"@type":"ListItem","position":1,"name":"Home","item":"https:\/\/www.welovecycling.com\/wide\/"},{"@type":"ListItem","position":2,"name":"Women Leading Women: Why It Matters in Professional Cycling"}]},{"@type":"WebSite","@id":"https:\/\/www.welovecycling.com\/wide\/#website","url":"https:\/\/www.welovecycling.com\/wide\/","name":"\u0160koda We Love Cycling","description":"\u0160koda We Love Cycling magazine","alternateName":"\u0160koda WLC","potentialAction":[{"@type":"SearchAction","target":{"@type":"EntryPoint","urlTemplate":"https:\/\/www.welovecycling.com\/wide\/?s={search_term_string}"},"query-input":{"@type":"PropertyValueSpecification","valueRequired":true,"valueName":"search_term_string"}}],"inLanguage":"en-US"},{"@type":"Person","@id":"","url":"https:\/\/www.welovecycling.com\/wide\/author\/"}]}},"_links":{"self":[{"href":"https:\/\/www.welovecycling.com\/wide\/wp-json\/wp\/v2\/posts\/173361","targetHints":{"allow":["GET"]}}],"collection":[{"href":"https:\/\/www.welovecycling.com\/wide\/wp-json\/wp\/v2\/posts"}],"about":[{"href":"https:\/\/www.welovecycling.com\/wide\/wp-json\/wp\/v2\/types\/post"}],"author":[{"embeddable":true,"href":"https:\/\/www.welovecycling.com\/wide\/wp-json\/wp\/v2\/users\/12"}],"replies":[{"embeddable":true,"href":"https:\/\/www.welovecycling.com\/wide\/wp-json\/wp\/v2\/comments?post=173361"}],"version-history":[{"count":2,"href":"https:\/\/www.welovecycling.com\/wide\/wp-json\/wp\/v2\/posts\/173361\/revisions"}],"predecessor-version":[{"id":173368,"href":"https:\/\/www.welovecycling.com\/wide\/wp-json\/wp\/v2\/posts\/173361\/revisions\/173368"}],"wp:featuredmedia":[{"embeddable":true,"href":"https:\/\/www.welovecycling.com\/wide\/wp-json\/wp\/v2\/media\/173367"}],"wp:attachment":[{"href":"https:\/\/www.welovecycling.com\/wide\/wp-json\/wp\/v2\/media?parent=173361"}],"wp:term":[{"taxonomy":"category","embeddable":true,"href":"https:\/\/www.welovecycling.com\/wide\/wp-json\/wp\/v2\/categories?post=173361"},{"taxonomy":"post_tag","embeddable":true,"href":"https:\/\/www.welovecycling.com\/wide\/wp-json\/wp\/v2\/tags?post=173361"},{"taxonomy":"global-categories","embeddable":true,"href":"https:\/\/www.welovecycling.com\/wide\/wp-json\/wp\/v2\/global-categories?post=173361"}],"curies":[{"name":"wp","href":"https:\/\/api.w.org\/{rel}","templated":true}]}}