{"id":172751,"date":"2019-03-11T12:36:19","date_gmt":"2019-03-11T12:36:19","guid":{"rendered":"https:\/\/www.welovecycling.com\/wide\/?p=172751"},"modified":"2019-03-11T12:36:19","modified_gmt":"2019-03-11T12:36:19","slug":"alaphilippe-wins-strade-bianche-and-other-cool-news-from-the-world-of-cycling","status":"publish","type":"post","link":"https:\/\/www.welovecycling.com\/wide\/2019\/03\/11\/alaphilippe-wins-strade-bianche-and-other-cool-news-from-the-world-of-cycling\/","title":{"rendered":"Alaphilippe Wins Strade Bianche and Other Cool News from the World of Cycling"},"content":{"rendered":"<p><strong>Another Monday is here and our news from the world of cycling with it. So, what did you miss?<\/strong><!--more--><\/p>\n<h2><strong>Julian Alaphilippe wins Strade Bianche on the first attempt<\/strong><\/h2>\n<p>Another big win for Deceuninck \u2013 Quick-Step. After the triumphs at Omloop Het Nieuwsblad, Kuurne-Brussels-Kuurne and Le Samyn, Julian Alaphilippe claimed another one for the Belgian team.<\/p>\n<p>\u201cWe always have pressure, everybody looks at Deceuninck \u2013 Quick-Step team. Everybody puts the responsibilities on my team because we win a lot, so today we took our responsibility again,\u201d Alaphilippe said.<\/p>\n<div class=\"embed-controller-wrapper\">\n<blockquote class=\"twitter-tweet\" data-width=\"500\" data-dnt=\"true\">\n<p lang=\"en\" dir=\"ltr\">\ud83c\uddeb\ud83c\uddf7 @alafpolak vince la <a href=\"https:\/\/twitter.com\/hashtag\/StradeBianche?src=hash&amp;ref_src=twsrc%5Etfw\">#StradeBianche<\/a> <a href=\"https:\/\/twitter.com\/NamedSport?ref_src=twsrc%5Etfw\">@NamedSport<\/a> 2019 | \ud83c\uddeb\ud83c\uddf7 @alafpolak wins the <a href=\"https:\/\/twitter.com\/hashtag\/StradeBianche?src=hash&amp;ref_src=twsrc%5Etfw\">#StradeBianche<\/a> <a href=\"https:\/\/twitter.com\/NamedSport?ref_src=twsrc%5Etfw\">@NamedSport<\/a> 2019 <a href=\"https:\/\/t.co\/bNowK2Bepr\">pic.twitter.com\/bNowK2Bepr<\/a><\/p>\n<p>&mdash; Strade Bianche (@StradeBianche) <a href=\"https:\/\/twitter.com\/StradeBianche\/status\/1104388762438721536?ref_src=twsrc%5Etfw\">March 9, 2019<\/a><\/p><\/blockquote>\n<p><script async data-src=\"https:\/\/platform.twitter.com\/widgets.js\" charset=\"utf-8\"><\/script><\/div>\n<p>The team had Alaphilippe, \u0160tybar and Lampaert in the final group. In the end, it came to a battle between Alaphilippe, Fuglsang (Astana) and Van Aert (Jumbo-Visma). The Frenchman was the strongest and fulfilled his goal for the start of the season.<\/p>\n<p>\u201cWe were three strong riders from the team in the final so we could play with the others, and in the end I was on a good day. It was my first big goal and I\u2019m really happy.\u201d<\/p>\n<h4><strong>Strade Bianche 2019<\/strong><\/h4>\n<p>1. Julian Alaphilippe (Deceuninck \u2013 Quick-Step) 4:47:14<br \/>\n2. Jakob Fuglsang (Astana) +2s<br \/>\n3. Wout van Aert (Jumbo-Visma) +27s<br \/>\n4. Zdenek Stybar (Deceuninck \u2013 Quick-Step) +1:00<br \/>\n5. Tiesj Benoot (Lotto-Soudal) +1:00<br \/>\n6. Greg Van Avermaet (CCC Team) +1:01<br \/>\n7. Alexey Lutsenko (Astana) +1:04<br \/>\n8. Simon Clarke (EF Education First) +1:08<br \/>\n9. Toms Skujin\u0161 (Trek-Segafredo) +1:12<br \/>\n10. Tim Wellens (Lotto-Soudal) +1:21<\/p>\n<h2><strong>Amazing skills<\/strong><\/h2>\n<p>https:\/\/www.instagram.com\/p\/BuikT_xhTkW\/<\/p>\n<h2><strong>Lovely Monday<\/strong><\/h2>\n<div class=\"embed-controller-wrapper\">\n<blockquote class=\"twitter-tweet\" data-width=\"500\" data-dnt=\"true\">\n<p lang=\"en\" dir=\"ltr\">Cobblestones &amp; frites, proper combination \ud83c\udf5f\ud83c\udde7\ud83c\uddea <a href=\"https:\/\/twitter.com\/cyclingflanders?ref_src=twsrc%5Etfw\">@cyclingflanders<\/a> <a href=\"https:\/\/t.co\/tJES7q7tme\">pic.twitter.com\/tJES7q7tme<\/a><\/p>\n<p>&mdash; Brad Wiggins (@SirWiggo) <a href=\"https:\/\/twitter.com\/SirWiggo\/status\/1102684387454406656?ref_src=twsrc%5Etfw\">March 4, 2019<\/a><\/p><\/blockquote>\n<p><script async data-src=\"https:\/\/platform.twitter.com\/widgets.js\" charset=\"utf-8\"><\/script><\/div>\n<h2><strong>Intentional?<\/strong><\/h2>\n<div class=\"embed-controller-wrapper\">\n<blockquote class=\"twitter-tweet\" data-width=\"500\" data-dnt=\"true\">\n<p lang=\"en\" dir=\"ltr\">Thanks <a href=\"https:\/\/twitter.com\/teamsky?ref_src=twsrc%5Etfw\">@TeamSky<\/a> for making me a year younger \ud83d\ude09\ud83d\ude1c <a href=\"https:\/\/t.co\/45uHj3PyuF\">https:\/\/t.co\/45uHj3PyuF<\/a><\/p>\n<p>&mdash; Christian Knees (@ChristianKnees) <a href=\"https:\/\/twitter.com\/ChristianKnees\/status\/1102902890316906497?ref_src=twsrc%5Etfw\">March 5, 2019<\/a><\/p><\/blockquote>\n<p><script async data-src=\"https:\/\/platform.twitter.com\/widgets.js\" charset=\"utf-8\"><\/script><\/div>\n<h2><strong>Hold my beer<\/strong><\/h2>\n<p>https:\/\/www.instagram.com\/p\/BuwQYIenFnD\/<\/p>\n","protected":false},"excerpt":{"rendered":"<p>Another Monday is here and our news from the world of cycling with it. So, what did you miss?<\/p>\n","protected":false},"author":12,"featured_media":172757,"comment_status":"open","ping_status":"open","sticky":false,"template":"","format":"standard","meta":{"footnotes":""},"categories":[329],"tags":[525,1148,1887,831],"global-categories":[],"class_list":["post-172751","post","type-post","status-publish","format-standard","has-post-thumbnail","hentry","category-road-cycling","tag-bradley-wiggins","tag-jakob-fuglsang","tag-julian-alaphilippe","tag-wout-van-aert"],"yoast_head":"<!-- This site is optimized with the Yoast SEO Premium plugin v25.3 (Yoast SEO v25.9) - https:\/\/yoast.com\/wordpress\/plugins\/seo\/ -->\n<title>Alaphilippe Wins Strade Bianche and Other Cool News from the World of Cycling - \u0160koda We Love Cycling<\/title>\n<meta name=\"description\" content=\"Another Monday is here and our news from the world of cycling with it. So, what did you miss? Julian Alaphilippe wins Strade Bianche on the first attempt\" \/>\n<meta name=\"robots\" content=\"index, follow, max-snippet:-1, max-image-preview:large, max-video-preview:-1\" \/>\n<link rel=\"canonical\" href=\"https:\/\/www.welovecycling.com\/wide\/2019\/03\/11\/alaphilippe-wins-strade-bianche-and-other-cool-news-from-the-world-of-cycling\/\" \/>\n<meta property=\"og:locale\" content=\"en_US\" \/>\n<meta property=\"og:type\" content=\"article\" \/>\n<meta property=\"og:title\" content=\"Alaphilippe Wins Strade Bianche and Other Cool News from the World of Cycling\" \/>\n<meta property=\"og:description\" content=\"Another Monday is here and our news from the world of cycling with it. So, what did you miss? Julian Alaphilippe wins Strade Bianche on the first attempt\" \/>\n<meta property=\"og:url\" content=\"https:\/\/www.welovecycling.com\/wide\/2019\/03\/11\/alaphilippe-wins-strade-bianche-and-other-cool-news-from-the-world-of-cycling\/\" \/>\n<meta property=\"og:site_name\" content=\"\u0160koda We Love Cycling\" \/>\n<meta property=\"article:published_time\" content=\"2019-03-11T12:36:19+00:00\" \/>\n<meta property=\"og:image\" content=\"https:\/\/d2p6e6u75xmxt8.cloudfront.net\/2\/2019\/03\/Julian-Alaphilippe-CVR-profimedia-0418418106.webp\" \/>\n\t<meta property=\"og:image:width\" content=\"900\" \/>\n\t<meta property=\"og:image:height\" content=\"600\" \/>\n\t<meta property=\"og:image:type\" content=\"image\/webp\" \/>\n<meta name=\"twitter:card\" content=\"summary_large_image\" \/>\n<meta name=\"twitter:label1\" content=\"Written by\" \/>\n\t<meta name=\"twitter:data1\" content=\"Monica Buck\" \/>\n\t<meta name=\"twitter:label2\" content=\"Est. reading time\" \/>\n\t<meta name=\"twitter:data2\" content=\"3\" \/>\n<script type=\"application\/ld+json\" class=\"yoast-schema-graph\">{\"@context\":\"https:\/\/schema.org\",\"@graph\":[{\"@type\":\"WebPage\",\"@id\":\"https:\/\/www.welovecycling.com\/wide\/2019\/03\/11\/alaphilippe-wins-strade-bianche-and-other-cool-news-from-the-world-of-cycling\/\",\"url\":\"https:\/\/www.welovecycling.com\/wide\/2019\/03\/11\/alaphilippe-wins-strade-bianche-and-other-cool-news-from-the-world-of-cycling\/\",\"name\":\"Alaphilippe Wins Strade Bianche and Other Cool News from the World of Cycling - \u0160koda We Love Cycling\",\"isPartOf\":{\"@id\":\"https:\/\/www.welovecycling.com\/wide\/#website\"},\"primaryImageOfPage\":{\"@id\":\"https:\/\/www.welovecycling.com\/wide\/2019\/03\/11\/alaphilippe-wins-strade-bianche-and-other-cool-news-from-the-world-of-cycling\/#primaryimage\"},\"image\":{\"@id\":\"https:\/\/www.welovecycling.com\/wide\/2019\/03\/11\/alaphilippe-wins-strade-bianche-and-other-cool-news-from-the-world-of-cycling\/#primaryimage\"},\"thumbnailUrl\":\"https:\/\/d2p6e6u75xmxt8.cloudfront.net\/2\/2019\/03\/Julian-Alaphilippe-CVR-profimedia-0418418106.webp\",\"datePublished\":\"2019-03-11T12:36:19+00:00\",\"author\":{\"@id\":\"\"},\"description\":\"Another Monday is here and our news from the world of cycling with it. So, what did you miss? Julian Alaphilippe wins Strade Bianche on the first attempt\",\"breadcrumb\":{\"@id\":\"https:\/\/www.welovecycling.com\/wide\/2019\/03\/11\/alaphilippe-wins-strade-bianche-and-other-cool-news-from-the-world-of-cycling\/#breadcrumb\"},\"inLanguage\":\"en-US\",\"potentialAction\":[{\"@type\":\"ReadAction\",\"target\":[\"https:\/\/www.welovecycling.com\/wide\/2019\/03\/11\/alaphilippe-wins-strade-bianche-and-other-cool-news-from-the-world-of-cycling\/\"]}]},{\"@type\":\"ImageObject\",\"inLanguage\":\"en-US\",\"@id\":\"https:\/\/www.welovecycling.com\/wide\/2019\/03\/11\/alaphilippe-wins-strade-bianche-and-other-cool-news-from-the-world-of-cycling\/#primaryimage\",\"url\":\"https:\/\/d2p6e6u75xmxt8.cloudfront.net\/2\/2019\/03\/Julian-Alaphilippe-CVR-profimedia-0418418106.webp\",\"contentUrl\":\"https:\/\/d2p6e6u75xmxt8.cloudfront.net\/2\/2019\/03\/Julian-Alaphilippe-CVR-profimedia-0418418106.webp\",\"width\":900,\"height\":600},{\"@type\":\"BreadcrumbList\",\"@id\":\"https:\/\/www.welovecycling.com\/wide\/2019\/03\/11\/alaphilippe-wins-strade-bianche-and-other-cool-news-from-the-world-of-cycling\/#breadcrumb\",\"itemListElement\":[{\"@type\":\"ListItem\",\"position\":1,\"name\":\"Home\",\"item\":\"https:\/\/www.welovecycling.com\/wide\/\"},{\"@type\":\"ListItem\",\"position\":2,\"name\":\"Alaphilippe Wins Strade Bianche and Other Cool News from the World of Cycling\"}]},{\"@type\":\"WebSite\",\"@id\":\"https:\/\/www.welovecycling.com\/wide\/#website\",\"url\":\"https:\/\/www.welovecycling.com\/wide\/\",\"name\":\"\u0160koda We Love Cycling\",\"description\":\"\u0160koda We Love Cycling magazine\",\"alternateName\":\"\u0160koda WLC\",\"potentialAction\":[{\"@type\":\"SearchAction\",\"target\":{\"@type\":\"EntryPoint\",\"urlTemplate\":\"https:\/\/www.welovecycling.com\/wide\/?s={search_term_string}\"},\"query-input\":{\"@type\":\"PropertyValueSpecification\",\"valueRequired\":true,\"valueName\":\"search_term_string\"}}],\"inLanguage\":\"en-US\"},{\"@type\":\"Person\",\"@id\":\"\",\"url\":\"https:\/\/www.welovecycling.com\/wide\/author\/\"}]}<\/script>\n<!-- \/ Yoast SEO Premium plugin. -->","yoast_head_json":{"title":"Alaphilippe Wins Strade Bianche and Other Cool News from the World of Cycling - \u0160koda We Love Cycling","description":"Another Monday is here and our news from the world of cycling with it. So, what did you miss? Julian Alaphilippe wins Strade Bianche on the first attempt","robots":{"index":"index","follow":"follow","max-snippet":"max-snippet:-1","max-image-preview":"max-image-preview:large","max-video-preview":"max-video-preview:-1"},"canonical":"https:\/\/www.welovecycling.com\/wide\/2019\/03\/11\/alaphilippe-wins-strade-bianche-and-other-cool-news-from-the-world-of-cycling\/","og_locale":"en_US","og_type":"article","og_title":"Alaphilippe Wins Strade Bianche and Other Cool News from the World of Cycling","og_description":"Another Monday is here and our news from the world of cycling with it. So, what did you miss? Julian Alaphilippe wins Strade Bianche on the first attempt","og_url":"https:\/\/www.welovecycling.com\/wide\/2019\/03\/11\/alaphilippe-wins-strade-bianche-and-other-cool-news-from-the-world-of-cycling\/","og_site_name":"\u0160koda We Love Cycling","article_published_time":"2019-03-11T12:36:19+00:00","og_image":[{"width":900,"height":600,"url":"https:\/\/d2p6e6u75xmxt8.cloudfront.net\/2\/2019\/03\/Julian-Alaphilippe-CVR-profimedia-0418418106.webp","type":"image\/webp"}],"twitter_card":"summary_large_image","twitter_misc":{"Written by":"Monica Buck","Est. reading time":"3"},"schema":{"@context":"https:\/\/schema.org","@graph":[{"@type":"WebPage","@id":"https:\/\/www.welovecycling.com\/wide\/2019\/03\/11\/alaphilippe-wins-strade-bianche-and-other-cool-news-from-the-world-of-cycling\/","url":"https:\/\/www.welovecycling.com\/wide\/2019\/03\/11\/alaphilippe-wins-strade-bianche-and-other-cool-news-from-the-world-of-cycling\/","name":"Alaphilippe Wins Strade Bianche and Other Cool News from the World of Cycling - \u0160koda We Love Cycling","isPartOf":{"@id":"https:\/\/www.welovecycling.com\/wide\/#website"},"primaryImageOfPage":{"@id":"https:\/\/www.welovecycling.com\/wide\/2019\/03\/11\/alaphilippe-wins-strade-bianche-and-other-cool-news-from-the-world-of-cycling\/#primaryimage"},"image":{"@id":"https:\/\/www.welovecycling.com\/wide\/2019\/03\/11\/alaphilippe-wins-strade-bianche-and-other-cool-news-from-the-world-of-cycling\/#primaryimage"},"thumbnailUrl":"https:\/\/d2p6e6u75xmxt8.cloudfront.net\/2\/2019\/03\/Julian-Alaphilippe-CVR-profimedia-0418418106.webp","datePublished":"2019-03-11T12:36:19+00:00","author":{"@id":""},"description":"Another Monday is here and our news from the world of cycling with it. So, what did you miss? Julian Alaphilippe wins Strade Bianche on the first attempt","breadcrumb":{"@id":"https:\/\/www.welovecycling.com\/wide\/2019\/03\/11\/alaphilippe-wins-strade-bianche-and-other-cool-news-from-the-world-of-cycling\/#breadcrumb"},"inLanguage":"en-US","potentialAction":[{"@type":"ReadAction","target":["https:\/\/www.welovecycling.com\/wide\/2019\/03\/11\/alaphilippe-wins-strade-bianche-and-other-cool-news-from-the-world-of-cycling\/"]}]},{"@type":"ImageObject","inLanguage":"en-US","@id":"https:\/\/www.welovecycling.com\/wide\/2019\/03\/11\/alaphilippe-wins-strade-bianche-and-other-cool-news-from-the-world-of-cycling\/#primaryimage","url":"https:\/\/d2p6e6u75xmxt8.cloudfront.net\/2\/2019\/03\/Julian-Alaphilippe-CVR-profimedia-0418418106.webp","contentUrl":"https:\/\/d2p6e6u75xmxt8.cloudfront.net\/2\/2019\/03\/Julian-Alaphilippe-CVR-profimedia-0418418106.webp","width":900,"height":600},{"@type":"BreadcrumbList","@id":"https:\/\/www.welovecycling.com\/wide\/2019\/03\/11\/alaphilippe-wins-strade-bianche-and-other-cool-news-from-the-world-of-cycling\/#breadcrumb","itemListElement":[{"@type":"ListItem","position":1,"name":"Home","item":"https:\/\/www.welovecycling.com\/wide\/"},{"@type":"ListItem","position":2,"name":"Alaphilippe Wins Strade Bianche and Other Cool News from the World of Cycling"}]},{"@type":"WebSite","@id":"https:\/\/www.welovecycling.com\/wide\/#website","url":"https:\/\/www.welovecycling.com\/wide\/","name":"\u0160koda We Love Cycling","description":"\u0160koda We Love Cycling magazine","alternateName":"\u0160koda WLC","potentialAction":[{"@type":"SearchAction","target":{"@type":"EntryPoint","urlTemplate":"https:\/\/www.welovecycling.com\/wide\/?s={search_term_string}"},"query-input":{"@type":"PropertyValueSpecification","valueRequired":true,"valueName":"search_term_string"}}],"inLanguage":"en-US"},{"@type":"Person","@id":"","url":"https:\/\/www.welovecycling.com\/wide\/author\/"}]}},"_links":{"self":[{"href":"https:\/\/www.welovecycling.com\/wide\/wp-json\/wp\/v2\/posts\/172751","targetHints":{"allow":["GET"]}}],"collection":[{"href":"https:\/\/www.welovecycling.com\/wide\/wp-json\/wp\/v2\/posts"}],"about":[{"href":"https:\/\/www.welovecycling.com\/wide\/wp-json\/wp\/v2\/types\/post"}],"author":[{"embeddable":true,"href":"https:\/\/www.welovecycling.com\/wide\/wp-json\/wp\/v2\/users\/12"}],"replies":[{"embeddable":true,"href":"https:\/\/www.welovecycling.com\/wide\/wp-json\/wp\/v2\/comments?post=172751"}],"version-history":[{"count":1,"href":"https:\/\/www.welovecycling.com\/wide\/wp-json\/wp\/v2\/posts\/172751\/revisions"}],"predecessor-version":[{"id":172758,"href":"https:\/\/www.welovecycling.com\/wide\/wp-json\/wp\/v2\/posts\/172751\/revisions\/172758"}],"wp:featuredmedia":[{"embeddable":true,"href":"https:\/\/www.welovecycling.com\/wide\/wp-json\/wp\/v2\/media\/172757"}],"wp:attachment":[{"href":"https:\/\/www.welovecycling.com\/wide\/wp-json\/wp\/v2\/media?parent=172751"}],"wp:term":[{"taxonomy":"category","embeddable":true,"href":"https:\/\/www.welovecycling.com\/wide\/wp-json\/wp\/v2\/categories?post=172751"},{"taxonomy":"post_tag","embeddable":true,"href":"https:\/\/www.welovecycling.com\/wide\/wp-json\/wp\/v2\/tags?post=172751"},{"taxonomy":"global-categories","embeddable":true,"href":"https:\/\/www.welovecycling.com\/wide\/wp-json\/wp\/v2\/global-categories?post=172751"}],"curies":[{"name":"wp","href":"https:\/\/api.w.org\/{rel}","templated":true}]}}