{"id":172728,"date":"2019-03-13T13:06:07","date_gmt":"2019-03-13T13:06:07","guid":{"rendered":"https:\/\/www.welovecycling.com\/wide\/?p=172728"},"modified":"2019-03-13T13:06:07","modified_gmt":"2019-03-13T13:06:07","slug":"from-wheels-to-wings-the-woman-who-ruled-both-the-ground-and-the-air","status":"publish","type":"post","link":"https:\/\/www.welovecycling.com\/wide\/2019\/03\/13\/from-wheels-to-wings-the-woman-who-ruled-both-the-ground-and-the-air\/","title":{"rendered":"From Wheels to Wings: The Woman Who Ruled Both the Ground and the Air"},"content":{"rendered":"<p><strong>She was the archetype of a renaissance person. H\u00e9l\u00e8ne Dutrieu was a world champion in cycling, an actress, a pilot, a journalist, and that\u2019s still not all. Throughout her life, this Belgium-born woman managed to switch from one fascinating job to another and excel at them all.<\/strong><!--more--><\/p>\n<p>It\u2019s not certain how the young lady came across a bicycle but what\u2019s for sure is that at the age of 18, Dutrieu became a distance-per-hour world record holder. Since then, the number of her achievements have been growing continuously. In 1896, she won the Course de 12 Jours, a 12-day race in London, and became a World Champion with 2 km covered in 4 minutes and 31 seconds. Later in 1897, the talented cyclist dominated another world championship and championed the 1898 Grand Prix d\u2019Europe.<\/p>\n<p>H\u00e9l\u00e8ne was lucky to be born in the era of women being able not only to race but also make good money out of it and become independent. However, this period only took seven years (1895-1902). With the new century, the scene had died out. But by then, Dutrieu was onto something else anyway. She made a career as a stuntwoman.<\/p>\n<figure id=\"attachment_172786\" aria-describedby=\"caption-attachment-172786\" style=\"width: 1024px\" class=\"wp-caption alignnone\"><a href=\"https:\/\/d2p6e6u75xmxt8.cloudfront.net\/2\/2019\/03\/Helene_Dutrieu_-_1911-09-26.png\"><img loading=\"lazy\" decoding=\"async\" class=\"wp-image-172786 size-full\" src=\"https:\/\/d2p6e6u75xmxt8.cloudfront.net\/2\/2019\/03\/Helene_Dutrieu_-_1911-09-26.png\" alt=\"\" width=\"1024\" height=\"731\" \/><\/a><figcaption id=\"caption-attachment-172786\" class=\"wp-caption-text\">H\u00e9l\u00e8ne managed to switch from one fascinating job to another and excel at them all<\/figcaption><\/figure>\n<p>In her self-invented stunt called the Human Arrow, this little lady rode down a steep ramp only to fly up in the air and land 15 meters away on the second part of the ramp. Oh, and it didn\u2019t have any railing. Obviously, her trick was a big thing. H\u00e9l\u00e8ne made it to the social sections of magazines and became the VIP person to invite to parties. Later on, she decided to exchange the bicycle for a motorcycle and rename the stunt to <em>La Motocyclette Ail\u00e9e<\/em> \u2013 \u201cThe Winged Motorbike\u201d. However, that led to an accident which confined H\u00e9l\u00e8ne to bed for a couple of months.<\/p>\n<p>After the recovery Dutrieu, became an actress. Perhaps performing in theatres wasn\u2019t dangerous enough so the adrenaline junkie also raced cars for Clement-Bayard company. They later invited her to become a test pilot for the first aeroplane they built. Who else would they approach with such a request, right?<\/p>\n<p>Remember we\u2019re at the beginning of the 20<sup>th<\/sup> century. The flying part of aviation was more or less resolved but there were big issues with safety. Pilots regularly died in tragic accidents. Nonetheless, Dutrieu decided to go for it. After a short chat with the mechanic, which happened to be the only training there was, the young pilot got in the plane, panicked, and crashed shortly after. Luckily, the human arrow has survived this accident, just like another one a couple of years later in Odessa. Both of these crashes had one thing in common: the planes were completely destroyed but H\u00e9l\u00e8ne was not. Not at all, actually.<\/p>\n<figure id=\"attachment_172787\" aria-describedby=\"caption-attachment-172787\" style=\"width: 1440px\" class=\"wp-caption alignnone\"><a href=\"https:\/\/d2p6e6u75xmxt8.cloudfront.net\/2\/2019\/03\/Helene_Dutrieu.jpg\"><img loading=\"lazy\" decoding=\"async\" class=\"wp-image-172787 size-full\" src=\"https:\/\/d2p6e6u75xmxt8.cloudfront.net\/2\/2019\/03\/Helene_Dutrieu.jpg\" alt=\"\" width=\"1440\" height=\"965\" \/><\/a><figcaption id=\"caption-attachment-172787\" class=\"wp-caption-text\">The Human Arrow in action.<\/figcaption><\/figure>\n<p>The Farman brothers decided they will sponsor the rising queen of skies and equip her with all respective gear. Dutrieu began collecting one prize after another, including the prestigious L\u00e9gion d\u2019Honneur French award.<\/p>\n<p>But then the First World War broke out and H\u00e9l\u00e8ne\u2019s flying years were over. She became a hospital director, and after the war, a journalist. That\u2019s also when, aged 45, she got married to Pierre Mortier \u2013 an editor of Gil Blas, a then-popular culture magazine. As her husband was Jewish, they survived the second world war in exile. Unfortunately, he died of cancer in 1946. Dutrieu returned to Paris and presided the women\u2019s section of A\u00e9ro-Club de France. She died in 1961 and is remembered till this day as one of the most fascinating celebrities who entered the world stage through cycling.<\/p>\n","protected":false},"excerpt":{"rendered":"<p>She was the archetype of a renaissance person. H\u00e9l\u00e8ne Dutrieu was a world champion in cycling, an actress, a pilot, [&hellip;]<\/p>\n","protected":false},"author":99,"featured_media":172785,"comment_status":"open","ping_status":"open","sticky":false,"template":"","format":"standard","meta":{"footnotes":""},"categories":[334],"tags":[2789,2788,2784,2786,2785,2787,538],"global-categories":[],"class_list":["post-172728","post","type-post","status-publish","format-standard","has-post-thumbnail","hentry","category-socialising-and-culture","tag-12-day-races","tag-clement-bayard","tag-cycling-history","tag-farman-brothers","tag-helene-dutrieux","tag-pierre-mortier","tag-women-cycling"],"yoast_head":"<!-- This site is optimized with the Yoast SEO Premium plugin v25.3 (Yoast SEO v25.9) - https:\/\/yoast.com\/wordpress\/plugins\/seo\/ -->\n<title>From Wheels to Wings: The Woman Who Ruled Both the Ground and the Air - \u0160koda We Love Cycling<\/title>\n<meta name=\"description\" content=\"She was the archetype of a renaissance person. H\u00e9l\u00e8ne Dutrieu was a world champion in cycling, an actress, a pilot, a journalist, and that\u2019s still not\" \/>\n<meta name=\"robots\" content=\"index, follow, max-snippet:-1, max-image-preview:large, max-video-preview:-1\" \/>\n<link rel=\"canonical\" href=\"https:\/\/www.welovecycling.com\/wide\/2019\/03\/13\/from-wheels-to-wings-the-woman-who-ruled-both-the-ground-and-the-air\/\" \/>\n<meta property=\"og:locale\" content=\"en_US\" \/>\n<meta property=\"og:type\" content=\"article\" \/>\n<meta property=\"og:title\" content=\"From Wheels to Wings: The Woman Who Ruled Both the Ground and the Air\" \/>\n<meta property=\"og:description\" content=\"She was the archetype of a renaissance person. H\u00e9l\u00e8ne Dutrieu was a world champion in cycling, an actress, a pilot, a journalist, and that\u2019s still not\" \/>\n<meta property=\"og:url\" content=\"https:\/\/www.welovecycling.com\/wide\/2019\/03\/13\/from-wheels-to-wings-the-woman-who-ruled-both-the-ground-and-the-air\/\" \/>\n<meta property=\"og:site_name\" content=\"\u0160koda We Love Cycling\" \/>\n<meta property=\"article:published_time\" content=\"2019-03-13T13:06:07+00:00\" \/>\n<meta property=\"og:image\" content=\"https:\/\/d2p6e6u75xmxt8.cloudfront.net\/2\/2019\/03\/Helene_Dutrieu-profimedia-0277663893.webp\" \/>\n\t<meta property=\"og:image:width\" content=\"900\" \/>\n\t<meta property=\"og:image:height\" content=\"600\" \/>\n\t<meta property=\"og:image:type\" content=\"image\/webp\" \/>\n<meta name=\"author\" content=\"tereza\" \/>\n<meta name=\"twitter:card\" content=\"summary_large_image\" \/>\n<meta name=\"twitter:label1\" content=\"Written by\" \/>\n\t<meta name=\"twitter:data1\" content=\"Tereza Antonov\u00e1\" \/>\n\t<meta name=\"twitter:label2\" content=\"Est. reading time\" \/>\n\t<meta name=\"twitter:data2\" content=\"4\" \/>\n<script type=\"application\/ld+json\" class=\"yoast-schema-graph\">{\"@context\":\"https:\/\/schema.org\",\"@graph\":[{\"@type\":\"WebPage\",\"@id\":\"https:\/\/www.welovecycling.com\/wide\/2019\/03\/13\/from-wheels-to-wings-the-woman-who-ruled-both-the-ground-and-the-air\/\",\"url\":\"https:\/\/www.welovecycling.com\/wide\/2019\/03\/13\/from-wheels-to-wings-the-woman-who-ruled-both-the-ground-and-the-air\/\",\"name\":\"From Wheels to Wings: The Woman Who Ruled Both the Ground and the Air - \u0160koda We Love Cycling\",\"isPartOf\":{\"@id\":\"https:\/\/www.welovecycling.com\/wide\/#website\"},\"primaryImageOfPage\":{\"@id\":\"https:\/\/www.welovecycling.com\/wide\/2019\/03\/13\/from-wheels-to-wings-the-woman-who-ruled-both-the-ground-and-the-air\/#primaryimage\"},\"image\":{\"@id\":\"https:\/\/www.welovecycling.com\/wide\/2019\/03\/13\/from-wheels-to-wings-the-woman-who-ruled-both-the-ground-and-the-air\/#primaryimage\"},\"thumbnailUrl\":\"https:\/\/d2p6e6u75xmxt8.cloudfront.net\/2\/2019\/03\/Helene_Dutrieu-profimedia-0277663893.webp\",\"datePublished\":\"2019-03-13T13:06:07+00:00\",\"author\":{\"@id\":\"https:\/\/www.welovecycling.com\/wide\/#\/schema\/person\/50f01ecd18718d2333cf72e823c4f926\"},\"description\":\"She was the archetype of a renaissance person. H\u00e9l\u00e8ne Dutrieu was a world champion in cycling, an actress, a pilot, a journalist, and that\u2019s still not\",\"breadcrumb\":{\"@id\":\"https:\/\/www.welovecycling.com\/wide\/2019\/03\/13\/from-wheels-to-wings-the-woman-who-ruled-both-the-ground-and-the-air\/#breadcrumb\"},\"inLanguage\":\"en-US\",\"potentialAction\":[{\"@type\":\"ReadAction\",\"target\":[\"https:\/\/www.welovecycling.com\/wide\/2019\/03\/13\/from-wheels-to-wings-the-woman-who-ruled-both-the-ground-and-the-air\/\"]}]},{\"@type\":\"ImageObject\",\"inLanguage\":\"en-US\",\"@id\":\"https:\/\/www.welovecycling.com\/wide\/2019\/03\/13\/from-wheels-to-wings-the-woman-who-ruled-both-the-ground-and-the-air\/#primaryimage\",\"url\":\"https:\/\/d2p6e6u75xmxt8.cloudfront.net\/2\/2019\/03\/Helene_Dutrieu-profimedia-0277663893.webp\",\"contentUrl\":\"https:\/\/d2p6e6u75xmxt8.cloudfront.net\/2\/2019\/03\/Helene_Dutrieu-profimedia-0277663893.webp\",\"width\":900,\"height\":600},{\"@type\":\"BreadcrumbList\",\"@id\":\"https:\/\/www.welovecycling.com\/wide\/2019\/03\/13\/from-wheels-to-wings-the-woman-who-ruled-both-the-ground-and-the-air\/#breadcrumb\",\"itemListElement\":[{\"@type\":\"ListItem\",\"position\":1,\"name\":\"Home\",\"item\":\"https:\/\/www.welovecycling.com\/wide\/\"},{\"@type\":\"ListItem\",\"position\":2,\"name\":\"From Wheels to Wings: The Woman Who Ruled Both the Ground and the Air\"}]},{\"@type\":\"WebSite\",\"@id\":\"https:\/\/www.welovecycling.com\/wide\/#website\",\"url\":\"https:\/\/www.welovecycling.com\/wide\/\",\"name\":\"\u0160koda We Love Cycling\",\"description\":\"\u0160koda We Love Cycling magazine\",\"alternateName\":\"\u0160koda WLC\",\"potentialAction\":[{\"@type\":\"SearchAction\",\"target\":{\"@type\":\"EntryPoint\",\"urlTemplate\":\"https:\/\/www.welovecycling.com\/wide\/?s={search_term_string}\"},\"query-input\":{\"@type\":\"PropertyValueSpecification\",\"valueRequired\":true,\"valueName\":\"search_term_string\"}}],\"inLanguage\":\"en-US\"},{\"@type\":\"Person\",\"@id\":\"https:\/\/www.welovecycling.com\/wide\/#\/schema\/person\/50f01ecd18718d2333cf72e823c4f926\",\"name\":\"tereza\",\"image\":{\"@type\":\"ImageObject\",\"inLanguage\":\"en-US\",\"@id\":\"https:\/\/www.welovecycling.com\/wide\/#\/schema\/person\/image\/\",\"url\":\"https:\/\/secure.gravatar.com\/avatar\/1f9eb71be33845f0afabce3791bc1c58ecdb0a25c62964987e5dbcf7a20d2ec7?s=96&d=mm&r=g\",\"contentUrl\":\"https:\/\/secure.gravatar.com\/avatar\/1f9eb71be33845f0afabce3791bc1c58ecdb0a25c62964987e5dbcf7a20d2ec7?s=96&d=mm&r=g\",\"caption\":\"tereza\"},\"url\":\"https:\/\/www.welovecycling.com\/wide\/author\/tereza\/\"}]}<\/script>\n<!-- \/ Yoast SEO Premium plugin. -->","yoast_head_json":{"title":"From Wheels to Wings: The Woman Who Ruled Both the Ground and the Air - \u0160koda We Love Cycling","description":"She was the archetype of a renaissance person. H\u00e9l\u00e8ne Dutrieu was a world champion in cycling, an actress, a pilot, a journalist, and that\u2019s still not","robots":{"index":"index","follow":"follow","max-snippet":"max-snippet:-1","max-image-preview":"max-image-preview:large","max-video-preview":"max-video-preview:-1"},"canonical":"https:\/\/www.welovecycling.com\/wide\/2019\/03\/13\/from-wheels-to-wings-the-woman-who-ruled-both-the-ground-and-the-air\/","og_locale":"en_US","og_type":"article","og_title":"From Wheels to Wings: The Woman Who Ruled Both the Ground and the Air","og_description":"She was the archetype of a renaissance person. H\u00e9l\u00e8ne Dutrieu was a world champion in cycling, an actress, a pilot, a journalist, and that\u2019s still not","og_url":"https:\/\/www.welovecycling.com\/wide\/2019\/03\/13\/from-wheels-to-wings-the-woman-who-ruled-both-the-ground-and-the-air\/","og_site_name":"\u0160koda We Love Cycling","article_published_time":"2019-03-13T13:06:07+00:00","og_image":[{"width":900,"height":600,"url":"https:\/\/d2p6e6u75xmxt8.cloudfront.net\/2\/2019\/03\/Helene_Dutrieu-profimedia-0277663893.webp","type":"image\/webp"}],"author":"tereza","twitter_card":"summary_large_image","twitter_misc":{"Written by":"Tereza Antonov\u00e1","Est. reading time":"4"},"schema":{"@context":"https:\/\/schema.org","@graph":[{"@type":"WebPage","@id":"https:\/\/www.welovecycling.com\/wide\/2019\/03\/13\/from-wheels-to-wings-the-woman-who-ruled-both-the-ground-and-the-air\/","url":"https:\/\/www.welovecycling.com\/wide\/2019\/03\/13\/from-wheels-to-wings-the-woman-who-ruled-both-the-ground-and-the-air\/","name":"From Wheels to Wings: The Woman Who Ruled Both the Ground and the Air - \u0160koda We Love Cycling","isPartOf":{"@id":"https:\/\/www.welovecycling.com\/wide\/#website"},"primaryImageOfPage":{"@id":"https:\/\/www.welovecycling.com\/wide\/2019\/03\/13\/from-wheels-to-wings-the-woman-who-ruled-both-the-ground-and-the-air\/#primaryimage"},"image":{"@id":"https:\/\/www.welovecycling.com\/wide\/2019\/03\/13\/from-wheels-to-wings-the-woman-who-ruled-both-the-ground-and-the-air\/#primaryimage"},"thumbnailUrl":"https:\/\/d2p6e6u75xmxt8.cloudfront.net\/2\/2019\/03\/Helene_Dutrieu-profimedia-0277663893.webp","datePublished":"2019-03-13T13:06:07+00:00","author":{"@id":"https:\/\/www.welovecycling.com\/wide\/#\/schema\/person\/50f01ecd18718d2333cf72e823c4f926"},"description":"She was the archetype of a renaissance person. H\u00e9l\u00e8ne Dutrieu was a world champion in cycling, an actress, a pilot, a journalist, and that\u2019s still not","breadcrumb":{"@id":"https:\/\/www.welovecycling.com\/wide\/2019\/03\/13\/from-wheels-to-wings-the-woman-who-ruled-both-the-ground-and-the-air\/#breadcrumb"},"inLanguage":"en-US","potentialAction":[{"@type":"ReadAction","target":["https:\/\/www.welovecycling.com\/wide\/2019\/03\/13\/from-wheels-to-wings-the-woman-who-ruled-both-the-ground-and-the-air\/"]}]},{"@type":"ImageObject","inLanguage":"en-US","@id":"https:\/\/www.welovecycling.com\/wide\/2019\/03\/13\/from-wheels-to-wings-the-woman-who-ruled-both-the-ground-and-the-air\/#primaryimage","url":"https:\/\/d2p6e6u75xmxt8.cloudfront.net\/2\/2019\/03\/Helene_Dutrieu-profimedia-0277663893.webp","contentUrl":"https:\/\/d2p6e6u75xmxt8.cloudfront.net\/2\/2019\/03\/Helene_Dutrieu-profimedia-0277663893.webp","width":900,"height":600},{"@type":"BreadcrumbList","@id":"https:\/\/www.welovecycling.com\/wide\/2019\/03\/13\/from-wheels-to-wings-the-woman-who-ruled-both-the-ground-and-the-air\/#breadcrumb","itemListElement":[{"@type":"ListItem","position":1,"name":"Home","item":"https:\/\/www.welovecycling.com\/wide\/"},{"@type":"ListItem","position":2,"name":"From Wheels to Wings: The Woman Who Ruled Both the Ground and the Air"}]},{"@type":"WebSite","@id":"https:\/\/www.welovecycling.com\/wide\/#website","url":"https:\/\/www.welovecycling.com\/wide\/","name":"\u0160koda We Love Cycling","description":"\u0160koda We Love Cycling magazine","alternateName":"\u0160koda WLC","potentialAction":[{"@type":"SearchAction","target":{"@type":"EntryPoint","urlTemplate":"https:\/\/www.welovecycling.com\/wide\/?s={search_term_string}"},"query-input":{"@type":"PropertyValueSpecification","valueRequired":true,"valueName":"search_term_string"}}],"inLanguage":"en-US"},{"@type":"Person","@id":"https:\/\/www.welovecycling.com\/wide\/#\/schema\/person\/50f01ecd18718d2333cf72e823c4f926","name":"tereza","image":{"@type":"ImageObject","inLanguage":"en-US","@id":"https:\/\/www.welovecycling.com\/wide\/#\/schema\/person\/image\/","url":"https:\/\/secure.gravatar.com\/avatar\/1f9eb71be33845f0afabce3791bc1c58ecdb0a25c62964987e5dbcf7a20d2ec7?s=96&d=mm&r=g","contentUrl":"https:\/\/secure.gravatar.com\/avatar\/1f9eb71be33845f0afabce3791bc1c58ecdb0a25c62964987e5dbcf7a20d2ec7?s=96&d=mm&r=g","caption":"tereza"},"url":"https:\/\/www.welovecycling.com\/wide\/author\/tereza\/"}]}},"_links":{"self":[{"href":"https:\/\/www.welovecycling.com\/wide\/wp-json\/wp\/v2\/posts\/172728","targetHints":{"allow":["GET"]}}],"collection":[{"href":"https:\/\/www.welovecycling.com\/wide\/wp-json\/wp\/v2\/posts"}],"about":[{"href":"https:\/\/www.welovecycling.com\/wide\/wp-json\/wp\/v2\/types\/post"}],"author":[{"embeddable":true,"href":"https:\/\/www.welovecycling.com\/wide\/wp-json\/wp\/v2\/users\/99"}],"replies":[{"embeddable":true,"href":"https:\/\/www.welovecycling.com\/wide\/wp-json\/wp\/v2\/comments?post=172728"}],"version-history":[{"count":2,"href":"https:\/\/www.welovecycling.com\/wide\/wp-json\/wp\/v2\/posts\/172728\/revisions"}],"predecessor-version":[{"id":172788,"href":"https:\/\/www.welovecycling.com\/wide\/wp-json\/wp\/v2\/posts\/172728\/revisions\/172788"}],"wp:featuredmedia":[{"embeddable":true,"href":"https:\/\/www.welovecycling.com\/wide\/wp-json\/wp\/v2\/media\/172785"}],"wp:attachment":[{"href":"https:\/\/www.welovecycling.com\/wide\/wp-json\/wp\/v2\/media?parent=172728"}],"wp:term":[{"taxonomy":"category","embeddable":true,"href":"https:\/\/www.welovecycling.com\/wide\/wp-json\/wp\/v2\/categories?post=172728"},{"taxonomy":"post_tag","embeddable":true,"href":"https:\/\/www.welovecycling.com\/wide\/wp-json\/wp\/v2\/tags?post=172728"},{"taxonomy":"global-categories","embeddable":true,"href":"https:\/\/www.welovecycling.com\/wide\/wp-json\/wp\/v2\/global-categories?post=172728"}],"curies":[{"name":"wp","href":"https:\/\/api.w.org\/{rel}","templated":true}]}}