{"id":172617,"date":"2019-03-05T09:46:59","date_gmt":"2019-03-05T09:46:59","guid":{"rendered":"https:\/\/www.welovecycling.com\/wide\/?p=172617"},"modified":"2019-03-06T07:09:34","modified_gmt":"2019-03-06T07:09:34","slug":"winter-cycling-embrace-the-cold-get-stronger-with-the-wim-hof-method","status":"publish","type":"post","link":"https:\/\/www.welovecycling.com\/wide\/2019\/03\/05\/winter-cycling-embrace-the-cold-get-stronger-with-the-wim-hof-method\/","title":{"rendered":"Winter Cycling: Embrace the Cold &#038; Get Stronger with the Wim Hof Method"},"content":{"rendered":"<p><strong>I hope you enjoyed the video! It was just an overview about the method so now let\u2019s dig deeper\u2026<\/strong><!--more--><\/p>\n<p>Being a bike guide based in Prague, it is very hard for me to train in winter. I really struggle cycling in the cold. After just an hour, my hands and feet would go numb and I would often get sick. So, instead of cycling, I do a lot of running and cross country skiing but those are different sports and although they give you a good cardio preparation, it is not enough to arrive well prepared for the start of the season \u2013 and I really need that. I guide people not only in Central Europe but also in the Alps. Our first advanced <a href=\"https:\/\/www.bikoadventures.com\/premium-bike-holidays-in-central-europe-alps-and-italy\/\">bike holidays<\/a> start in May and they are tough rides including, for instance, the Grossglockner and Stelvio passes. Very often our clients come from warm places like California or Australia. There, they can train all winter long and they come very prepared for the starting line. As a result, the first departures for me are always very challenging. If only there was a way\u2026<\/p>\n<p><a href=\"https:\/\/d2p6e6u75xmxt8.cloudfront.net\/2\/2019\/03\/Whm-and-cycling-20.jpg\"><img loading=\"lazy\" decoding=\"async\" class=\"alignnone size-full wp-image-172629\" src=\"https:\/\/d2p6e6u75xmxt8.cloudfront.net\/2\/2019\/03\/Whm-and-cycling-20.jpg\" alt=\"\" width=\"1500\" height=\"844\" \/><\/a><\/p>\n<p>I first heard about the Wim Hof method from Tim Ferris\u2019 book \u201c<a href=\"https:\/\/www.amazon.com\/Tools-Titans-Billionaires-World-Class-Performers\/dp\/1328683788\">The Tools of Titans<\/a>\u201d and I was immediately very keen on knowing more. I have a notion that we are totally losing touch with our bodies and I am on a path to reconciliation with mine but what really intrigued me about it was the idea that maybe I could improve my resilience toward winter cycling.<\/p>\n<p>Then my 40th birthday came and with it a Wim Hof workshop here in Prague as a gift from my wife.\u00a0I was really excited but soon I also got pretty nervous and, therefore, started to read as much as I could on the topic. The two books I found the most helpful were <a href=\"https:\/\/www.amazon.com\/Way-Iceman-Creates-Radiant-Longterm\/dp\/1942812094\/ref=sr_1_fkmrnull_1?keywords=the+way+of+the+iceman&amp;qid=1551197151&amp;s=books&amp;sr=1-1-fkmrnull\">The way of the Iceman by Wim Hof<\/a> and <a href=\"https:\/\/www.amazon.com\/What-Doesnt-Kill-Environmental-Conditioning\/dp\/1623366909\/ref=sr_1_1?keywords=What+doesn%E2%80%99t+kill+us&amp;qid=1551197177&amp;s=books&amp;sr=1-1\">What doesn\u2019t kill us<\/a> by Scott Carney. Thanks to those books I could start the with the method ahead, albeit superficially, and I could prepare at least a bit for the workshop.<\/p>\n<p>The day came and it was great. Being in a group of 20 people was really motivating. With two official instructors, <a href=\"https:\/\/www.emmaestrela.com\/\">Emma<\/a> Estrela Corrie from the Lake District in the UK and <a href=\"https:\/\/terezakramerova.cz\/\">Tereza<\/a> Kramerova, the local ice guru based in Prague, we went through all three <a href=\"https:\/\/www.wimhofmethod.com\/practice-the-method\">pillars<\/a> of the method: cold therapy, breathing, and commitment. We mixed theory with practice. Not only breathing but also hand and feet immersion and, finally, full body immersion in icy water. I cannot recommend enough to start with official training. Not only does it give you the bases to practice the method properly but it is, most of all, truly inspiring. Meeting people that are already into it for years like Emma and Tereza and hearing their stories first-hand was crucial for me to later commit day after day for months.<\/p>\n<div id='gallery-1' class='gallery galleryid-172617 gallery-columns-2 gallery-size-large'><figure class='gallery-item'>\n\t\t\t<div class='gallery-icon landscape'>\n\t\t\t\t<a href='https:\/\/d2p6e6u75xmxt8.cloudfront.net\/2\/2019\/03\/Wim-Hof-Cyclist-3.webp'><img loading=\"lazy\" decoding=\"async\" width=\"1024\" height=\"841\" src=\"https:\/\/d2p6e6u75xmxt8.cloudfront.net\/2\/2019\/03\/Wim-Hof-Cyclist-3-1024x841.webp\" class=\"attachment-large size-large\" alt=\"\" srcset=\"https:\/\/d2p6e6u75xmxt8.cloudfront.net\/2\/2019\/03\/Wim-Hof-Cyclist-3-1024x841.webp 1024w, https:\/\/d2p6e6u75xmxt8.cloudfront.net\/2\/2019\/03\/Wim-Hof-Cyclist-3-300x246.webp 300w, https:\/\/d2p6e6u75xmxt8.cloudfront.net\/2\/2019\/03\/Wim-Hof-Cyclist-3-768x631.webp 768w, https:\/\/d2p6e6u75xmxt8.cloudfront.net\/2\/2019\/03\/Wim-Hof-Cyclist-3.webp 1118w\" sizes=\"auto, (max-width: 1024px) 100vw, 1024px\" \/><\/a>\n\t\t\t<\/div><\/figure><figure class='gallery-item'>\n\t\t\t<div class='gallery-icon landscape'>\n\t\t\t\t<a href='https:\/\/d2p6e6u75xmxt8.cloudfront.net\/2\/2019\/03\/Whm-and-cycling-17.webp'><img loading=\"lazy\" decoding=\"async\" width=\"1024\" height=\"576\" src=\"https:\/\/d2p6e6u75xmxt8.cloudfront.net\/2\/2019\/03\/Whm-and-cycling-17-1024x576.webp\" class=\"attachment-large size-large\" alt=\"\" srcset=\"https:\/\/d2p6e6u75xmxt8.cloudfront.net\/2\/2019\/03\/Whm-and-cycling-17-1024x576.webp 1024w, https:\/\/d2p6e6u75xmxt8.cloudfront.net\/2\/2019\/03\/Whm-and-cycling-17-300x169.webp 300w, https:\/\/d2p6e6u75xmxt8.cloudfront.net\/2\/2019\/03\/Whm-and-cycling-17-768x432.webp 768w, https:\/\/d2p6e6u75xmxt8.cloudfront.net\/2\/2019\/03\/Whm-and-cycling-17.webp 1500w\" sizes=\"auto, (max-width: 1024px) 100vw, 1024px\" \/><\/a>\n\t\t\t<\/div><\/figure>\n\t\t<\/div>\n\n<p>One of the things that really stuck in mind was when Emma told us about her experience with breathing and running:<\/p>\n<p><em>\u201cI discovered the power and true mastery of the WHM when I discovered I could tap into cellular breathing at my own will. I was so confident that I used the WHM to run my first marathon and weeks later my first ultra-marathon without any conventional training. Now I love sharing my experience and seeing other people explode into their own full potential. My only advice is to trust the process and break through your conditioned mind\u201d.<\/em><\/p>\n<p>At first, I couldn\u2019t grasp the concept but she showed us immediately how it works putting it into practice. We did push-ups without air in our lungs after a power breathing section. I was stunned when I found out that I was able to do twice as many push-ups compared to normal conditions (with oxygen in my lungs) and I didn\u2019t feel any fatigue. That was the moment I understood that I was onto something great.<\/p>\n<p><a href=\"https:\/\/d2p6e6u75xmxt8.cloudfront.net\/2\/2019\/03\/Wim-Hof-Cyclist-4.jpg\"><img loading=\"lazy\" decoding=\"async\" class=\"alignnone size-full wp-image-172647\" src=\"https:\/\/d2p6e6u75xmxt8.cloudfront.net\/2\/2019\/03\/Wim-Hof-Cyclist-4.jpg\" alt=\"\" width=\"1550\" height=\"918\" \/><\/a><\/p>\n<p>Fast forward to today, I have been doing the WM method for about 4 months and the results are incredible. You can actually see results after only a week which really motivates you to keep going but, of course, the biggest benefits come after months or years of practice, so I am really looking forward to going on and, as Wim Hof says, to witness.<\/p>\n<p>So in a nutshell, what is it that I am doing every day to implement the method?<\/p>\n<ul>\n<li>Breathing<\/li>\n<li>Outdoor meditation<\/li>\n<li>Hand and feet exposure to ice water<\/li>\n<li>Bare-chested running or hiking<\/li>\n<li>Full body immersions in ice water<\/li>\n<li>Wearing one less layer of clothes for some time during the day<\/li>\n<\/ul>\n<p>Please keep in mind that I really decided to dedicate myself to it as much as possible, but you don\u2019t have to do all the things I do in order to practice the method and see the results. Only breathing and a cold shower would do you great and it is not as time-consuming as my routine. Also, this is all about winter months when the average temperature here in Prague ranges between +5 to -5\u00b0C.<\/p>\n<p><a href=\"https:\/\/d2p6e6u75xmxt8.cloudfront.net\/2\/2019\/03\/Whm-and-cycling-5.jpg\"><img loading=\"lazy\" decoding=\"async\" class=\"alignnone size-full wp-image-172639\" src=\"https:\/\/d2p6e6u75xmxt8.cloudfront.net\/2\/2019\/03\/Whm-and-cycling-5.jpg\" alt=\"\" width=\"1920\" height=\"1080\" \/><\/a><\/p>\n<p>I try to wake up way earlier than my family so I can have silence. I start with breathing. This process allows me to change my body chemistry and energize me in preparation for the cold water. I use a YouTube video with Wim Hof\u2019s voice that helps me a lot. 30\/40 deep breaths followed by breath retention for as long as I can hold it (I improved a lot by going from 1 minute 30 seconds to 2 minutes 45 seconds). When I cannot hold my breath anymore, I breathe in and hold for 15 seconds. That\u2019s one round. I do it 3 or 4 times.<\/p>\n<p>After that I go to the balcony, to the garden or somewhere nice outside just in shorts and I sit still for at least 10 minutes trying to relax and not to tremble. This is a key thing also while in water. The metabolism should be your central heating in these situations, not your shaking muscles. This is the way your body adapts to cold and later is able to react quickly to any given cold exposure. After that it starts to get more stressful as I head for the cold shower! In winter, the water at my flat comes out at about 6-7 degrees Celsius so it&#8217;s a real wake-up call. I still haven\u2019t got used to that (and I don\u2019t know if I ever will) but I enjoy the feeling after very much. The first time I couldn\u2019t stay in more than 15 seconds but already after a couple of weeks, I could handle even 5 minutes and the gasping that I&#8217;d had at the beginning subsided. It is great mental training, to push yourself to do something painful that it is actually very good for yourself.<\/p>\n<p><a href=\"https:\/\/d2p6e6u75xmxt8.cloudfront.net\/2\/2019\/03\/Wim-Hof-Cyclist-5.jpg\"><img loading=\"lazy\" decoding=\"async\" class=\"alignnone size-full wp-image-172646\" src=\"https:\/\/d2p6e6u75xmxt8.cloudfront.net\/2\/2019\/03\/Wim-Hof-Cyclist-5.jpg\" alt=\"\" width=\"1224\" height=\"918\" \/><\/a><\/p>\n<p>Then, almost every day, I would go for a bare-chested run. The Spartans dressed the same way every day of the year, no matter what the weather and temperature were, to get strong. I apply the same philosophy \u2013 I go out running with whatever the Czech winter would throw at me. The reason for doing this is that it\u2019s a great way to get exposed to cold without suffering too much. In fact, while you keep your body warm thanks to the movement, your skin is in contact with cold air and send messages to your body. The key factor to not getting sick here is to do circular breathing nose\/nose or at least nose\/mouth and never breathe in with your mouth.\u00a0But not getting sick is not the only benefit that comes from nasal breathing. In fact, you get in more oxygen and being in the aerobic threshold you develop much less lactic acid and, as a result, you can run longer (remember Emma\u2019s story about cellular breathing!).\u00a0What I find amazing is that if I start running the first minutes\u00a0with the t-shirt on, I am very cold. But when I remove it, the body adapts immediately and I feel really comfortable. I started with 15-minute runs and I am now able to run more than an hour and a half in sub-zero temperatures with barefoot shoes.<\/p>\n<p>I still remember the first time, though. I went by car to a beautiful national park we have here in Prague, not too far from my apartment. I was so nervous that I kept running in small loops, never being more than one km away from the car so as not to leave the nest. Remember that it is very important to have with you something that you can wear in case you feel really cold. I never go out without having a <a href=\"https:\/\/www.endurasport.com\/product\/baabaa-merino-ls-baselayer\/\">merino wool base layer<\/a> in my small running backpack.<\/p>\n<p><a href=\"https:\/\/d2p6e6u75xmxt8.cloudfront.net\/2\/2019\/03\/Whm-and-cycling-26.jpg\"><img loading=\"lazy\" decoding=\"async\" class=\"alignnone size-full wp-image-172635\" src=\"https:\/\/d2p6e6u75xmxt8.cloudfront.net\/2\/2019\/03\/Whm-and-cycling-26.jpg\" alt=\"\" width=\"1500\" height=\"844\" \/><\/a><\/p>\n<div id='gallery-2' class='gallery galleryid-172617 gallery-columns-2 gallery-size-large'><figure class='gallery-item'>\n\t\t\t<div class='gallery-icon landscape'>\n\t\t\t\t<a href='https:\/\/d2p6e6u75xmxt8.cloudfront.net\/2\/2019\/03\/Whm-and-cycling-25.webp'><img loading=\"lazy\" decoding=\"async\" width=\"1024\" height=\"576\" src=\"https:\/\/d2p6e6u75xmxt8.cloudfront.net\/2\/2019\/03\/Whm-and-cycling-25-1024x576.webp\" class=\"attachment-large size-large\" alt=\"\" srcset=\"https:\/\/d2p6e6u75xmxt8.cloudfront.net\/2\/2019\/03\/Whm-and-cycling-25-1024x576.webp 1024w, https:\/\/d2p6e6u75xmxt8.cloudfront.net\/2\/2019\/03\/Whm-and-cycling-25-300x169.webp 300w, https:\/\/d2p6e6u75xmxt8.cloudfront.net\/2\/2019\/03\/Whm-and-cycling-25-768x432.webp 768w, https:\/\/d2p6e6u75xmxt8.cloudfront.net\/2\/2019\/03\/Whm-and-cycling-25.webp 1500w\" sizes=\"auto, (max-width: 1024px) 100vw, 1024px\" \/><\/a>\n\t\t\t<\/div><\/figure><figure class='gallery-item'>\n\t\t\t<div class='gallery-icon landscape'>\n\t\t\t\t<a href='https:\/\/d2p6e6u75xmxt8.cloudfront.net\/2\/2019\/03\/Whm-and-cycling-24.webp'><img loading=\"lazy\" decoding=\"async\" width=\"1024\" height=\"576\" src=\"https:\/\/d2p6e6u75xmxt8.cloudfront.net\/2\/2019\/03\/Whm-and-cycling-24-1024x576.webp\" class=\"attachment-large size-large\" alt=\"\" srcset=\"https:\/\/d2p6e6u75xmxt8.cloudfront.net\/2\/2019\/03\/Whm-and-cycling-24-1024x576.webp 1024w, https:\/\/d2p6e6u75xmxt8.cloudfront.net\/2\/2019\/03\/Whm-and-cycling-24-300x169.webp 300w, https:\/\/d2p6e6u75xmxt8.cloudfront.net\/2\/2019\/03\/Whm-and-cycling-24-768x432.webp 768w, https:\/\/d2p6e6u75xmxt8.cloudfront.net\/2\/2019\/03\/Whm-and-cycling-24.webp 1500w\" sizes=\"auto, (max-width: 1024px) 100vw, 1024px\" \/><\/a>\n\t\t\t<\/div><\/figure>\n\t\t<\/div>\n\n<p>When there is snow outside, I go for daily barefoot walks in my garden for about 10-15 minutes. If snow is not available, every second day I do hand and feet immersions in an ice bucket (very important for cyclists!). I try to stay submerged for at least 2 minutes. The 2-minute rule is also important for the ice bath. On average, it is the right time for your body to react to the cold and get stronger (2 minutes in water below 5\u00b0C equals to 40 minutes of running in terms of energy consumed by your body!).<\/p>\n<p>Once a week I take an ice bath. If I can, I do it in nature and fully enjoy the elements. If I don\u2019t have the possibility, I do it at home in my bathtub. When there is snow outside, I really like to use it instead of ice cubes. It gives my bath a very arctic look. Thanks to that, I was able to reach the amazing temperature of 0\u00b0C. Then I just jump in and try to stay calm and breathe. After the initial painful phase, which is getting shorter with each bath, I really start to love it. Endorphins kick in and do a pretty good job. I leave the head until last because it is really brutal and I am still not completely comfortable with it. <a href=\"https:\/\/en.wikipedia.org\/wiki\/Trigeminal_nerve\">The trigeminal nerve<\/a>, located in our face, is the only nerve that goes directly to the brain so the shock is greater when you expose it to severe cold.\u00a0For now, I do a short dip just before getting out of the water.<\/p>\n<p><a href=\"https:\/\/d2p6e6u75xmxt8.cloudfront.net\/2\/2019\/03\/Wim-Hof-Cyclist-1.jpg\"><img loading=\"lazy\" decoding=\"async\" class=\"alignnone size-full wp-image-172650\" src=\"https:\/\/d2p6e6u75xmxt8.cloudfront.net\/2\/2019\/03\/Wim-Hof-Cyclist-1.jpg\" alt=\"\" width=\"1632\" height=\"918\" \/><\/a><\/p>\n<p>Once you jump out of the ice water, wherever you are, it is important to move and get warm naturally. If you run immediately next to the radiator or in your warm car, the body will think that it was just a random cold exposure and will not adapt. So, what you have to do is to just get dry and start getting warm while still undressed. I like to do that by doing horse stands as recommended by the instructors.<\/p>\n<p>The two questions that people ask me the most are if I got sick during the last three months and if the method is bad for rheumatism. No, I didn\u2019t get sick but the guidelines say that the right thing to do is to take a break from the method and let your body heal. Regarding rheumatism, actually, the method helps to relieve it. More info on the topic is on <a href=\"https:\/\/www.wimhofmethod.com\/arthritis-relief\">Wim Hof\u2019s website<\/a>.<\/p>\n<p>So, thanks to this I became friends with the cold. I enjoy training in winter much more now. Maybe my body is just a little bit stronger than when I started but for sure my mind has made a giant leap toward acceptance of cold. I know that what I see is only the tip of the iceberg and I am looking forward to experiencing what prolonged use of the technique will bring.<\/p>\n<div id='gallery-3' class='gallery galleryid-172617 gallery-columns-2 gallery-size-large'><figure class='gallery-item'>\n\t\t\t<div class='gallery-icon landscape'>\n\t\t\t\t<a href='https:\/\/d2p6e6u75xmxt8.cloudfront.net\/2\/2019\/03\/Wim-Hof-Cyclist-2.webp'><img loading=\"lazy\" decoding=\"async\" width=\"1024\" height=\"768\" src=\"https:\/\/d2p6e6u75xmxt8.cloudfront.net\/2\/2019\/03\/Wim-Hof-Cyclist-2-1024x768.webp\" class=\"attachment-large size-large\" alt=\"\" srcset=\"https:\/\/d2p6e6u75xmxt8.cloudfront.net\/2\/2019\/03\/Wim-Hof-Cyclist-2-1024x768.webp 1024w, https:\/\/d2p6e6u75xmxt8.cloudfront.net\/2\/2019\/03\/Wim-Hof-Cyclist-2-300x225.webp 300w, https:\/\/d2p6e6u75xmxt8.cloudfront.net\/2\/2019\/03\/Wim-Hof-Cyclist-2-768x576.webp 768w, https:\/\/d2p6e6u75xmxt8.cloudfront.net\/2\/2019\/03\/Wim-Hof-Cyclist-2.webp 1224w\" sizes=\"auto, (max-width: 1024px) 100vw, 1024px\" \/><\/a>\n\t\t\t<\/div><\/figure><figure class='gallery-item'>\n\t\t\t<div class='gallery-icon landscape'>\n\t\t\t\t<a href='https:\/\/d2p6e6u75xmxt8.cloudfront.net\/2\/2019\/03\/Whm-and-cycling-19.webp'><img loading=\"lazy\" decoding=\"async\" width=\"1024\" height=\"576\" src=\"https:\/\/d2p6e6u75xmxt8.cloudfront.net\/2\/2019\/03\/Whm-and-cycling-19-1024x576.webp\" class=\"attachment-large size-large\" alt=\"\" srcset=\"https:\/\/d2p6e6u75xmxt8.cloudfront.net\/2\/2019\/03\/Whm-and-cycling-19-1024x576.webp 1024w, https:\/\/d2p6e6u75xmxt8.cloudfront.net\/2\/2019\/03\/Whm-and-cycling-19-300x169.webp 300w, https:\/\/d2p6e6u75xmxt8.cloudfront.net\/2\/2019\/03\/Whm-and-cycling-19-768x432.webp 768w, https:\/\/d2p6e6u75xmxt8.cloudfront.net\/2\/2019\/03\/Whm-and-cycling-19.webp 1500w\" sizes=\"auto, (max-width: 1024px) 100vw, 1024px\" \/><\/a>\n\t\t\t<\/div><\/figure>\n\t\t<\/div>\n\n<p><a href=\"https:\/\/d2p6e6u75xmxt8.cloudfront.net\/2\/2019\/03\/Wim-Hof-Cyclist-6.jpg\"><img loading=\"lazy\" decoding=\"async\" class=\"alignnone size-full wp-image-172645\" src=\"https:\/\/d2p6e6u75xmxt8.cloudfront.net\/2\/2019\/03\/Wim-Hof-Cyclist-6.jpg\" alt=\"\" width=\"1665\" height=\"918\" \/><\/a><\/p>\n<p>And the good news is that if I can do it, you can do it too! I never liked cold and I am not a big fan of water and here I am.<\/p>\n<p>Embrace the cold, have fun, get stronger!<\/p>\n<p>This video has the only purpose to inspire people.\u00a0It is based on my physical conditions and perceptions. I strongly recommend to sign up for an official <a href=\"https:\/\/www.wimhofmethod.com\/\">WHM workshop<\/a> or do an online one. Also, have a talk with your Doc before jumping in ice water.<\/p>\n","protected":false},"excerpt":{"rendered":"<p>I hope you enjoyed the video! It was just an overview about the method so now let\u2019s dig deeper\u2026<\/p>\n","protected":false},"author":12,"featured_media":172618,"comment_status":"open","ping_status":"open","sticky":false,"template":"","format":"video","meta":{"footnotes":""},"categories":[332,329],"tags":[2750,2754,2751,2753,2752,2755,2756,2749,2757,604],"global-categories":[],"class_list":["post-172617","post","type-post","status-publish","format-video","has-post-thumbnail","hentry","category-health-and-training","category-road-cycling","tag-emma-estrela-corrie","tag-scott-carney","tag-tereza-kramerova","tag-the-tools-of-titans","tag-tim-ferris","tag-whm","tag-whm-and-cycling","tag-wim-hof-method","tag-wim-hof-method-and-cycling","tag-winter-cycling","post_format-post-format-video"],"yoast_head":"<!-- This site is optimized with the Yoast SEO Premium plugin v25.3 (Yoast SEO v25.9) - https:\/\/yoast.com\/wordpress\/plugins\/seo\/ -->\n<title>Winter Cycling: Embrace the Cold &amp; Get Stronger with the Wim Hof Method - \u0160koda We Love Cycling<\/title>\n<meta name=\"description\" content=\"I hope you enjoyed the video! It was just an overview about the method so now let\u2019s dig deeper\u2026 Being a bike guide based in Prague, it is very hard for me\" \/>\n<meta name=\"robots\" content=\"index, follow, max-snippet:-1, max-image-preview:large, max-video-preview:-1\" \/>\n<link rel=\"canonical\" href=\"https:\/\/www.welovecycling.com\/wide\/2019\/03\/05\/winter-cycling-embrace-the-cold-get-stronger-with-the-wim-hof-method\/\" \/>\n<meta property=\"og:locale\" content=\"en_US\" \/>\n<meta property=\"og:type\" content=\"article\" \/>\n<meta property=\"og:title\" content=\"Winter Cycling: Embrace the Cold &amp; Get Stronger with the Wim Hof Method\" \/>\n<meta property=\"og:description\" content=\"I hope you enjoyed the video! It was just an overview about the method so now let\u2019s dig deeper\u2026 Being a bike guide based in Prague, it is very hard for me\" \/>\n<meta property=\"og:url\" content=\"https:\/\/www.welovecycling.com\/wide\/2019\/03\/05\/winter-cycling-embrace-the-cold-get-stronger-with-the-wim-hof-method\/\" \/>\n<meta property=\"og:site_name\" content=\"\u0160koda We Love Cycling\" \/>\n<meta property=\"article:published_time\" content=\"2019-03-05T09:46:59+00:00\" \/>\n<meta property=\"article:modified_time\" content=\"2019-03-06T07:09:34+00:00\" \/>\n<meta property=\"og:image\" content=\"https:\/\/d2p6e6u75xmxt8.cloudfront.net\/2\/2019\/03\/Wim-Hof-Cyclist-CVR.webp\" \/>\n\t<meta property=\"og:image:width\" content=\"900\" \/>\n\t<meta property=\"og:image:height\" content=\"600\" \/>\n\t<meta property=\"og:image:type\" content=\"image\/webp\" \/>\n<meta name=\"twitter:card\" content=\"summary_large_image\" \/>\n<meta name=\"twitter:label1\" content=\"Written by\" \/>\n\t<meta name=\"twitter:data1\" content=\"Filippo Mari\" \/>\n\t<meta name=\"twitter:label2\" content=\"Est. watching time\" \/>\n\t<meta name=\"twitter:data2\" content=\"8\" \/>\n<script type=\"application\/ld+json\" class=\"yoast-schema-graph\">{\"@context\":\"https:\/\/schema.org\",\"@graph\":[{\"@type\":\"WebPage\",\"@id\":\"https:\/\/www.welovecycling.com\/wide\/2019\/03\/05\/winter-cycling-embrace-the-cold-get-stronger-with-the-wim-hof-method\/\",\"url\":\"https:\/\/www.welovecycling.com\/wide\/2019\/03\/05\/winter-cycling-embrace-the-cold-get-stronger-with-the-wim-hof-method\/\",\"name\":\"Winter Cycling: Embrace the Cold & Get Stronger with the Wim Hof Method - \u0160koda We Love Cycling\",\"isPartOf\":{\"@id\":\"https:\/\/www.welovecycling.com\/wide\/#website\"},\"primaryImageOfPage\":{\"@id\":\"https:\/\/www.welovecycling.com\/wide\/2019\/03\/05\/winter-cycling-embrace-the-cold-get-stronger-with-the-wim-hof-method\/#primaryimage\"},\"image\":{\"@id\":\"https:\/\/www.welovecycling.com\/wide\/2019\/03\/05\/winter-cycling-embrace-the-cold-get-stronger-with-the-wim-hof-method\/#primaryimage\"},\"thumbnailUrl\":\"https:\/\/d2p6e6u75xmxt8.cloudfront.net\/2\/2019\/03\/Wim-Hof-Cyclist-CVR.webp\",\"datePublished\":\"2019-03-05T09:46:59+00:00\",\"dateModified\":\"2019-03-06T07:09:34+00:00\",\"author\":{\"@id\":\"\"},\"description\":\"I hope you enjoyed the video! It was just an overview about the method so now let\u2019s dig deeper\u2026 Being a bike guide based in Prague, it is very hard for me\",\"breadcrumb\":{\"@id\":\"https:\/\/www.welovecycling.com\/wide\/2019\/03\/05\/winter-cycling-embrace-the-cold-get-stronger-with-the-wim-hof-method\/#breadcrumb\"},\"inLanguage\":\"en-US\",\"potentialAction\":[{\"@type\":\"ReadAction\",\"target\":[\"https:\/\/www.welovecycling.com\/wide\/2019\/03\/05\/winter-cycling-embrace-the-cold-get-stronger-with-the-wim-hof-method\/\"]}]},{\"@type\":\"ImageObject\",\"inLanguage\":\"en-US\",\"@id\":\"https:\/\/www.welovecycling.com\/wide\/2019\/03\/05\/winter-cycling-embrace-the-cold-get-stronger-with-the-wim-hof-method\/#primaryimage\",\"url\":\"https:\/\/d2p6e6u75xmxt8.cloudfront.net\/2\/2019\/03\/Wim-Hof-Cyclist-CVR.webp\",\"contentUrl\":\"https:\/\/d2p6e6u75xmxt8.cloudfront.net\/2\/2019\/03\/Wim-Hof-Cyclist-CVR.webp\",\"width\":900,\"height\":600},{\"@type\":\"BreadcrumbList\",\"@id\":\"https:\/\/www.welovecycling.com\/wide\/2019\/03\/05\/winter-cycling-embrace-the-cold-get-stronger-with-the-wim-hof-method\/#breadcrumb\",\"itemListElement\":[{\"@type\":\"ListItem\",\"position\":1,\"name\":\"Home\",\"item\":\"https:\/\/www.welovecycling.com\/wide\/\"},{\"@type\":\"ListItem\",\"position\":2,\"name\":\"Winter Cycling: Embrace the Cold &#038; Get Stronger with the Wim Hof Method\"}]},{\"@type\":\"WebSite\",\"@id\":\"https:\/\/www.welovecycling.com\/wide\/#website\",\"url\":\"https:\/\/www.welovecycling.com\/wide\/\",\"name\":\"\u0160koda We Love Cycling\",\"description\":\"\u0160koda We Love Cycling magazine\",\"alternateName\":\"\u0160koda WLC\",\"potentialAction\":[{\"@type\":\"SearchAction\",\"target\":{\"@type\":\"EntryPoint\",\"urlTemplate\":\"https:\/\/www.welovecycling.com\/wide\/?s={search_term_string}\"},\"query-input\":{\"@type\":\"PropertyValueSpecification\",\"valueRequired\":true,\"valueName\":\"search_term_string\"}}],\"inLanguage\":\"en-US\"},{\"@type\":\"Person\",\"@id\":\"\",\"url\":\"https:\/\/www.welovecycling.com\/wide\/author\/\"}]}<\/script>\n<!-- \/ Yoast SEO Premium plugin. -->","yoast_head_json":{"title":"Winter Cycling: Embrace the Cold & Get Stronger with the Wim Hof Method - \u0160koda We Love Cycling","description":"I hope you enjoyed the video! It was just an overview about the method so now let\u2019s dig deeper\u2026 Being a bike guide based in Prague, it is very hard for me","robots":{"index":"index","follow":"follow","max-snippet":"max-snippet:-1","max-image-preview":"max-image-preview:large","max-video-preview":"max-video-preview:-1"},"canonical":"https:\/\/www.welovecycling.com\/wide\/2019\/03\/05\/winter-cycling-embrace-the-cold-get-stronger-with-the-wim-hof-method\/","og_locale":"en_US","og_type":"article","og_title":"Winter Cycling: Embrace the Cold & Get Stronger with the Wim Hof Method","og_description":"I hope you enjoyed the video! It was just an overview about the method so now let\u2019s dig deeper\u2026 Being a bike guide based in Prague, it is very hard for me","og_url":"https:\/\/www.welovecycling.com\/wide\/2019\/03\/05\/winter-cycling-embrace-the-cold-get-stronger-with-the-wim-hof-method\/","og_site_name":"\u0160koda We Love Cycling","article_published_time":"2019-03-05T09:46:59+00:00","article_modified_time":"2019-03-06T07:09:34+00:00","og_image":[{"width":900,"height":600,"url":"https:\/\/d2p6e6u75xmxt8.cloudfront.net\/2\/2019\/03\/Wim-Hof-Cyclist-CVR.webp","type":"image\/webp"}],"twitter_card":"summary_large_image","twitter_misc":{"Written by":"Filippo Mari","Est. watching time":"8"},"schema":{"@context":"https:\/\/schema.org","@graph":[{"@type":"WebPage","@id":"https:\/\/www.welovecycling.com\/wide\/2019\/03\/05\/winter-cycling-embrace-the-cold-get-stronger-with-the-wim-hof-method\/","url":"https:\/\/www.welovecycling.com\/wide\/2019\/03\/05\/winter-cycling-embrace-the-cold-get-stronger-with-the-wim-hof-method\/","name":"Winter Cycling: Embrace the Cold & Get Stronger with the Wim Hof Method - \u0160koda We Love Cycling","isPartOf":{"@id":"https:\/\/www.welovecycling.com\/wide\/#website"},"primaryImageOfPage":{"@id":"https:\/\/www.welovecycling.com\/wide\/2019\/03\/05\/winter-cycling-embrace-the-cold-get-stronger-with-the-wim-hof-method\/#primaryimage"},"image":{"@id":"https:\/\/www.welovecycling.com\/wide\/2019\/03\/05\/winter-cycling-embrace-the-cold-get-stronger-with-the-wim-hof-method\/#primaryimage"},"thumbnailUrl":"https:\/\/d2p6e6u75xmxt8.cloudfront.net\/2\/2019\/03\/Wim-Hof-Cyclist-CVR.webp","datePublished":"2019-03-05T09:46:59+00:00","dateModified":"2019-03-06T07:09:34+00:00","author":{"@id":""},"description":"I hope you enjoyed the video! It was just an overview about the method so now let\u2019s dig deeper\u2026 Being a bike guide based in Prague, it is very hard for me","breadcrumb":{"@id":"https:\/\/www.welovecycling.com\/wide\/2019\/03\/05\/winter-cycling-embrace-the-cold-get-stronger-with-the-wim-hof-method\/#breadcrumb"},"inLanguage":"en-US","potentialAction":[{"@type":"ReadAction","target":["https:\/\/www.welovecycling.com\/wide\/2019\/03\/05\/winter-cycling-embrace-the-cold-get-stronger-with-the-wim-hof-method\/"]}]},{"@type":"ImageObject","inLanguage":"en-US","@id":"https:\/\/www.welovecycling.com\/wide\/2019\/03\/05\/winter-cycling-embrace-the-cold-get-stronger-with-the-wim-hof-method\/#primaryimage","url":"https:\/\/d2p6e6u75xmxt8.cloudfront.net\/2\/2019\/03\/Wim-Hof-Cyclist-CVR.webp","contentUrl":"https:\/\/d2p6e6u75xmxt8.cloudfront.net\/2\/2019\/03\/Wim-Hof-Cyclist-CVR.webp","width":900,"height":600},{"@type":"BreadcrumbList","@id":"https:\/\/www.welovecycling.com\/wide\/2019\/03\/05\/winter-cycling-embrace-the-cold-get-stronger-with-the-wim-hof-method\/#breadcrumb","itemListElement":[{"@type":"ListItem","position":1,"name":"Home","item":"https:\/\/www.welovecycling.com\/wide\/"},{"@type":"ListItem","position":2,"name":"Winter Cycling: Embrace the Cold &#038; Get Stronger with the Wim Hof Method"}]},{"@type":"WebSite","@id":"https:\/\/www.welovecycling.com\/wide\/#website","url":"https:\/\/www.welovecycling.com\/wide\/","name":"\u0160koda We Love Cycling","description":"\u0160koda We Love Cycling magazine","alternateName":"\u0160koda WLC","potentialAction":[{"@type":"SearchAction","target":{"@type":"EntryPoint","urlTemplate":"https:\/\/www.welovecycling.com\/wide\/?s={search_term_string}"},"query-input":{"@type":"PropertyValueSpecification","valueRequired":true,"valueName":"search_term_string"}}],"inLanguage":"en-US"},{"@type":"Person","@id":"","url":"https:\/\/www.welovecycling.com\/wide\/author\/"}]}},"_links":{"self":[{"href":"https:\/\/www.welovecycling.com\/wide\/wp-json\/wp\/v2\/posts\/172617","targetHints":{"allow":["GET"]}}],"collection":[{"href":"https:\/\/www.welovecycling.com\/wide\/wp-json\/wp\/v2\/posts"}],"about":[{"href":"https:\/\/www.welovecycling.com\/wide\/wp-json\/wp\/v2\/types\/post"}],"author":[{"embeddable":true,"href":"https:\/\/www.welovecycling.com\/wide\/wp-json\/wp\/v2\/users\/12"}],"replies":[{"embeddable":true,"href":"https:\/\/www.welovecycling.com\/wide\/wp-json\/wp\/v2\/comments?post=172617"}],"version-history":[{"count":2,"href":"https:\/\/www.welovecycling.com\/wide\/wp-json\/wp\/v2\/posts\/172617\/revisions"}],"predecessor-version":[{"id":172653,"href":"https:\/\/www.welovecycling.com\/wide\/wp-json\/wp\/v2\/posts\/172617\/revisions\/172653"}],"wp:featuredmedia":[{"embeddable":true,"href":"https:\/\/www.welovecycling.com\/wide\/wp-json\/wp\/v2\/media\/172618"}],"wp:attachment":[{"href":"https:\/\/www.welovecycling.com\/wide\/wp-json\/wp\/v2\/media?parent=172617"}],"wp:term":[{"taxonomy":"category","embeddable":true,"href":"https:\/\/www.welovecycling.com\/wide\/wp-json\/wp\/v2\/categories?post=172617"},{"taxonomy":"post_tag","embeddable":true,"href":"https:\/\/www.welovecycling.com\/wide\/wp-json\/wp\/v2\/tags?post=172617"},{"taxonomy":"global-categories","embeddable":true,"href":"https:\/\/www.welovecycling.com\/wide\/wp-json\/wp\/v2\/global-categories?post=172617"}],"curies":[{"name":"wp","href":"https:\/\/api.w.org\/{rel}","templated":true}]}}