{"id":172516,"date":"2019-02-27T12:13:17","date_gmt":"2019-02-27T12:13:17","guid":{"rendered":"https:\/\/www.welovecycling.com\/wide\/?p=172516"},"modified":"2019-02-27T12:15:15","modified_gmt":"2019-02-27T12:15:15","slug":"omar-di-felice-meet-the-cold-hunting-ultracyclist-from-italy","status":"publish","type":"post","link":"https:\/\/www.welovecycling.com\/wide\/2019\/02\/27\/omar-di-felice-meet-the-cold-hunting-ultracyclist-from-italy\/","title":{"rendered":"Omar Di Felice: Meet the Cold-Hunting Ultracyclist from Italy"},"content":{"rendered":"<p><strong>The world of ultracycling is a strange one, to say the least; a niche sport within the cycling world where athletes strive to push themselves to their very personal limits. Some are aiming at world record times over maximum distances such as <a href=\"https:\/\/www.welovecycling.com\/wide\/2017\/11\/23\/interview-meet-christoph-strasser-ultimate-endurance-enthusiast\/\">Christoph Strasser<\/a>. Others are looking at sheer endurance feats, like the ultra-triathlon master and one of the 2018 Red Bull Athletes of the year, <a href=\"https:\/\/www.welovecycling.com\/wide\/2018\/07\/03\/the-mighty-arch-2-arc-training-for-one-of-the-hardest-ultra-endurance-triathlons\/\">Perrine Fages<\/a>.<\/strong><!--more--><\/p>\n<p>One aspect of the sport we had yet to touch at We Love Cycling was the extreme \u201cwinter edition\u201d of the sport. And since the 2018\/19 winter has been rather harsh to us all both in Europe and North America, we thought that before the spring sunshine fully appears, a little taste of what winter ultracycling is all about would be more than appropriate.<\/p>\n<p>Here comes Omar Di Felice, the extreme \u201cCold Hunter\u201d from Rome, Italy, who has been pushing the boundaries of extreme winter cycling to the maximum (or minimum if you prefer to think about the temperatures).<\/p>\n<figure id=\"attachment_172528\" aria-describedby=\"caption-attachment-172528\" style=\"width: 1377px\" class=\"wp-caption alignnone\"><a href=\"https:\/\/d2p6e6u75xmxt8.cloudfront.net\/2\/2019\/02\/Omar-Di-Felice.jpg\"><img loading=\"lazy\" decoding=\"async\" class=\"size-full wp-image-172528\" src=\"https:\/\/d2p6e6u75xmxt8.cloudfront.net\/2\/2019\/02\/Omar-Di-Felice.jpg\" alt=\"\" width=\"1377\" height=\"918\" \/><\/a><figcaption id=\"caption-attachment-172528\" class=\"wp-caption-text\">On March 1, Omar will be part of the Alaska Challenge (#AlaskaLimitless), 1,400 km from Anchorage to Deadhorse, cycling through the Dalton Highway along a support car.\u00a0\u00a9\u00a0@6stili &amp; @omardifelice<\/figcaption><\/figure>\n<p><em><strong>You are a Rome native, which is not exactly a city renowned for its harsh winter conditions. What made you choose such types of hardcore winter <\/strong><\/em>ultracycling<em><strong> challenges?<\/strong><\/em><\/p>\n<p>When I was a kid, I used to watch the movies and documentaries by National Geographic (and others) on TV about these great explorations, adventurers, the hard-core skiers and climbers&#8230; It just fascinated me.<\/p>\n<p>This is why some years ago, I decided to mix up my two biggest passions: cycling and exploration of the Great North. I wanted to do something unique and wanted to be a road cyclist in such extreme and cold places. You know, the Arctic is a tough but amazing place and cycling in winter up there is one of the best experiences you can live in your life. The sheer cold, the unique colours, the silence, the wind and, of course, the snow. And I must also mention the amazing Northern Lights during the night.<\/p>\n<p>That\u2019s why I told myself: \u201cHey, you can try to cycle up there!\u201d.<\/p>\n<h2><strong>Hunting the cold: a mental or a physical challenge<\/strong><\/h2>\n<p><em><strong>Since you&#8217;ve been doing both Nordic Challenges and &#8220;more common&#8221; ultracycling events, could you share with us how riding in the (extreme) cold is different from summer ultracycling events?<\/strong><\/em><\/p>\n<p>In any standard ultracycling challenges, if you\u2019re not well trained, you won\u2019t reach the goal. Training is the basis for this kind of sport \u2013 of course, this is also true for all sports in general). But when you are facing a \u2018big wall\u2019 like the Arctic cold and winds, along with the de facto \u2018impossibility to come back home easily\u2019, then the challenge really takes its own shape and becomes a mental one. In fact, summer and winter cycling are different in many ways but the way to approach a multi-day non-stop ride in the south of the US or an Arctic winter one is essentially the same \u2013 you have to keep the motivation inside you running high.<\/p>\n<figure id=\"attachment_172519\" aria-describedby=\"caption-attachment-172519\" style=\"width: 1377px\" class=\"wp-caption alignnone\"><a href=\"https:\/\/d2p6e6u75xmxt8.cloudfront.net\/2\/2019\/02\/Omar-Di-Felice-9.jpg\"><img loading=\"lazy\" decoding=\"async\" class=\"wp-image-172519 size-full\" src=\"https:\/\/d2p6e6u75xmxt8.cloudfront.net\/2\/2019\/02\/Omar-Di-Felice-9.jpg\" alt=\"\" width=\"1377\" height=\"918\" \/><\/a><figcaption id=\"caption-attachment-172519\" class=\"wp-caption-text\">\u00a9\u00a0@6stili &amp; @omardifelice<\/figcaption><\/figure>\n<p>Look, the way I see it is this: ahead of big troubles or challenges, the normal question which comes to your mind is \u2018Why I\u2019m doing it?\u2019 If you personally do not have the right motivation for it, then the easiest thing will be to give up. Following is the physical part which is, in fact, less difficult, to be honest. For sure you have to train but it\u2019s something which you and I and everyone else can do. Train, recover, sleep, and repeat. This is what a sportsperson does every day.<\/p>\n<p>For me, my secret is passion. A simple example; when riding at -30\u00b0C temperatures and I feel like I am in front of a big \u2018wall\u2019, then I tell myself \u2018hey Omar, shut up your ghosts! You\u2019 are doing what you dreamed since you were a baby so push on your pedals and enjoy it.\u2019<\/p>\n<p><em><strong>Just to get the feel of the kind of temperatures you have been dealing with, could you tell us which was the coldest and where?<\/strong><\/em><\/p>\n<p>Oh, I remember well! It was -36\u00b0C during my last unsupported adventure to Northcape, in the Finnmark area in Norway, where I rode 85 km without any kind of possibility to stop as I was in the middle of nowhere. No recovery places nor gas stations between the villages of Alta and Skaidi. In such a case, if you must stop, you\u2019re in trouble.<\/p>\n<h2><strong>The Logistics<\/strong><\/h2>\n<p><em><strong>Could you describe to us what kind of a support team you have?<\/strong><\/em><\/p>\n<p>One official yellow MAVIC neutral assistance car. Since I am an ambassador for the brand, these guys who are part of a truly historical French brand have been helping me a great deal since many of them are part of the MAVIC official car fleet during the Tour de France. So I get the top technicians following me. They also help me with the nutrition stuff.<\/p>\n<p>And the other one is a big van where the second part of the team rests, takes care of all of the refills, and so on. Pretty much everything including nutrition, clothes, replacements for the bike parts, etc. In addition, I have a photographer\/technician who adds up as a mechanic in case of bike problems. Next would be my coach who has medical skills in case of first aid requirements.<\/p>\n<figure id=\"attachment_172526\" aria-describedby=\"caption-attachment-172526\" style=\"width: 1377px\" class=\"wp-caption alignnone\"><a href=\"https:\/\/d2p6e6u75xmxt8.cloudfront.net\/2\/2019\/02\/Omar-Di-Felice-2.jpg\"><img loading=\"lazy\" decoding=\"async\" class=\"wp-image-172526 size-full\" src=\"https:\/\/d2p6e6u75xmxt8.cloudfront.net\/2\/2019\/02\/Omar-Di-Felice-2.jpg\" alt=\"\" width=\"1377\" height=\"918\" \/><\/a><figcaption id=\"caption-attachment-172526\" class=\"wp-caption-text\">\u00a9\u00a0@6stili &amp; @omardifelice<\/figcaption><\/figure>\n<p>Then there is my dear lady who manages all of my social network platforms during each major challenge. She takes care of the story-telling and makes sure to involve all of the people important to help promoting what ultracycling really is!<\/p>\n<p><em><strong>How important is your support team for realizing such feats?<\/strong><\/em><\/p>\n<p>I would totally agree with the fact that, generally, ultracycling is a team-based sport, like in football where the work of many people is necessary to achieve a single goal. So, in this sense, my support crew is so important to me that it is hard to explain how much they help me in completing my challenges.<\/p>\n<p>For example, during long-distance challenges like the one I did in Italy (3,800 km non-stop RAAM-style), I had two support teams, which were switching every 10-12 hours so they could also rest and sleep and remain focused. This way, they have to take over at one point because I become just too tired to make sound decisions.<\/p>\n<p><em><strong>What are your sleeping arrangements during the challenges? How does that work?<\/strong><\/em><\/p>\n<p>I will be honest with you. I don\u2019t like to power nap in the car too much but I have to sleep there most of the time (laughter). Sometimes, I did have a camper with a bed. This is why from one of my sponsors, Dorelan, I\u2019ve received a special portable bed to increase my recovery ability after a power nap in various conditions.<\/p>\n<figure id=\"attachment_172523\" aria-describedby=\"caption-attachment-172523\" style=\"width: 1377px\" class=\"wp-caption alignnone\"><a href=\"https:\/\/d2p6e6u75xmxt8.cloudfront.net\/2\/2019\/02\/Omar-Di-Felice-5.jpg\"><img loading=\"lazy\" decoding=\"async\" class=\"wp-image-172523 size-full\" src=\"https:\/\/d2p6e6u75xmxt8.cloudfront.net\/2\/2019\/02\/Omar-Di-Felice-5.jpg\" alt=\"\" width=\"1377\" height=\"918\" \/><\/a><figcaption id=\"caption-attachment-172523\" class=\"wp-caption-text\">\u00a9\u00a0@6stili &amp; @omardifelice<\/figcaption><\/figure>\n<h2><strong>The Equipment<\/strong><\/h2>\n<p><em><strong>Omar, we are definitely curious about the type of equipment you are using for your arctic events. Let\u2019s start with your bike and bike set-up.<\/strong><\/em><\/p>\n<p>During my winter expeditions, I use a gravel bike as the geometry, providing a more comfortable position, is best adapted for such conditions. Last year in Canada, I tested for my sponsor Wilier a new innovative model, the Jena. A very light bike offering a good performance geometry. In this sense, it is not an endurance bike.<\/p>\n<p>Regarding my groupset, because when riding in winter, the most important thing is to have the maximum reliability, I opt for a mechanical groupset, more specifically the Shimano Ultegra without electronic parts (no Di2). As for my choice of tires for icy surfaces, I use CX tires with spikes (700&#215;30-35C with 25 spikes per tire).<\/p>\n<p>Regarding the brakes, a disk brake system is just a must. During my first winter expeditions, I used a rim brake configuration and it was the worst braking experience of my life. Also and as you know, oil plays a major part in a smooth bike ride. In my case, standard oil for wet conditions is the best until -30\u00b0C. When temperatures go lower, I just have to keep my finger crossed and ride the bike more gently in order to prevent any kind of problems. For example, breaking a chain in temperatures below -30\u00b0C signals some really harsh work on the side of the road (and often in the dark)!<\/p>\n<p>By the way, there is no customized part nowhere on the bike because my goal is to do these kinds of challenges as a \u2018normal\u2019 road cyclist. As for the rest of the year, when I participate in more \u2018human\u2019 conditions, I use bikes in relation to the type of challenge at hand; a standard light bike like Wilier\u2019s Zero6 and Zero7. In the case of mountains challenges, I prefer an endurance bike like Wilier\u2019s 110NDR. For unsupported long-distance races, I will add bike packing bags. With challenges done on flat roads, I go for a pure time trial bike.<\/p>\n<figure id=\"attachment_172520\" aria-describedby=\"caption-attachment-172520\" style=\"width: 1377px\" class=\"wp-caption alignnone\"><a href=\"https:\/\/d2p6e6u75xmxt8.cloudfront.net\/2\/2019\/02\/Omar-Di-Felice-8.jpg\"><img loading=\"lazy\" decoding=\"async\" class=\"wp-image-172520 size-full\" src=\"https:\/\/d2p6e6u75xmxt8.cloudfront.net\/2\/2019\/02\/Omar-Di-Felice-8.jpg\" alt=\"\" width=\"1377\" height=\"918\" \/><\/a><figcaption id=\"caption-attachment-172520\" class=\"wp-caption-text\">\u00a9\u00a0@6stili &amp; @omardifelice<\/figcaption><\/figure>\n<p><em><strong>What about your clothing?<\/strong><\/em><\/p>\n<p>First comes the jacket. I use a standard MAVIC Cosmic Pro jacket. Why no specific alpine-oriented equipment you may ask? For the exact same reason I mentioned before. I want to do this kind of challenge as a standard road cyclist to show that it is possible.<\/p>\n<p>Next are the inside layers. This is the most important thing. It goes for me but also for any amateur cyclists looking to start with winter cycling either for fun or to commute to work. The trick is to create the first layer of insulation from the cold and wind. For this, I use a Merino wool base layer after which I select various multi-layer systems in order to calibrate, depending on the effort and the temperature I must deal with.<\/p>\n<p>As for pants, it is pretty much like the jacket; I use MAVIC standard winter cycling pants. About the shoes, instead of opting for shoes and an overshoe system, I go with winter-dedicated shoes like the MAVIC Ksyrium Thermo. Now, when I am completely alone without a support team, I will often go with Crossmax MTB, because an MTB shoe is better considering that sometimes you have to walk when you reach the end point (or during some stops). Now, in order to protect my feet and toes, the Merino wool socks are really the best in this case. For sure, feet are one of the most stressed parts of your body in cold conditions and you have to pay close attention in order to avoid freezing problems.<\/p>\n<p>You know, arctic cycling can be really dangerous if you do not have enough experience to evaluate your fingers\u2019 condition, so determining when you are able to cycle and when to stop is the only way to do this safely.<\/p>\n<figure id=\"attachment_172518\" aria-describedby=\"caption-attachment-172518\" style=\"width: 1377px\" class=\"wp-caption alignnone\"><a href=\"https:\/\/d2p6e6u75xmxt8.cloudfront.net\/2\/2019\/02\/Omar-Di-Felice-10.jpg\"><img loading=\"lazy\" decoding=\"async\" class=\"wp-image-172518 size-full\" src=\"https:\/\/d2p6e6u75xmxt8.cloudfront.net\/2\/2019\/02\/Omar-Di-Felice-10.jpg\" alt=\"\" width=\"1377\" height=\"918\" \/><\/a><figcaption id=\"caption-attachment-172518\" class=\"wp-caption-text\">\u00a9\u00a0@6stili &amp; @omardifelice<\/figcaption><\/figure>\n<h2><strong>The Nutrition<\/strong><\/h2>\n<p><em><strong>Do you have any special protein\/fat requirements when riding in the cold or your nutrition is similar to that of a typical pro cyclist at the Giro d\u2019Italia?<\/strong><\/em><\/p>\n<p>Slightly different. In winter conditions, I must drastically re-balance my food intake considering that I must reserve a bigger quota to proteins and fat. When you ride in such cold conditions, you have to consider that the weather keeps your consumption higher and higher. For me, it goes up to something like 800-1,000 kcal\/hour! This is why I eat something like paninis with fatty cheese and ham. Sugar-wise, I like pieces of cake but chocolate remains my favourite during these kinds of challenges.<\/p>\n<h2><strong>The Cold Hunter\u2019s Hunting Season<\/strong><\/h2>\n<p><em><strong>Could you give us a rundown of your calendar for the last and current year?<\/strong><\/em><\/p>\n<p>In January 2018, I did the Iceland bike-packing adventure as training for Canada where I did a 1,400-km ride from Whitehorse to Tuktoyaktuk in March. I was, in fact, the first cyclist on the new arctic road and I am very proud of that! I did that one with the help of a support car. I must say that this was a really exhausting winter challenge.<\/p>\n<div id='gallery-1' class='gallery galleryid-172516 gallery-columns-2 gallery-size-large'><figure class='gallery-item'>\n\t\t\t<div class='gallery-icon landscape'>\n\t\t\t\t<a href='https:\/\/d2p6e6u75xmxt8.cloudfront.net\/2\/2019\/02\/Omar-Di-Felice-3.webp'><img loading=\"lazy\" decoding=\"async\" width=\"1024\" height=\"683\" src=\"https:\/\/d2p6e6u75xmxt8.cloudfront.net\/2\/2019\/02\/Omar-Di-Felice-3-1024x683.webp\" class=\"attachment-large size-large\" alt=\"\" aria-describedby=\"gallery-1-172525\" srcset=\"https:\/\/d2p6e6u75xmxt8.cloudfront.net\/2\/2019\/02\/Omar-Di-Felice-3-1024x683.webp 1024w, https:\/\/d2p6e6u75xmxt8.cloudfront.net\/2\/2019\/02\/Omar-Di-Felice-3-300x200.webp 300w, https:\/\/d2p6e6u75xmxt8.cloudfront.net\/2\/2019\/02\/Omar-Di-Felice-3-768x512.webp 768w, https:\/\/d2p6e6u75xmxt8.cloudfront.net\/2\/2019\/02\/Omar-Di-Felice-3-272x182.webp 272w, https:\/\/d2p6e6u75xmxt8.cloudfront.net\/2\/2019\/02\/Omar-Di-Felice-3.webp 1377w\" sizes=\"auto, (max-width: 1024px) 100vw, 1024px\" \/><\/a>\n\t\t\t<\/div>\n\t\t\t\t<figcaption class='wp-caption-text gallery-caption' id='gallery-1-172525'>\n\t\t\t\t\u00a9\u00a0@6stili &#038; @omardifelice\n\t\t\t\t<\/figcaption><\/figure><figure class='gallery-item'>\n\t\t\t<div class='gallery-icon landscape'>\n\t\t\t\t<a href='https:\/\/d2p6e6u75xmxt8.cloudfront.net\/2\/2019\/02\/Omar-Di-Felice-7.webp'><img loading=\"lazy\" decoding=\"async\" width=\"1024\" height=\"683\" src=\"https:\/\/d2p6e6u75xmxt8.cloudfront.net\/2\/2019\/02\/Omar-Di-Felice-7-1024x683.webp\" class=\"attachment-large size-large\" alt=\"\" aria-describedby=\"gallery-1-172521\" srcset=\"https:\/\/d2p6e6u75xmxt8.cloudfront.net\/2\/2019\/02\/Omar-Di-Felice-7-1024x683.webp 1024w, https:\/\/d2p6e6u75xmxt8.cloudfront.net\/2\/2019\/02\/Omar-Di-Felice-7-300x200.webp 300w, https:\/\/d2p6e6u75xmxt8.cloudfront.net\/2\/2019\/02\/Omar-Di-Felice-7-768x512.webp 768w, https:\/\/d2p6e6u75xmxt8.cloudfront.net\/2\/2019\/02\/Omar-Di-Felice-7-272x182.webp 272w, https:\/\/d2p6e6u75xmxt8.cloudfront.net\/2\/2019\/02\/Omar-Di-Felice-7.webp 1377w\" sizes=\"auto, (max-width: 1024px) 100vw, 1024px\" \/><\/a>\n\t\t\t<\/div>\n\t\t\t\t<figcaption class='wp-caption-text gallery-caption' id='gallery-1-172521'>\n\t\t\t\t\u00a9\u00a0@6stili &#038; @omardifelice\n\t\t\t\t<\/figcaption><\/figure>\n\t\t<\/div>\n\n<p>Then, at the end of May 2018, I won the short version of the Glocknerman (500 km) and the Dolomitics 24-hour race. At the end of the season, I finished second at the Transiberica Unsupported Bike race, 3,600 km all around Spain and Portugal in a non-stop mode. Now for 2019, very soon (March 1) I am planning the Alaska Limitless, trying to cycle from Anchorage to Deadhorse facing one of the most extreme roads in the world \u2013 the Dalton Highway. It is also about 1,400 km, similar to my Canadian experience, with a support car. By the way, it is why I did the Norwegian experience in bikepacking earlier, a hard training where I found some of the most incredible weather conditions I have ever faced.<\/p>\n<p><em><strong>Good luck at the Alaska Limitless from the whole team, Omar!<\/strong><\/em><\/p>\n","protected":false},"excerpt":{"rendered":"<p>The world of ultracycling is a strange one, to say the least; a niche sport within the cycling world where [&hellip;]<\/p>\n","protected":false},"author":12,"featured_media":172517,"comment_status":"open","ping_status":"open","sticky":false,"template":"","format":"standard","meta":{"footnotes":""},"categories":[4142],"tags":[2727,2725,2726],"global-categories":[],"class_list":["post-172516","post","type-post","status-publish","format-standard","has-post-thumbnail","hentry","category-ride2unite","tag-alaska-limitless","tag-omar-di-felice","tag-ultracycling"],"yoast_head":"<!-- This site is optimized with the Yoast SEO Premium plugin v25.3 (Yoast SEO v25.9) - https:\/\/yoast.com\/wordpress\/plugins\/seo\/ -->\n<title>Omar Di Felice: Meet the Cold-Hunting Ultracyclist from Italy - \u0160koda We Love Cycling<\/title>\n<meta name=\"description\" content=\"The world of ultracycling is a strange one, to say the least; a niche sport within the cycling world where athletes strive to push themselves to their\" \/>\n<meta name=\"robots\" content=\"index, follow, max-snippet:-1, max-image-preview:large, max-video-preview:-1\" \/>\n<link rel=\"canonical\" href=\"https:\/\/www.welovecycling.com\/wide\/2019\/02\/27\/omar-di-felice-meet-the-cold-hunting-ultracyclist-from-italy\/\" \/>\n<meta property=\"og:locale\" content=\"en_US\" \/>\n<meta property=\"og:type\" content=\"article\" \/>\n<meta property=\"og:title\" content=\"Omar Di Felice: Meet the Cold-Hunting Ultracyclist from Italy\" \/>\n<meta property=\"og:description\" content=\"The world of ultracycling is a strange one, to say the least; a niche sport within the cycling world where athletes strive to push themselves to their\" \/>\n<meta property=\"og:url\" content=\"https:\/\/www.welovecycling.com\/wide\/2019\/02\/27\/omar-di-felice-meet-the-cold-hunting-ultracyclist-from-italy\/\" \/>\n<meta property=\"og:site_name\" content=\"\u0160koda We Love Cycling\" \/>\n<meta property=\"article:published_time\" content=\"2019-02-27T12:13:17+00:00\" \/>\n<meta property=\"article:modified_time\" content=\"2019-02-27T12:15:15+00:00\" \/>\n<meta property=\"og:image\" content=\"https:\/\/d2p6e6u75xmxt8.cloudfront.net\/2\/2019\/02\/Omar-Di-Felice-CVR.webp\" \/>\n\t<meta property=\"og:image:width\" content=\"900\" \/>\n\t<meta property=\"og:image:height\" content=\"600\" \/>\n\t<meta property=\"og:image:type\" content=\"image\/webp\" \/>\n<meta name=\"twitter:card\" content=\"summary_large_image\" \/>\n<meta name=\"twitter:label1\" content=\"Written by\" \/>\n\t<meta name=\"twitter:data1\" content=\"Jonathan Bouchard (Polska \u00e0 v\u00e9lo)\" \/>\n\t<meta name=\"twitter:label2\" content=\"Est. reading time\" \/>\n\t<meta name=\"twitter:data2\" content=\"10\" \/>\n<script type=\"application\/ld+json\" class=\"yoast-schema-graph\">{\"@context\":\"https:\/\/schema.org\",\"@graph\":[{\"@type\":\"WebPage\",\"@id\":\"https:\/\/www.welovecycling.com\/wide\/2019\/02\/27\/omar-di-felice-meet-the-cold-hunting-ultracyclist-from-italy\/\",\"url\":\"https:\/\/www.welovecycling.com\/wide\/2019\/02\/27\/omar-di-felice-meet-the-cold-hunting-ultracyclist-from-italy\/\",\"name\":\"Omar Di Felice: Meet the Cold-Hunting Ultracyclist from Italy - \u0160koda We Love Cycling\",\"isPartOf\":{\"@id\":\"https:\/\/www.welovecycling.com\/wide\/#website\"},\"primaryImageOfPage\":{\"@id\":\"https:\/\/www.welovecycling.com\/wide\/2019\/02\/27\/omar-di-felice-meet-the-cold-hunting-ultracyclist-from-italy\/#primaryimage\"},\"image\":{\"@id\":\"https:\/\/www.welovecycling.com\/wide\/2019\/02\/27\/omar-di-felice-meet-the-cold-hunting-ultracyclist-from-italy\/#primaryimage\"},\"thumbnailUrl\":\"https:\/\/d2p6e6u75xmxt8.cloudfront.net\/2\/2019\/02\/Omar-Di-Felice-CVR.webp\",\"datePublished\":\"2019-02-27T12:13:17+00:00\",\"dateModified\":\"2019-02-27T12:15:15+00:00\",\"author\":{\"@id\":\"\"},\"description\":\"The world of ultracycling is a strange one, to say the least; a niche sport within the cycling world where athletes strive to push themselves to their\",\"breadcrumb\":{\"@id\":\"https:\/\/www.welovecycling.com\/wide\/2019\/02\/27\/omar-di-felice-meet-the-cold-hunting-ultracyclist-from-italy\/#breadcrumb\"},\"inLanguage\":\"en-US\",\"potentialAction\":[{\"@type\":\"ReadAction\",\"target\":[\"https:\/\/www.welovecycling.com\/wide\/2019\/02\/27\/omar-di-felice-meet-the-cold-hunting-ultracyclist-from-italy\/\"]}]},{\"@type\":\"ImageObject\",\"inLanguage\":\"en-US\",\"@id\":\"https:\/\/www.welovecycling.com\/wide\/2019\/02\/27\/omar-di-felice-meet-the-cold-hunting-ultracyclist-from-italy\/#primaryimage\",\"url\":\"https:\/\/d2p6e6u75xmxt8.cloudfront.net\/2\/2019\/02\/Omar-Di-Felice-CVR.webp\",\"contentUrl\":\"https:\/\/d2p6e6u75xmxt8.cloudfront.net\/2\/2019\/02\/Omar-Di-Felice-CVR.webp\",\"width\":900,\"height\":600},{\"@type\":\"BreadcrumbList\",\"@id\":\"https:\/\/www.welovecycling.com\/wide\/2019\/02\/27\/omar-di-felice-meet-the-cold-hunting-ultracyclist-from-italy\/#breadcrumb\",\"itemListElement\":[{\"@type\":\"ListItem\",\"position\":1,\"name\":\"Home\",\"item\":\"https:\/\/www.welovecycling.com\/wide\/\"},{\"@type\":\"ListItem\",\"position\":2,\"name\":\"Omar Di Felice: Meet the Cold-Hunting Ultracyclist from Italy\"}]},{\"@type\":\"WebSite\",\"@id\":\"https:\/\/www.welovecycling.com\/wide\/#website\",\"url\":\"https:\/\/www.welovecycling.com\/wide\/\",\"name\":\"\u0160koda We Love Cycling\",\"description\":\"\u0160koda We Love Cycling magazine\",\"alternateName\":\"\u0160koda WLC\",\"potentialAction\":[{\"@type\":\"SearchAction\",\"target\":{\"@type\":\"EntryPoint\",\"urlTemplate\":\"https:\/\/www.welovecycling.com\/wide\/?s={search_term_string}\"},\"query-input\":{\"@type\":\"PropertyValueSpecification\",\"valueRequired\":true,\"valueName\":\"search_term_string\"}}],\"inLanguage\":\"en-US\"},{\"@type\":\"Person\",\"@id\":\"\",\"url\":\"https:\/\/www.welovecycling.com\/wide\/author\/\"}]}<\/script>\n<!-- \/ Yoast SEO Premium plugin. -->","yoast_head_json":{"title":"Omar Di Felice: Meet the Cold-Hunting Ultracyclist from Italy - \u0160koda We Love Cycling","description":"The world of ultracycling is a strange one, to say the least; a niche sport within the cycling world where athletes strive to push themselves to their","robots":{"index":"index","follow":"follow","max-snippet":"max-snippet:-1","max-image-preview":"max-image-preview:large","max-video-preview":"max-video-preview:-1"},"canonical":"https:\/\/www.welovecycling.com\/wide\/2019\/02\/27\/omar-di-felice-meet-the-cold-hunting-ultracyclist-from-italy\/","og_locale":"en_US","og_type":"article","og_title":"Omar Di Felice: Meet the Cold-Hunting Ultracyclist from Italy","og_description":"The world of ultracycling is a strange one, to say the least; a niche sport within the cycling world where athletes strive to push themselves to their","og_url":"https:\/\/www.welovecycling.com\/wide\/2019\/02\/27\/omar-di-felice-meet-the-cold-hunting-ultracyclist-from-italy\/","og_site_name":"\u0160koda We Love Cycling","article_published_time":"2019-02-27T12:13:17+00:00","article_modified_time":"2019-02-27T12:15:15+00:00","og_image":[{"width":900,"height":600,"url":"https:\/\/d2p6e6u75xmxt8.cloudfront.net\/2\/2019\/02\/Omar-Di-Felice-CVR.webp","type":"image\/webp"}],"twitter_card":"summary_large_image","twitter_misc":{"Written by":"Jonathan Bouchard (Polska \u00e0 v\u00e9lo)","Est. reading time":"10"},"schema":{"@context":"https:\/\/schema.org","@graph":[{"@type":"WebPage","@id":"https:\/\/www.welovecycling.com\/wide\/2019\/02\/27\/omar-di-felice-meet-the-cold-hunting-ultracyclist-from-italy\/","url":"https:\/\/www.welovecycling.com\/wide\/2019\/02\/27\/omar-di-felice-meet-the-cold-hunting-ultracyclist-from-italy\/","name":"Omar Di Felice: Meet the Cold-Hunting Ultracyclist from Italy - \u0160koda We Love Cycling","isPartOf":{"@id":"https:\/\/www.welovecycling.com\/wide\/#website"},"primaryImageOfPage":{"@id":"https:\/\/www.welovecycling.com\/wide\/2019\/02\/27\/omar-di-felice-meet-the-cold-hunting-ultracyclist-from-italy\/#primaryimage"},"image":{"@id":"https:\/\/www.welovecycling.com\/wide\/2019\/02\/27\/omar-di-felice-meet-the-cold-hunting-ultracyclist-from-italy\/#primaryimage"},"thumbnailUrl":"https:\/\/d2p6e6u75xmxt8.cloudfront.net\/2\/2019\/02\/Omar-Di-Felice-CVR.webp","datePublished":"2019-02-27T12:13:17+00:00","dateModified":"2019-02-27T12:15:15+00:00","author":{"@id":""},"description":"The world of ultracycling is a strange one, to say the least; a niche sport within the cycling world where athletes strive to push themselves to their","breadcrumb":{"@id":"https:\/\/www.welovecycling.com\/wide\/2019\/02\/27\/omar-di-felice-meet-the-cold-hunting-ultracyclist-from-italy\/#breadcrumb"},"inLanguage":"en-US","potentialAction":[{"@type":"ReadAction","target":["https:\/\/www.welovecycling.com\/wide\/2019\/02\/27\/omar-di-felice-meet-the-cold-hunting-ultracyclist-from-italy\/"]}]},{"@type":"ImageObject","inLanguage":"en-US","@id":"https:\/\/www.welovecycling.com\/wide\/2019\/02\/27\/omar-di-felice-meet-the-cold-hunting-ultracyclist-from-italy\/#primaryimage","url":"https:\/\/d2p6e6u75xmxt8.cloudfront.net\/2\/2019\/02\/Omar-Di-Felice-CVR.webp","contentUrl":"https:\/\/d2p6e6u75xmxt8.cloudfront.net\/2\/2019\/02\/Omar-Di-Felice-CVR.webp","width":900,"height":600},{"@type":"BreadcrumbList","@id":"https:\/\/www.welovecycling.com\/wide\/2019\/02\/27\/omar-di-felice-meet-the-cold-hunting-ultracyclist-from-italy\/#breadcrumb","itemListElement":[{"@type":"ListItem","position":1,"name":"Home","item":"https:\/\/www.welovecycling.com\/wide\/"},{"@type":"ListItem","position":2,"name":"Omar Di Felice: Meet the Cold-Hunting Ultracyclist from Italy"}]},{"@type":"WebSite","@id":"https:\/\/www.welovecycling.com\/wide\/#website","url":"https:\/\/www.welovecycling.com\/wide\/","name":"\u0160koda We Love Cycling","description":"\u0160koda We Love Cycling magazine","alternateName":"\u0160koda WLC","potentialAction":[{"@type":"SearchAction","target":{"@type":"EntryPoint","urlTemplate":"https:\/\/www.welovecycling.com\/wide\/?s={search_term_string}"},"query-input":{"@type":"PropertyValueSpecification","valueRequired":true,"valueName":"search_term_string"}}],"inLanguage":"en-US"},{"@type":"Person","@id":"","url":"https:\/\/www.welovecycling.com\/wide\/author\/"}]}},"_links":{"self":[{"href":"https:\/\/www.welovecycling.com\/wide\/wp-json\/wp\/v2\/posts\/172516","targetHints":{"allow":["GET"]}}],"collection":[{"href":"https:\/\/www.welovecycling.com\/wide\/wp-json\/wp\/v2\/posts"}],"about":[{"href":"https:\/\/www.welovecycling.com\/wide\/wp-json\/wp\/v2\/types\/post"}],"author":[{"embeddable":true,"href":"https:\/\/www.welovecycling.com\/wide\/wp-json\/wp\/v2\/users\/12"}],"replies":[{"embeddable":true,"href":"https:\/\/www.welovecycling.com\/wide\/wp-json\/wp\/v2\/comments?post=172516"}],"version-history":[{"count":2,"href":"https:\/\/www.welovecycling.com\/wide\/wp-json\/wp\/v2\/posts\/172516\/revisions"}],"predecessor-version":[{"id":172534,"href":"https:\/\/www.welovecycling.com\/wide\/wp-json\/wp\/v2\/posts\/172516\/revisions\/172534"}],"wp:featuredmedia":[{"embeddable":true,"href":"https:\/\/www.welovecycling.com\/wide\/wp-json\/wp\/v2\/media\/172517"}],"wp:attachment":[{"href":"https:\/\/www.welovecycling.com\/wide\/wp-json\/wp\/v2\/media?parent=172516"}],"wp:term":[{"taxonomy":"category","embeddable":true,"href":"https:\/\/www.welovecycling.com\/wide\/wp-json\/wp\/v2\/categories?post=172516"},{"taxonomy":"post_tag","embeddable":true,"href":"https:\/\/www.welovecycling.com\/wide\/wp-json\/wp\/v2\/tags?post=172516"},{"taxonomy":"global-categories","embeddable":true,"href":"https:\/\/www.welovecycling.com\/wide\/wp-json\/wp\/v2\/global-categories?post=172516"}],"curies":[{"name":"wp","href":"https:\/\/api.w.org\/{rel}","templated":true}]}}