{"id":172469,"date":"2019-02-22T10:54:53","date_gmt":"2019-02-22T10:54:53","guid":{"rendered":"https:\/\/www.welovecycling.com\/wide\/?p=172469"},"modified":"2019-02-22T10:54:53","modified_gmt":"2019-02-22T10:54:53","slug":"your-guide-to-the-2019-uci-womens-world-tour","status":"publish","type":"post","link":"https:\/\/www.welovecycling.com\/wide\/2019\/02\/22\/your-guide-to-the-2019-uci-womens-world-tour\/","title":{"rendered":"Your Guide to the 2019 UCI Women\u2019s World Tour"},"content":{"rendered":"<p><strong>Many\u00a0held their breath as Annemiek van Vleuten rode to victory during the nerve-racking finish of last year&#8217;s\u00a0La Course. In what was arguably the most exciting race of 2018,\u00a0pro women&#8217;s racing was once again shown to be a thrilling sport to watch, becoming more so every season. With new teams being formed, young stars emerging, and more ambitious courses than ever before, we\u2019re sure to see the women\u2019s peloton continue to prove they can consistently deliver exhilarating racing. As we look forward to kicking things off in a few short weeks, here\u2019s the line-up and a few highlights that you definitely don\u2019t want to miss in 2019.<\/strong><!--more--><\/p>\n<h2><strong>We\u2019re off to the races at the Strade Bianche<\/strong><\/h2>\n<p>The official season opener for the women\u2019s UCI 2019 schedule, the\u00a0Strade Bianche Donne, will be\u00a0played out on Saturday, March 9th. Since its inception, the Strade Bianche has garnered attention for its dirt roads, the unpaved sectors characterised by uneven surfaces and gravel. With unpredictable conditions challenging enough to cause splits, these give the Classic a unique and adventurous feel.<\/p>\n<lite-youtube videoid=nqrcieK4rdo params=\"enablejsapi=1\" style=\"background-image: url('https:\/\/i.ytimg.com\/vi_webp\/nqrcieK4rdo\/maxresdefault.webp');\"><\/lite-youtube>\n<p>This year, the women\u2019s Strade Bianche covers 136 km, with 8 sectors and 31.4 km of gravel roads. The route travels on the same roads as the men\u2019s race, with the finale also taking place at the eminent Piazza del Campo in Siena, following a short, steep climb. Last year, Anna van der Breggen soloed in cold conditions to take the title ahead of Kasia Niewiadoma and Elisa Longo Borghini. Let\u2019s hope the riders get some sunshine this year, as we see who conquers the gravel and takes the first big win of the women\u2019s 2019 calendar.<\/p>\n<h2><strong>Epic climbing at the Tour of California<\/strong><\/h2>\n<p>The route of the\u00a02019\u00a0Amgen Tour of California Women\u2019s Race,\u00a0one of the most well-promoted races on the women\u2019s tour, will span three days from May 16th to 18th. This year\u2019s edition will be the longest course to date for a women\u2019s event and includes the infamous Mt. Baldy ascent.<\/p>\n<lite-youtube videoid=sg0GZ4tDIpc params=\"enablejsapi=1\" style=\"background-image: url('https:\/\/i.ytimg.com\/vi_webp\/sg0GZ4tDIpc\/maxresdefault.webp');\"><\/lite-youtube>\n<p>2019 marks the first time the climb is featured in the women\u2019s event, making stage 2 a must-see for anyone who loves a good mountaintop finish. The ascent is part of 6000 m of climbing over 3 stages, with the first and the final stage expected to end in field sprints. Throw Mt. Baldy in the middle and there\u2019s no doubt this one will be action-packed from start to finish.<\/p>\n<h2><strong>The one, the only, the Giro<\/strong><\/h2>\n<p>Of course, no discussion of women\u2019s road racing is complete without mention of the Giro Rosa.<\/p>\n<p>The 30th edition starts on Friday, July 5th with a TTT and finishes Sunday the 14th on a\u00a0cobbled climb to the Castle of Udine. Although the route is set to be presented fully in March, reportedly, the Queen Stage will finish atop the mighty Passo Gavia, which stands at an altitude of 2,621 metres. It is said that another summit finish will take place on Malga Montasio, making this another one likely to be dominated by the climbers.<\/p>\n<lite-youtube videoid=-nO11Pe1KdM params=\"enablejsapi=1\" style=\"background-image: url('https:\/\/i.ytimg.com\/vi_webp\/-nO11Pe1KdM\/maxresdefault.webp');\"><\/lite-youtube>\n<p>Speaking of climbers, Annemiek van Vleuten was the winner in 2018, taking three stages, including a summit finish at the illustrious Monte Zoncolan. Coming back from an injury, it will be interesting to see whether or not she can defend her number one ranking at this year\u2019s race.<\/p>\n<h2><strong>Women\u2019s Tour Britain adds a sixth stage<\/strong><\/h2>\n<p>The Women&#8217;s Tour in Britain will increase to six stages of racing for 2019. Launched in 2014, the Tour, won last year by American Coryn Rivera (the first non-European to win), has previously been run over five days. Also making news in 2018, the prize fund is now equal to that of the men\u2019s\u00a0Tour of Britain, increasing significantly from \u20ac35,000 (\u00a331,000) to \u20ac90,000 (\u00a380,000).<\/p>\n<div class=\"embed-controller-wrapper\">\n<blockquote class=\"twitter-tweet\" data-width=\"500\" data-dnt=\"true\">\n<p lang=\"en\" dir=\"ltr\">Nobody wants to watch women&#39;s sport, they said&#8230; \ud83d\ude48<a href=\"https:\/\/twitter.com\/hashtag\/ThrowbackThursday?src=hash&amp;ref_src=twsrc%5Etfw\">#ThrowbackThursday<\/a> to when thousands of people came out for last year&#39;s start in Atherstone!<a href=\"https:\/\/twitter.com\/hashtag\/OVOWT?src=hash&amp;ref_src=twsrc%5Etfw\">#OVOWT<\/a> <a href=\"https:\/\/twitter.com\/hashtag\/UCIWWT?src=hash&amp;ref_src=twsrc%5Etfw\">#UCIWWT<\/a> <a href=\"https:\/\/t.co\/zELVwi9gww\">pic.twitter.com\/zELVwi9gww<\/a><\/p>\n<p>&mdash; The Women&#39;s Tour (@thewomenstour) <a href=\"https:\/\/twitter.com\/thewomenstour\/status\/1098496301023412225?ref_src=twsrc%5Etfw\">February 21, 2019<\/a><\/p><\/blockquote>\n<p><script async data-src=\"https:\/\/platform.twitter.com\/widgets.js\" charset=\"utf-8\"><\/script><\/div>\n<p>This year, the Tour will take place from Monday, June 10th to Saturday, June 15th and although the full route for the race is yet to be announced, it is safe to say that this one will draw in large crowds. Riders routinely comment on the impressive number of spectators that line the route, adding to the excitement and further fueling what is sure to be one of the most challenging races of the year.<\/p>\n<p>Of course, this is just a taste of what we\u2019re in for. The full schedule can be found below, and we\u2019ll be sure to keep you posted as more course routes are announced and the action gets underway.<\/p>\n<p>Ready to start cheering? Check out of list of <a href=\"https:\/\/www.welovecycling.com\/wide\/2019\/02\/01\/5-women-cyclists-to-watch-in-2019\/\">5 women cyclists to watch in 2019<\/a>.<\/p>\n<h3><strong>March<\/strong><\/h3>\n<p>9:\u00a0Strade Bianche (Italy).<br \/>\n17:\u00a0Ronde van Drenthe (Holland).<br \/>\n24:\u00a0Trofeo Alfredo Binda (Italy).<br \/>\n28:\u00a0Three Days of De Panne<br \/>\n31:\u00a0Ghent-Wevelgem (Belgium).<\/p>\n<h3><strong>April<\/strong><\/h3>\n<p>7:\u00a0Tour of Flanders (Belgium).<br \/>\n21:\u00a0Amstel Gold Race (Holland).<br \/>\n24:\u00a0Fl\u00e8che\u00a0Wallonne (Belgium).<br \/>\n28:\u00a0Li\u00e8ge-Bastogne-Li\u00e8ge (Belgium).<\/p>\n<h3><strong>May<\/strong><\/h3>\n<p>3-4:\u00a0Tour de Yorkshire (not WorldTour)<br \/>\n9-11:\u00a0Tour of Chongming Island (China).<br \/>\n16-18:\u00a0Tour of California (US).<br \/>\n22-25:\u00a0Emakumeen Bira (Spain).<\/p>\n<h3><strong>June<\/strong><\/h3>\n<p>10-15: British Women\u2019s Tour .<br \/>\n27 &amp; 30:\u00a0British National Road Championships (Norfolk)<\/p>\n<h3><strong>July<\/strong><\/h3>\n<p>5-14: Giro Rosa (Italy).<br \/>\n23:\u00a0La Course by Le Tour de France (France).<\/p>\n<h3><strong>August<\/strong><\/h3>\n<p>3:\u00a0 Prudential Ride London Classique (women).<br \/>\n16:\u00a0Crescent Vargarda TTT (Sweden).<br \/>\n18:\u00a0Crescent Vargarda road race (Sweden).<br \/>\n22-25:\u00a0Tour of Norway.<br \/>\n31:\u00a0GP Plouay (France).<\/p>\n<h3><strong>September<\/strong><\/h3>\n<p>3-8:\u00a0Boels Ladies Tour (Holland).<br \/>\n14-15:\u00a0Madrid Challenge by la Vuelta (Spain).<br \/>\n21-29:\u00a0Road World Championships (Yorkshire)<\/p>\n<h3><strong>October<\/strong><\/h3>\n<p>20:\u00a0Tour of Guangxi (China).<\/p>\n","protected":false},"excerpt":{"rendered":"<p>Many\u00a0held their breath as Annemiek van Vleuten rode to victory during the nerve-racking finish of last year&#8217;s\u00a0La Course. In what [&hellip;]<\/p>\n","protected":false},"author":12,"featured_media":172471,"comment_status":"open","ping_status":"open","sticky":false,"template":"","format":"standard","meta":{"footnotes":""},"categories":[329],"tags":[2714,2158,2717,2711,2715,2043,2716,1771,2713],"global-categories":[],"class_list":["post-172469","post","type-post","status-publish","format-standard","has-post-thumbnail","hentry","category-road-cycling","tag-amgen-tour-of-california-womens-race","tag-anna-van-der-breggen","tag-coryn-rivera","tag-elisa-longo-borghini","tag-giro-rosa","tag-kasia-niewiadoma","tag-malga-montasio","tag-strade-bianche","tag-strade-bianche-donne"],"yoast_head":"<!-- This site is optimized with the Yoast SEO Premium plugin v25.3 (Yoast SEO v25.9) - https:\/\/yoast.com\/wordpress\/plugins\/seo\/ -->\n<title>Your Guide to the 2019 UCI Women\u2019s World Tour - \u0160koda We Love Cycling<\/title>\n<meta name=\"description\" content=\"Many\u00a0held their breath as Annemiek van Vleuten rode to victory during the nerve-racking finish of last year&#039;s\u00a0La Course. In what was arguably the most\" \/>\n<meta name=\"robots\" content=\"index, follow, max-snippet:-1, max-image-preview:large, max-video-preview:-1\" \/>\n<link rel=\"canonical\" href=\"https:\/\/www.welovecycling.com\/wide\/2019\/02\/22\/your-guide-to-the-2019-uci-womens-world-tour\/\" \/>\n<meta property=\"og:locale\" content=\"en_US\" \/>\n<meta property=\"og:type\" content=\"article\" \/>\n<meta property=\"og:title\" content=\"Your Guide to the 2019 UCI Women\u2019s World Tour\" \/>\n<meta property=\"og:description\" content=\"Many\u00a0held their breath as Annemiek van Vleuten rode to victory during the nerve-racking finish of last year&#039;s\u00a0La Course. In what was arguably the most\" \/>\n<meta property=\"og:url\" content=\"https:\/\/www.welovecycling.com\/wide\/2019\/02\/22\/your-guide-to-the-2019-uci-womens-world-tour\/\" \/>\n<meta property=\"og:site_name\" content=\"\u0160koda We Love Cycling\" \/>\n<meta property=\"article:published_time\" content=\"2019-02-22T10:54:53+00:00\" \/>\n<meta property=\"og:image\" content=\"https:\/\/d2p6e6u75xmxt8.cloudfront.net\/2\/2019\/02\/Annemiek-van-Vleuten-profimedia-0378089166.webp\" \/>\n\t<meta property=\"og:image:width\" content=\"900\" \/>\n\t<meta property=\"og:image:height\" content=\"600\" \/>\n\t<meta property=\"og:image:type\" content=\"image\/webp\" \/>\n<meta name=\"twitter:card\" content=\"summary_large_image\" \/>\n<meta name=\"twitter:label1\" content=\"Written by\" \/>\n\t<meta name=\"twitter:data1\" content=\"Megan Flottorp\" \/>\n\t<meta name=\"twitter:label2\" content=\"Est. reading time\" \/>\n\t<meta name=\"twitter:data2\" content=\"7\" \/>\n<script type=\"application\/ld+json\" class=\"yoast-schema-graph\">{\"@context\":\"https:\/\/schema.org\",\"@graph\":[{\"@type\":\"WebPage\",\"@id\":\"https:\/\/www.welovecycling.com\/wide\/2019\/02\/22\/your-guide-to-the-2019-uci-womens-world-tour\/\",\"url\":\"https:\/\/www.welovecycling.com\/wide\/2019\/02\/22\/your-guide-to-the-2019-uci-womens-world-tour\/\",\"name\":\"Your Guide to the 2019 UCI Women\u2019s World Tour - \u0160koda We Love Cycling\",\"isPartOf\":{\"@id\":\"https:\/\/www.welovecycling.com\/wide\/#website\"},\"primaryImageOfPage\":{\"@id\":\"https:\/\/www.welovecycling.com\/wide\/2019\/02\/22\/your-guide-to-the-2019-uci-womens-world-tour\/#primaryimage\"},\"image\":{\"@id\":\"https:\/\/www.welovecycling.com\/wide\/2019\/02\/22\/your-guide-to-the-2019-uci-womens-world-tour\/#primaryimage\"},\"thumbnailUrl\":\"https:\/\/d2p6e6u75xmxt8.cloudfront.net\/2\/2019\/02\/Annemiek-van-Vleuten-profimedia-0378089166.webp\",\"datePublished\":\"2019-02-22T10:54:53+00:00\",\"author\":{\"@id\":\"\"},\"description\":\"Many\u00a0held their breath as Annemiek van Vleuten rode to victory during the nerve-racking finish of last year's\u00a0La Course. In what was arguably the most\",\"breadcrumb\":{\"@id\":\"https:\/\/www.welovecycling.com\/wide\/2019\/02\/22\/your-guide-to-the-2019-uci-womens-world-tour\/#breadcrumb\"},\"inLanguage\":\"en-US\",\"potentialAction\":[{\"@type\":\"ReadAction\",\"target\":[\"https:\/\/www.welovecycling.com\/wide\/2019\/02\/22\/your-guide-to-the-2019-uci-womens-world-tour\/\"]}]},{\"@type\":\"ImageObject\",\"inLanguage\":\"en-US\",\"@id\":\"https:\/\/www.welovecycling.com\/wide\/2019\/02\/22\/your-guide-to-the-2019-uci-womens-world-tour\/#primaryimage\",\"url\":\"https:\/\/d2p6e6u75xmxt8.cloudfront.net\/2\/2019\/02\/Annemiek-van-Vleuten-profimedia-0378089166.webp\",\"contentUrl\":\"https:\/\/d2p6e6u75xmxt8.cloudfront.net\/2\/2019\/02\/Annemiek-van-Vleuten-profimedia-0378089166.webp\",\"width\":900,\"height\":600},{\"@type\":\"BreadcrumbList\",\"@id\":\"https:\/\/www.welovecycling.com\/wide\/2019\/02\/22\/your-guide-to-the-2019-uci-womens-world-tour\/#breadcrumb\",\"itemListElement\":[{\"@type\":\"ListItem\",\"position\":1,\"name\":\"Home\",\"item\":\"https:\/\/www.welovecycling.com\/wide\/\"},{\"@type\":\"ListItem\",\"position\":2,\"name\":\"Your Guide to the 2019 UCI Women\u2019s World Tour\"}]},{\"@type\":\"WebSite\",\"@id\":\"https:\/\/www.welovecycling.com\/wide\/#website\",\"url\":\"https:\/\/www.welovecycling.com\/wide\/\",\"name\":\"\u0160koda We Love Cycling\",\"description\":\"\u0160koda We Love Cycling magazine\",\"alternateName\":\"\u0160koda WLC\",\"potentialAction\":[{\"@type\":\"SearchAction\",\"target\":{\"@type\":\"EntryPoint\",\"urlTemplate\":\"https:\/\/www.welovecycling.com\/wide\/?s={search_term_string}\"},\"query-input\":{\"@type\":\"PropertyValueSpecification\",\"valueRequired\":true,\"valueName\":\"search_term_string\"}}],\"inLanguage\":\"en-US\"},{\"@type\":\"Person\",\"@id\":\"\",\"url\":\"https:\/\/www.welovecycling.com\/wide\/author\/\"}]}<\/script>\n<!-- \/ Yoast SEO Premium plugin. -->","yoast_head_json":{"title":"Your Guide to the 2019 UCI Women\u2019s World Tour - \u0160koda We Love Cycling","description":"Many\u00a0held their breath as Annemiek van Vleuten rode to victory during the nerve-racking finish of last year's\u00a0La Course. In what was arguably the most","robots":{"index":"index","follow":"follow","max-snippet":"max-snippet:-1","max-image-preview":"max-image-preview:large","max-video-preview":"max-video-preview:-1"},"canonical":"https:\/\/www.welovecycling.com\/wide\/2019\/02\/22\/your-guide-to-the-2019-uci-womens-world-tour\/","og_locale":"en_US","og_type":"article","og_title":"Your Guide to the 2019 UCI Women\u2019s World Tour","og_description":"Many\u00a0held their breath as Annemiek van Vleuten rode to victory during the nerve-racking finish of last year's\u00a0La Course. In what was arguably the most","og_url":"https:\/\/www.welovecycling.com\/wide\/2019\/02\/22\/your-guide-to-the-2019-uci-womens-world-tour\/","og_site_name":"\u0160koda We Love Cycling","article_published_time":"2019-02-22T10:54:53+00:00","og_image":[{"width":900,"height":600,"url":"https:\/\/d2p6e6u75xmxt8.cloudfront.net\/2\/2019\/02\/Annemiek-van-Vleuten-profimedia-0378089166.webp","type":"image\/webp"}],"twitter_card":"summary_large_image","twitter_misc":{"Written by":"Megan Flottorp","Est. reading time":"7"},"schema":{"@context":"https:\/\/schema.org","@graph":[{"@type":"WebPage","@id":"https:\/\/www.welovecycling.com\/wide\/2019\/02\/22\/your-guide-to-the-2019-uci-womens-world-tour\/","url":"https:\/\/www.welovecycling.com\/wide\/2019\/02\/22\/your-guide-to-the-2019-uci-womens-world-tour\/","name":"Your Guide to the 2019 UCI Women\u2019s World Tour - \u0160koda We Love Cycling","isPartOf":{"@id":"https:\/\/www.welovecycling.com\/wide\/#website"},"primaryImageOfPage":{"@id":"https:\/\/www.welovecycling.com\/wide\/2019\/02\/22\/your-guide-to-the-2019-uci-womens-world-tour\/#primaryimage"},"image":{"@id":"https:\/\/www.welovecycling.com\/wide\/2019\/02\/22\/your-guide-to-the-2019-uci-womens-world-tour\/#primaryimage"},"thumbnailUrl":"https:\/\/d2p6e6u75xmxt8.cloudfront.net\/2\/2019\/02\/Annemiek-van-Vleuten-profimedia-0378089166.webp","datePublished":"2019-02-22T10:54:53+00:00","author":{"@id":""},"description":"Many\u00a0held their breath as Annemiek van Vleuten rode to victory during the nerve-racking finish of last year's\u00a0La Course. In what was arguably the most","breadcrumb":{"@id":"https:\/\/www.welovecycling.com\/wide\/2019\/02\/22\/your-guide-to-the-2019-uci-womens-world-tour\/#breadcrumb"},"inLanguage":"en-US","potentialAction":[{"@type":"ReadAction","target":["https:\/\/www.welovecycling.com\/wide\/2019\/02\/22\/your-guide-to-the-2019-uci-womens-world-tour\/"]}]},{"@type":"ImageObject","inLanguage":"en-US","@id":"https:\/\/www.welovecycling.com\/wide\/2019\/02\/22\/your-guide-to-the-2019-uci-womens-world-tour\/#primaryimage","url":"https:\/\/d2p6e6u75xmxt8.cloudfront.net\/2\/2019\/02\/Annemiek-van-Vleuten-profimedia-0378089166.webp","contentUrl":"https:\/\/d2p6e6u75xmxt8.cloudfront.net\/2\/2019\/02\/Annemiek-van-Vleuten-profimedia-0378089166.webp","width":900,"height":600},{"@type":"BreadcrumbList","@id":"https:\/\/www.welovecycling.com\/wide\/2019\/02\/22\/your-guide-to-the-2019-uci-womens-world-tour\/#breadcrumb","itemListElement":[{"@type":"ListItem","position":1,"name":"Home","item":"https:\/\/www.welovecycling.com\/wide\/"},{"@type":"ListItem","position":2,"name":"Your Guide to the 2019 UCI Women\u2019s World Tour"}]},{"@type":"WebSite","@id":"https:\/\/www.welovecycling.com\/wide\/#website","url":"https:\/\/www.welovecycling.com\/wide\/","name":"\u0160koda We Love Cycling","description":"\u0160koda We Love Cycling magazine","alternateName":"\u0160koda WLC","potentialAction":[{"@type":"SearchAction","target":{"@type":"EntryPoint","urlTemplate":"https:\/\/www.welovecycling.com\/wide\/?s={search_term_string}"},"query-input":{"@type":"PropertyValueSpecification","valueRequired":true,"valueName":"search_term_string"}}],"inLanguage":"en-US"},{"@type":"Person","@id":"","url":"https:\/\/www.welovecycling.com\/wide\/author\/"}]}},"_links":{"self":[{"href":"https:\/\/www.welovecycling.com\/wide\/wp-json\/wp\/v2\/posts\/172469","targetHints":{"allow":["GET"]}}],"collection":[{"href":"https:\/\/www.welovecycling.com\/wide\/wp-json\/wp\/v2\/posts"}],"about":[{"href":"https:\/\/www.welovecycling.com\/wide\/wp-json\/wp\/v2\/types\/post"}],"author":[{"embeddable":true,"href":"https:\/\/www.welovecycling.com\/wide\/wp-json\/wp\/v2\/users\/12"}],"replies":[{"embeddable":true,"href":"https:\/\/www.welovecycling.com\/wide\/wp-json\/wp\/v2\/comments?post=172469"}],"version-history":[{"count":2,"href":"https:\/\/www.welovecycling.com\/wide\/wp-json\/wp\/v2\/posts\/172469\/revisions"}],"predecessor-version":[{"id":172475,"href":"https:\/\/www.welovecycling.com\/wide\/wp-json\/wp\/v2\/posts\/172469\/revisions\/172475"}],"wp:featuredmedia":[{"embeddable":true,"href":"https:\/\/www.welovecycling.com\/wide\/wp-json\/wp\/v2\/media\/172471"}],"wp:attachment":[{"href":"https:\/\/www.welovecycling.com\/wide\/wp-json\/wp\/v2\/media?parent=172469"}],"wp:term":[{"taxonomy":"category","embeddable":true,"href":"https:\/\/www.welovecycling.com\/wide\/wp-json\/wp\/v2\/categories?post=172469"},{"taxonomy":"post_tag","embeddable":true,"href":"https:\/\/www.welovecycling.com\/wide\/wp-json\/wp\/v2\/tags?post=172469"},{"taxonomy":"global-categories","embeddable":true,"href":"https:\/\/www.welovecycling.com\/wide\/wp-json\/wp\/v2\/global-categories?post=172469"}],"curies":[{"name":"wp","href":"https:\/\/api.w.org\/{rel}","templated":true}]}}