{"id":172165,"date":"2019-01-30T07:21:58","date_gmt":"2019-01-30T07:21:58","guid":{"rendered":"https:\/\/www.welovecycling.com\/wide\/?p=172165"},"modified":"2019-01-30T07:21:58","modified_gmt":"2019-01-30T07:21:58","slug":"this-company-wants-to-get-more-older-people-back-on-bikes","status":"publish","type":"post","link":"https:\/\/www.welovecycling.com\/wide\/2019\/01\/30\/this-company-wants-to-get-more-older-people-back-on-bikes\/","title":{"rendered":"This Company Wants to Get More Older People Back on Bikes"},"content":{"rendered":"<p><strong>There\u2019s no secret to the fact that cycling is one of many ways that can keep you fit on a daily basis, while conveniently taking you places. But as you and your body grow older, you might start to feel a little unsure and intimidated saddling up every day. Islabikes, a British bicycle company based in Shropshire, aims to tackle the issue by launching a specialized bicycle range aimed at senior riders aged 65 and above.<\/strong><!--more--><\/p>\n<p>Founded by Isla Rowntree in 2006, <a href=\"https:\/\/www.islabikes.co.uk\/\">Islabikes<\/a> made their name as a bike manufacturer of every child\u2019s dream. The attention to detail, ingenious geometry, material usage, and philosophy behind the designs quickly gave the bikes for little riders a near mythical status. Now the target group shifted towards the grandparents. Besides muscular decline and the onset of various health problems, seniors often battle social exclusion and loneliness that\u2019s connected to staying put for days, even weeks. Staying active helps maintain both their fitness and mental health.<\/p>\n<p>\u201cOlder people have been ignored, much like children pre-2006. I want to prolong their cycling lives so they can continue to enjoy physical health, psychological wellbeing and those vital social connections that come from riding with friends,\u201d as Isla put it.<\/p>\n<div class=\"embed-controller-wrapper\">\n<div class=\"embed-wrapper\"><iframe title=\"Islabikes Icons: The ride continues\" width=\"500\" height=\"281\" data-src=\"https:\/\/www.youtube.com\/embed\/Iol-8nriaF8?feature=oembed\" frameborder=\"0\" allow=\"accelerometer; autoplay; clipboard-write; encrypted-media; gyroscope; picture-in-picture; web-share\" referrerpolicy=\"strict-origin-when-cross-origin\" allowfullscreen><\/iframe><\/div>\n<\/div>\n<p>This philosophy resulted in a specialized three-bicycle range called Icons that has been launched by an amazingly done video spot, featuring real-life stories of senior riders, called <a href=\"https:\/\/www.islabikes.co.uk\/islabikes-icons-range-the-ride-continues\/\">The Ride Continues<\/a>. Each bicycle model has a name referencing a musical legend of today\u2019s baby boomers\u2019 youth. There\u2019s the Joni, the perfect stylish urban ride that has been praised by test riders for its lightness, manoeuvrability, and a complete absence of a crossbar. Second is the Janis, very low-gearing climb-friendly road bike with a step-through frame. And last but not least we have the Jimi, a durable off-road bicycle for older adventurers.<\/p>\n<p>While far from cheap, Islabikes are true rides for life and the same goes for the Icons range. Seemingly indestructible, lightweight, with smooths silhouettes and sturdy materials, they\u2019re easy to maintain and mount and feature tyres that can be taken off with little effort, designed for people with reduced grip strength. They also offer a big range of gears to tackle various terrain. Because the bikes are aimed at already enthusiastic and regular cyclists, the price range between \u00a3800 and \u00a31,200 might catch someone short of breath. But as stated above, once you get them, they are bound to last forever.<\/p>\n<div id='gallery-1' class='gallery galleryid-172165 gallery-columns-2 gallery-size-large'><figure class='gallery-item'>\n\t\t\t<div class='gallery-icon landscape'>\n\t\t\t\t<a href='https:\/\/d2p6e6u75xmxt8.cloudfront.net\/2\/2019\/01\/Jimi-02-Retouched-20181128-1024x774.webp'><img loading=\"lazy\" decoding=\"async\" width=\"1024\" height=\"774\" src=\"https:\/\/d2p6e6u75xmxt8.cloudfront.net\/2\/2019\/01\/Jimi-02-Retouched-20181128-1024x774.webp\" class=\"attachment-large size-large\" alt=\"\" srcset=\"https:\/\/d2p6e6u75xmxt8.cloudfront.net\/2\/2019\/01\/Jimi-02-Retouched-20181128-1024x774.webp 1024w, https:\/\/d2p6e6u75xmxt8.cloudfront.net\/2\/2019\/01\/Jimi-02-Retouched-20181128-1024x774-300x227.webp 300w, https:\/\/d2p6e6u75xmxt8.cloudfront.net\/2\/2019\/01\/Jimi-02-Retouched-20181128-1024x774-768x581.webp 768w\" sizes=\"auto, (max-width: 1024px) 100vw, 1024px\" \/><\/a>\n\t\t\t<\/div><\/figure><figure class='gallery-item'>\n\t\t\t<div class='gallery-icon landscape'>\n\t\t\t\t<a href='https:\/\/d2p6e6u75xmxt8.cloudfront.net\/2\/2019\/01\/Joni-03-Retouched-20181128.webp'><img loading=\"lazy\" decoding=\"async\" width=\"1024\" height=\"819\" src=\"https:\/\/d2p6e6u75xmxt8.cloudfront.net\/2\/2019\/01\/Joni-03-Retouched-20181128.webp\" class=\"attachment-large size-large\" alt=\"\" srcset=\"https:\/\/d2p6e6u75xmxt8.cloudfront.net\/2\/2019\/01\/Joni-03-Retouched-20181128.webp 1024w, https:\/\/d2p6e6u75xmxt8.cloudfront.net\/2\/2019\/01\/Joni-03-Retouched-20181128-300x240.webp 300w, https:\/\/d2p6e6u75xmxt8.cloudfront.net\/2\/2019\/01\/Joni-03-Retouched-20181128-768x614.webp 768w\" sizes=\"auto, (max-width: 1024px) 100vw, 1024px\" \/><\/a>\n\t\t\t<\/div><\/figure>\n\t\t<\/div>\n\n<p>One of the key points of the campaign was challenging the imagery and marketing tactics connected to advertising any products aimed at the 65+ age group \u2013 they\u2019re often showcased by much younger and more conventionally attractive people.<\/p>\n<p>\u201cI\u2019ve been really assertive with our marketing colleagues that we will picture genuine elderly people on these bikes, we will say who they\u2019re for and we\u2019re going to celebrate what those people represent \u2013 that they\u2019re active, important, relevant and to be listened to,\u201d Isla stated. \u201cI said I wanted people who really look their age, and look fabulous.\u201d<\/p>\n<p>And they truly do, you could say that the riders featured in the launch video are nearly glowing. Although you might consider yourself far from retirement, give it a watch and a listen anyway \u2013 their stories have much to tell and might (and probably will) inspire your own cycling routine.<\/p>\n","protected":false},"excerpt":{"rendered":"<p>There\u2019s no secret to the fact that cycling is one of many ways that can keep you fit on a [&hellip;]<\/p>\n","protected":false},"author":12,"featured_media":172167,"comment_status":"open","ping_status":"open","sticky":false,"template":"","format":"standard","meta":{"footnotes":""},"categories":[333],"tags":[2633,2634],"global-categories":[],"class_list":["post-172165","post","type-post","status-publish","format-standard","has-post-thumbnail","hentry","category-family","tag-islabikes","tag-islabikes-icons"],"yoast_head":"<!-- This site is optimized with the Yoast SEO Premium plugin v25.3 (Yoast SEO v25.9) - https:\/\/yoast.com\/wordpress\/plugins\/seo\/ -->\n<title>This Company Wants to Get More Older People Back on Bikes - \u0160koda We Love Cycling<\/title>\n<meta name=\"description\" content=\"There\u2019s no secret to the fact that cycling is one of many ways that can keep you fit on a daily basis, while conveniently taking you places. But as you\" \/>\n<meta name=\"robots\" content=\"index, follow, max-snippet:-1, max-image-preview:large, max-video-preview:-1\" \/>\n<link rel=\"canonical\" href=\"https:\/\/www.welovecycling.com\/wide\/2019\/01\/30\/this-company-wants-to-get-more-older-people-back-on-bikes\/\" \/>\n<meta property=\"og:locale\" content=\"en_US\" \/>\n<meta property=\"og:type\" content=\"article\" \/>\n<meta property=\"og:title\" content=\"This Company Wants to Get More Older People Back on Bikes\" \/>\n<meta property=\"og:description\" content=\"There\u2019s no secret to the fact that cycling is one of many ways that can keep you fit on a daily basis, while conveniently taking you places. But as you\" \/>\n<meta property=\"og:url\" content=\"https:\/\/www.welovecycling.com\/wide\/2019\/01\/30\/this-company-wants-to-get-more-older-people-back-on-bikes\/\" \/>\n<meta property=\"og:site_name\" content=\"\u0160koda We Love Cycling\" \/>\n<meta property=\"article:published_time\" content=\"2019-01-30T07:21:58+00:00\" \/>\n<meta property=\"og:image\" content=\"https:\/\/d2p6e6u75xmxt8.cloudfront.net\/2\/2019\/01\/IslaBikes-CVR.webp\" \/>\n\t<meta property=\"og:image:width\" content=\"900\" \/>\n\t<meta property=\"og:image:height\" content=\"600\" \/>\n\t<meta property=\"og:image:type\" content=\"image\/webp\" \/>\n<meta name=\"twitter:card\" content=\"summary_large_image\" \/>\n<meta name=\"twitter:label1\" content=\"Written by\" \/>\n\t<meta name=\"twitter:data1\" content=\"Frantiska Blazkova\" \/>\n\t<meta name=\"twitter:label2\" content=\"Est. reading time\" \/>\n\t<meta name=\"twitter:data2\" content=\"5\" \/>\n<script type=\"application\/ld+json\" class=\"yoast-schema-graph\">{\"@context\":\"https:\/\/schema.org\",\"@graph\":[{\"@type\":\"WebPage\",\"@id\":\"https:\/\/www.welovecycling.com\/wide\/2019\/01\/30\/this-company-wants-to-get-more-older-people-back-on-bikes\/\",\"url\":\"https:\/\/www.welovecycling.com\/wide\/2019\/01\/30\/this-company-wants-to-get-more-older-people-back-on-bikes\/\",\"name\":\"This Company Wants to Get More Older People Back on Bikes - \u0160koda We Love Cycling\",\"isPartOf\":{\"@id\":\"https:\/\/www.welovecycling.com\/wide\/#website\"},\"primaryImageOfPage\":{\"@id\":\"https:\/\/www.welovecycling.com\/wide\/2019\/01\/30\/this-company-wants-to-get-more-older-people-back-on-bikes\/#primaryimage\"},\"image\":{\"@id\":\"https:\/\/www.welovecycling.com\/wide\/2019\/01\/30\/this-company-wants-to-get-more-older-people-back-on-bikes\/#primaryimage\"},\"thumbnailUrl\":\"https:\/\/d2p6e6u75xmxt8.cloudfront.net\/2\/2019\/01\/IslaBikes-CVR.webp\",\"datePublished\":\"2019-01-30T07:21:58+00:00\",\"author\":{\"@id\":\"\"},\"description\":\"There\u2019s no secret to the fact that cycling is one of many ways that can keep you fit on a daily basis, while conveniently taking you places. But as you\",\"breadcrumb\":{\"@id\":\"https:\/\/www.welovecycling.com\/wide\/2019\/01\/30\/this-company-wants-to-get-more-older-people-back-on-bikes\/#breadcrumb\"},\"inLanguage\":\"en-US\",\"potentialAction\":[{\"@type\":\"ReadAction\",\"target\":[\"https:\/\/www.welovecycling.com\/wide\/2019\/01\/30\/this-company-wants-to-get-more-older-people-back-on-bikes\/\"]}]},{\"@type\":\"ImageObject\",\"inLanguage\":\"en-US\",\"@id\":\"https:\/\/www.welovecycling.com\/wide\/2019\/01\/30\/this-company-wants-to-get-more-older-people-back-on-bikes\/#primaryimage\",\"url\":\"https:\/\/d2p6e6u75xmxt8.cloudfront.net\/2\/2019\/01\/IslaBikes-CVR.webp\",\"contentUrl\":\"https:\/\/d2p6e6u75xmxt8.cloudfront.net\/2\/2019\/01\/IslaBikes-CVR.webp\",\"width\":900,\"height\":600},{\"@type\":\"BreadcrumbList\",\"@id\":\"https:\/\/www.welovecycling.com\/wide\/2019\/01\/30\/this-company-wants-to-get-more-older-people-back-on-bikes\/#breadcrumb\",\"itemListElement\":[{\"@type\":\"ListItem\",\"position\":1,\"name\":\"Home\",\"item\":\"https:\/\/www.welovecycling.com\/wide\/\"},{\"@type\":\"ListItem\",\"position\":2,\"name\":\"This Company Wants to Get More Older People Back on Bikes\"}]},{\"@type\":\"WebSite\",\"@id\":\"https:\/\/www.welovecycling.com\/wide\/#website\",\"url\":\"https:\/\/www.welovecycling.com\/wide\/\",\"name\":\"\u0160koda We Love Cycling\",\"description\":\"\u0160koda We Love Cycling magazine\",\"alternateName\":\"\u0160koda WLC\",\"potentialAction\":[{\"@type\":\"SearchAction\",\"target\":{\"@type\":\"EntryPoint\",\"urlTemplate\":\"https:\/\/www.welovecycling.com\/wide\/?s={search_term_string}\"},\"query-input\":{\"@type\":\"PropertyValueSpecification\",\"valueRequired\":true,\"valueName\":\"search_term_string\"}}],\"inLanguage\":\"en-US\"},{\"@type\":\"Person\",\"@id\":\"\",\"url\":\"https:\/\/www.welovecycling.com\/wide\/author\/\"}]}<\/script>\n<!-- \/ Yoast SEO Premium plugin. -->","yoast_head_json":{"title":"This Company Wants to Get More Older People Back on Bikes - \u0160koda We Love Cycling","description":"There\u2019s no secret to the fact that cycling is one of many ways that can keep you fit on a daily basis, while conveniently taking you places. But as you","robots":{"index":"index","follow":"follow","max-snippet":"max-snippet:-1","max-image-preview":"max-image-preview:large","max-video-preview":"max-video-preview:-1"},"canonical":"https:\/\/www.welovecycling.com\/wide\/2019\/01\/30\/this-company-wants-to-get-more-older-people-back-on-bikes\/","og_locale":"en_US","og_type":"article","og_title":"This Company Wants to Get More Older People Back on Bikes","og_description":"There\u2019s no secret to the fact that cycling is one of many ways that can keep you fit on a daily basis, while conveniently taking you places. But as you","og_url":"https:\/\/www.welovecycling.com\/wide\/2019\/01\/30\/this-company-wants-to-get-more-older-people-back-on-bikes\/","og_site_name":"\u0160koda We Love Cycling","article_published_time":"2019-01-30T07:21:58+00:00","og_image":[{"width":900,"height":600,"url":"https:\/\/d2p6e6u75xmxt8.cloudfront.net\/2\/2019\/01\/IslaBikes-CVR.webp","type":"image\/webp"}],"twitter_card":"summary_large_image","twitter_misc":{"Written by":"Frantiska Blazkova","Est. reading time":"5"},"schema":{"@context":"https:\/\/schema.org","@graph":[{"@type":"WebPage","@id":"https:\/\/www.welovecycling.com\/wide\/2019\/01\/30\/this-company-wants-to-get-more-older-people-back-on-bikes\/","url":"https:\/\/www.welovecycling.com\/wide\/2019\/01\/30\/this-company-wants-to-get-more-older-people-back-on-bikes\/","name":"This Company Wants to Get More Older People Back on Bikes - \u0160koda We Love Cycling","isPartOf":{"@id":"https:\/\/www.welovecycling.com\/wide\/#website"},"primaryImageOfPage":{"@id":"https:\/\/www.welovecycling.com\/wide\/2019\/01\/30\/this-company-wants-to-get-more-older-people-back-on-bikes\/#primaryimage"},"image":{"@id":"https:\/\/www.welovecycling.com\/wide\/2019\/01\/30\/this-company-wants-to-get-more-older-people-back-on-bikes\/#primaryimage"},"thumbnailUrl":"https:\/\/d2p6e6u75xmxt8.cloudfront.net\/2\/2019\/01\/IslaBikes-CVR.webp","datePublished":"2019-01-30T07:21:58+00:00","author":{"@id":""},"description":"There\u2019s no secret to the fact that cycling is one of many ways that can keep you fit on a daily basis, while conveniently taking you places. But as you","breadcrumb":{"@id":"https:\/\/www.welovecycling.com\/wide\/2019\/01\/30\/this-company-wants-to-get-more-older-people-back-on-bikes\/#breadcrumb"},"inLanguage":"en-US","potentialAction":[{"@type":"ReadAction","target":["https:\/\/www.welovecycling.com\/wide\/2019\/01\/30\/this-company-wants-to-get-more-older-people-back-on-bikes\/"]}]},{"@type":"ImageObject","inLanguage":"en-US","@id":"https:\/\/www.welovecycling.com\/wide\/2019\/01\/30\/this-company-wants-to-get-more-older-people-back-on-bikes\/#primaryimage","url":"https:\/\/d2p6e6u75xmxt8.cloudfront.net\/2\/2019\/01\/IslaBikes-CVR.webp","contentUrl":"https:\/\/d2p6e6u75xmxt8.cloudfront.net\/2\/2019\/01\/IslaBikes-CVR.webp","width":900,"height":600},{"@type":"BreadcrumbList","@id":"https:\/\/www.welovecycling.com\/wide\/2019\/01\/30\/this-company-wants-to-get-more-older-people-back-on-bikes\/#breadcrumb","itemListElement":[{"@type":"ListItem","position":1,"name":"Home","item":"https:\/\/www.welovecycling.com\/wide\/"},{"@type":"ListItem","position":2,"name":"This Company Wants to Get More Older People Back on Bikes"}]},{"@type":"WebSite","@id":"https:\/\/www.welovecycling.com\/wide\/#website","url":"https:\/\/www.welovecycling.com\/wide\/","name":"\u0160koda We Love Cycling","description":"\u0160koda We Love Cycling magazine","alternateName":"\u0160koda WLC","potentialAction":[{"@type":"SearchAction","target":{"@type":"EntryPoint","urlTemplate":"https:\/\/www.welovecycling.com\/wide\/?s={search_term_string}"},"query-input":{"@type":"PropertyValueSpecification","valueRequired":true,"valueName":"search_term_string"}}],"inLanguage":"en-US"},{"@type":"Person","@id":"","url":"https:\/\/www.welovecycling.com\/wide\/author\/"}]}},"_links":{"self":[{"href":"https:\/\/www.welovecycling.com\/wide\/wp-json\/wp\/v2\/posts\/172165","targetHints":{"allow":["GET"]}}],"collection":[{"href":"https:\/\/www.welovecycling.com\/wide\/wp-json\/wp\/v2\/posts"}],"about":[{"href":"https:\/\/www.welovecycling.com\/wide\/wp-json\/wp\/v2\/types\/post"}],"author":[{"embeddable":true,"href":"https:\/\/www.welovecycling.com\/wide\/wp-json\/wp\/v2\/users\/12"}],"replies":[{"embeddable":true,"href":"https:\/\/www.welovecycling.com\/wide\/wp-json\/wp\/v2\/comments?post=172165"}],"version-history":[{"count":1,"href":"https:\/\/www.welovecycling.com\/wide\/wp-json\/wp\/v2\/posts\/172165\/revisions"}],"predecessor-version":[{"id":172170,"href":"https:\/\/www.welovecycling.com\/wide\/wp-json\/wp\/v2\/posts\/172165\/revisions\/172170"}],"wp:featuredmedia":[{"embeddable":true,"href":"https:\/\/www.welovecycling.com\/wide\/wp-json\/wp\/v2\/media\/172167"}],"wp:attachment":[{"href":"https:\/\/www.welovecycling.com\/wide\/wp-json\/wp\/v2\/media?parent=172165"}],"wp:term":[{"taxonomy":"category","embeddable":true,"href":"https:\/\/www.welovecycling.com\/wide\/wp-json\/wp\/v2\/categories?post=172165"},{"taxonomy":"post_tag","embeddable":true,"href":"https:\/\/www.welovecycling.com\/wide\/wp-json\/wp\/v2\/tags?post=172165"},{"taxonomy":"global-categories","embeddable":true,"href":"https:\/\/www.welovecycling.com\/wide\/wp-json\/wp\/v2\/global-categories?post=172165"}],"curies":[{"name":"wp","href":"https:\/\/api.w.org\/{rel}","templated":true}]}}