{"id":171998,"date":"2019-01-14T15:00:50","date_gmt":"2019-01-14T15:00:50","guid":{"rendered":"https:\/\/www.welovecycling.com\/wide\/?p=171998"},"modified":"2019-01-14T15:00:50","modified_gmt":"2019-01-14T15:00:50","slug":"caleb-ewan-wins-tour-down-under-classic-and-other-cool-news-from-the-world-of-cycling","status":"publish","type":"post","link":"https:\/\/www.welovecycling.com\/wide\/2019\/01\/14\/caleb-ewan-wins-tour-down-under-classic-and-other-cool-news-from-the-world-of-cycling\/","title":{"rendered":"Caleb Ewan Wins Tour Down Under Classic and Other Cool News from the World of Cycling"},"content":{"rendered":"<p><strong>Another Monday is here and our news from the world of cycling with it. So, what did you miss?<\/strong><span id=\"more-171775\"><\/span><!--more--><\/p>\n<h2><strong>Ewan holds off Sagan<\/strong><\/h2>\n<p>The Australian won his third Tour Down Under Classic, tying the record of Andr\u00e9 Greipel from the 14th edition of the race. Many of the favourites were caught up in a crash 500 metres before the finish. That left Caleb Ewan and Peter Sagan fighting for the win. Sagan had the advantage of drafting behind the Lotto-Soudal pro, but the 24-year-old managed to hold him off and beat the world champ by a bike\u2019s length. Alexander Edmondson crossed the finish line behind them to claim the third place.<\/p>\n<p>https:\/\/www.instagram.com\/p\/BskovWlBzQR\/<\/p>\n<h4>2019 Down Under Classic Results<\/h4>\n<p>1. Caleb Ewan (Aus) Lotto-Soudal, in 1.03:59<br \/>\n2. Peter Sagan (Slo) Bora-Hansgrohe<br \/>\n3. Alexander Edmondson (Aus) Mitchelton-Scott<br \/>\n4. Roger Kluge (Ger) Lotto-Soudal + 2 seconds<br \/>\n5. Daniel Oss (Ita) Bora-Hansgrohe + 4 seconds<br \/>\n6. Owain Doull (GBr) Team Sky + 5 seconds<br \/>\n7. Luke Rowe (GBr) Team Sky + 9 seconds<br \/>\n8. Luis Leon Sanchez (Esp) Astana<br \/>\n9. Marco Haller (Aus) Katusha-Alpecin<br \/>\n10. Francisco Ventoso (Esp) CCC Team<\/p>\n<h2><strong>And to you<\/strong><\/h2>\n<div class=\"embed-controller-wrapper\">\n<blockquote class=\"twitter-tweet\" data-width=\"500\" data-dnt=\"true\">\n<p lang=\"es\" dir=\"ltr\">Mucho amor este 2019 <a href=\"https:\/\/t.co\/2jGWfa8UyJ\">pic.twitter.com\/2jGWfa8UyJ<\/a><\/p>\n<p>&mdash; Rigoberto Ur\u00e1n \u042fU (@UranRigoberto) <a href=\"https:\/\/twitter.com\/UranRigoberto\/status\/1082349318953205761?ref_src=twsrc%5Etfw\">January 7, 2019<\/a><\/p><\/blockquote>\n<p><script async data-src=\"https:\/\/platform.twitter.com\/widgets.js\" charset=\"utf-8\"><\/script><\/div>\n<h2><strong>Draft him!<\/strong><\/h2>\n<p>https:\/\/www.instagram.com\/p\/BsTXLxkIT03\/?utm_source=ig_embed&#038;utm_campaign=embed_video_watch_again<\/p>\n<h2><strong>Savage<\/strong><\/h2>\n<div class=\"embed-controller-wrapper\">\n<blockquote class=\"twitter-tweet\" data-width=\"500\" data-dnt=\"true\">\n<p lang=\"ro\" dir=\"ltr\">Climber, sprinter, director sportif <a href=\"https:\/\/t.co\/O2gijWl6BO\">https:\/\/t.co\/O2gijWl6BO<\/a><\/p>\n<p>&mdash; Phil Gaimon (@philgaimon) <a href=\"https:\/\/twitter.com\/philgaimon\/status\/1081417023186395138?ref_src=twsrc%5Etfw\">January 5, 2019<\/a><\/p><\/blockquote>\n<p><script async data-src=\"https:\/\/platform.twitter.com\/widgets.js\" charset=\"utf-8\"><\/script><\/div>\n<h2><strong>Go out and ride today<\/strong><\/h2>\n<p>https:\/\/www.instagram.com\/p\/BsYaMd2nU8k\/<\/p>\n","protected":false},"excerpt":{"rendered":"<p>Another Monday is here and our news from the world of cycling with it. So, what did you miss?<\/p>\n","protected":false},"author":12,"featured_media":172005,"comment_status":"open","ping_status":"open","sticky":false,"template":"","format":"standard","meta":{"footnotes":""},"categories":[329],"tags":[358,2595,381,2573,1260],"global-categories":[],"class_list":["post-171998","post","type-post","status-publish","format-standard","has-post-thumbnail","hentry","category-road-cycling","tag-alberto-contador","tag-caleb-ewan","tag-peter-sagan","tag-phil-gaimon","tag-rigoberto-uran"],"yoast_head":"<!-- This site is optimized with the Yoast SEO Premium plugin v25.3 (Yoast SEO v25.9) - https:\/\/yoast.com\/wordpress\/plugins\/seo\/ -->\n<title>Caleb Ewan Wins Tour Down Under Classic and Other Cool News from the World of Cycling - \u0160koda We Love Cycling<\/title>\n<meta name=\"description\" content=\"Another Monday is here and our news from the world of cycling with it. So, what did you miss? Ewan holds off Sagan The Australian won his third Tour Down\" \/>\n<meta name=\"robots\" content=\"index, follow, max-snippet:-1, max-image-preview:large, max-video-preview:-1\" \/>\n<link rel=\"canonical\" href=\"https:\/\/www.welovecycling.com\/wide\/2019\/01\/14\/caleb-ewan-wins-tour-down-under-classic-and-other-cool-news-from-the-world-of-cycling\/\" \/>\n<meta property=\"og:locale\" content=\"en_US\" \/>\n<meta property=\"og:type\" content=\"article\" \/>\n<meta property=\"og:title\" content=\"Caleb Ewan Wins Tour Down Under Classic and Other Cool News from the World of Cycling\" \/>\n<meta property=\"og:description\" content=\"Another Monday is here and our news from the world of cycling with it. So, what did you miss? Ewan holds off Sagan The Australian won his third Tour Down\" \/>\n<meta property=\"og:url\" content=\"https:\/\/www.welovecycling.com\/wide\/2019\/01\/14\/caleb-ewan-wins-tour-down-under-classic-and-other-cool-news-from-the-world-of-cycling\/\" \/>\n<meta property=\"og:site_name\" content=\"\u0160koda We Love Cycling\" \/>\n<meta property=\"article:published_time\" content=\"2019-01-14T15:00:50+00:00\" \/>\n<meta property=\"og:image\" content=\"https:\/\/d2p6e6u75xmxt8.cloudfront.net\/2\/2019\/01\/Caleb-Ewan-profimedia-0406862222.webp\" \/>\n\t<meta property=\"og:image:width\" content=\"900\" \/>\n\t<meta property=\"og:image:height\" content=\"600\" \/>\n\t<meta property=\"og:image:type\" content=\"image\/webp\" \/>\n<meta name=\"twitter:card\" content=\"summary_large_image\" \/>\n<meta name=\"twitter:label1\" content=\"Written by\" \/>\n\t<meta name=\"twitter:data1\" content=\"Monica Buck\" \/>\n\t<meta name=\"twitter:label2\" content=\"Est. reading time\" \/>\n\t<meta name=\"twitter:data2\" content=\"3\" \/>\n<script type=\"application\/ld+json\" class=\"yoast-schema-graph\">{\"@context\":\"https:\/\/schema.org\",\"@graph\":[{\"@type\":\"WebPage\",\"@id\":\"https:\/\/www.welovecycling.com\/wide\/2019\/01\/14\/caleb-ewan-wins-tour-down-under-classic-and-other-cool-news-from-the-world-of-cycling\/\",\"url\":\"https:\/\/www.welovecycling.com\/wide\/2019\/01\/14\/caleb-ewan-wins-tour-down-under-classic-and-other-cool-news-from-the-world-of-cycling\/\",\"name\":\"Caleb Ewan Wins Tour Down Under Classic and Other Cool News from the World of Cycling - \u0160koda We Love Cycling\",\"isPartOf\":{\"@id\":\"https:\/\/www.welovecycling.com\/wide\/#website\"},\"primaryImageOfPage\":{\"@id\":\"https:\/\/www.welovecycling.com\/wide\/2019\/01\/14\/caleb-ewan-wins-tour-down-under-classic-and-other-cool-news-from-the-world-of-cycling\/#primaryimage\"},\"image\":{\"@id\":\"https:\/\/www.welovecycling.com\/wide\/2019\/01\/14\/caleb-ewan-wins-tour-down-under-classic-and-other-cool-news-from-the-world-of-cycling\/#primaryimage\"},\"thumbnailUrl\":\"https:\/\/d2p6e6u75xmxt8.cloudfront.net\/2\/2019\/01\/Caleb-Ewan-profimedia-0406862222.webp\",\"datePublished\":\"2019-01-14T15:00:50+00:00\",\"author\":{\"@id\":\"\"},\"description\":\"Another Monday is here and our news from the world of cycling with it. So, what did you miss? Ewan holds off Sagan The Australian won his third Tour Down\",\"breadcrumb\":{\"@id\":\"https:\/\/www.welovecycling.com\/wide\/2019\/01\/14\/caleb-ewan-wins-tour-down-under-classic-and-other-cool-news-from-the-world-of-cycling\/#breadcrumb\"},\"inLanguage\":\"en-US\",\"potentialAction\":[{\"@type\":\"ReadAction\",\"target\":[\"https:\/\/www.welovecycling.com\/wide\/2019\/01\/14\/caleb-ewan-wins-tour-down-under-classic-and-other-cool-news-from-the-world-of-cycling\/\"]}]},{\"@type\":\"ImageObject\",\"inLanguage\":\"en-US\",\"@id\":\"https:\/\/www.welovecycling.com\/wide\/2019\/01\/14\/caleb-ewan-wins-tour-down-under-classic-and-other-cool-news-from-the-world-of-cycling\/#primaryimage\",\"url\":\"https:\/\/d2p6e6u75xmxt8.cloudfront.net\/2\/2019\/01\/Caleb-Ewan-profimedia-0406862222.webp\",\"contentUrl\":\"https:\/\/d2p6e6u75xmxt8.cloudfront.net\/2\/2019\/01\/Caleb-Ewan-profimedia-0406862222.webp\",\"width\":900,\"height\":600},{\"@type\":\"BreadcrumbList\",\"@id\":\"https:\/\/www.welovecycling.com\/wide\/2019\/01\/14\/caleb-ewan-wins-tour-down-under-classic-and-other-cool-news-from-the-world-of-cycling\/#breadcrumb\",\"itemListElement\":[{\"@type\":\"ListItem\",\"position\":1,\"name\":\"Home\",\"item\":\"https:\/\/www.welovecycling.com\/wide\/\"},{\"@type\":\"ListItem\",\"position\":2,\"name\":\"Caleb Ewan Wins Tour Down Under Classic and Other Cool News from the World of Cycling\"}]},{\"@type\":\"WebSite\",\"@id\":\"https:\/\/www.welovecycling.com\/wide\/#website\",\"url\":\"https:\/\/www.welovecycling.com\/wide\/\",\"name\":\"\u0160koda We Love Cycling\",\"description\":\"\u0160koda We Love Cycling magazine\",\"alternateName\":\"\u0160koda WLC\",\"potentialAction\":[{\"@type\":\"SearchAction\",\"target\":{\"@type\":\"EntryPoint\",\"urlTemplate\":\"https:\/\/www.welovecycling.com\/wide\/?s={search_term_string}\"},\"query-input\":{\"@type\":\"PropertyValueSpecification\",\"valueRequired\":true,\"valueName\":\"search_term_string\"}}],\"inLanguage\":\"en-US\"},{\"@type\":\"Person\",\"@id\":\"\",\"url\":\"https:\/\/www.welovecycling.com\/wide\/author\/\"}]}<\/script>\n<!-- \/ Yoast SEO Premium plugin. -->","yoast_head_json":{"title":"Caleb Ewan Wins Tour Down Under Classic and Other Cool News from the World of Cycling - \u0160koda We Love Cycling","description":"Another Monday is here and our news from the world of cycling with it. So, what did you miss? Ewan holds off Sagan The Australian won his third Tour Down","robots":{"index":"index","follow":"follow","max-snippet":"max-snippet:-1","max-image-preview":"max-image-preview:large","max-video-preview":"max-video-preview:-1"},"canonical":"https:\/\/www.welovecycling.com\/wide\/2019\/01\/14\/caleb-ewan-wins-tour-down-under-classic-and-other-cool-news-from-the-world-of-cycling\/","og_locale":"en_US","og_type":"article","og_title":"Caleb Ewan Wins Tour Down Under Classic and Other Cool News from the World of Cycling","og_description":"Another Monday is here and our news from the world of cycling with it. So, what did you miss? Ewan holds off Sagan The Australian won his third Tour Down","og_url":"https:\/\/www.welovecycling.com\/wide\/2019\/01\/14\/caleb-ewan-wins-tour-down-under-classic-and-other-cool-news-from-the-world-of-cycling\/","og_site_name":"\u0160koda We Love Cycling","article_published_time":"2019-01-14T15:00:50+00:00","og_image":[{"width":900,"height":600,"url":"https:\/\/d2p6e6u75xmxt8.cloudfront.net\/2\/2019\/01\/Caleb-Ewan-profimedia-0406862222.webp","type":"image\/webp"}],"twitter_card":"summary_large_image","twitter_misc":{"Written by":"Monica Buck","Est. reading time":"3"},"schema":{"@context":"https:\/\/schema.org","@graph":[{"@type":"WebPage","@id":"https:\/\/www.welovecycling.com\/wide\/2019\/01\/14\/caleb-ewan-wins-tour-down-under-classic-and-other-cool-news-from-the-world-of-cycling\/","url":"https:\/\/www.welovecycling.com\/wide\/2019\/01\/14\/caleb-ewan-wins-tour-down-under-classic-and-other-cool-news-from-the-world-of-cycling\/","name":"Caleb Ewan Wins Tour Down Under Classic and Other Cool News from the World of Cycling - \u0160koda We Love Cycling","isPartOf":{"@id":"https:\/\/www.welovecycling.com\/wide\/#website"},"primaryImageOfPage":{"@id":"https:\/\/www.welovecycling.com\/wide\/2019\/01\/14\/caleb-ewan-wins-tour-down-under-classic-and-other-cool-news-from-the-world-of-cycling\/#primaryimage"},"image":{"@id":"https:\/\/www.welovecycling.com\/wide\/2019\/01\/14\/caleb-ewan-wins-tour-down-under-classic-and-other-cool-news-from-the-world-of-cycling\/#primaryimage"},"thumbnailUrl":"https:\/\/d2p6e6u75xmxt8.cloudfront.net\/2\/2019\/01\/Caleb-Ewan-profimedia-0406862222.webp","datePublished":"2019-01-14T15:00:50+00:00","author":{"@id":""},"description":"Another Monday is here and our news from the world of cycling with it. So, what did you miss? Ewan holds off Sagan The Australian won his third Tour Down","breadcrumb":{"@id":"https:\/\/www.welovecycling.com\/wide\/2019\/01\/14\/caleb-ewan-wins-tour-down-under-classic-and-other-cool-news-from-the-world-of-cycling\/#breadcrumb"},"inLanguage":"en-US","potentialAction":[{"@type":"ReadAction","target":["https:\/\/www.welovecycling.com\/wide\/2019\/01\/14\/caleb-ewan-wins-tour-down-under-classic-and-other-cool-news-from-the-world-of-cycling\/"]}]},{"@type":"ImageObject","inLanguage":"en-US","@id":"https:\/\/www.welovecycling.com\/wide\/2019\/01\/14\/caleb-ewan-wins-tour-down-under-classic-and-other-cool-news-from-the-world-of-cycling\/#primaryimage","url":"https:\/\/d2p6e6u75xmxt8.cloudfront.net\/2\/2019\/01\/Caleb-Ewan-profimedia-0406862222.webp","contentUrl":"https:\/\/d2p6e6u75xmxt8.cloudfront.net\/2\/2019\/01\/Caleb-Ewan-profimedia-0406862222.webp","width":900,"height":600},{"@type":"BreadcrumbList","@id":"https:\/\/www.welovecycling.com\/wide\/2019\/01\/14\/caleb-ewan-wins-tour-down-under-classic-and-other-cool-news-from-the-world-of-cycling\/#breadcrumb","itemListElement":[{"@type":"ListItem","position":1,"name":"Home","item":"https:\/\/www.welovecycling.com\/wide\/"},{"@type":"ListItem","position":2,"name":"Caleb Ewan Wins Tour Down Under Classic and Other Cool News from the World of Cycling"}]},{"@type":"WebSite","@id":"https:\/\/www.welovecycling.com\/wide\/#website","url":"https:\/\/www.welovecycling.com\/wide\/","name":"\u0160koda We Love Cycling","description":"\u0160koda We Love Cycling magazine","alternateName":"\u0160koda WLC","potentialAction":[{"@type":"SearchAction","target":{"@type":"EntryPoint","urlTemplate":"https:\/\/www.welovecycling.com\/wide\/?s={search_term_string}"},"query-input":{"@type":"PropertyValueSpecification","valueRequired":true,"valueName":"search_term_string"}}],"inLanguage":"en-US"},{"@type":"Person","@id":"","url":"https:\/\/www.welovecycling.com\/wide\/author\/"}]}},"_links":{"self":[{"href":"https:\/\/www.welovecycling.com\/wide\/wp-json\/wp\/v2\/posts\/171998","targetHints":{"allow":["GET"]}}],"collection":[{"href":"https:\/\/www.welovecycling.com\/wide\/wp-json\/wp\/v2\/posts"}],"about":[{"href":"https:\/\/www.welovecycling.com\/wide\/wp-json\/wp\/v2\/types\/post"}],"author":[{"embeddable":true,"href":"https:\/\/www.welovecycling.com\/wide\/wp-json\/wp\/v2\/users\/12"}],"replies":[{"embeddable":true,"href":"https:\/\/www.welovecycling.com\/wide\/wp-json\/wp\/v2\/comments?post=171998"}],"version-history":[{"count":2,"href":"https:\/\/www.welovecycling.com\/wide\/wp-json\/wp\/v2\/posts\/171998\/revisions"}],"predecessor-version":[{"id":172006,"href":"https:\/\/www.welovecycling.com\/wide\/wp-json\/wp\/v2\/posts\/171998\/revisions\/172006"}],"wp:featuredmedia":[{"embeddable":true,"href":"https:\/\/www.welovecycling.com\/wide\/wp-json\/wp\/v2\/media\/172005"}],"wp:attachment":[{"href":"https:\/\/www.welovecycling.com\/wide\/wp-json\/wp\/v2\/media?parent=171998"}],"wp:term":[{"taxonomy":"category","embeddable":true,"href":"https:\/\/www.welovecycling.com\/wide\/wp-json\/wp\/v2\/categories?post=171998"},{"taxonomy":"post_tag","embeddable":true,"href":"https:\/\/www.welovecycling.com\/wide\/wp-json\/wp\/v2\/tags?post=171998"},{"taxonomy":"global-categories","embeddable":true,"href":"https:\/\/www.welovecycling.com\/wide\/wp-json\/wp\/v2\/global-categories?post=171998"}],"curies":[{"name":"wp","href":"https:\/\/api.w.org\/{rel}","templated":true}]}}