{"id":171367,"date":"2018-11-15T07:56:11","date_gmt":"2018-11-15T07:56:11","guid":{"rendered":"https:\/\/www.welovecycling.com\/wide\/?p=171367"},"modified":"2018-11-15T10:55:17","modified_gmt":"2018-11-15T10:55:17","slug":"bikepacking-climate-change-and-the-power-of-storytelling","status":"publish","type":"post","link":"https:\/\/www.welovecycling.com\/wide\/2018\/11\/15\/bikepacking-climate-change-and-the-power-of-storytelling\/","title":{"rendered":"Bikepacking, Climate Change, and the Power of Storytelling"},"content":{"rendered":"<p><strong>Although it might be hard to put all these things into one equation, they all have one person in common \u2013 Devi Lockwood. This inspirational young writer, poet, multimedia journalist, traveller, and explorer from Boston has set out on her cycling journey on September 21, 2014, in the wake of the People\u2019s Climate March in New York City, USA, and has been pursuing her cause ever since. With a packed bicycle, a few cardboard signs, an exquisite ear for listening, and determination, she brings a serious environmental issue to world\u2019s attention \u2013 in a personal way.<\/strong><!--more--><\/p>\n<p>Words like \u2018climate change\u2019 and \u2018global warming\u2019 come down pelting on us so often these days that a lot of people tend to dissociate those from their worldwide impacts, which are, indeed, very real. Devi Lockwood decided on the personal approach \u2013 lives of millions of people all over the globe are intimately affected by environmental shifts and they have stories to tell. Behind all those statistics and rising graphs, percentages, and other figures, that are sometimes hard to project onto reality and might feel a little abstract, there are concrete humans with whose lives we can identify and\/or sympathise. That\u2019s the groundwork of Devi Lockwood\u2019s message. And that\u2019s how the <a href=\"http:\/\/devi-lockwood.com\/1-001-stories\">1,001 Stories<\/a> project was born.<\/p>\n<p>https:\/\/www.instagram.com\/p\/BkZBRyIHLD3\/<\/p>\n<p>In the words of the author: \u201cThe core belief of 1,001 Stories is that both telling and listening to stories is a form of activism. Listening builds empathy, and empathy is a powerful tool to dismantle apathy. It becomes harder to ignore a problem if we hear the voice of someone who is impacted.\u201d<\/p>\n<p>Devi Lockwood is a prime example of the \u2018put your money where your mouth is\u2019 approach. Ditching the car, the bus or other kinds of transport in need of fossil fuels to make her travels and opting for a bicycle instead (or, sometimes, a boat), is the polar opposite of \u2018slacktivism\u2019 aka \u2018couch activism\u2019. To this day, she has recorded interviews in 19 countries: the USA, Fiji, Tuvalu, New Zealand, Australia, Thailand, Laos, Cambodia, Qatar, Morocco, the U.K., Canada, China, Denmark, Sweden, Norway, Kazakhstan, Kyrgyzstan, and Turkey. Once she travelled full two years by bicycle, self-supported. One of the visual features of her head-on approach is the repeated motif of a cardboard sign around the neck, which she also translates into local languages. The varying signs feature two main messages: \u201cTell me a story about water,\u201d and \u201cTell me a story about climate change.\u201d In Lockwood\u2019s (justified) opinion, water is life, and that\u2019s why she\u2019s decided to collect climate change stories that affect water reserves worldwide.<\/p>\n<p>https:\/\/www.instagram.com\/p\/BfbIvGQFReh\/<\/p>\n<p>With over 850 recordings to date, she\u2019s constantly closing on her goal to collect 1,001 stories in total. There\u2019s no deadline on the task and Lockwood continues at her own pace and picks the locations according to her research, upcoming workshops or speeches she gives regularly. 1,001 Stories is an app for iOS or Android for now, which you can download either <a href=\"https:\/\/itunes.apple.com\/us\/app\/1001-stories\/id1373515681?ls=1&amp;mt=8\">here<\/a> or <a href=\"https:\/\/play.google.com\/store\/apps\/details?id=net.realizedsound.thousandOneStories\">here<\/a>, for free, and it\u2019s basically an interactive online map of the world with pinned points containing the stories. It\u2019s a work-in-progress project and recorded stories are being pinned and added as fast as her tiny one-developer team can manage. The future goal is also to launch a full-fledged website with \u201ca toolbox of resources on how to conduct an oral history interview, techniques of deep listening, and ways to get involved with environmental activism in your community.\u201d<\/p>\n<p>She listened to Kazakh sheep herders about disappearing lakes, Tuvalu families battling severe droughts, dying fish, and dried-out wells, Australian farmers robbed of their fruit crops and livelihood by unprecedented floods, and many more. And you can too as some of those stories can be found on her <a href=\"https:\/\/soundcloud.com\/devi-lockwood\">Soundcloud<\/a> or you can follow her blog, <a href=\"https:\/\/onebikeoneyear.wordpress.com\/\">One Bike, One Year<\/a>, which she updates regularly. Or download the app, of course.<\/p>\n<p>She\u2019s the master of the art of listening and storytelling on a bicycle who you\u2019ve never heard of \u2013 until now \u2013 and she doesn\u2019t seem to be putting her bike down any time soon.<\/p>\n","protected":false},"excerpt":{"rendered":"<p>Although it might be hard to put all these things into one equation, they all have one person in common [&hellip;]<\/p>\n","protected":false},"author":12,"featured_media":171372,"comment_status":"open","ping_status":"open","sticky":false,"template":"","format":"standard","meta":{"footnotes":""},"categories":[334],"tags":[2446,2445,2444],"global-categories":[],"class_list":["post-171367","post","type-post","status-publish","format-standard","has-post-thumbnail","hentry","category-socialising-and-culture","tag-001-stories","tag-2445","tag-devi-lockwood"],"yoast_head":"<!-- This site is optimized with the Yoast SEO Premium plugin v25.3 (Yoast SEO v25.9) - https:\/\/yoast.com\/wordpress\/plugins\/seo\/ -->\n<title>Cycling, Climate Change, and the Power of Storytelling<\/title>\n<meta name=\"description\" content=\"With a packed ?, a few cardboard signs and an exquisite ? for listening, she brings a serious ? issue to world\u2019s attention \u2013 in a personal way.\" \/>\n<meta name=\"robots\" content=\"index, follow, max-snippet:-1, max-image-preview:large, max-video-preview:-1\" \/>\n<link rel=\"canonical\" href=\"https:\/\/www.welovecycling.com\/wide\/2018\/11\/15\/bikepacking-climate-change-and-the-power-of-storytelling\/\" \/>\n<meta property=\"og:locale\" content=\"en_US\" \/>\n<meta property=\"og:type\" content=\"article\" \/>\n<meta property=\"og:title\" content=\"Bikepacking, Climate Change, and the Power of Storytelling\" \/>\n<meta property=\"og:description\" content=\"With a packed ?, a few cardboard signs and an exquisite ? for listening, she brings a serious ? issue to world\u2019s attention \u2013 in a personal way.\" \/>\n<meta property=\"og:url\" content=\"https:\/\/www.welovecycling.com\/wide\/2018\/11\/15\/bikepacking-climate-change-and-the-power-of-storytelling\/\" \/>\n<meta property=\"og:site_name\" content=\"\u0160koda We Love Cycling\" \/>\n<meta property=\"article:published_time\" content=\"2018-11-15T07:56:11+00:00\" \/>\n<meta property=\"article:modified_time\" content=\"2018-11-15T10:55:17+00:00\" \/>\n<meta property=\"og:image\" content=\"https:\/\/d2p6e6u75xmxt8.cloudfront.net\/2\/2018\/11\/LockwoodCVR.webp\" \/>\n\t<meta property=\"og:image:width\" content=\"900\" \/>\n\t<meta property=\"og:image:height\" content=\"600\" \/>\n\t<meta property=\"og:image:type\" content=\"image\/webp\" \/>\n<meta name=\"twitter:card\" content=\"summary_large_image\" \/>\n<meta name=\"twitter:label1\" content=\"Written by\" \/>\n\t<meta name=\"twitter:data1\" content=\"Frantiska Blazkova\" \/>\n\t<meta name=\"twitter:label2\" content=\"Est. reading time\" \/>\n\t<meta name=\"twitter:data2\" content=\"5\" \/>\n<script type=\"application\/ld+json\" class=\"yoast-schema-graph\">{\"@context\":\"https:\/\/schema.org\",\"@graph\":[{\"@type\":\"WebPage\",\"@id\":\"https:\/\/www.welovecycling.com\/wide\/2018\/11\/15\/bikepacking-climate-change-and-the-power-of-storytelling\/\",\"url\":\"https:\/\/www.welovecycling.com\/wide\/2018\/11\/15\/bikepacking-climate-change-and-the-power-of-storytelling\/\",\"name\":\"Cycling, Climate Change, and the Power of Storytelling\",\"isPartOf\":{\"@id\":\"https:\/\/www.welovecycling.com\/wide\/#website\"},\"primaryImageOfPage\":{\"@id\":\"https:\/\/www.welovecycling.com\/wide\/2018\/11\/15\/bikepacking-climate-change-and-the-power-of-storytelling\/#primaryimage\"},\"image\":{\"@id\":\"https:\/\/www.welovecycling.com\/wide\/2018\/11\/15\/bikepacking-climate-change-and-the-power-of-storytelling\/#primaryimage\"},\"thumbnailUrl\":\"https:\/\/d2p6e6u75xmxt8.cloudfront.net\/2\/2018\/11\/LockwoodCVR.webp\",\"datePublished\":\"2018-11-15T07:56:11+00:00\",\"dateModified\":\"2018-11-15T10:55:17+00:00\",\"author\":{\"@id\":\"\"},\"description\":\"With a packed ?, a few cardboard signs and an exquisite ? for listening, she brings a serious ? issue to world\u2019s attention \u2013 in a personal way.\",\"breadcrumb\":{\"@id\":\"https:\/\/www.welovecycling.com\/wide\/2018\/11\/15\/bikepacking-climate-change-and-the-power-of-storytelling\/#breadcrumb\"},\"inLanguage\":\"en-US\",\"potentialAction\":[{\"@type\":\"ReadAction\",\"target\":[\"https:\/\/www.welovecycling.com\/wide\/2018\/11\/15\/bikepacking-climate-change-and-the-power-of-storytelling\/\"]}]},{\"@type\":\"ImageObject\",\"inLanguage\":\"en-US\",\"@id\":\"https:\/\/www.welovecycling.com\/wide\/2018\/11\/15\/bikepacking-climate-change-and-the-power-of-storytelling\/#primaryimage\",\"url\":\"https:\/\/d2p6e6u75xmxt8.cloudfront.net\/2\/2018\/11\/LockwoodCVR.webp\",\"contentUrl\":\"https:\/\/d2p6e6u75xmxt8.cloudfront.net\/2\/2018\/11\/LockwoodCVR.webp\",\"width\":900,\"height\":600},{\"@type\":\"BreadcrumbList\",\"@id\":\"https:\/\/www.welovecycling.com\/wide\/2018\/11\/15\/bikepacking-climate-change-and-the-power-of-storytelling\/#breadcrumb\",\"itemListElement\":[{\"@type\":\"ListItem\",\"position\":1,\"name\":\"Home\",\"item\":\"https:\/\/www.welovecycling.com\/wide\/\"},{\"@type\":\"ListItem\",\"position\":2,\"name\":\"Bikepacking, Climate Change, and the Power of Storytelling\"}]},{\"@type\":\"WebSite\",\"@id\":\"https:\/\/www.welovecycling.com\/wide\/#website\",\"url\":\"https:\/\/www.welovecycling.com\/wide\/\",\"name\":\"\u0160koda We Love Cycling\",\"description\":\"\u0160koda We Love Cycling magazine\",\"alternateName\":\"\u0160koda WLC\",\"potentialAction\":[{\"@type\":\"SearchAction\",\"target\":{\"@type\":\"EntryPoint\",\"urlTemplate\":\"https:\/\/www.welovecycling.com\/wide\/?s={search_term_string}\"},\"query-input\":{\"@type\":\"PropertyValueSpecification\",\"valueRequired\":true,\"valueName\":\"search_term_string\"}}],\"inLanguage\":\"en-US\"},{\"@type\":\"Person\",\"@id\":\"\",\"url\":\"https:\/\/www.welovecycling.com\/wide\/author\/\"}]}<\/script>\n<!-- \/ Yoast SEO Premium plugin. -->","yoast_head_json":{"title":"Cycling, Climate Change, and the Power of Storytelling","description":"With a packed ?, a few cardboard signs and an exquisite ? for listening, she brings a serious ? issue to world\u2019s attention \u2013 in a personal way.","robots":{"index":"index","follow":"follow","max-snippet":"max-snippet:-1","max-image-preview":"max-image-preview:large","max-video-preview":"max-video-preview:-1"},"canonical":"https:\/\/www.welovecycling.com\/wide\/2018\/11\/15\/bikepacking-climate-change-and-the-power-of-storytelling\/","og_locale":"en_US","og_type":"article","og_title":"Bikepacking, Climate Change, and the Power of Storytelling","og_description":"With a packed ?, a few cardboard signs and an exquisite ? for listening, she brings a serious ? issue to world\u2019s attention \u2013 in a personal way.","og_url":"https:\/\/www.welovecycling.com\/wide\/2018\/11\/15\/bikepacking-climate-change-and-the-power-of-storytelling\/","og_site_name":"\u0160koda We Love Cycling","article_published_time":"2018-11-15T07:56:11+00:00","article_modified_time":"2018-11-15T10:55:17+00:00","og_image":[{"width":900,"height":600,"url":"https:\/\/d2p6e6u75xmxt8.cloudfront.net\/2\/2018\/11\/LockwoodCVR.webp","type":"image\/webp"}],"twitter_card":"summary_large_image","twitter_misc":{"Written by":"Frantiska Blazkova","Est. reading time":"5"},"schema":{"@context":"https:\/\/schema.org","@graph":[{"@type":"WebPage","@id":"https:\/\/www.welovecycling.com\/wide\/2018\/11\/15\/bikepacking-climate-change-and-the-power-of-storytelling\/","url":"https:\/\/www.welovecycling.com\/wide\/2018\/11\/15\/bikepacking-climate-change-and-the-power-of-storytelling\/","name":"Cycling, Climate Change, and the Power of Storytelling","isPartOf":{"@id":"https:\/\/www.welovecycling.com\/wide\/#website"},"primaryImageOfPage":{"@id":"https:\/\/www.welovecycling.com\/wide\/2018\/11\/15\/bikepacking-climate-change-and-the-power-of-storytelling\/#primaryimage"},"image":{"@id":"https:\/\/www.welovecycling.com\/wide\/2018\/11\/15\/bikepacking-climate-change-and-the-power-of-storytelling\/#primaryimage"},"thumbnailUrl":"https:\/\/d2p6e6u75xmxt8.cloudfront.net\/2\/2018\/11\/LockwoodCVR.webp","datePublished":"2018-11-15T07:56:11+00:00","dateModified":"2018-11-15T10:55:17+00:00","author":{"@id":""},"description":"With a packed ?, a few cardboard signs and an exquisite ? for listening, she brings a serious ? issue to world\u2019s attention \u2013 in a personal way.","breadcrumb":{"@id":"https:\/\/www.welovecycling.com\/wide\/2018\/11\/15\/bikepacking-climate-change-and-the-power-of-storytelling\/#breadcrumb"},"inLanguage":"en-US","potentialAction":[{"@type":"ReadAction","target":["https:\/\/www.welovecycling.com\/wide\/2018\/11\/15\/bikepacking-climate-change-and-the-power-of-storytelling\/"]}]},{"@type":"ImageObject","inLanguage":"en-US","@id":"https:\/\/www.welovecycling.com\/wide\/2018\/11\/15\/bikepacking-climate-change-and-the-power-of-storytelling\/#primaryimage","url":"https:\/\/d2p6e6u75xmxt8.cloudfront.net\/2\/2018\/11\/LockwoodCVR.webp","contentUrl":"https:\/\/d2p6e6u75xmxt8.cloudfront.net\/2\/2018\/11\/LockwoodCVR.webp","width":900,"height":600},{"@type":"BreadcrumbList","@id":"https:\/\/www.welovecycling.com\/wide\/2018\/11\/15\/bikepacking-climate-change-and-the-power-of-storytelling\/#breadcrumb","itemListElement":[{"@type":"ListItem","position":1,"name":"Home","item":"https:\/\/www.welovecycling.com\/wide\/"},{"@type":"ListItem","position":2,"name":"Bikepacking, Climate Change, and the Power of Storytelling"}]},{"@type":"WebSite","@id":"https:\/\/www.welovecycling.com\/wide\/#website","url":"https:\/\/www.welovecycling.com\/wide\/","name":"\u0160koda We Love Cycling","description":"\u0160koda We Love Cycling magazine","alternateName":"\u0160koda WLC","potentialAction":[{"@type":"SearchAction","target":{"@type":"EntryPoint","urlTemplate":"https:\/\/www.welovecycling.com\/wide\/?s={search_term_string}"},"query-input":{"@type":"PropertyValueSpecification","valueRequired":true,"valueName":"search_term_string"}}],"inLanguage":"en-US"},{"@type":"Person","@id":"","url":"https:\/\/www.welovecycling.com\/wide\/author\/"}]}},"_links":{"self":[{"href":"https:\/\/www.welovecycling.com\/wide\/wp-json\/wp\/v2\/posts\/171367","targetHints":{"allow":["GET"]}}],"collection":[{"href":"https:\/\/www.welovecycling.com\/wide\/wp-json\/wp\/v2\/posts"}],"about":[{"href":"https:\/\/www.welovecycling.com\/wide\/wp-json\/wp\/v2\/types\/post"}],"author":[{"embeddable":true,"href":"https:\/\/www.welovecycling.com\/wide\/wp-json\/wp\/v2\/users\/12"}],"replies":[{"embeddable":true,"href":"https:\/\/www.welovecycling.com\/wide\/wp-json\/wp\/v2\/comments?post=171367"}],"version-history":[{"count":2,"href":"https:\/\/www.welovecycling.com\/wide\/wp-json\/wp\/v2\/posts\/171367\/revisions"}],"predecessor-version":[{"id":171371,"href":"https:\/\/www.welovecycling.com\/wide\/wp-json\/wp\/v2\/posts\/171367\/revisions\/171371"}],"wp:featuredmedia":[{"embeddable":true,"href":"https:\/\/www.welovecycling.com\/wide\/wp-json\/wp\/v2\/media\/171372"}],"wp:attachment":[{"href":"https:\/\/www.welovecycling.com\/wide\/wp-json\/wp\/v2\/media?parent=171367"}],"wp:term":[{"taxonomy":"category","embeddable":true,"href":"https:\/\/www.welovecycling.com\/wide\/wp-json\/wp\/v2\/categories?post=171367"},{"taxonomy":"post_tag","embeddable":true,"href":"https:\/\/www.welovecycling.com\/wide\/wp-json\/wp\/v2\/tags?post=171367"},{"taxonomy":"global-categories","embeddable":true,"href":"https:\/\/www.welovecycling.com\/wide\/wp-json\/wp\/v2\/global-categories?post=171367"}],"curies":[{"name":"wp","href":"https:\/\/api.w.org\/{rel}","templated":true}]}}