{"id":171170,"date":"2018-10-29T12:42:28","date_gmt":"2018-10-29T12:42:28","guid":{"rendered":"https:\/\/www.welovecycling.com\/wide\/?p=171170"},"modified":"2018-10-29T12:42:28","modified_gmt":"2018-10-29T12:42:28","slug":"2019-tour-de-france-route-and-other-cool-news-from-the-world-of-cycling","status":"publish","type":"post","link":"https:\/\/www.welovecycling.com\/wide\/2018\/10\/29\/2019-tour-de-france-route-and-other-cool-news-from-the-world-of-cycling\/","title":{"rendered":"2019 Tour de France Route and Other Cool News from the World of Cycling"},"content":{"rendered":"<p><strong>Another Monday is here and our news from the world of cycling with it! So, what did you miss?<\/strong><!--more--><\/p>\n<h2><strong>True climber to win Le Tour?<\/strong><\/h2>\n<p>Five mountain top finishes, only 27 km of time trials. Is it time for a true climber to shine? Vincenzo Nibali (Bahrain-Merida) will love the route, as well as the French hero Bardet (Ag2r La Mondiale). Nairo Quintana (Movistar) will want to prove his worth. And if Simon Yates decides to show up? Team Sky is definitely going to face a hard three weeks.<\/p>\n<figure id=\"attachment_171177\" aria-describedby=\"caption-attachment-171177\" style=\"width: 1250px\" class=\"wp-caption alignnone\"><a href=\"https:\/\/d2p6e6u75xmxt8.cloudfront.net\/2\/2018\/10\/profimedia-0392609780.jpg\"><img loading=\"lazy\" decoding=\"async\" class=\"size-full wp-image-171177\" src=\"https:\/\/d2p6e6u75xmxt8.cloudfront.net\/2\/2018\/10\/profimedia-0392609780.jpg\" alt=\"\" width=\"1250\" height=\"833\" \/><\/a><figcaption id=\"caption-attachment-171177\" class=\"wp-caption-text\">Christopher Froome and Geraint Thomas at the presentation of the Tour de France 2019 in Paris, France, 25 October 2018. The 106th edition of the Tour de France cycling race will start on 06 July in Brussels, Belgium and arrive in Paris on 28 July 2019.\u00a0\u00a9 Profimedia, TEMP EPA<\/figcaption><\/figure>\n<p>\u201cThe high-altitude aspect of the race is going to be a significant factor,\u201d Chris Froome told the reporters at the route presentation in Paris. \u201cSome riders deal with altitude better than others, especially those who were born and live at altitude, like Nairo Quintana. Those climbs should really suit him. I think that spending a lot of time at altitude will be one of the main parts of preparing for this Tour. Every year I\u2019ve had to adapt and this year is no different. I\u2019ll do all I can to adapt to it and make sure I\u2019m at my best in the mountains.\u201d<\/p>\n<p>\u201cThe Tour\u2019s always hard, but there\u2019s a lot of climbing, a lot of altitude,\u201d the 2018 Le Tour winner Thomas said. \u201cThere are lots of climbs over 2,000 metres. Generally, I really like them, so I\u2019ll look forward to that. There are a lot of medium mountain stages, so it will need a well-rounded rider and team to win it.\u201d<\/p>\n<div class=\"embed-controller-wrapper\">\n<blockquote class=\"twitter-tweet\" data-width=\"500\" data-dnt=\"true\">\n<p lang=\"fr\" dir=\"ltr\">\u2b50\u2b50 \ud83c\uddf2\ud83c\uddeb Voici le parcours officiel du <a href=\"https:\/\/twitter.com\/hashtag\/TDF2019?src=hash&amp;ref_src=twsrc%5Etfw\">#TDF2019<\/a> ! \/ Here is the <a href=\"https:\/\/twitter.com\/hashtag\/TDF2019?src=hash&amp;ref_src=twsrc%5Etfw\">#TDF2019<\/a> route  \ud83c\uddf2\ud83c\uddeb\u2b50\u2b50 <a href=\"https:\/\/t.co\/dSsyynWXZ8\">pic.twitter.com\/dSsyynWXZ8<\/a><\/p>\n<p>&mdash; Tour de France\u2122 (@LeTour) <a href=\"https:\/\/twitter.com\/LeTour\/status\/1055401079536525315?ref_src=twsrc%5Etfw\">October 25, 2018<\/a><\/p><\/blockquote>\n<p><script async data-src=\"https:\/\/platform.twitter.com\/widgets.js\" charset=\"utf-8\"><\/script><\/div>\n<p>The 2019 Tour de France will set off from Brussels on July 6 and conclude in Paris on July 28.<\/p>\n<h2><strong>Powerrr!<\/strong><\/h2>\n<div class=\"embed-controller-wrapper\">\n<blockquote class=\"twitter-tweet\" data-width=\"500\" data-dnt=\"true\">\n<p lang=\"en\" dir=\"ltr\">Meanwhile, <a href=\"https:\/\/twitter.com\/PerkoPerkins?ref_src=twsrc%5Etfw\">@PerkoPerkins<\/a> and <a href=\"https:\/\/twitter.com\/RFoerstemann?ref_src=twsrc%5Etfw\">@RFoerstemann<\/a> have found a novel way to wind down in between racing&#8230; <a href=\"https:\/\/twitter.com\/hashtag\/SixDayLondon?src=hash&amp;ref_src=twsrc%5Etfw\">#SixDayLondon<\/a> <a href=\"https:\/\/twitter.com\/hashtag\/BikesBeatsBeers?src=hash&amp;ref_src=twsrc%5Etfw\">#BikesBeatsBeers<\/a> <a href=\"https:\/\/t.co\/yPcvOo9eUF\">pic.twitter.com\/yPcvOo9eUF<\/a><\/p>\n<p>&mdash; Six Day (@sixdaycycling) <a href=\"https:\/\/twitter.com\/sixdaycycling\/status\/1055185657797197826?ref_src=twsrc%5Etfw\">October 24, 2018<\/a><\/p><\/blockquote>\n<p><script async data-src=\"https:\/\/platform.twitter.com\/widgets.js\" charset=\"utf-8\"><\/script><\/div>\n<h2><strong>Ok, she\u2019s better than us on rollers<\/strong><\/h2>\n<div class=\"embed-controller-wrapper\">\n<blockquote class=\"twitter-tweet\" data-width=\"500\" data-dnt=\"true\">\n<p lang=\"en\" dir=\"ltr\">Hi everyone, I would like to share my awesome announcement! I am proud to say I am now a Junior Advocate for @TrekSegafredo a massive thank you to <a href=\"https:\/\/twitter.com\/TrekBikes?ref_src=twsrc%5Etfw\">@TrekBikes<\/a> for this awesome opportunity and to <a href=\"https:\/\/twitter.com\/SANTINI_SMS?ref_src=twsrc%5Etfw\">@SANTINI_SMS<\/a> for all your support. This is so exciting! Ruby X <a href=\"https:\/\/t.co\/3UFFtwyyxY\">pic.twitter.com\/3UFFtwyyxY<\/a><\/p>\n<p>&mdash; Ruby Isaac (@RubyWIsaac) <a href=\"https:\/\/twitter.com\/RubyWIsaac\/status\/1054071286320848901?ref_src=twsrc%5Etfw\">October 21, 2018<\/a><\/p><\/blockquote>\n<p><script async data-src=\"https:\/\/platform.twitter.com\/widgets.js\" charset=\"utf-8\"><\/script><\/div>\n<h2><strong>Strong legs, Rigoberto<\/strong><\/h2>\n<div class=\"embed-controller-wrapper\">\n<blockquote class=\"twitter-tweet\" data-width=\"500\" data-dnt=\"true\">\n<p lang=\"en\" dir=\"ltr\">It\u2019s too bad <a href=\"https:\/\/twitter.com\/UranRigoberto?ref_src=twsrc%5Etfw\">@UranRigoberto<\/a> is so shy and reserved. <a href=\"https:\/\/t.co\/EA1HHY0Dxm\">pic.twitter.com\/EA1HHY0Dxm<\/a><\/p>\n<p>&mdash; EF Pro Cycling (@EFprocycling) <a href=\"https:\/\/twitter.com\/EFprocycling\/status\/1054014281010696193?ref_src=twsrc%5Etfw\">October 21, 2018<\/a><\/p><\/blockquote>\n<p><script async data-src=\"https:\/\/platform.twitter.com\/widgets.js\" charset=\"utf-8\"><\/script><\/div>\n<h2><strong>He\u2019s got the looks<\/strong><\/h2>\n<p>https:\/\/www.instagram.com\/p\/BpXwcusB7Kf\/?taken-by=alexdowsett<\/p>\n","protected":false},"excerpt":{"rendered":"<p>Another Monday is here and our news from the world of cycling with it! So, what did you miss?<\/p>\n","protected":false},"author":12,"featured_media":171176,"comment_status":"open","ping_status":"open","sticky":false,"template":"","format":"standard","meta":{"footnotes":""},"categories":[4142],"tags":[2396,425,1080,473,426],"global-categories":[],"class_list":["post-171170","post","type-post","status-publish","format-standard","has-post-thumbnail","hentry","category-ride2unite","tag-2019-tour-de-france","tag-chris-froome","tag-geraint-thomas","tag-romain-bardet","tag-vincenzo-nibali"],"yoast_head":"<!-- This site is optimized with the Yoast SEO Premium plugin v25.3 (Yoast SEO v25.9) - https:\/\/yoast.com\/wordpress\/plugins\/seo\/ -->\n<title>2019 Tour de France Route and Other Cool News from the World of Cycling - \u0160koda We Love Cycling<\/title>\n<meta name=\"description\" content=\"Another Monday is here and our news from the world of cycling with it! So, what did you miss? True climber to win Le Tour? Five mountain top finishes,\" \/>\n<meta name=\"robots\" content=\"index, follow, max-snippet:-1, max-image-preview:large, max-video-preview:-1\" \/>\n<link rel=\"canonical\" href=\"https:\/\/www.welovecycling.com\/wide\/2018\/10\/29\/2019-tour-de-france-route-and-other-cool-news-from-the-world-of-cycling\/\" \/>\n<meta property=\"og:locale\" content=\"en_US\" \/>\n<meta property=\"og:type\" content=\"article\" \/>\n<meta property=\"og:title\" content=\"2019 Tour de France Route and Other Cool News from the World of Cycling\" \/>\n<meta property=\"og:description\" content=\"Another Monday is here and our news from the world of cycling with it! So, what did you miss? True climber to win Le Tour? Five mountain top finishes,\" \/>\n<meta property=\"og:url\" content=\"https:\/\/www.welovecycling.com\/wide\/2018\/10\/29\/2019-tour-de-france-route-and-other-cool-news-from-the-world-of-cycling\/\" \/>\n<meta property=\"og:site_name\" content=\"\u0160koda We Love Cycling\" \/>\n<meta property=\"article:published_time\" content=\"2018-10-29T12:42:28+00:00\" \/>\n<meta property=\"og:image\" content=\"https:\/\/d2p6e6u75xmxt8.cloudfront.net\/2\/2018\/10\/profimedia-0392609789-1.webp\" \/>\n\t<meta property=\"og:image:width\" content=\"900\" \/>\n\t<meta property=\"og:image:height\" content=\"600\" \/>\n\t<meta property=\"og:image:type\" content=\"image\/webp\" \/>\n<meta name=\"twitter:card\" content=\"summary_large_image\" \/>\n<meta name=\"twitter:label1\" content=\"Written by\" \/>\n\t<meta name=\"twitter:data1\" content=\"Monica Buck\" \/>\n\t<meta name=\"twitter:label2\" content=\"Est. reading time\" \/>\n\t<meta name=\"twitter:data2\" content=\"4\" \/>\n<script type=\"application\/ld+json\" class=\"yoast-schema-graph\">{\"@context\":\"https:\/\/schema.org\",\"@graph\":[{\"@type\":\"WebPage\",\"@id\":\"https:\/\/www.welovecycling.com\/wide\/2018\/10\/29\/2019-tour-de-france-route-and-other-cool-news-from-the-world-of-cycling\/\",\"url\":\"https:\/\/www.welovecycling.com\/wide\/2018\/10\/29\/2019-tour-de-france-route-and-other-cool-news-from-the-world-of-cycling\/\",\"name\":\"2019 Tour de France Route and Other Cool News from the World of Cycling - \u0160koda We Love Cycling\",\"isPartOf\":{\"@id\":\"https:\/\/www.welovecycling.com\/wide\/#website\"},\"primaryImageOfPage\":{\"@id\":\"https:\/\/www.welovecycling.com\/wide\/2018\/10\/29\/2019-tour-de-france-route-and-other-cool-news-from-the-world-of-cycling\/#primaryimage\"},\"image\":{\"@id\":\"https:\/\/www.welovecycling.com\/wide\/2018\/10\/29\/2019-tour-de-france-route-and-other-cool-news-from-the-world-of-cycling\/#primaryimage\"},\"thumbnailUrl\":\"https:\/\/d2p6e6u75xmxt8.cloudfront.net\/2\/2018\/10\/profimedia-0392609789-1.webp\",\"datePublished\":\"2018-10-29T12:42:28+00:00\",\"author\":{\"@id\":\"\"},\"description\":\"Another Monday is here and our news from the world of cycling with it! So, what did you miss? True climber to win Le Tour? Five mountain top finishes,\",\"breadcrumb\":{\"@id\":\"https:\/\/www.welovecycling.com\/wide\/2018\/10\/29\/2019-tour-de-france-route-and-other-cool-news-from-the-world-of-cycling\/#breadcrumb\"},\"inLanguage\":\"en-US\",\"potentialAction\":[{\"@type\":\"ReadAction\",\"target\":[\"https:\/\/www.welovecycling.com\/wide\/2018\/10\/29\/2019-tour-de-france-route-and-other-cool-news-from-the-world-of-cycling\/\"]}]},{\"@type\":\"ImageObject\",\"inLanguage\":\"en-US\",\"@id\":\"https:\/\/www.welovecycling.com\/wide\/2018\/10\/29\/2019-tour-de-france-route-and-other-cool-news-from-the-world-of-cycling\/#primaryimage\",\"url\":\"https:\/\/d2p6e6u75xmxt8.cloudfront.net\/2\/2018\/10\/profimedia-0392609789-1.webp\",\"contentUrl\":\"https:\/\/d2p6e6u75xmxt8.cloudfront.net\/2\/2018\/10\/profimedia-0392609789-1.webp\",\"width\":900,\"height\":600},{\"@type\":\"BreadcrumbList\",\"@id\":\"https:\/\/www.welovecycling.com\/wide\/2018\/10\/29\/2019-tour-de-france-route-and-other-cool-news-from-the-world-of-cycling\/#breadcrumb\",\"itemListElement\":[{\"@type\":\"ListItem\",\"position\":1,\"name\":\"Home\",\"item\":\"https:\/\/www.welovecycling.com\/wide\/\"},{\"@type\":\"ListItem\",\"position\":2,\"name\":\"2019 Tour de France Route and Other Cool News from the World of Cycling\"}]},{\"@type\":\"WebSite\",\"@id\":\"https:\/\/www.welovecycling.com\/wide\/#website\",\"url\":\"https:\/\/www.welovecycling.com\/wide\/\",\"name\":\"\u0160koda We Love Cycling\",\"description\":\"\u0160koda We Love Cycling magazine\",\"alternateName\":\"\u0160koda WLC\",\"potentialAction\":[{\"@type\":\"SearchAction\",\"target\":{\"@type\":\"EntryPoint\",\"urlTemplate\":\"https:\/\/www.welovecycling.com\/wide\/?s={search_term_string}\"},\"query-input\":{\"@type\":\"PropertyValueSpecification\",\"valueRequired\":true,\"valueName\":\"search_term_string\"}}],\"inLanguage\":\"en-US\"},{\"@type\":\"Person\",\"@id\":\"\",\"url\":\"https:\/\/www.welovecycling.com\/wide\/author\/\"}]}<\/script>\n<!-- \/ Yoast SEO Premium plugin. -->","yoast_head_json":{"title":"2019 Tour de France Route and Other Cool News from the World of Cycling - \u0160koda We Love Cycling","description":"Another Monday is here and our news from the world of cycling with it! So, what did you miss? True climber to win Le Tour? Five mountain top finishes,","robots":{"index":"index","follow":"follow","max-snippet":"max-snippet:-1","max-image-preview":"max-image-preview:large","max-video-preview":"max-video-preview:-1"},"canonical":"https:\/\/www.welovecycling.com\/wide\/2018\/10\/29\/2019-tour-de-france-route-and-other-cool-news-from-the-world-of-cycling\/","og_locale":"en_US","og_type":"article","og_title":"2019 Tour de France Route and Other Cool News from the World of Cycling","og_description":"Another Monday is here and our news from the world of cycling with it! So, what did you miss? True climber to win Le Tour? Five mountain top finishes,","og_url":"https:\/\/www.welovecycling.com\/wide\/2018\/10\/29\/2019-tour-de-france-route-and-other-cool-news-from-the-world-of-cycling\/","og_site_name":"\u0160koda We Love Cycling","article_published_time":"2018-10-29T12:42:28+00:00","og_image":[{"width":900,"height":600,"url":"https:\/\/d2p6e6u75xmxt8.cloudfront.net\/2\/2018\/10\/profimedia-0392609789-1.webp","type":"image\/webp"}],"twitter_card":"summary_large_image","twitter_misc":{"Written by":"Monica Buck","Est. reading time":"4"},"schema":{"@context":"https:\/\/schema.org","@graph":[{"@type":"WebPage","@id":"https:\/\/www.welovecycling.com\/wide\/2018\/10\/29\/2019-tour-de-france-route-and-other-cool-news-from-the-world-of-cycling\/","url":"https:\/\/www.welovecycling.com\/wide\/2018\/10\/29\/2019-tour-de-france-route-and-other-cool-news-from-the-world-of-cycling\/","name":"2019 Tour de France Route and Other Cool News from the World of Cycling - \u0160koda We Love Cycling","isPartOf":{"@id":"https:\/\/www.welovecycling.com\/wide\/#website"},"primaryImageOfPage":{"@id":"https:\/\/www.welovecycling.com\/wide\/2018\/10\/29\/2019-tour-de-france-route-and-other-cool-news-from-the-world-of-cycling\/#primaryimage"},"image":{"@id":"https:\/\/www.welovecycling.com\/wide\/2018\/10\/29\/2019-tour-de-france-route-and-other-cool-news-from-the-world-of-cycling\/#primaryimage"},"thumbnailUrl":"https:\/\/d2p6e6u75xmxt8.cloudfront.net\/2\/2018\/10\/profimedia-0392609789-1.webp","datePublished":"2018-10-29T12:42:28+00:00","author":{"@id":""},"description":"Another Monday is here and our news from the world of cycling with it! So, what did you miss? True climber to win Le Tour? Five mountain top finishes,","breadcrumb":{"@id":"https:\/\/www.welovecycling.com\/wide\/2018\/10\/29\/2019-tour-de-france-route-and-other-cool-news-from-the-world-of-cycling\/#breadcrumb"},"inLanguage":"en-US","potentialAction":[{"@type":"ReadAction","target":["https:\/\/www.welovecycling.com\/wide\/2018\/10\/29\/2019-tour-de-france-route-and-other-cool-news-from-the-world-of-cycling\/"]}]},{"@type":"ImageObject","inLanguage":"en-US","@id":"https:\/\/www.welovecycling.com\/wide\/2018\/10\/29\/2019-tour-de-france-route-and-other-cool-news-from-the-world-of-cycling\/#primaryimage","url":"https:\/\/d2p6e6u75xmxt8.cloudfront.net\/2\/2018\/10\/profimedia-0392609789-1.webp","contentUrl":"https:\/\/d2p6e6u75xmxt8.cloudfront.net\/2\/2018\/10\/profimedia-0392609789-1.webp","width":900,"height":600},{"@type":"BreadcrumbList","@id":"https:\/\/www.welovecycling.com\/wide\/2018\/10\/29\/2019-tour-de-france-route-and-other-cool-news-from-the-world-of-cycling\/#breadcrumb","itemListElement":[{"@type":"ListItem","position":1,"name":"Home","item":"https:\/\/www.welovecycling.com\/wide\/"},{"@type":"ListItem","position":2,"name":"2019 Tour de France Route and Other Cool News from the World of Cycling"}]},{"@type":"WebSite","@id":"https:\/\/www.welovecycling.com\/wide\/#website","url":"https:\/\/www.welovecycling.com\/wide\/","name":"\u0160koda We Love Cycling","description":"\u0160koda We Love Cycling magazine","alternateName":"\u0160koda WLC","potentialAction":[{"@type":"SearchAction","target":{"@type":"EntryPoint","urlTemplate":"https:\/\/www.welovecycling.com\/wide\/?s={search_term_string}"},"query-input":{"@type":"PropertyValueSpecification","valueRequired":true,"valueName":"search_term_string"}}],"inLanguage":"en-US"},{"@type":"Person","@id":"","url":"https:\/\/www.welovecycling.com\/wide\/author\/"}]}},"_links":{"self":[{"href":"https:\/\/www.welovecycling.com\/wide\/wp-json\/wp\/v2\/posts\/171170","targetHints":{"allow":["GET"]}}],"collection":[{"href":"https:\/\/www.welovecycling.com\/wide\/wp-json\/wp\/v2\/posts"}],"about":[{"href":"https:\/\/www.welovecycling.com\/wide\/wp-json\/wp\/v2\/types\/post"}],"author":[{"embeddable":true,"href":"https:\/\/www.welovecycling.com\/wide\/wp-json\/wp\/v2\/users\/12"}],"replies":[{"embeddable":true,"href":"https:\/\/www.welovecycling.com\/wide\/wp-json\/wp\/v2\/comments?post=171170"}],"version-history":[{"count":2,"href":"https:\/\/www.welovecycling.com\/wide\/wp-json\/wp\/v2\/posts\/171170\/revisions"}],"predecessor-version":[{"id":171178,"href":"https:\/\/www.welovecycling.com\/wide\/wp-json\/wp\/v2\/posts\/171170\/revisions\/171178"}],"wp:featuredmedia":[{"embeddable":true,"href":"https:\/\/www.welovecycling.com\/wide\/wp-json\/wp\/v2\/media\/171176"}],"wp:attachment":[{"href":"https:\/\/www.welovecycling.com\/wide\/wp-json\/wp\/v2\/media?parent=171170"}],"wp:term":[{"taxonomy":"category","embeddable":true,"href":"https:\/\/www.welovecycling.com\/wide\/wp-json\/wp\/v2\/categories?post=171170"},{"taxonomy":"post_tag","embeddable":true,"href":"https:\/\/www.welovecycling.com\/wide\/wp-json\/wp\/v2\/tags?post=171170"},{"taxonomy":"global-categories","embeddable":true,"href":"https:\/\/www.welovecycling.com\/wide\/wp-json\/wp\/v2\/global-categories?post=171170"}],"curies":[{"name":"wp","href":"https:\/\/api.w.org\/{rel}","templated":true}]}}