{"id":170981,"date":"2018-10-19T08:05:31","date_gmt":"2018-10-19T08:05:31","guid":{"rendered":"https:\/\/www.welovecycling.com\/wide\/?p=170981"},"modified":"2018-10-19T08:09:25","modified_gmt":"2018-10-19T08:09:25","slug":"cycling-inspiration-riding-for-gender-equality","status":"publish","type":"post","link":"https:\/\/www.welovecycling.com\/wide\/2018\/10\/19\/cycling-inspiration-riding-for-gender-equality\/","title":{"rendered":"Cycling Inspiration: Riding for Gender Equality"},"content":{"rendered":"<p><strong>As the racing season winds down, we have the opportunity to appreciate some of the inspiring stories this year has provided, and look forward to what we can expect in 2019. This July, we reported on the amateur women\u2019s team that rides the Tour de France, in its entirety, one day ahead of the men. <a href=\"https:\/\/www.donnonsdeselles.net\/copie-de-le-projet-donnons-des-elle\">Donnons des <\/a>elles au v\u00e9lo J-1 has gained a lot of traction over the 4 years the project has been active, and by encouraging other enthusiastic riders to join them, they have given many women (and men) the chance to prove to themselves that they have what it takes to ride the Tour de France too.<\/strong><!--more--><\/p>\n<p>Gyl Golden is one of those riders. As a way to celebrate her 50th birthday, she rode the whole track with Donnons des elles au v\u00e9lo this summer, and is now in the process of recruiting her own team to ride the 21 stages beginning in Brussels next year. Two decades ago, Golden abandoned her stable career as an architect to follow her dreams of living a life of travel and adventure. She has now completed several Ironman competitions, founded her own triathlon training company, lived all over the world, and completed the course of the Tour de France.<\/p>\n<p>https:\/\/www.instagram.com\/p\/Bn4H5eAlDq3<\/p>\n<p>Golden came to cycling through her Ironman training, and although she was initially a bit apprehensive, she knew she\u2019d found something special. Despite any pre-emptive reservations, she explained that, \u2018once I got started, I couldn\u2019t stop thinking about it; how to improve, the best gear, discovering beautiful places to ride.\u2019 She fell hard and fast, and as Golden is quick to tell you today, cycling changed her life and allowed her to see the world in a completely different way.<\/p>\n<p>So when she saw the riders of Donnons des elles au v\u00e9lo while watching the Tour de France in 2017, her interest was piqued, and she immediately began considering the possibilities. She explained that watching them, knowing they were amateurs, she started thinking, \u2018If they can do it, I can do it\u2026 probably.\u2019 Nevertheless, having already put many kilometres on her bike, she understood the challenge, \u2018I went from \u201coh that would be so awesome,\u201d to \u201cohh that would hurt sooo much.\u201d\u2019<\/p>\n<p><a href=\"https:\/\/d2p6e6u75xmxt8.cloudfront.net\/2\/2018\/10\/38392427_10155371966046930_2449554882680586240_n.jpg\"><img loading=\"lazy\" decoding=\"async\" class=\"alignnone size-full wp-image-171101\" src=\"https:\/\/d2p6e6u75xmxt8.cloudfront.net\/2\/2018\/10\/38392427_10155371966046930_2449554882680586240_n.jpg\" alt=\"\" width=\"640\" height=\"960\" \/><\/a><\/p>\n<p>Not one to let her inhibitions get in her way, when the team announced it was accepting applications for new members, Golden decided to apply. Donnons des elles had 5 spots open and received hundreds of applications. With so many qualified women looking to join, they were forced to make a very tough decision and Golden was not one of the ones chosen. Yet in her heart, she had already committed. After finding a group of other interested riders on Facebook, she decided she would fund it herself and do it anyway.<\/p>\n<p>It\u2019s not a decision she regrets. When asked what it was like to ride the 2018 Tour de France with a bunch of inspired amateur riders, her response was clear and enthusiastic, \u2018I had such a positive experience and after just 3 short weeks, I\u2019m really not the same person.\u2019<\/p>\n<p>https:\/\/www.instagram.com\/p\/Bot7QNQjhcA<\/p>\n<p>Golden went on to detail the highlights of the experience, praising the beauty of the Alps and Pyrenees, the satisfactions of completing those 12% pitch climbs, the kindness of strangers, and the friendships forged between spells of sufferance and elation. Adding to all those euphoric sensations, Golden believes these events are capable of inspiring something even more important. As she said, it changed her life and she wants other women to know about her experience and the opportunities available to them. Along with many other dedicated female athletes, she knows that claiming a rightful place in the world of sports is an important step towards achieving gender equality.<\/p>\n<p>Golden explained that, \u2018There are so many horrible and serious things happening in the world now that need attention, so the question might be, can something as seemingly frivolous as women riding the Tour de France route change anything? I say yes, let\u2019s make this a social movement. When men begin to take women in sports more seriously, they begin to take women more seriously.\u2019<\/p>\n<p><img decoding=\"async\" src=\"https:\/\/scontent.flis9-1.fna.fbcdn.net\/v\/t31.0-8\/10547961_10152190054601930_1907270512474958754_o.jpg?_nc_cat=104&amp;_nc_ht=scontent.flis9-1.fna&amp;oh=dac5eae2a932a5566e6b502cefe0bd64&amp;oe=5C58D759\" \/><\/p>\n<p>We couldn\u2019t agree more. Although riding the Tour de France might not be a realistic goal (yet) for all cyclists, the advice Golden gave regarding taking on a new challenge rings true regardless of what you\u2019re looking to achieve:<\/p>\n<p>\u2018Whenever we want to accomplish something outside of our comfort zone, it will produce anxiety and fear. Fear is normal and for an enormous goal like this, it\u2019s inevitable. But if it\u2019s something you really want, do it anyway; just do it scared.\u2019<\/p>\n<p>Anyone interested in joining Gyl Golden to ride the course of the 2019 Tour de France can get in touch with her at contact@goldentriathloncoaching.com.<\/p>\n","protected":false},"excerpt":{"rendered":"<p>As the racing season winds down, we have the opportunity to appreciate some of the inspiring stories this year has [&hellip;]<\/p>\n","protected":false},"author":12,"featured_media":171103,"comment_status":"open","ping_status":"open","sticky":false,"template":"","format":"standard","meta":{"footnotes":""},"categories":[329],"tags":[2355,2145,2354,433],"global-categories":[],"class_list":["post-170981","post","type-post","status-publish","format-standard","has-post-thumbnail","hentry","category-road-cycling","tag-2018-tour-de-france","tag-donnons-des-elles-au-velo","tag-donnons-des-elles-au-velo-j-1","tag-tour-de-france"],"yoast_head":"<!-- This site is optimized with the Yoast SEO Premium plugin v25.3 (Yoast SEO v25.9) - https:\/\/yoast.com\/wordpress\/plugins\/seo\/ -->\n<title>Cycling Inspiration: Riding for Gender Equality - \u0160koda We Love Cycling<\/title>\n<meta name=\"description\" content=\"As the racing season winds down, we have the opportunity to appreciate some of the inspiring stories this year has provided, and look forward to what we\" \/>\n<meta name=\"robots\" content=\"index, follow, max-snippet:-1, max-image-preview:large, max-video-preview:-1\" \/>\n<link rel=\"canonical\" href=\"https:\/\/www.welovecycling.com\/wide\/2018\/10\/19\/cycling-inspiration-riding-for-gender-equality\/\" \/>\n<meta property=\"og:locale\" content=\"en_US\" \/>\n<meta property=\"og:type\" content=\"article\" \/>\n<meta property=\"og:title\" content=\"Cycling Inspiration: Riding for Gender Equality\" \/>\n<meta property=\"og:description\" content=\"As the racing season winds down, we have the opportunity to appreciate some of the inspiring stories this year has provided, and look forward to what we\" \/>\n<meta property=\"og:url\" content=\"https:\/\/www.welovecycling.com\/wide\/2018\/10\/19\/cycling-inspiration-riding-for-gender-equality\/\" \/>\n<meta property=\"og:site_name\" content=\"\u0160koda We Love Cycling\" \/>\n<meta property=\"article:published_time\" content=\"2018-10-19T08:05:31+00:00\" \/>\n<meta property=\"article:modified_time\" content=\"2018-10-19T08:09:25+00:00\" \/>\n<meta property=\"og:image\" content=\"https:\/\/d2p6e6u75xmxt8.cloudfront.net\/2\/2018\/10\/cvr-4.webp\" \/>\n\t<meta property=\"og:image:width\" content=\"900\" \/>\n\t<meta property=\"og:image:height\" content=\"600\" \/>\n\t<meta property=\"og:image:type\" content=\"image\/webp\" \/>\n<meta name=\"twitter:card\" content=\"summary_large_image\" \/>\n<meta name=\"twitter:label1\" content=\"Written by\" \/>\n\t<meta name=\"twitter:data1\" content=\"Megan Flottorp\" \/>\n\t<meta name=\"twitter:label2\" content=\"Est. reading time\" \/>\n\t<meta name=\"twitter:data2\" content=\"6\" \/>\n<script type=\"application\/ld+json\" class=\"yoast-schema-graph\">{\"@context\":\"https:\/\/schema.org\",\"@graph\":[{\"@type\":\"WebPage\",\"@id\":\"https:\/\/www.welovecycling.com\/wide\/2018\/10\/19\/cycling-inspiration-riding-for-gender-equality\/\",\"url\":\"https:\/\/www.welovecycling.com\/wide\/2018\/10\/19\/cycling-inspiration-riding-for-gender-equality\/\",\"name\":\"Cycling Inspiration: Riding for Gender Equality - \u0160koda We Love Cycling\",\"isPartOf\":{\"@id\":\"https:\/\/www.welovecycling.com\/wide\/#website\"},\"primaryImageOfPage\":{\"@id\":\"https:\/\/www.welovecycling.com\/wide\/2018\/10\/19\/cycling-inspiration-riding-for-gender-equality\/#primaryimage\"},\"image\":{\"@id\":\"https:\/\/www.welovecycling.com\/wide\/2018\/10\/19\/cycling-inspiration-riding-for-gender-equality\/#primaryimage\"},\"thumbnailUrl\":\"https:\/\/d2p6e6u75xmxt8.cloudfront.net\/2\/2018\/10\/cvr-4.webp\",\"datePublished\":\"2018-10-19T08:05:31+00:00\",\"dateModified\":\"2018-10-19T08:09:25+00:00\",\"author\":{\"@id\":\"\"},\"description\":\"As the racing season winds down, we have the opportunity to appreciate some of the inspiring stories this year has provided, and look forward to what we\",\"breadcrumb\":{\"@id\":\"https:\/\/www.welovecycling.com\/wide\/2018\/10\/19\/cycling-inspiration-riding-for-gender-equality\/#breadcrumb\"},\"inLanguage\":\"en-US\",\"potentialAction\":[{\"@type\":\"ReadAction\",\"target\":[\"https:\/\/www.welovecycling.com\/wide\/2018\/10\/19\/cycling-inspiration-riding-for-gender-equality\/\"]}]},{\"@type\":\"ImageObject\",\"inLanguage\":\"en-US\",\"@id\":\"https:\/\/www.welovecycling.com\/wide\/2018\/10\/19\/cycling-inspiration-riding-for-gender-equality\/#primaryimage\",\"url\":\"https:\/\/d2p6e6u75xmxt8.cloudfront.net\/2\/2018\/10\/cvr-4.webp\",\"contentUrl\":\"https:\/\/d2p6e6u75xmxt8.cloudfront.net\/2\/2018\/10\/cvr-4.webp\",\"width\":900,\"height\":600},{\"@type\":\"BreadcrumbList\",\"@id\":\"https:\/\/www.welovecycling.com\/wide\/2018\/10\/19\/cycling-inspiration-riding-for-gender-equality\/#breadcrumb\",\"itemListElement\":[{\"@type\":\"ListItem\",\"position\":1,\"name\":\"Home\",\"item\":\"https:\/\/www.welovecycling.com\/wide\/\"},{\"@type\":\"ListItem\",\"position\":2,\"name\":\"Cycling Inspiration: Riding for Gender Equality\"}]},{\"@type\":\"WebSite\",\"@id\":\"https:\/\/www.welovecycling.com\/wide\/#website\",\"url\":\"https:\/\/www.welovecycling.com\/wide\/\",\"name\":\"\u0160koda We Love Cycling\",\"description\":\"\u0160koda We Love Cycling magazine\",\"alternateName\":\"\u0160koda WLC\",\"potentialAction\":[{\"@type\":\"SearchAction\",\"target\":{\"@type\":\"EntryPoint\",\"urlTemplate\":\"https:\/\/www.welovecycling.com\/wide\/?s={search_term_string}\"},\"query-input\":{\"@type\":\"PropertyValueSpecification\",\"valueRequired\":true,\"valueName\":\"search_term_string\"}}],\"inLanguage\":\"en-US\"},{\"@type\":\"Person\",\"@id\":\"\",\"url\":\"https:\/\/www.welovecycling.com\/wide\/author\/\"}]}<\/script>\n<!-- \/ Yoast SEO Premium plugin. -->","yoast_head_json":{"title":"Cycling Inspiration: Riding for Gender Equality - \u0160koda We Love Cycling","description":"As the racing season winds down, we have the opportunity to appreciate some of the inspiring stories this year has provided, and look forward to what we","robots":{"index":"index","follow":"follow","max-snippet":"max-snippet:-1","max-image-preview":"max-image-preview:large","max-video-preview":"max-video-preview:-1"},"canonical":"https:\/\/www.welovecycling.com\/wide\/2018\/10\/19\/cycling-inspiration-riding-for-gender-equality\/","og_locale":"en_US","og_type":"article","og_title":"Cycling Inspiration: Riding for Gender Equality","og_description":"As the racing season winds down, we have the opportunity to appreciate some of the inspiring stories this year has provided, and look forward to what we","og_url":"https:\/\/www.welovecycling.com\/wide\/2018\/10\/19\/cycling-inspiration-riding-for-gender-equality\/","og_site_name":"\u0160koda We Love Cycling","article_published_time":"2018-10-19T08:05:31+00:00","article_modified_time":"2018-10-19T08:09:25+00:00","og_image":[{"width":900,"height":600,"url":"https:\/\/d2p6e6u75xmxt8.cloudfront.net\/2\/2018\/10\/cvr-4.webp","type":"image\/webp"}],"twitter_card":"summary_large_image","twitter_misc":{"Written by":"Megan Flottorp","Est. reading time":"6"},"schema":{"@context":"https:\/\/schema.org","@graph":[{"@type":"WebPage","@id":"https:\/\/www.welovecycling.com\/wide\/2018\/10\/19\/cycling-inspiration-riding-for-gender-equality\/","url":"https:\/\/www.welovecycling.com\/wide\/2018\/10\/19\/cycling-inspiration-riding-for-gender-equality\/","name":"Cycling Inspiration: Riding for Gender Equality - \u0160koda We Love Cycling","isPartOf":{"@id":"https:\/\/www.welovecycling.com\/wide\/#website"},"primaryImageOfPage":{"@id":"https:\/\/www.welovecycling.com\/wide\/2018\/10\/19\/cycling-inspiration-riding-for-gender-equality\/#primaryimage"},"image":{"@id":"https:\/\/www.welovecycling.com\/wide\/2018\/10\/19\/cycling-inspiration-riding-for-gender-equality\/#primaryimage"},"thumbnailUrl":"https:\/\/d2p6e6u75xmxt8.cloudfront.net\/2\/2018\/10\/cvr-4.webp","datePublished":"2018-10-19T08:05:31+00:00","dateModified":"2018-10-19T08:09:25+00:00","author":{"@id":""},"description":"As the racing season winds down, we have the opportunity to appreciate some of the inspiring stories this year has provided, and look forward to what we","breadcrumb":{"@id":"https:\/\/www.welovecycling.com\/wide\/2018\/10\/19\/cycling-inspiration-riding-for-gender-equality\/#breadcrumb"},"inLanguage":"en-US","potentialAction":[{"@type":"ReadAction","target":["https:\/\/www.welovecycling.com\/wide\/2018\/10\/19\/cycling-inspiration-riding-for-gender-equality\/"]}]},{"@type":"ImageObject","inLanguage":"en-US","@id":"https:\/\/www.welovecycling.com\/wide\/2018\/10\/19\/cycling-inspiration-riding-for-gender-equality\/#primaryimage","url":"https:\/\/d2p6e6u75xmxt8.cloudfront.net\/2\/2018\/10\/cvr-4.webp","contentUrl":"https:\/\/d2p6e6u75xmxt8.cloudfront.net\/2\/2018\/10\/cvr-4.webp","width":900,"height":600},{"@type":"BreadcrumbList","@id":"https:\/\/www.welovecycling.com\/wide\/2018\/10\/19\/cycling-inspiration-riding-for-gender-equality\/#breadcrumb","itemListElement":[{"@type":"ListItem","position":1,"name":"Home","item":"https:\/\/www.welovecycling.com\/wide\/"},{"@type":"ListItem","position":2,"name":"Cycling Inspiration: Riding for Gender Equality"}]},{"@type":"WebSite","@id":"https:\/\/www.welovecycling.com\/wide\/#website","url":"https:\/\/www.welovecycling.com\/wide\/","name":"\u0160koda We Love Cycling","description":"\u0160koda We Love Cycling magazine","alternateName":"\u0160koda WLC","potentialAction":[{"@type":"SearchAction","target":{"@type":"EntryPoint","urlTemplate":"https:\/\/www.welovecycling.com\/wide\/?s={search_term_string}"},"query-input":{"@type":"PropertyValueSpecification","valueRequired":true,"valueName":"search_term_string"}}],"inLanguage":"en-US"},{"@type":"Person","@id":"","url":"https:\/\/www.welovecycling.com\/wide\/author\/"}]}},"_links":{"self":[{"href":"https:\/\/www.welovecycling.com\/wide\/wp-json\/wp\/v2\/posts\/170981","targetHints":{"allow":["GET"]}}],"collection":[{"href":"https:\/\/www.welovecycling.com\/wide\/wp-json\/wp\/v2\/posts"}],"about":[{"href":"https:\/\/www.welovecycling.com\/wide\/wp-json\/wp\/v2\/types\/post"}],"author":[{"embeddable":true,"href":"https:\/\/www.welovecycling.com\/wide\/wp-json\/wp\/v2\/users\/12"}],"replies":[{"embeddable":true,"href":"https:\/\/www.welovecycling.com\/wide\/wp-json\/wp\/v2\/comments?post=170981"}],"version-history":[{"count":2,"href":"https:\/\/www.welovecycling.com\/wide\/wp-json\/wp\/v2\/posts\/170981\/revisions"}],"predecessor-version":[{"id":171106,"href":"https:\/\/www.welovecycling.com\/wide\/wp-json\/wp\/v2\/posts\/170981\/revisions\/171106"}],"wp:featuredmedia":[{"embeddable":true,"href":"https:\/\/www.welovecycling.com\/wide\/wp-json\/wp\/v2\/media\/171103"}],"wp:attachment":[{"href":"https:\/\/www.welovecycling.com\/wide\/wp-json\/wp\/v2\/media?parent=170981"}],"wp:term":[{"taxonomy":"category","embeddable":true,"href":"https:\/\/www.welovecycling.com\/wide\/wp-json\/wp\/v2\/categories?post=170981"},{"taxonomy":"post_tag","embeddable":true,"href":"https:\/\/www.welovecycling.com\/wide\/wp-json\/wp\/v2\/tags?post=170981"},{"taxonomy":"global-categories","embeddable":true,"href":"https:\/\/www.welovecycling.com\/wide\/wp-json\/wp\/v2\/global-categories?post=170981"}],"curies":[{"name":"wp","href":"https:\/\/api.w.org\/{rel}","templated":true}]}}