{"id":170725,"date":"2018-09-19T09:54:07","date_gmt":"2018-09-19T09:54:07","guid":{"rendered":"https:\/\/www.welovecycling.com\/wide\/?p=170725"},"modified":"2018-09-19T09:54:07","modified_gmt":"2018-09-19T09:54:07","slug":"cycling-when-you-are-blind-or-visually-impaired","status":"publish","type":"post","link":"https:\/\/www.welovecycling.com\/wide\/2018\/09\/19\/cycling-when-you-are-blind-or-visually-impaired\/","title":{"rendered":"Cycling When You Are Blind or Visually Impaired"},"content":{"rendered":"<p><strong>When it comes to cycling with any kind of disability, there are a number of options that have been developed, and continue to be refined, to help everybody experience at least some of the joy and freedom that comes with being on a bike.<\/strong><!--more--><\/p>\n<p>Vision loss has its own unique set of challenges, however, when it comes to cycling, and as a result there isn\u2019t a perfect solution \u2013 the main issue being that the total independence of cycling alone remains somewhat elusive. Nonetheless, there are options that allow individuals with vision impairments to get out and experience all the other benefits of cycling \u2013 the fresh air, the exercise, the speed, and often the peace and quiet of some exceptional parts of the world.<\/p>\n<figure id=\"attachment_170728\" aria-describedby=\"caption-attachment-170728\" style=\"width: 1250px\" class=\"wp-caption alignnone\"><a href=\"https:\/\/d2p6e6u75xmxt8.cloudfront.net\/2\/2018\/09\/profimedia-0353938249.jpg\"><img loading=\"lazy\" decoding=\"async\" class=\"size-full wp-image-170728\" src=\"https:\/\/d2p6e6u75xmxt8.cloudfront.net\/2\/2018\/09\/profimedia-0353938249.jpg\" alt=\"\" width=\"1250\" height=\"820\" \/><\/a><figcaption id=\"caption-attachment-170728\" class=\"wp-caption-text\">Manasvi Baheti, 15, pictured with her father Kailash Baheti, 52, while riding a tandem cycle during cycling expedition from Manali to Khardung-La mountain pass in Jammu and Kashmir, India. Manasvi Baheti, 15, blind by birth rode a tandem with her father from Manali, a small town in Himachal Pradesh to the Khardung-La mountain pass in Jammu and Kashmir. The father-daughter duo completed their mission of covering the tough 500-km stretch in only nine days. She believes is the youngest visually impaired teenager to have gone on the Himalayas through tandem feels the expedition was a great learning experience for her.\u00a0\u00a9 Profimedia, Cover Asia Press<\/figcaption><\/figure>\n<p>By far the most effective option is tandem cycling, and in the UK, for example, the National Cycle Network provides many routes that are ideal for tandem bikes, and provide a sociable and enjoyable opportunity to exercise and boost confidence, especially for those who have suffered vision loss and are returning to cycling. Particular routes that are recommended in the UK include National Route 1 through Fife in Scotland, National Route 33 through North Somerset, and National Route 62 in South Yorkshire.<\/p>\n<h2><strong>The benefits of tandem cycling<\/strong><\/h2>\n<p>The benefits of a tandem are obvious in that someone else can be the \u2018pilot\u2019, responsible for communicating what\u2019s ahead and taking charge of the steering, while the cyclist with vision loss can take charge of much of the pedalling. It can take some getting used to, but with a little practice (and riding with someone you trust), you will quickly find a rhythm. Once used to it, you can exercise at an intense or steady pace, just like anyone else, and as with all exercise, it has a positive effect on weight and strength management, confidence, independence, and reduction in anxiety and stress.<\/p>\n<figure id=\"attachment_170730\" aria-describedby=\"caption-attachment-170730\" style=\"width: 1250px\" class=\"wp-caption alignnone\"><a href=\"https:\/\/d2p6e6u75xmxt8.cloudfront.net\/2\/2018\/09\/profimedia-0300249330.jpg\"><img loading=\"lazy\" decoding=\"async\" class=\"size-full wp-image-170730\" src=\"https:\/\/d2p6e6u75xmxt8.cloudfront.net\/2\/2018\/09\/profimedia-0300249330.jpg\" alt=\"\" width=\"1250\" height=\"832\" \/><\/a><figcaption id=\"caption-attachment-170730\" class=\"wp-caption-text\">Great Britain&#8217;s Steve Bate and Adam Duggleby win Bronze in the Men&#8217;s B Road Race.<br \/>2016 Rio Paralympic Games &#8211; 17 Sep 2016 \u00a9 Profimedia, TEMP Rex Features<\/figcaption><\/figure>\n<h2><strong>The gold standard of cycling<\/strong><\/h2>\n<p>Tandem cycling is also the preferred method of cycling for anyone who is blind or vision-impaired when competing in the Paralympics. Steve Bate, for example, is the British cycling Paralympian who competed in the Paralympic Games in Rio 2016 and won two gold medals and a bronze alongside his pilot Adam Duggleby.<\/p>\n<h2><strong>Getting started<\/strong><\/h2>\n<p>Whether you are entirely new to cycling, or you are looking for a way to get back to cycling after vision loss, there are a number of groups and organisations who offer guided routes, support and a chance to meet some really lovely people as well.<\/p>\n<figure id=\"attachment_170731\" aria-describedby=\"caption-attachment-170731\" style=\"width: 1460px\" class=\"wp-caption alignnone\"><a href=\"https:\/\/d2p6e6u75xmxt8.cloudfront.net\/2\/2018\/09\/pitch_image_1409048343_411995.jpeg\"><img loading=\"lazy\" decoding=\"async\" class=\"wp-image-170731 size-full\" src=\"https:\/\/d2p6e6u75xmxt8.cloudfront.net\/2\/2018\/09\/pitch_image_1409048343_411995.jpeg\" alt=\"\" width=\"1460\" height=\"973\" \/><\/a><figcaption id=\"caption-attachment-170731\" class=\"wp-caption-text\">\u00a9 Wheels for Wellbeing<\/figcaption><\/figure>\n<p>For example, British Cycling has <a href=\"https:\/\/www.britishcycling.org.uk\/disabilityhubs?c=EN\">Disability Hubs<\/a> across the country to help anyone with any ability level to take part and improve their cycling abilities. <a href=\"https:\/\/wheelsforwellbeing.org.uk\">Wheels for Wellbeing<\/a> in London are a charitable organisation who help anyone with a disability, as well as their families, to get into cycling, and as the practice is fairly wide-reaching, our good friend Google will provide information on similar local support organisations as well.<\/p>\n","protected":false},"excerpt":{"rendered":"<p>When it comes to cycling with any kind of disability, there are a number of options that have been developed, [&hellip;]<\/p>\n","protected":false},"author":12,"featured_media":170734,"comment_status":"open","ping_status":"open","sticky":false,"template":"","format":"standard","meta":{"footnotes":""},"categories":[333,335],"tags":[2302,2304,2303],"global-categories":[],"class_list":["post-170725","post","type-post","status-publish","format-standard","has-post-thumbnail","hentry","category-family","category-safety","tag-blind","tag-cycling-and-disability","tag-visually-impaired"],"yoast_head":"<!-- This site is optimized with the Yoast SEO Premium plugin v25.3 (Yoast SEO v25.9) - https:\/\/yoast.com\/wordpress\/plugins\/seo\/ -->\n<title>Cycling When You Are Blind or Visually Impaired - \u0160koda We Love Cycling<\/title>\n<meta name=\"description\" content=\"When it comes to cycling with any kind of disability, there are a number of options that have been developed, and continue to be refined, to help\" \/>\n<meta name=\"robots\" content=\"index, follow, max-snippet:-1, max-image-preview:large, max-video-preview:-1\" \/>\n<link rel=\"canonical\" href=\"https:\/\/www.welovecycling.com\/wide\/2018\/09\/19\/cycling-when-you-are-blind-or-visually-impaired\/\" \/>\n<meta property=\"og:locale\" content=\"en_US\" \/>\n<meta property=\"og:type\" content=\"article\" \/>\n<meta property=\"og:title\" content=\"Cycling When You Are Blind or Visually Impaired\" \/>\n<meta property=\"og:description\" content=\"When it comes to cycling with any kind of disability, there are a number of options that have been developed, and continue to be refined, to help\" \/>\n<meta property=\"og:url\" content=\"https:\/\/www.welovecycling.com\/wide\/2018\/09\/19\/cycling-when-you-are-blind-or-visually-impaired\/\" \/>\n<meta property=\"og:site_name\" content=\"\u0160koda We Love Cycling\" \/>\n<meta property=\"article:published_time\" content=\"2018-09-19T09:54:07+00:00\" \/>\n<meta property=\"og:image\" content=\"https:\/\/d2p6e6u75xmxt8.cloudfront.net\/2\/2018\/09\/profimedia-0385960019-1.webp\" \/>\n\t<meta property=\"og:image:width\" content=\"900\" \/>\n\t<meta property=\"og:image:height\" content=\"600\" \/>\n\t<meta property=\"og:image:type\" content=\"image\/webp\" \/>\n<meta name=\"twitter:card\" content=\"summary_large_image\" \/>\n<meta name=\"twitter:label1\" content=\"Written by\" \/>\n\t<meta name=\"twitter:data1\" content=\"Bonnie Friend\" \/>\n\t<meta name=\"twitter:label2\" content=\"Est. reading time\" \/>\n\t<meta name=\"twitter:data2\" content=\"6\" \/>\n<script type=\"application\/ld+json\" class=\"yoast-schema-graph\">{\"@context\":\"https:\/\/schema.org\",\"@graph\":[{\"@type\":\"WebPage\",\"@id\":\"https:\/\/www.welovecycling.com\/wide\/2018\/09\/19\/cycling-when-you-are-blind-or-visually-impaired\/\",\"url\":\"https:\/\/www.welovecycling.com\/wide\/2018\/09\/19\/cycling-when-you-are-blind-or-visually-impaired\/\",\"name\":\"Cycling When You Are Blind or Visually Impaired - \u0160koda We Love Cycling\",\"isPartOf\":{\"@id\":\"https:\/\/www.welovecycling.com\/wide\/#website\"},\"primaryImageOfPage\":{\"@id\":\"https:\/\/www.welovecycling.com\/wide\/2018\/09\/19\/cycling-when-you-are-blind-or-visually-impaired\/#primaryimage\"},\"image\":{\"@id\":\"https:\/\/www.welovecycling.com\/wide\/2018\/09\/19\/cycling-when-you-are-blind-or-visually-impaired\/#primaryimage\"},\"thumbnailUrl\":\"https:\/\/d2p6e6u75xmxt8.cloudfront.net\/2\/2018\/09\/profimedia-0385960019-1.webp\",\"datePublished\":\"2018-09-19T09:54:07+00:00\",\"author\":{\"@id\":\"\"},\"description\":\"When it comes to cycling with any kind of disability, there are a number of options that have been developed, and continue to be refined, to help\",\"breadcrumb\":{\"@id\":\"https:\/\/www.welovecycling.com\/wide\/2018\/09\/19\/cycling-when-you-are-blind-or-visually-impaired\/#breadcrumb\"},\"inLanguage\":\"en-US\",\"potentialAction\":[{\"@type\":\"ReadAction\",\"target\":[\"https:\/\/www.welovecycling.com\/wide\/2018\/09\/19\/cycling-when-you-are-blind-or-visually-impaired\/\"]}]},{\"@type\":\"ImageObject\",\"inLanguage\":\"en-US\",\"@id\":\"https:\/\/www.welovecycling.com\/wide\/2018\/09\/19\/cycling-when-you-are-blind-or-visually-impaired\/#primaryimage\",\"url\":\"https:\/\/d2p6e6u75xmxt8.cloudfront.net\/2\/2018\/09\/profimedia-0385960019-1.webp\",\"contentUrl\":\"https:\/\/d2p6e6u75xmxt8.cloudfront.net\/2\/2018\/09\/profimedia-0385960019-1.webp\",\"width\":900,\"height\":600},{\"@type\":\"BreadcrumbList\",\"@id\":\"https:\/\/www.welovecycling.com\/wide\/2018\/09\/19\/cycling-when-you-are-blind-or-visually-impaired\/#breadcrumb\",\"itemListElement\":[{\"@type\":\"ListItem\",\"position\":1,\"name\":\"Home\",\"item\":\"https:\/\/www.welovecycling.com\/wide\/\"},{\"@type\":\"ListItem\",\"position\":2,\"name\":\"Cycling When You Are Blind or Visually Impaired\"}]},{\"@type\":\"WebSite\",\"@id\":\"https:\/\/www.welovecycling.com\/wide\/#website\",\"url\":\"https:\/\/www.welovecycling.com\/wide\/\",\"name\":\"\u0160koda We Love Cycling\",\"description\":\"\u0160koda We Love Cycling magazine\",\"alternateName\":\"\u0160koda WLC\",\"potentialAction\":[{\"@type\":\"SearchAction\",\"target\":{\"@type\":\"EntryPoint\",\"urlTemplate\":\"https:\/\/www.welovecycling.com\/wide\/?s={search_term_string}\"},\"query-input\":{\"@type\":\"PropertyValueSpecification\",\"valueRequired\":true,\"valueName\":\"search_term_string\"}}],\"inLanguage\":\"en-US\"},{\"@type\":\"Person\",\"@id\":\"\",\"url\":\"https:\/\/www.welovecycling.com\/wide\/author\/\"}]}<\/script>\n<!-- \/ Yoast SEO Premium plugin. -->","yoast_head_json":{"title":"Cycling When You Are Blind or Visually Impaired - \u0160koda We Love Cycling","description":"When it comes to cycling with any kind of disability, there are a number of options that have been developed, and continue to be refined, to help","robots":{"index":"index","follow":"follow","max-snippet":"max-snippet:-1","max-image-preview":"max-image-preview:large","max-video-preview":"max-video-preview:-1"},"canonical":"https:\/\/www.welovecycling.com\/wide\/2018\/09\/19\/cycling-when-you-are-blind-or-visually-impaired\/","og_locale":"en_US","og_type":"article","og_title":"Cycling When You Are Blind or Visually Impaired","og_description":"When it comes to cycling with any kind of disability, there are a number of options that have been developed, and continue to be refined, to help","og_url":"https:\/\/www.welovecycling.com\/wide\/2018\/09\/19\/cycling-when-you-are-blind-or-visually-impaired\/","og_site_name":"\u0160koda We Love Cycling","article_published_time":"2018-09-19T09:54:07+00:00","og_image":[{"width":900,"height":600,"url":"https:\/\/d2p6e6u75xmxt8.cloudfront.net\/2\/2018\/09\/profimedia-0385960019-1.webp","type":"image\/webp"}],"twitter_card":"summary_large_image","twitter_misc":{"Written by":"Bonnie Friend","Est. reading time":"6"},"schema":{"@context":"https:\/\/schema.org","@graph":[{"@type":"WebPage","@id":"https:\/\/www.welovecycling.com\/wide\/2018\/09\/19\/cycling-when-you-are-blind-or-visually-impaired\/","url":"https:\/\/www.welovecycling.com\/wide\/2018\/09\/19\/cycling-when-you-are-blind-or-visually-impaired\/","name":"Cycling When You Are Blind or Visually Impaired - \u0160koda We Love Cycling","isPartOf":{"@id":"https:\/\/www.welovecycling.com\/wide\/#website"},"primaryImageOfPage":{"@id":"https:\/\/www.welovecycling.com\/wide\/2018\/09\/19\/cycling-when-you-are-blind-or-visually-impaired\/#primaryimage"},"image":{"@id":"https:\/\/www.welovecycling.com\/wide\/2018\/09\/19\/cycling-when-you-are-blind-or-visually-impaired\/#primaryimage"},"thumbnailUrl":"https:\/\/d2p6e6u75xmxt8.cloudfront.net\/2\/2018\/09\/profimedia-0385960019-1.webp","datePublished":"2018-09-19T09:54:07+00:00","author":{"@id":""},"description":"When it comes to cycling with any kind of disability, there are a number of options that have been developed, and continue to be refined, to help","breadcrumb":{"@id":"https:\/\/www.welovecycling.com\/wide\/2018\/09\/19\/cycling-when-you-are-blind-or-visually-impaired\/#breadcrumb"},"inLanguage":"en-US","potentialAction":[{"@type":"ReadAction","target":["https:\/\/www.welovecycling.com\/wide\/2018\/09\/19\/cycling-when-you-are-blind-or-visually-impaired\/"]}]},{"@type":"ImageObject","inLanguage":"en-US","@id":"https:\/\/www.welovecycling.com\/wide\/2018\/09\/19\/cycling-when-you-are-blind-or-visually-impaired\/#primaryimage","url":"https:\/\/d2p6e6u75xmxt8.cloudfront.net\/2\/2018\/09\/profimedia-0385960019-1.webp","contentUrl":"https:\/\/d2p6e6u75xmxt8.cloudfront.net\/2\/2018\/09\/profimedia-0385960019-1.webp","width":900,"height":600},{"@type":"BreadcrumbList","@id":"https:\/\/www.welovecycling.com\/wide\/2018\/09\/19\/cycling-when-you-are-blind-or-visually-impaired\/#breadcrumb","itemListElement":[{"@type":"ListItem","position":1,"name":"Home","item":"https:\/\/www.welovecycling.com\/wide\/"},{"@type":"ListItem","position":2,"name":"Cycling When You Are Blind or Visually Impaired"}]},{"@type":"WebSite","@id":"https:\/\/www.welovecycling.com\/wide\/#website","url":"https:\/\/www.welovecycling.com\/wide\/","name":"\u0160koda We Love Cycling","description":"\u0160koda We Love Cycling magazine","alternateName":"\u0160koda WLC","potentialAction":[{"@type":"SearchAction","target":{"@type":"EntryPoint","urlTemplate":"https:\/\/www.welovecycling.com\/wide\/?s={search_term_string}"},"query-input":{"@type":"PropertyValueSpecification","valueRequired":true,"valueName":"search_term_string"}}],"inLanguage":"en-US"},{"@type":"Person","@id":"","url":"https:\/\/www.welovecycling.com\/wide\/author\/"}]}},"_links":{"self":[{"href":"https:\/\/www.welovecycling.com\/wide\/wp-json\/wp\/v2\/posts\/170725","targetHints":{"allow":["GET"]}}],"collection":[{"href":"https:\/\/www.welovecycling.com\/wide\/wp-json\/wp\/v2\/posts"}],"about":[{"href":"https:\/\/www.welovecycling.com\/wide\/wp-json\/wp\/v2\/types\/post"}],"author":[{"embeddable":true,"href":"https:\/\/www.welovecycling.com\/wide\/wp-json\/wp\/v2\/users\/12"}],"replies":[{"embeddable":true,"href":"https:\/\/www.welovecycling.com\/wide\/wp-json\/wp\/v2\/comments?post=170725"}],"version-history":[{"count":2,"href":"https:\/\/www.welovecycling.com\/wide\/wp-json\/wp\/v2\/posts\/170725\/revisions"}],"predecessor-version":[{"id":170733,"href":"https:\/\/www.welovecycling.com\/wide\/wp-json\/wp\/v2\/posts\/170725\/revisions\/170733"}],"wp:featuredmedia":[{"embeddable":true,"href":"https:\/\/www.welovecycling.com\/wide\/wp-json\/wp\/v2\/media\/170734"}],"wp:attachment":[{"href":"https:\/\/www.welovecycling.com\/wide\/wp-json\/wp\/v2\/media?parent=170725"}],"wp:term":[{"taxonomy":"category","embeddable":true,"href":"https:\/\/www.welovecycling.com\/wide\/wp-json\/wp\/v2\/categories?post=170725"},{"taxonomy":"post_tag","embeddable":true,"href":"https:\/\/www.welovecycling.com\/wide\/wp-json\/wp\/v2\/tags?post=170725"},{"taxonomy":"global-categories","embeddable":true,"href":"https:\/\/www.welovecycling.com\/wide\/wp-json\/wp\/v2\/global-categories?post=170725"}],"curies":[{"name":"wp","href":"https:\/\/api.w.org\/{rel}","templated":true}]}}