{"id":170167,"date":"2019-08-20T06:14:45","date_gmt":"2019-08-20T06:14:45","guid":{"rendered":"https:\/\/www.welovecycling.com\/wide\/?p=170167"},"modified":"2019-08-20T07:13:21","modified_gmt":"2019-08-20T07:13:21","slug":"the-vuelta-versus-the-tour-de-france","status":"publish","type":"post","link":"https:\/\/www.welovecycling.com\/wide\/2019\/08\/20\/the-vuelta-versus-the-tour-de-france\/","title":{"rendered":"The Vuelta Versus the Tour de France"},"content":{"rendered":"<p><strong>In many ways, the Vuelta a Espa\u00f1a is something of an anticlimax, coming after both the Giro d\u2019Italia and, especially, the Tour de France, which is the most prestigious bike race as well as the largest annual sporting event in the world. The Vuelta\u2019s spot on the calendar means that the riders who already rode in the first two Grand Tours will either be too tired to take part or will use it as a preparation for the World Road Racing Championship, held less than a month after the Vuelta concludes.<\/strong><!--more--><\/p>\n<p>The Tour de France is the oldest of the Grand Tours, and was first run in 1903, while the first Giro was organised in 1909. The Vuelta is a youngster by comparison, first run in 1935 when it was won by Dutchman Gustaaf Deloor (who also won the second running of the race). Perhaps this is why the Vuelta does not have the mythical standing of the Tour. Even die-hard racing fans would be hard-pressed to name a mountain in the Spanish race that has the historic renown of Alpe d\u2019Huez, the Tourmalet or the Galibier, or to recall legendary Vuelta victories, such as American Greg Lemond beating Frenchman Laurent Fignon by 58 seconds on the 21st and final stage of the 1989 Tour de France, a time trial from Versailles to the Champs Elysees, to win the race by 8 seconds, the smallest winning margin in the history of the Tour.<\/p>\n<figure id=\"attachment_174794\" aria-describedby=\"caption-attachment-174794\" style=\"width: 1250px\" class=\"wp-caption alignnone\"><a href=\"https:\/\/d2p6e6u75xmxt8.cloudfront.net\/2\/2019\/07\/profimedia-0461132431.jpg\"><img loading=\"lazy\" decoding=\"async\" class=\"size-full wp-image-174794\" src=\"https:\/\/d2p6e6u75xmxt8.cloudfront.net\/2\/2019\/07\/profimedia-0461132431.jpg\" alt=\"\" width=\"1250\" height=\"832\" \/><\/a><figcaption id=\"caption-attachment-174794\" class=\"wp-caption-text\">Peter Sagan photobombing Team Ineos during the final stage of the 106th edition of the Tour de France. Sunday 28 July 2019.\u00a0\u00a9 Profimedia, Zuma Press<\/figcaption><\/figure>\n<p>Another difference between the Vuelta and the Tour de France is that while the French race often runs across borders and occasionally opens in a foreign country \u2013 such as in 2014, when the Grand D\u00e9part was held in the British city of Leeds \u2013 the Vuelta takes place almost entirely in Spain.<\/p>\n<p>But the most significant difference between the two races is based on a striking similarity. According to research carried out by a team of Spanish scientists, headed by Dr Alejandro Lucia of the University of Madrid, while the Vuelta is always shorter than the Tour de France (in 2017, it was over 200 km shorter) and riders spend less time riding it (in 2017, the winning Vuelta time was 4 hours less than that of the Tour), the workload of riders in both races is about the same.<\/p>\n<figure id=\"attachment_170170\" aria-describedby=\"caption-attachment-170170\" style=\"width: 1250px\" class=\"wp-caption alignnone\"><a href=\"https:\/\/d2p6e6u75xmxt8.cloudfront.net\/2\/2018\/08\/profimedia-0384683617.jpg\"><img loading=\"lazy\" decoding=\"async\" class=\"size-full wp-image-170170\" src=\"https:\/\/d2p6e6u75xmxt8.cloudfront.net\/2\/2018\/08\/profimedia-0384683617.jpg\" alt=\"\" width=\"1250\" height=\"696\" \/><\/a><figcaption id=\"caption-attachment-170170\" class=\"wp-caption-text\">Nacer Bouhhani crosses the finish line to win the sixth stage of the La Vuelta. \u00a9 Profimedia, TEMP EPA<\/figcaption><\/figure>\n<p>This means that the racers ride harder in the shorter Vuelta stages, perhaps due to aggressive Spanish riders eager to impress their homeland fans, or because of the greater number of summit finishes \u2013 this year\u2019s race has eight!<\/p>\n<p>This may also confirm what even casual cycling fans can observe: that while the pace of the Tour de France is often controlled by one strong team, such as Team Ineos, the Vuelta is a more hectic race, with more teams pushing the pace. That is because the Vuelta is often a much more open race than the Tour. The dominant Grand Tour riders and their teams will already have pocketed a victory in the Tour or the Giro and are either skipping the Vuelta or, if not, will not have sufficiently recovered from their earlier efforts. This opens opportunities for those riders and teams who either crashed out or performed badly in the earlier races to redeem their seasons and enhance their reputations. And while this may suggest that a Vuelta win is less prestigious than a victory in the Tour de France, it promises \u2013 and generally delivers \u2013 a much more exciting and suspenseful race.<\/p>\n","protected":false},"excerpt":{"rendered":"<p>In many ways, the Vuelta a Espa\u00f1a is something of an anticlimax, coming after both the Giro d\u2019Italia and, especially, [&hellip;]<\/p>\n","protected":false},"author":12,"featured_media":174783,"comment_status":"open","ping_status":"open","sticky":false,"template":"","format":"standard","meta":{"footnotes":""},"categories":[329],"tags":[479,3393,433],"global-categories":[],"class_list":["post-170167","post","type-post","status-publish","format-standard","has-post-thumbnail","hentry","category-road-cycling","tag-la-vuelta","tag-la-vuelta-2019","tag-tour-de-france"],"yoast_head":"<!-- This site is optimized with the Yoast SEO Premium plugin v25.3 (Yoast SEO v25.9) - https:\/\/yoast.com\/wordpress\/plugins\/seo\/ -->\n<title>The Vuelta Versus the Tour de France - \u0160koda We Love Cycling<\/title>\n<meta name=\"description\" content=\"In many ways, the Vuelta a Espa\u00f1a is something of an anticlimax, coming after both the Giro d\u2019Italia and, especially, the Tour de France, which is the\" \/>\n<meta name=\"robots\" content=\"index, follow, max-snippet:-1, max-image-preview:large, max-video-preview:-1\" \/>\n<link rel=\"canonical\" href=\"https:\/\/www.welovecycling.com\/wide\/2019\/08\/20\/the-vuelta-versus-the-tour-de-france\/\" \/>\n<meta property=\"og:locale\" content=\"en_US\" \/>\n<meta property=\"og:type\" content=\"article\" \/>\n<meta property=\"og:title\" content=\"The Vuelta Versus the Tour de France\" \/>\n<meta property=\"og:description\" content=\"In many ways, the Vuelta a Espa\u00f1a is something of an anticlimax, coming after both the Giro d\u2019Italia and, especially, the Tour de France, which is the\" \/>\n<meta property=\"og:url\" content=\"https:\/\/www.welovecycling.com\/wide\/2019\/08\/20\/the-vuelta-versus-the-tour-de-france\/\" \/>\n<meta property=\"og:site_name\" content=\"\u0160koda We Love Cycling\" \/>\n<meta property=\"article:published_time\" content=\"2019-08-20T06:14:45+00:00\" \/>\n<meta property=\"article:modified_time\" content=\"2019-08-20T07:13:21+00:00\" \/>\n<meta property=\"og:image\" content=\"https:\/\/d2p6e6u75xmxt8.cloudfront.net\/2\/2019\/07\/Tour-de-France-Peloton-CVR-profimedia-0460582476.webp\" \/>\n\t<meta property=\"og:image:width\" content=\"900\" \/>\n\t<meta property=\"og:image:height\" content=\"600\" \/>\n\t<meta property=\"og:image:type\" content=\"image\/webp\" \/>\n<meta name=\"twitter:card\" content=\"summary_large_image\" \/>\n<meta name=\"twitter:label1\" content=\"Written by\" \/>\n\t<meta name=\"twitter:data1\" content=\"Siegfried Mortkowitz\" \/>\n\t<meta name=\"twitter:label2\" content=\"Est. reading time\" \/>\n\t<meta name=\"twitter:data2\" content=\"4\" \/>\n<script type=\"application\/ld+json\" class=\"yoast-schema-graph\">{\"@context\":\"https:\/\/schema.org\",\"@graph\":[{\"@type\":\"WebPage\",\"@id\":\"https:\/\/www.welovecycling.com\/wide\/2019\/08\/20\/the-vuelta-versus-the-tour-de-france\/\",\"url\":\"https:\/\/www.welovecycling.com\/wide\/2019\/08\/20\/the-vuelta-versus-the-tour-de-france\/\",\"name\":\"The Vuelta Versus the Tour de France - \u0160koda We Love Cycling\",\"isPartOf\":{\"@id\":\"https:\/\/www.welovecycling.com\/wide\/#website\"},\"primaryImageOfPage\":{\"@id\":\"https:\/\/www.welovecycling.com\/wide\/2019\/08\/20\/the-vuelta-versus-the-tour-de-france\/#primaryimage\"},\"image\":{\"@id\":\"https:\/\/www.welovecycling.com\/wide\/2019\/08\/20\/the-vuelta-versus-the-tour-de-france\/#primaryimage\"},\"thumbnailUrl\":\"https:\/\/d2p6e6u75xmxt8.cloudfront.net\/2\/2019\/07\/Tour-de-France-Peloton-CVR-profimedia-0460582476.webp\",\"datePublished\":\"2019-08-20T06:14:45+00:00\",\"dateModified\":\"2019-08-20T07:13:21+00:00\",\"author\":{\"@id\":\"\"},\"description\":\"In many ways, the Vuelta a Espa\u00f1a is something of an anticlimax, coming after both the Giro d\u2019Italia and, especially, the Tour de France, which is the\",\"breadcrumb\":{\"@id\":\"https:\/\/www.welovecycling.com\/wide\/2019\/08\/20\/the-vuelta-versus-the-tour-de-france\/#breadcrumb\"},\"inLanguage\":\"en-US\",\"potentialAction\":[{\"@type\":\"ReadAction\",\"target\":[\"https:\/\/www.welovecycling.com\/wide\/2019\/08\/20\/the-vuelta-versus-the-tour-de-france\/\"]}]},{\"@type\":\"ImageObject\",\"inLanguage\":\"en-US\",\"@id\":\"https:\/\/www.welovecycling.com\/wide\/2019\/08\/20\/the-vuelta-versus-the-tour-de-france\/#primaryimage\",\"url\":\"https:\/\/d2p6e6u75xmxt8.cloudfront.net\/2\/2019\/07\/Tour-de-France-Peloton-CVR-profimedia-0460582476.webp\",\"contentUrl\":\"https:\/\/d2p6e6u75xmxt8.cloudfront.net\/2\/2019\/07\/Tour-de-France-Peloton-CVR-profimedia-0460582476.webp\",\"width\":900,\"height\":600},{\"@type\":\"BreadcrumbList\",\"@id\":\"https:\/\/www.welovecycling.com\/wide\/2019\/08\/20\/the-vuelta-versus-the-tour-de-france\/#breadcrumb\",\"itemListElement\":[{\"@type\":\"ListItem\",\"position\":1,\"name\":\"Home\",\"item\":\"https:\/\/www.welovecycling.com\/wide\/\"},{\"@type\":\"ListItem\",\"position\":2,\"name\":\"The Vuelta Versus the Tour de France\"}]},{\"@type\":\"WebSite\",\"@id\":\"https:\/\/www.welovecycling.com\/wide\/#website\",\"url\":\"https:\/\/www.welovecycling.com\/wide\/\",\"name\":\"\u0160koda We Love Cycling\",\"description\":\"\u0160koda We Love Cycling magazine\",\"alternateName\":\"\u0160koda WLC\",\"potentialAction\":[{\"@type\":\"SearchAction\",\"target\":{\"@type\":\"EntryPoint\",\"urlTemplate\":\"https:\/\/www.welovecycling.com\/wide\/?s={search_term_string}\"},\"query-input\":{\"@type\":\"PropertyValueSpecification\",\"valueRequired\":true,\"valueName\":\"search_term_string\"}}],\"inLanguage\":\"en-US\"},{\"@type\":\"Person\",\"@id\":\"\",\"url\":\"https:\/\/www.welovecycling.com\/wide\/author\/\"}]}<\/script>\n<!-- \/ Yoast SEO Premium plugin. -->","yoast_head_json":{"title":"The Vuelta Versus the Tour de France - \u0160koda We Love Cycling","description":"In many ways, the Vuelta a Espa\u00f1a is something of an anticlimax, coming after both the Giro d\u2019Italia and, especially, the Tour de France, which is the","robots":{"index":"index","follow":"follow","max-snippet":"max-snippet:-1","max-image-preview":"max-image-preview:large","max-video-preview":"max-video-preview:-1"},"canonical":"https:\/\/www.welovecycling.com\/wide\/2019\/08\/20\/the-vuelta-versus-the-tour-de-france\/","og_locale":"en_US","og_type":"article","og_title":"The Vuelta Versus the Tour de France","og_description":"In many ways, the Vuelta a Espa\u00f1a is something of an anticlimax, coming after both the Giro d\u2019Italia and, especially, the Tour de France, which is the","og_url":"https:\/\/www.welovecycling.com\/wide\/2019\/08\/20\/the-vuelta-versus-the-tour-de-france\/","og_site_name":"\u0160koda We Love Cycling","article_published_time":"2019-08-20T06:14:45+00:00","article_modified_time":"2019-08-20T07:13:21+00:00","og_image":[{"width":900,"height":600,"url":"https:\/\/d2p6e6u75xmxt8.cloudfront.net\/2\/2019\/07\/Tour-de-France-Peloton-CVR-profimedia-0460582476.webp","type":"image\/webp"}],"twitter_card":"summary_large_image","twitter_misc":{"Written by":"Siegfried Mortkowitz","Est. reading time":"4"},"schema":{"@context":"https:\/\/schema.org","@graph":[{"@type":"WebPage","@id":"https:\/\/www.welovecycling.com\/wide\/2019\/08\/20\/the-vuelta-versus-the-tour-de-france\/","url":"https:\/\/www.welovecycling.com\/wide\/2019\/08\/20\/the-vuelta-versus-the-tour-de-france\/","name":"The Vuelta Versus the Tour de France - \u0160koda We Love Cycling","isPartOf":{"@id":"https:\/\/www.welovecycling.com\/wide\/#website"},"primaryImageOfPage":{"@id":"https:\/\/www.welovecycling.com\/wide\/2019\/08\/20\/the-vuelta-versus-the-tour-de-france\/#primaryimage"},"image":{"@id":"https:\/\/www.welovecycling.com\/wide\/2019\/08\/20\/the-vuelta-versus-the-tour-de-france\/#primaryimage"},"thumbnailUrl":"https:\/\/d2p6e6u75xmxt8.cloudfront.net\/2\/2019\/07\/Tour-de-France-Peloton-CVR-profimedia-0460582476.webp","datePublished":"2019-08-20T06:14:45+00:00","dateModified":"2019-08-20T07:13:21+00:00","author":{"@id":""},"description":"In many ways, the Vuelta a Espa\u00f1a is something of an anticlimax, coming after both the Giro d\u2019Italia and, especially, the Tour de France, which is the","breadcrumb":{"@id":"https:\/\/www.welovecycling.com\/wide\/2019\/08\/20\/the-vuelta-versus-the-tour-de-france\/#breadcrumb"},"inLanguage":"en-US","potentialAction":[{"@type":"ReadAction","target":["https:\/\/www.welovecycling.com\/wide\/2019\/08\/20\/the-vuelta-versus-the-tour-de-france\/"]}]},{"@type":"ImageObject","inLanguage":"en-US","@id":"https:\/\/www.welovecycling.com\/wide\/2019\/08\/20\/the-vuelta-versus-the-tour-de-france\/#primaryimage","url":"https:\/\/d2p6e6u75xmxt8.cloudfront.net\/2\/2019\/07\/Tour-de-France-Peloton-CVR-profimedia-0460582476.webp","contentUrl":"https:\/\/d2p6e6u75xmxt8.cloudfront.net\/2\/2019\/07\/Tour-de-France-Peloton-CVR-profimedia-0460582476.webp","width":900,"height":600},{"@type":"BreadcrumbList","@id":"https:\/\/www.welovecycling.com\/wide\/2019\/08\/20\/the-vuelta-versus-the-tour-de-france\/#breadcrumb","itemListElement":[{"@type":"ListItem","position":1,"name":"Home","item":"https:\/\/www.welovecycling.com\/wide\/"},{"@type":"ListItem","position":2,"name":"The Vuelta Versus the Tour de France"}]},{"@type":"WebSite","@id":"https:\/\/www.welovecycling.com\/wide\/#website","url":"https:\/\/www.welovecycling.com\/wide\/","name":"\u0160koda We Love Cycling","description":"\u0160koda We Love Cycling magazine","alternateName":"\u0160koda WLC","potentialAction":[{"@type":"SearchAction","target":{"@type":"EntryPoint","urlTemplate":"https:\/\/www.welovecycling.com\/wide\/?s={search_term_string}"},"query-input":{"@type":"PropertyValueSpecification","valueRequired":true,"valueName":"search_term_string"}}],"inLanguage":"en-US"},{"@type":"Person","@id":"","url":"https:\/\/www.welovecycling.com\/wide\/author\/"}]}},"_links":{"self":[{"href":"https:\/\/www.welovecycling.com\/wide\/wp-json\/wp\/v2\/posts\/170167","targetHints":{"allow":["GET"]}}],"collection":[{"href":"https:\/\/www.welovecycling.com\/wide\/wp-json\/wp\/v2\/posts"}],"about":[{"href":"https:\/\/www.welovecycling.com\/wide\/wp-json\/wp\/v2\/types\/post"}],"author":[{"embeddable":true,"href":"https:\/\/www.welovecycling.com\/wide\/wp-json\/wp\/v2\/users\/12"}],"replies":[{"embeddable":true,"href":"https:\/\/www.welovecycling.com\/wide\/wp-json\/wp\/v2\/comments?post=170167"}],"version-history":[{"count":2,"href":"https:\/\/www.welovecycling.com\/wide\/wp-json\/wp\/v2\/posts\/170167\/revisions"}],"predecessor-version":[{"id":175052,"href":"https:\/\/www.welovecycling.com\/wide\/wp-json\/wp\/v2\/posts\/170167\/revisions\/175052"}],"wp:featuredmedia":[{"embeddable":true,"href":"https:\/\/www.welovecycling.com\/wide\/wp-json\/wp\/v2\/media\/174783"}],"wp:attachment":[{"href":"https:\/\/www.welovecycling.com\/wide\/wp-json\/wp\/v2\/media?parent=170167"}],"wp:term":[{"taxonomy":"category","embeddable":true,"href":"https:\/\/www.welovecycling.com\/wide\/wp-json\/wp\/v2\/categories?post=170167"},{"taxonomy":"post_tag","embeddable":true,"href":"https:\/\/www.welovecycling.com\/wide\/wp-json\/wp\/v2\/tags?post=170167"},{"taxonomy":"global-categories","embeddable":true,"href":"https:\/\/www.welovecycling.com\/wide\/wp-json\/wp\/v2\/global-categories?post=170167"}],"curies":[{"name":"wp","href":"https:\/\/api.w.org\/{rel}","templated":true}]}}