{"id":170084,"date":"2018-08-24T09:46:58","date_gmt":"2018-08-24T09:46:58","guid":{"rendered":"https:\/\/www.welovecycling.com\/wide\/?p=170084"},"modified":"2018-08-24T09:46:58","modified_gmt":"2018-08-24T09:46:58","slug":"many-favorites-in-this-years-vuelta-a-espana","status":"publish","type":"post","link":"https:\/\/www.welovecycling.com\/wide\/2018\/08\/24\/many-favorites-in-this-years-vuelta-a-espana\/","title":{"rendered":"Many Favorites in This Year\u2019s Vuelta a Espa\u00f1a"},"content":{"rendered":"<p><strong>The most intriguing feature of the last, and most mountainous, Grand Tour of 2018, the Vuelta a Espa\u00f1a, is that the winners of the first two tours, Team Sky\u2019s Chris Froome (Giro d\u2019Italia) and Geraint Thomas (Tour de France), are not participating. This leaves the 3,254.7km race wide open, with at least a half-dozen riders with a chance to break Team Sky\u2019s dominance.<\/strong><!--more--><\/p>\n<p>Perhaps the most obvious favorite is the former Team Sky rider Richie Porte, who was an essential ingredient in the Tour de France victories of Bradley Wiggins, in 2012, and Froome in 2013 and 2015. The 33-year-old Australian now rides for BMC Racing and was tipped as a potential winner in this year\u2019s Tour de France, but he crashed during stage 9, breaking his collarbone.<\/p>\n<figure id=\"attachment_170085\" aria-describedby=\"caption-attachment-170085\" style=\"width: 1250px\" class=\"wp-caption alignnone\"><a href=\"https:\/\/d2p6e6u75xmxt8.cloudfront.net\/2\/2018\/08\/profimedia-0349131237.jpg\"><img loading=\"lazy\" decoding=\"async\" class=\"wp-image-170085 size-full\" src=\"https:\/\/d2p6e6u75xmxt8.cloudfront.net\/2\/2018\/08\/profimedia-0349131237.jpg\" alt=\"\" width=\"1250\" height=\"793\" \/><\/a><figcaption id=\"caption-attachment-170085\" class=\"wp-caption-text\">Alberto Contador (Trek) rides at Angliru Hill during the stage 20 of Vuelta a Espa\u00f1a. Riosa, Spain. 9th September, 2017. \u00a9 Profimedia, Alamy<\/figcaption><\/figure>\n<p>Porte has admitted that, because of the injury and consequent lack of training time, he may not have the form he brought to the Tour and may just use the Vuelta as preparation for the UCI World Championships, to be held in September in Innsbruck, Austria. &#8220;At first, I think I will definitely be taking the race day-by-day. The last week is pretty hard so you don&#8217;t know what could happen there,\u201d he said in a team statement.<\/p>\n<p>This leaves the quartet of previous Vuelta winners \u2013 Fabio Aru, Nairo Quintana, Vincenzo Nibali and Alejandro Valverde \u2013 with strong possibilities to wear the Grand Classification winner\u2019s red jersey at the end. However, at age 38, Valverde\u2019s best form is well behind him and he will likely be a super-domestique in service to Quintana, who won the race in 2016. The 28-year-old Colombian had a disappointing Tour de France, where he finished 10th after crashing late in the race. He will therefore be highly motivated, and he has a very strong team in support.<\/p>\n<figure id=\"attachment_170090\" aria-describedby=\"caption-attachment-170090\" style=\"width: 1250px\" class=\"wp-caption alignnone\"><a href=\"https:\/\/d2p6e6u75xmxt8.cloudfront.net\/2\/2018\/08\/profimedia-0378638177.jpg\"><img loading=\"lazy\" decoding=\"async\" class=\"size-full wp-image-170090\" src=\"https:\/\/d2p6e6u75xmxt8.cloudfront.net\/2\/2018\/08\/profimedia-0378638177.jpg\" alt=\"\" width=\"1250\" height=\"833\" \/><\/a><figcaption id=\"caption-attachment-170090\" class=\"wp-caption-text\">Vincenzo Nibali during the 105th Tour de France 2018, Stage 12, Bourg Saint Maurice Les Arcs &#8211; Alpe d&#8217;Huez (175 km)\u00a0\u00a9 Profimedia, AFP<\/figcaption><\/figure>\n<p>Italy\u2019s Nibali won the Vuelta in 2010, and also took victories in the Giro d\u2019Italia (twice) and the Tour de France, so he has the pedigree to win a Grand Tour. But he fractured a vertebrae in the Tour de France and has said he would be happy with a stage win or two in the Vuelta. He will likely be working in support of his Bahrain-Merida team leader Ion Izaguirre, a 29-year-old Spaniard, who was won several Grand Tour stages and may be primed to spring a surprise.<\/p>\n<p>Aru has had a disappointing season with his new team, UAE Team Emirates, abandoning the Giro during stage 19. The 2015 Vuelta winner did not race in the Tour de France so he comes into the race relatively fresh. \u201cFrom the defeats you can learn important lessons,\u201d he was quoted as saying on cyclingnews.com, \u201cand all this gives me great motivation. It will be a tactically open Vuelta; the nine summit finishes will lend themselves to attacks.\u201d<\/p>\n<figure id=\"attachment_170089\" aria-describedby=\"caption-attachment-170089\" style=\"width: 1250px\" class=\"wp-caption alignnone\"><a href=\"https:\/\/d2p6e6u75xmxt8.cloudfront.net\/2\/2018\/08\/profimedia-0373173600.jpg\"><img loading=\"lazy\" decoding=\"async\" class=\"size-full wp-image-170089\" src=\"https:\/\/d2p6e6u75xmxt8.cloudfront.net\/2\/2018\/08\/profimedia-0373173600.jpg\" alt=\"\" width=\"1250\" height=\"833\" \/><\/a><figcaption id=\"caption-attachment-170089\" class=\"wp-caption-text\">Tom Dumoulin, the winner of Giro d&#8217;Italia 2018 Chris Froome and Miguel Angel Lopez in Rome, ITALY \u00a9 Profimedia, Uppa entertainment<\/figcaption><\/figure>\n<p>The joker in the peloton may well be the 24-year-old Colombian Miguel \u00c1ngel L\u00f3pez, who won two stages and the young rider\u2019s classification in last year\u2019s Vuelta and finished third in this year\u2019s Giro and Tour of the Alps. He also did not race in this year\u2019s Tour de France, and his Astana team may well be targeting the Vuelta to be his breakout win.<\/p>\n<p>Other riders with chances to walk off with the red jersey include Rigoberto Ur\u00e1n of Colombia, Britain\u2019s Simon Yates, and the Dutch LottoNL-Jumbo rider Steven Kruijswijk, who finished fifth in this year\u2019s Tour de France.<\/p>\n","protected":false},"excerpt":{"rendered":"<p>The most intriguing feature of the last, and most mountainous, Grand Tour of 2018, the Vuelta a Espa\u00f1a, is that [&hellip;]<\/p>\n","protected":false},"author":12,"featured_media":170086,"comment_status":"open","ping_status":"open","sticky":false,"template":"","format":"standard","meta":{"footnotes":""},"categories":[329],"tags":[2227,479,2228,494,773,426,2226],"global-categories":[],"class_list":["post-170084","post","type-post","status-publish","format-standard","has-post-thumbnail","hentry","category-road-cycling","tag-ion-izaguirre","tag-la-vuelta","tag-miguel-angel-lopez","tag-nairo-quintana","tag-richie-porte","tag-vincenzo-nibali","tag-vuelta-a-espana"],"yoast_head":"<!-- This site is optimized with the Yoast SEO Premium plugin v25.3 (Yoast SEO v25.9) - https:\/\/yoast.com\/wordpress\/plugins\/seo\/ -->\n<title>Many Favorites in This Year\u2019s Vuelta a Espa\u00f1a - \u0160koda We Love Cycling<\/title>\n<meta name=\"description\" content=\"The most intriguing feature of the last, and most mountainous, Grand Tour of 2018, the Vuelta a Espa\u00f1a, is that the winners of the first two tours, Team\" \/>\n<meta name=\"robots\" content=\"index, follow, max-snippet:-1, max-image-preview:large, max-video-preview:-1\" \/>\n<link rel=\"canonical\" href=\"https:\/\/www.welovecycling.com\/wide\/2018\/08\/24\/many-favorites-in-this-years-vuelta-a-espana\/\" \/>\n<meta property=\"og:locale\" content=\"en_US\" \/>\n<meta property=\"og:type\" content=\"article\" \/>\n<meta property=\"og:title\" content=\"Many Favorites in This Year\u2019s Vuelta a Espa\u00f1a\" \/>\n<meta property=\"og:description\" content=\"The most intriguing feature of the last, and most mountainous, Grand Tour of 2018, the Vuelta a Espa\u00f1a, is that the winners of the first two tours, Team\" \/>\n<meta property=\"og:url\" content=\"https:\/\/www.welovecycling.com\/wide\/2018\/08\/24\/many-favorites-in-this-years-vuelta-a-espana\/\" \/>\n<meta property=\"og:site_name\" content=\"\u0160koda We Love Cycling\" \/>\n<meta property=\"article:published_time\" content=\"2018-08-24T09:46:58+00:00\" \/>\n<meta property=\"og:image\" content=\"https:\/\/d2p6e6u75xmxt8.cloudfront.net\/2\/2018\/08\/profimedia-0377731974-1.webp\" \/>\n\t<meta property=\"og:image:width\" content=\"900\" \/>\n\t<meta property=\"og:image:height\" content=\"600\" \/>\n\t<meta property=\"og:image:type\" content=\"image\/webp\" \/>\n<meta name=\"twitter:card\" content=\"summary_large_image\" \/>\n<meta name=\"twitter:label1\" content=\"Written by\" \/>\n\t<meta name=\"twitter:data1\" content=\"Siegfried Mortkowitz\" \/>\n\t<meta name=\"twitter:label2\" content=\"Est. reading time\" \/>\n\t<meta name=\"twitter:data2\" content=\"5\" \/>\n<script type=\"application\/ld+json\" class=\"yoast-schema-graph\">{\"@context\":\"https:\/\/schema.org\",\"@graph\":[{\"@type\":\"WebPage\",\"@id\":\"https:\/\/www.welovecycling.com\/wide\/2018\/08\/24\/many-favorites-in-this-years-vuelta-a-espana\/\",\"url\":\"https:\/\/www.welovecycling.com\/wide\/2018\/08\/24\/many-favorites-in-this-years-vuelta-a-espana\/\",\"name\":\"Many Favorites in This Year\u2019s Vuelta a Espa\u00f1a - \u0160koda We Love Cycling\",\"isPartOf\":{\"@id\":\"https:\/\/www.welovecycling.com\/wide\/#website\"},\"primaryImageOfPage\":{\"@id\":\"https:\/\/www.welovecycling.com\/wide\/2018\/08\/24\/many-favorites-in-this-years-vuelta-a-espana\/#primaryimage\"},\"image\":{\"@id\":\"https:\/\/www.welovecycling.com\/wide\/2018\/08\/24\/many-favorites-in-this-years-vuelta-a-espana\/#primaryimage\"},\"thumbnailUrl\":\"https:\/\/d2p6e6u75xmxt8.cloudfront.net\/2\/2018\/08\/profimedia-0377731974-1.webp\",\"datePublished\":\"2018-08-24T09:46:58+00:00\",\"author\":{\"@id\":\"\"},\"description\":\"The most intriguing feature of the last, and most mountainous, Grand Tour of 2018, the Vuelta a Espa\u00f1a, is that the winners of the first two tours, Team\",\"breadcrumb\":{\"@id\":\"https:\/\/www.welovecycling.com\/wide\/2018\/08\/24\/many-favorites-in-this-years-vuelta-a-espana\/#breadcrumb\"},\"inLanguage\":\"en-US\",\"potentialAction\":[{\"@type\":\"ReadAction\",\"target\":[\"https:\/\/www.welovecycling.com\/wide\/2018\/08\/24\/many-favorites-in-this-years-vuelta-a-espana\/\"]}]},{\"@type\":\"ImageObject\",\"inLanguage\":\"en-US\",\"@id\":\"https:\/\/www.welovecycling.com\/wide\/2018\/08\/24\/many-favorites-in-this-years-vuelta-a-espana\/#primaryimage\",\"url\":\"https:\/\/d2p6e6u75xmxt8.cloudfront.net\/2\/2018\/08\/profimedia-0377731974-1.webp\",\"contentUrl\":\"https:\/\/d2p6e6u75xmxt8.cloudfront.net\/2\/2018\/08\/profimedia-0377731974-1.webp\",\"width\":900,\"height\":600},{\"@type\":\"BreadcrumbList\",\"@id\":\"https:\/\/www.welovecycling.com\/wide\/2018\/08\/24\/many-favorites-in-this-years-vuelta-a-espana\/#breadcrumb\",\"itemListElement\":[{\"@type\":\"ListItem\",\"position\":1,\"name\":\"Home\",\"item\":\"https:\/\/www.welovecycling.com\/wide\/\"},{\"@type\":\"ListItem\",\"position\":2,\"name\":\"Many Favorites in This Year\u2019s Vuelta a Espa\u00f1a\"}]},{\"@type\":\"WebSite\",\"@id\":\"https:\/\/www.welovecycling.com\/wide\/#website\",\"url\":\"https:\/\/www.welovecycling.com\/wide\/\",\"name\":\"\u0160koda We Love Cycling\",\"description\":\"\u0160koda We Love Cycling magazine\",\"alternateName\":\"\u0160koda WLC\",\"potentialAction\":[{\"@type\":\"SearchAction\",\"target\":{\"@type\":\"EntryPoint\",\"urlTemplate\":\"https:\/\/www.welovecycling.com\/wide\/?s={search_term_string}\"},\"query-input\":{\"@type\":\"PropertyValueSpecification\",\"valueRequired\":true,\"valueName\":\"search_term_string\"}}],\"inLanguage\":\"en-US\"},{\"@type\":\"Person\",\"@id\":\"\",\"url\":\"https:\/\/www.welovecycling.com\/wide\/author\/\"}]}<\/script>\n<!-- \/ Yoast SEO Premium plugin. -->","yoast_head_json":{"title":"Many Favorites in This Year\u2019s Vuelta a Espa\u00f1a - \u0160koda We Love Cycling","description":"The most intriguing feature of the last, and most mountainous, Grand Tour of 2018, the Vuelta a Espa\u00f1a, is that the winners of the first two tours, Team","robots":{"index":"index","follow":"follow","max-snippet":"max-snippet:-1","max-image-preview":"max-image-preview:large","max-video-preview":"max-video-preview:-1"},"canonical":"https:\/\/www.welovecycling.com\/wide\/2018\/08\/24\/many-favorites-in-this-years-vuelta-a-espana\/","og_locale":"en_US","og_type":"article","og_title":"Many Favorites in This Year\u2019s Vuelta a Espa\u00f1a","og_description":"The most intriguing feature of the last, and most mountainous, Grand Tour of 2018, the Vuelta a Espa\u00f1a, is that the winners of the first two tours, Team","og_url":"https:\/\/www.welovecycling.com\/wide\/2018\/08\/24\/many-favorites-in-this-years-vuelta-a-espana\/","og_site_name":"\u0160koda We Love Cycling","article_published_time":"2018-08-24T09:46:58+00:00","og_image":[{"width":900,"height":600,"url":"https:\/\/d2p6e6u75xmxt8.cloudfront.net\/2\/2018\/08\/profimedia-0377731974-1.webp","type":"image\/webp"}],"twitter_card":"summary_large_image","twitter_misc":{"Written by":"Siegfried Mortkowitz","Est. reading time":"5"},"schema":{"@context":"https:\/\/schema.org","@graph":[{"@type":"WebPage","@id":"https:\/\/www.welovecycling.com\/wide\/2018\/08\/24\/many-favorites-in-this-years-vuelta-a-espana\/","url":"https:\/\/www.welovecycling.com\/wide\/2018\/08\/24\/many-favorites-in-this-years-vuelta-a-espana\/","name":"Many Favorites in This Year\u2019s Vuelta a Espa\u00f1a - \u0160koda We Love Cycling","isPartOf":{"@id":"https:\/\/www.welovecycling.com\/wide\/#website"},"primaryImageOfPage":{"@id":"https:\/\/www.welovecycling.com\/wide\/2018\/08\/24\/many-favorites-in-this-years-vuelta-a-espana\/#primaryimage"},"image":{"@id":"https:\/\/www.welovecycling.com\/wide\/2018\/08\/24\/many-favorites-in-this-years-vuelta-a-espana\/#primaryimage"},"thumbnailUrl":"https:\/\/d2p6e6u75xmxt8.cloudfront.net\/2\/2018\/08\/profimedia-0377731974-1.webp","datePublished":"2018-08-24T09:46:58+00:00","author":{"@id":""},"description":"The most intriguing feature of the last, and most mountainous, Grand Tour of 2018, the Vuelta a Espa\u00f1a, is that the winners of the first two tours, Team","breadcrumb":{"@id":"https:\/\/www.welovecycling.com\/wide\/2018\/08\/24\/many-favorites-in-this-years-vuelta-a-espana\/#breadcrumb"},"inLanguage":"en-US","potentialAction":[{"@type":"ReadAction","target":["https:\/\/www.welovecycling.com\/wide\/2018\/08\/24\/many-favorites-in-this-years-vuelta-a-espana\/"]}]},{"@type":"ImageObject","inLanguage":"en-US","@id":"https:\/\/www.welovecycling.com\/wide\/2018\/08\/24\/many-favorites-in-this-years-vuelta-a-espana\/#primaryimage","url":"https:\/\/d2p6e6u75xmxt8.cloudfront.net\/2\/2018\/08\/profimedia-0377731974-1.webp","contentUrl":"https:\/\/d2p6e6u75xmxt8.cloudfront.net\/2\/2018\/08\/profimedia-0377731974-1.webp","width":900,"height":600},{"@type":"BreadcrumbList","@id":"https:\/\/www.welovecycling.com\/wide\/2018\/08\/24\/many-favorites-in-this-years-vuelta-a-espana\/#breadcrumb","itemListElement":[{"@type":"ListItem","position":1,"name":"Home","item":"https:\/\/www.welovecycling.com\/wide\/"},{"@type":"ListItem","position":2,"name":"Many Favorites in This Year\u2019s Vuelta a Espa\u00f1a"}]},{"@type":"WebSite","@id":"https:\/\/www.welovecycling.com\/wide\/#website","url":"https:\/\/www.welovecycling.com\/wide\/","name":"\u0160koda We Love Cycling","description":"\u0160koda We Love Cycling magazine","alternateName":"\u0160koda WLC","potentialAction":[{"@type":"SearchAction","target":{"@type":"EntryPoint","urlTemplate":"https:\/\/www.welovecycling.com\/wide\/?s={search_term_string}"},"query-input":{"@type":"PropertyValueSpecification","valueRequired":true,"valueName":"search_term_string"}}],"inLanguage":"en-US"},{"@type":"Person","@id":"","url":"https:\/\/www.welovecycling.com\/wide\/author\/"}]}},"_links":{"self":[{"href":"https:\/\/www.welovecycling.com\/wide\/wp-json\/wp\/v2\/posts\/170084","targetHints":{"allow":["GET"]}}],"collection":[{"href":"https:\/\/www.welovecycling.com\/wide\/wp-json\/wp\/v2\/posts"}],"about":[{"href":"https:\/\/www.welovecycling.com\/wide\/wp-json\/wp\/v2\/types\/post"}],"author":[{"embeddable":true,"href":"https:\/\/www.welovecycling.com\/wide\/wp-json\/wp\/v2\/users\/12"}],"replies":[{"embeddable":true,"href":"https:\/\/www.welovecycling.com\/wide\/wp-json\/wp\/v2\/comments?post=170084"}],"version-history":[{"count":2,"href":"https:\/\/www.welovecycling.com\/wide\/wp-json\/wp\/v2\/posts\/170084\/revisions"}],"predecessor-version":[{"id":170091,"href":"https:\/\/www.welovecycling.com\/wide\/wp-json\/wp\/v2\/posts\/170084\/revisions\/170091"}],"wp:featuredmedia":[{"embeddable":true,"href":"https:\/\/www.welovecycling.com\/wide\/wp-json\/wp\/v2\/media\/170086"}],"wp:attachment":[{"href":"https:\/\/www.welovecycling.com\/wide\/wp-json\/wp\/v2\/media?parent=170084"}],"wp:term":[{"taxonomy":"category","embeddable":true,"href":"https:\/\/www.welovecycling.com\/wide\/wp-json\/wp\/v2\/categories?post=170084"},{"taxonomy":"post_tag","embeddable":true,"href":"https:\/\/www.welovecycling.com\/wide\/wp-json\/wp\/v2\/tags?post=170084"},{"taxonomy":"global-categories","embeddable":true,"href":"https:\/\/www.welovecycling.com\/wide\/wp-json\/wp\/v2\/global-categories?post=170084"}],"curies":[{"name":"wp","href":"https:\/\/api.w.org\/{rel}","templated":true}]}}