{"id":170068,"date":"2018-08-29T06:12:55","date_gmt":"2018-08-29T06:12:55","guid":{"rendered":"https:\/\/www.welovecycling.com\/wide\/?p=170068"},"modified":"2018-08-29T16:36:22","modified_gmt":"2018-08-29T16:36:22","slug":"trebadh-mtb-race-rocked-sarajevo","status":"publish","type":"post","link":"https:\/\/www.welovecycling.com\/wide\/2018\/08\/29\/trebadh-mtb-race-rocked-sarajevo\/","title":{"rendered":"TrebaDH MTB Race Rocked Sarajevo"},"content":{"rendered":"<p><strong>With the intention to promote MTB in Balkan countries and to attract more riders to visit different races and give them more opportunities, Savages Crew of Sarajevo has been organising the TrebaDH race since 2015.<\/strong><!--more--><\/p>\n<p>TrebaDH race is a cherished baby of the Savages Crew that works hard on both the improvements of the track and spreading the word of mouth about the competition. Every year, the race has been growing bigger and better. Situated on the Mount Trebevi\u0107, from where an artillery terrorised citizens of the city back in the day, the race trail starts close to the Olympic Bobsleigh and Luge Track built for the 1984 Winter Olympics.<\/p>\n<lite-youtube videoid=WENAc62UJS8 params=\"enablejsapi=1\" style=\"background-image: url('https:\/\/i.ytimg.com\/vi_webp\/WENAc62UJS8\/maxresdefault.webp');\"><\/lite-youtube>\n<p>You can find a wooden starting ramp in the shade of a TV antenna, creating a landmark of the mountain range. The race track itself is mostly steep and difficult with a number of slippery roots and stones. The ultimate rain usually preceding the race days makes the course extremely hard and demanding.<\/p>\n<p>The first weekend of July 2018, TrebaDH was organised for the fourth time as a UCI DHI race in Class 2. Apart from that, the race was also announced as a part of the Bosnia and Herzegovina National Race and of the Croatian Downhill Cup. Introduced for the first time ever has been the project of Balkan Downhill Cup prepared in cooperation with guys from Bulgaria, Romania, Macedonia, Greece, and Cyprus. According to Muamer \u010corambegi\u0107 from the Savages Crew, there were 50 riders from eight countries competing in five categories.<\/p>\n<figure id=\"attachment_170136\" aria-describedby=\"caption-attachment-170136\" style=\"width: 1375px\" class=\"wp-caption alignnone\"><a href=\"https:\/\/d2p6e6u75xmxt8.cloudfront.net\/2\/2018\/08\/Treba3-1.jpg\"><img loading=\"lazy\" decoding=\"async\" class=\"wp-image-170136 size-full\" src=\"https:\/\/d2p6e6u75xmxt8.cloudfront.net\/2\/2018\/08\/Treba3-1.jpg\" alt=\"\" width=\"1375\" height=\"918\" \/><\/a><figcaption id=\"caption-attachment-170136\" class=\"wp-caption-text\">Photo: Jadran \u010cili\u0107<\/figcaption><\/figure>\n<div id='gallery-1' class='gallery galleryid-170068 gallery-columns-3 gallery-size-large'><figure class='gallery-item'>\n\t\t\t<div class='gallery-icon landscape'>\n\t\t\t\t<a href='https:\/\/d2p6e6u75xmxt8.cloudfront.net\/2\/2018\/08\/Treba1.webp'><img loading=\"lazy\" decoding=\"async\" width=\"1024\" height=\"684\" src=\"https:\/\/d2p6e6u75xmxt8.cloudfront.net\/2\/2018\/08\/Treba1-1024x684.webp\" class=\"attachment-large size-large\" alt=\"\" srcset=\"https:\/\/d2p6e6u75xmxt8.cloudfront.net\/2\/2018\/08\/Treba1-1024x684.webp 1024w, https:\/\/d2p6e6u75xmxt8.cloudfront.net\/2\/2018\/08\/Treba1-300x200.webp 300w, https:\/\/d2p6e6u75xmxt8.cloudfront.net\/2\/2018\/08\/Treba1-768x513.webp 768w, https:\/\/d2p6e6u75xmxt8.cloudfront.net\/2\/2018\/08\/Treba1-272x182.webp 272w, https:\/\/d2p6e6u75xmxt8.cloudfront.net\/2\/2018\/08\/Treba1.webp 1375w\" sizes=\"auto, (max-width: 1024px) 100vw, 1024px\" \/><\/a>\n\t\t\t<\/div><\/figure><figure class='gallery-item'>\n\t\t\t<div class='gallery-icon landscape'>\n\t\t\t\t<a href='https:\/\/d2p6e6u75xmxt8.cloudfront.net\/2\/2018\/08\/Treba3.webp'><img loading=\"lazy\" decoding=\"async\" width=\"1024\" height=\"684\" src=\"https:\/\/d2p6e6u75xmxt8.cloudfront.net\/2\/2018\/08\/Treba3-1024x684.webp\" class=\"attachment-large size-large\" alt=\"\" srcset=\"https:\/\/d2p6e6u75xmxt8.cloudfront.net\/2\/2018\/08\/Treba3-1024x684.webp 1024w, https:\/\/d2p6e6u75xmxt8.cloudfront.net\/2\/2018\/08\/Treba3-300x200.webp 300w, https:\/\/d2p6e6u75xmxt8.cloudfront.net\/2\/2018\/08\/Treba3-768x513.webp 768w, https:\/\/d2p6e6u75xmxt8.cloudfront.net\/2\/2018\/08\/Treba3-272x182.webp 272w, https:\/\/d2p6e6u75xmxt8.cloudfront.net\/2\/2018\/08\/Treba3.webp 1375w\" sizes=\"auto, (max-width: 1024px) 100vw, 1024px\" \/><\/a>\n\t\t\t<\/div><\/figure><figure class='gallery-item'>\n\t\t\t<div class='gallery-icon landscape'>\n\t\t\t\t<a href='https:\/\/d2p6e6u75xmxt8.cloudfront.net\/2\/2018\/08\/Treba3-2.webp'><img loading=\"lazy\" decoding=\"async\" width=\"1024\" height=\"684\" src=\"https:\/\/d2p6e6u75xmxt8.cloudfront.net\/2\/2018\/08\/Treba3-2-1024x684.webp\" class=\"attachment-large size-large\" alt=\"\" srcset=\"https:\/\/d2p6e6u75xmxt8.cloudfront.net\/2\/2018\/08\/Treba3-2-1024x684.webp 1024w, https:\/\/d2p6e6u75xmxt8.cloudfront.net\/2\/2018\/08\/Treba3-2-300x200.webp 300w, https:\/\/d2p6e6u75xmxt8.cloudfront.net\/2\/2018\/08\/Treba3-2-768x513.webp 768w, https:\/\/d2p6e6u75xmxt8.cloudfront.net\/2\/2018\/08\/Treba3-2-272x182.webp 272w, https:\/\/d2p6e6u75xmxt8.cloudfront.net\/2\/2018\/08\/Treba3-2.webp 1375w\" sizes=\"auto, (max-width: 1024px) 100vw, 1024px\" \/><\/a>\n\t\t\t<\/div><\/figure>\n\t\t<\/div>\n\n<p>\u201cWe are grateful that the guys from \u0160koda AUTO have recognised our passion and enthusiasm. This way I&#8217;d like to thank all sponsors and friends of the Savages Crew trough the last 4 years who were helpful in supporting the mountain biking scene in Sarajevo,\u201d says Muamer. Watch the video to see more of the race!<\/p>\n<p><strong>The results<\/strong><\/p>\n<p>Men elite: 1.Stivian Gatev (Bulgaria)<br \/>\n2. Noa Radolovic (Croatia)<br \/>\n3.Thomas Guibal (France)<\/p>\n<p><strong>Bosnian and Herzegovinian 2018 national championship ranking<\/strong><\/p>\n<p>1.Tarik Hadzic (Savages Crew),<br \/>\n2. Amar Brdarevic (Savages Crew)<br \/>\n3. Ajhan Hebibovic (Savages Crew)<\/p>\n","protected":false},"excerpt":{"rendered":"<p>With the intention to promote MTB in Balkan countries and to attract more riders to visit different races and give [&hellip;]<\/p>\n","protected":false},"author":12,"featured_media":170134,"comment_status":"open","ping_status":"open","sticky":false,"template":"","format":"standard","meta":{"footnotes":""},"categories":[4142],"tags":[2219,2079,2220],"global-categories":[],"class_list":["post-170068","post","type-post","status-publish","format-standard","has-post-thumbnail","hentry","category-ride2unite","tag-mount-trebevic","tag-savages-crew","tag-trebadh-race"],"yoast_head":"<!-- This site is optimized with the Yoast SEO Premium plugin v25.3 (Yoast SEO v25.9) - https:\/\/yoast.com\/wordpress\/plugins\/seo\/ -->\n<title>TrebaDH MTB Race Rocked Sarajevo - \u0160koda We Love Cycling<\/title>\n<meta name=\"description\" content=\"With the intention to promote MTB in Balkan countries and to attract more riders to visit different races and give them more opportunities, Savages Crew\" \/>\n<meta name=\"robots\" content=\"index, follow, max-snippet:-1, max-image-preview:large, max-video-preview:-1\" \/>\n<link rel=\"canonical\" href=\"https:\/\/www.welovecycling.com\/wide\/2018\/08\/29\/trebadh-mtb-race-rocked-sarajevo\/\" \/>\n<meta property=\"og:locale\" content=\"en_US\" \/>\n<meta property=\"og:type\" content=\"article\" \/>\n<meta property=\"og:title\" content=\"TrebaDH MTB Race Rocked Sarajevo\" \/>\n<meta property=\"og:description\" content=\"With the intention to promote MTB in Balkan countries and to attract more riders to visit different races and give them more opportunities, Savages Crew\" \/>\n<meta property=\"og:url\" content=\"https:\/\/www.welovecycling.com\/wide\/2018\/08\/29\/trebadh-mtb-race-rocked-sarajevo\/\" \/>\n<meta property=\"og:site_name\" content=\"\u0160koda We Love Cycling\" \/>\n<meta property=\"article:published_time\" content=\"2018-08-29T06:12:55+00:00\" \/>\n<meta property=\"article:modified_time\" content=\"2018-08-29T16:36:22+00:00\" \/>\n<meta property=\"og:image\" content=\"https:\/\/d2p6e6u75xmxt8.cloudfront.net\/2\/2018\/08\/TrebaCVR.webp\" \/>\n\t<meta property=\"og:image:width\" content=\"900\" \/>\n\t<meta property=\"og:image:height\" content=\"600\" \/>\n\t<meta property=\"og:image:type\" content=\"image\/webp\" \/>\n<meta name=\"twitter:card\" content=\"summary_large_image\" \/>\n<meta name=\"twitter:label1\" content=\"Written by\" \/>\n\t<meta name=\"twitter:data1\" content=\"Adam Marsal\/Photo: Jadran \u010cili\u0107\" \/>\n\t<meta name=\"twitter:label2\" content=\"Est. reading time\" \/>\n\t<meta name=\"twitter:data2\" content=\"3\" \/>\n<script type=\"application\/ld+json\" class=\"yoast-schema-graph\">{\"@context\":\"https:\/\/schema.org\",\"@graph\":[{\"@type\":\"WebPage\",\"@id\":\"https:\/\/www.welovecycling.com\/wide\/2018\/08\/29\/trebadh-mtb-race-rocked-sarajevo\/\",\"url\":\"https:\/\/www.welovecycling.com\/wide\/2018\/08\/29\/trebadh-mtb-race-rocked-sarajevo\/\",\"name\":\"TrebaDH MTB Race Rocked Sarajevo - \u0160koda We Love Cycling\",\"isPartOf\":{\"@id\":\"https:\/\/www.welovecycling.com\/wide\/#website\"},\"primaryImageOfPage\":{\"@id\":\"https:\/\/www.welovecycling.com\/wide\/2018\/08\/29\/trebadh-mtb-race-rocked-sarajevo\/#primaryimage\"},\"image\":{\"@id\":\"https:\/\/www.welovecycling.com\/wide\/2018\/08\/29\/trebadh-mtb-race-rocked-sarajevo\/#primaryimage\"},\"thumbnailUrl\":\"https:\/\/d2p6e6u75xmxt8.cloudfront.net\/2\/2018\/08\/TrebaCVR.webp\",\"datePublished\":\"2018-08-29T06:12:55+00:00\",\"dateModified\":\"2018-08-29T16:36:22+00:00\",\"author\":{\"@id\":\"\"},\"description\":\"With the intention to promote MTB in Balkan countries and to attract more riders to visit different races and give them more opportunities, Savages Crew\",\"breadcrumb\":{\"@id\":\"https:\/\/www.welovecycling.com\/wide\/2018\/08\/29\/trebadh-mtb-race-rocked-sarajevo\/#breadcrumb\"},\"inLanguage\":\"en-US\",\"potentialAction\":[{\"@type\":\"ReadAction\",\"target\":[\"https:\/\/www.welovecycling.com\/wide\/2018\/08\/29\/trebadh-mtb-race-rocked-sarajevo\/\"]}]},{\"@type\":\"ImageObject\",\"inLanguage\":\"en-US\",\"@id\":\"https:\/\/www.welovecycling.com\/wide\/2018\/08\/29\/trebadh-mtb-race-rocked-sarajevo\/#primaryimage\",\"url\":\"https:\/\/d2p6e6u75xmxt8.cloudfront.net\/2\/2018\/08\/TrebaCVR.webp\",\"contentUrl\":\"https:\/\/d2p6e6u75xmxt8.cloudfront.net\/2\/2018\/08\/TrebaCVR.webp\",\"width\":900,\"height\":600},{\"@type\":\"BreadcrumbList\",\"@id\":\"https:\/\/www.welovecycling.com\/wide\/2018\/08\/29\/trebadh-mtb-race-rocked-sarajevo\/#breadcrumb\",\"itemListElement\":[{\"@type\":\"ListItem\",\"position\":1,\"name\":\"Home\",\"item\":\"https:\/\/www.welovecycling.com\/wide\/\"},{\"@type\":\"ListItem\",\"position\":2,\"name\":\"TrebaDH MTB Race Rocked Sarajevo\"}]},{\"@type\":\"WebSite\",\"@id\":\"https:\/\/www.welovecycling.com\/wide\/#website\",\"url\":\"https:\/\/www.welovecycling.com\/wide\/\",\"name\":\"\u0160koda We Love Cycling\",\"description\":\"\u0160koda We Love Cycling magazine\",\"alternateName\":\"\u0160koda WLC\",\"potentialAction\":[{\"@type\":\"SearchAction\",\"target\":{\"@type\":\"EntryPoint\",\"urlTemplate\":\"https:\/\/www.welovecycling.com\/wide\/?s={search_term_string}\"},\"query-input\":{\"@type\":\"PropertyValueSpecification\",\"valueRequired\":true,\"valueName\":\"search_term_string\"}}],\"inLanguage\":\"en-US\"},{\"@type\":\"Person\",\"@id\":\"\",\"url\":\"https:\/\/www.welovecycling.com\/wide\/author\/\"}]}<\/script>\n<!-- \/ Yoast SEO Premium plugin. -->","yoast_head_json":{"title":"TrebaDH MTB Race Rocked Sarajevo - \u0160koda We Love Cycling","description":"With the intention to promote MTB in Balkan countries and to attract more riders to visit different races and give them more opportunities, Savages Crew","robots":{"index":"index","follow":"follow","max-snippet":"max-snippet:-1","max-image-preview":"max-image-preview:large","max-video-preview":"max-video-preview:-1"},"canonical":"https:\/\/www.welovecycling.com\/wide\/2018\/08\/29\/trebadh-mtb-race-rocked-sarajevo\/","og_locale":"en_US","og_type":"article","og_title":"TrebaDH MTB Race Rocked Sarajevo","og_description":"With the intention to promote MTB in Balkan countries and to attract more riders to visit different races and give them more opportunities, Savages Crew","og_url":"https:\/\/www.welovecycling.com\/wide\/2018\/08\/29\/trebadh-mtb-race-rocked-sarajevo\/","og_site_name":"\u0160koda We Love Cycling","article_published_time":"2018-08-29T06:12:55+00:00","article_modified_time":"2018-08-29T16:36:22+00:00","og_image":[{"width":900,"height":600,"url":"https:\/\/d2p6e6u75xmxt8.cloudfront.net\/2\/2018\/08\/TrebaCVR.webp","type":"image\/webp"}],"twitter_card":"summary_large_image","twitter_misc":{"Written by":"Adam Marsal\/Photo: Jadran \u010cili\u0107","Est. reading time":"3"},"schema":{"@context":"https:\/\/schema.org","@graph":[{"@type":"WebPage","@id":"https:\/\/www.welovecycling.com\/wide\/2018\/08\/29\/trebadh-mtb-race-rocked-sarajevo\/","url":"https:\/\/www.welovecycling.com\/wide\/2018\/08\/29\/trebadh-mtb-race-rocked-sarajevo\/","name":"TrebaDH MTB Race Rocked Sarajevo - \u0160koda We Love Cycling","isPartOf":{"@id":"https:\/\/www.welovecycling.com\/wide\/#website"},"primaryImageOfPage":{"@id":"https:\/\/www.welovecycling.com\/wide\/2018\/08\/29\/trebadh-mtb-race-rocked-sarajevo\/#primaryimage"},"image":{"@id":"https:\/\/www.welovecycling.com\/wide\/2018\/08\/29\/trebadh-mtb-race-rocked-sarajevo\/#primaryimage"},"thumbnailUrl":"https:\/\/d2p6e6u75xmxt8.cloudfront.net\/2\/2018\/08\/TrebaCVR.webp","datePublished":"2018-08-29T06:12:55+00:00","dateModified":"2018-08-29T16:36:22+00:00","author":{"@id":""},"description":"With the intention to promote MTB in Balkan countries and to attract more riders to visit different races and give them more opportunities, Savages Crew","breadcrumb":{"@id":"https:\/\/www.welovecycling.com\/wide\/2018\/08\/29\/trebadh-mtb-race-rocked-sarajevo\/#breadcrumb"},"inLanguage":"en-US","potentialAction":[{"@type":"ReadAction","target":["https:\/\/www.welovecycling.com\/wide\/2018\/08\/29\/trebadh-mtb-race-rocked-sarajevo\/"]}]},{"@type":"ImageObject","inLanguage":"en-US","@id":"https:\/\/www.welovecycling.com\/wide\/2018\/08\/29\/trebadh-mtb-race-rocked-sarajevo\/#primaryimage","url":"https:\/\/d2p6e6u75xmxt8.cloudfront.net\/2\/2018\/08\/TrebaCVR.webp","contentUrl":"https:\/\/d2p6e6u75xmxt8.cloudfront.net\/2\/2018\/08\/TrebaCVR.webp","width":900,"height":600},{"@type":"BreadcrumbList","@id":"https:\/\/www.welovecycling.com\/wide\/2018\/08\/29\/trebadh-mtb-race-rocked-sarajevo\/#breadcrumb","itemListElement":[{"@type":"ListItem","position":1,"name":"Home","item":"https:\/\/www.welovecycling.com\/wide\/"},{"@type":"ListItem","position":2,"name":"TrebaDH MTB Race Rocked Sarajevo"}]},{"@type":"WebSite","@id":"https:\/\/www.welovecycling.com\/wide\/#website","url":"https:\/\/www.welovecycling.com\/wide\/","name":"\u0160koda We Love Cycling","description":"\u0160koda We Love Cycling magazine","alternateName":"\u0160koda WLC","potentialAction":[{"@type":"SearchAction","target":{"@type":"EntryPoint","urlTemplate":"https:\/\/www.welovecycling.com\/wide\/?s={search_term_string}"},"query-input":{"@type":"PropertyValueSpecification","valueRequired":true,"valueName":"search_term_string"}}],"inLanguage":"en-US"},{"@type":"Person","@id":"","url":"https:\/\/www.welovecycling.com\/wide\/author\/"}]}},"_links":{"self":[{"href":"https:\/\/www.welovecycling.com\/wide\/wp-json\/wp\/v2\/posts\/170068","targetHints":{"allow":["GET"]}}],"collection":[{"href":"https:\/\/www.welovecycling.com\/wide\/wp-json\/wp\/v2\/posts"}],"about":[{"href":"https:\/\/www.welovecycling.com\/wide\/wp-json\/wp\/v2\/types\/post"}],"author":[{"embeddable":true,"href":"https:\/\/www.welovecycling.com\/wide\/wp-json\/wp\/v2\/users\/12"}],"replies":[{"embeddable":true,"href":"https:\/\/www.welovecycling.com\/wide\/wp-json\/wp\/v2\/comments?post=170068"}],"version-history":[{"count":2,"href":"https:\/\/www.welovecycling.com\/wide\/wp-json\/wp\/v2\/posts\/170068\/revisions"}],"predecessor-version":[{"id":170148,"href":"https:\/\/www.welovecycling.com\/wide\/wp-json\/wp\/v2\/posts\/170068\/revisions\/170148"}],"wp:featuredmedia":[{"embeddable":true,"href":"https:\/\/www.welovecycling.com\/wide\/wp-json\/wp\/v2\/media\/170134"}],"wp:attachment":[{"href":"https:\/\/www.welovecycling.com\/wide\/wp-json\/wp\/v2\/media?parent=170068"}],"wp:term":[{"taxonomy":"category","embeddable":true,"href":"https:\/\/www.welovecycling.com\/wide\/wp-json\/wp\/v2\/categories?post=170068"},{"taxonomy":"post_tag","embeddable":true,"href":"https:\/\/www.welovecycling.com\/wide\/wp-json\/wp\/v2\/tags?post=170068"},{"taxonomy":"global-categories","embeddable":true,"href":"https:\/\/www.welovecycling.com\/wide\/wp-json\/wp\/v2\/global-categories?post=170068"}],"curies":[{"name":"wp","href":"https:\/\/api.w.org\/{rel}","templated":true}]}}