{"id":166656,"date":"2018-08-03T08:09:30","date_gmt":"2018-08-03T08:09:30","guid":{"rendered":"https:\/\/www.welovecycling.com\/wide\/?p=166656"},"modified":"2018-08-03T08:09:30","modified_gmt":"2018-08-03T08:09:30","slug":"freeriding-legend-geoff-gulevich-once-i-had-basically-accepted-that-i-could-die","status":"publish","type":"post","link":"https:\/\/www.welovecycling.com\/wide\/2018\/08\/03\/freeriding-legend-geoff-gulevich-once-i-had-basically-accepted-that-i-could-die\/","title":{"rendered":"Freeriding Legend Geoff Gulevich: Once, I Had Basically Accepted That I Could Die"},"content":{"rendered":"<p><strong>Coming from the British Columbia, Canada, Geoff Gulevich has everything every biker dreams about &#8211; the best place to ride in the world and a successful career including podiums from both Red Bull Rampage in Utah, USA, and Red Bull Joyride in Whistler, Canada. He&#8217;s a professional rider whose life is orbiting exclusively around cycling and, least but not last, he&#8217;s about to wed his fianc\u00e9 Brianna. In the interview, he&#8217;s talking about one close-to-death encounter, about fighting against evil weather, and about the best places, you mustn&#8217;t avoid if you want to experience a biking holiday of your life!<\/strong><!--more--><\/p>\n<p><em><strong>How had mountain biking evolved since you&#8217;ve been in the sport? Do you find it better or worse than some ten years ago?<\/strong><\/em><\/p>\n<p>I have seen plenty of change in the industry. It\u2019s amazing to see more companies creating more competition with product options. Riding wise, the bike technology has become outstanding alongside the advances in trail building to make trails more sustainable and fun. I don\u2019t know what this year\u2019s best innovation is but I sure am loving my new Focus bikes. They ride so well and can absolutely send it!<\/p>\n<p><a href=\"https:\/\/d2p6e6u75xmxt8.cloudfront.net\/2\/2018\/08\/1349594884194-1899818642_news.jpg\"><img loading=\"lazy\" decoding=\"async\" class=\"alignnone size-full wp-image-166659\" src=\"https:\/\/d2p6e6u75xmxt8.cloudfront.net\/2\/2018\/08\/1349594884194-1899818642_news.jpg\" alt=\"\" width=\"3200\" height=\"2130\" \/><\/a><\/p>\n<div id='gallery-1' class='gallery galleryid-166656 gallery-columns-3 gallery-size-large'><figure class='gallery-item'>\n\t\t\t<div class='gallery-icon portrait'>\n\t\t\t\t<a href='https:\/\/d2p6e6u75xmxt8.cloudfront.net\/2\/2018\/08\/IMG_0750.JPG.webp'><img loading=\"lazy\" decoding=\"async\" width=\"483\" height=\"1024\" src=\"https:\/\/d2p6e6u75xmxt8.cloudfront.net\/2\/2018\/08\/IMG_0750.JPG-483x1024.webp\" class=\"attachment-large size-large\" alt=\"\" srcset=\"https:\/\/d2p6e6u75xmxt8.cloudfront.net\/2\/2018\/08\/IMG_0750.JPG-483x1024.webp 483w, https:\/\/d2p6e6u75xmxt8.cloudfront.net\/2\/2018\/08\/IMG_0750.JPG-142x300.webp 142w, https:\/\/d2p6e6u75xmxt8.cloudfront.net\/2\/2018\/08\/IMG_0750.JPG-768x1627.webp 768w, https:\/\/d2p6e6u75xmxt8.cloudfront.net\/2\/2018\/08\/IMG_0750.JPG-725x1536.webp 725w, https:\/\/d2p6e6u75xmxt8.cloudfront.net\/2\/2018\/08\/IMG_0750.JPG-966x2048.webp 966w, https:\/\/d2p6e6u75xmxt8.cloudfront.net\/2\/2018\/08\/IMG_0750.JPG-906x1920.webp 906w, https:\/\/d2p6e6u75xmxt8.cloudfront.net\/2\/2018\/08\/IMG_0750.JPG.webp 1125w, https:\/\/d2p6e6u75xmxt8.cloudfront.net\/2\/2018\/08\/IMG_0750.JPG-906x1920.webp 906w\" sizes=\"auto, (max-width: 483px) 100vw, 483px\" \/><\/a>\n\t\t\t<\/div><\/figure><figure class='gallery-item'>\n\t\t\t<div class='gallery-icon portrait'>\n\t\t\t\t<a href='https:\/\/d2p6e6u75xmxt8.cloudfront.net\/2\/2018\/08\/IMG_0108.JPG.webp'><img loading=\"lazy\" decoding=\"async\" width=\"818\" height=\"1024\" src=\"https:\/\/d2p6e6u75xmxt8.cloudfront.net\/2\/2018\/08\/IMG_0108.JPG-818x1024.webp\" class=\"attachment-large size-large\" alt=\"\" srcset=\"https:\/\/d2p6e6u75xmxt8.cloudfront.net\/2\/2018\/08\/IMG_0108.JPG-818x1024.webp 818w, https:\/\/d2p6e6u75xmxt8.cloudfront.net\/2\/2018\/08\/IMG_0108.JPG-240x300.webp 240w, https:\/\/d2p6e6u75xmxt8.cloudfront.net\/2\/2018\/08\/IMG_0108.JPG-768x961.webp 768w, https:\/\/d2p6e6u75xmxt8.cloudfront.net\/2\/2018\/08\/IMG_0108.JPG.webp 979w\" sizes=\"auto, (max-width: 818px) 100vw, 818px\" \/><\/a>\n\t\t\t<\/div><\/figure><figure class='gallery-item'>\n\t\t\t<div class='gallery-icon landscape'>\n\t\t\t\t<a href='https:\/\/d2p6e6u75xmxt8.cloudfront.net\/2\/2018\/08\/IMG_0855.JPG.webp'><img loading=\"lazy\" decoding=\"async\" width=\"1024\" height=\"768\" src=\"https:\/\/d2p6e6u75xmxt8.cloudfront.net\/2\/2018\/08\/IMG_0855.JPG-1024x768.webp\" class=\"attachment-large size-large\" alt=\"\" srcset=\"https:\/\/d2p6e6u75xmxt8.cloudfront.net\/2\/2018\/08\/IMG_0855.JPG-1024x768.webp 1024w, https:\/\/d2p6e6u75xmxt8.cloudfront.net\/2\/2018\/08\/IMG_0855.JPG-300x225.webp 300w, https:\/\/d2p6e6u75xmxt8.cloudfront.net\/2\/2018\/08\/IMG_0855.JPG-768x576.webp 768w, https:\/\/d2p6e6u75xmxt8.cloudfront.net\/2\/2018\/08\/IMG_0855.JPG-1536x1152.webp 1536w, https:\/\/d2p6e6u75xmxt8.cloudfront.net\/2\/2018\/08\/IMG_0855.JPG.webp 1920w\" sizes=\"auto, (max-width: 1024px) 100vw, 1024px\" \/><\/a>\n\t\t\t<\/div><\/figure>\n\t\t<\/div>\n\n<p><em><strong>Can you afford to live only off riding?<\/strong><\/em><\/p>\n<p>I live solely off riding my bike. I have an amazing support from my sponsors. I am a freeride mountain biker. My job is to shoot photos, videos, get people stoked on bikes while I have a good old time<\/p>\n<p><em><strong>If you look back, is there something you should have done differently?<\/strong><\/em><\/p>\n<p>Naw\u2026. I feel like I have learned from all my mistakes and it has made me be the man I am today.<\/p>\n<p><em><strong>How do you cope with fear? How long is it since you have experienced a moment you realised that something went wrong or something was way too much for you?<\/strong><\/em><\/p>\n<p>I have had plenty of close calls but the most memorable was a few years ago at RedBull Rampage. I hit a 40 feet drop first. However, I was going to come up short. I ditched over the handlebars and fell 40ft to flat and then tomahawked down the landing. While I was falling, I had basically accepted that I could die. Miraculously, I fell well and didn\u2019t get hurt at all.<\/p>\n<p><a href=\"https:\/\/d2p6e6u75xmxt8.cloudfront.net\/2\/2018\/08\/Geoff4.jpg\"><img loading=\"lazy\" decoding=\"async\" class=\"alignnone size-full wp-image-166687\" src=\"https:\/\/d2p6e6u75xmxt8.cloudfront.net\/2\/2018\/08\/Geoff4.jpg\" alt=\"\" width=\"1500\" height=\"1125\" \/><\/a><\/p>\n<p><em><strong>How do you love to start your day?<\/strong><\/em><\/p>\n<p>Watch the wife get dressed for work, then I pour myself a cup of coffee and have a snuss.<\/p>\n<p><em><strong>Which kind of amusement do you search for except for biking?<\/strong><\/em><\/p>\n<p>I am obsessed with skiing, snowboarding and surfing.<\/p>\n<p><em><strong>Almost every man is a collecting something &#8211; pipes, cars, whisky, trophies, fishing rods&#8230; whatever. What is your passion?<\/strong><\/em><\/p>\n<p>I collect whisky, a pocket knife from every country I visit, and my old riding gear from memorable moments.<\/p>\n<p><a href=\"https:\/\/d2p6e6u75xmxt8.cloudfront.net\/2\/2018\/08\/IMG_9057.JPG.jpg\"><img loading=\"lazy\" decoding=\"async\" class=\"alignnone size-full wp-image-166675\" src=\"https:\/\/d2p6e6u75xmxt8.cloudfront.net\/2\/2018\/08\/IMG_9057.JPG.jpg\" alt=\"\" width=\"3024\" height=\"3780\" \/><\/a><\/p>\n<p><em><strong>As a mountain biker, do you recollect a day when you really struggled and had to fight against mother nature?<\/strong><\/em><\/p>\n<p>Just a couple days ago I was in Moan, Utah. We had two last shots to get when a storm came in. 100km winds, rain, lightning. It made the slick rock difficult to navigate due to being slippery and being gusted near the cliff edges.<\/p>\n<p><em><strong>What do you never forget to take with you to the backcountry?<\/strong><\/em><\/p>\n<p>My knife.<\/p>\n<p><em><strong>Can you name five best places that you have visited and could you tell me why did you like them the most?<\/strong><\/em><\/p>\n<p>New Zealand. The people are chill and the riding is killer.<br \/>\nPeru. The longest descents of your life with such a relaxed lifestyle, in the mountain towns.<br \/>\nBellingham, Washington. Has friendly people, solid beer and, of course, trails forever.<br \/>\nThe Czech Republic. The home of my friend Richard Gasperotti. He showed me such an amazing time. I honestly can\u2019t wait to come back.<br \/>\nVancouver. I travel home here and am always so happy. Home is home.<\/p>\n<div id='gallery-2' class='gallery galleryid-166656 gallery-columns-2 gallery-size-full'><figure class='gallery-item'>\n\t\t\t<div class='gallery-icon landscape'>\n\t\t\t\t<a href='https:\/\/d2p6e6u75xmxt8.cloudfront.net\/2\/2018\/08\/IMG_0039.JPG-1.webp'><img loading=\"lazy\" decoding=\"async\" width=\"1607\" height=\"1124\" src=\"https:\/\/d2p6e6u75xmxt8.cloudfront.net\/2\/2018\/08\/IMG_0039.JPG-1.webp\" class=\"attachment-full size-full\" alt=\"\" srcset=\"https:\/\/d2p6e6u75xmxt8.cloudfront.net\/2\/2018\/08\/IMG_0039.JPG-1.webp 1607w, https:\/\/d2p6e6u75xmxt8.cloudfront.net\/2\/2018\/08\/IMG_0039.JPG-1-300x210.webp 300w, https:\/\/d2p6e6u75xmxt8.cloudfront.net\/2\/2018\/08\/IMG_0039.JPG-1-1024x716.webp 1024w, https:\/\/d2p6e6u75xmxt8.cloudfront.net\/2\/2018\/08\/IMG_0039.JPG-1-768x537.webp 768w, https:\/\/d2p6e6u75xmxt8.cloudfront.net\/2\/2018\/08\/IMG_0039.JPG-1-1536x1074.webp 1536w\" sizes=\"auto, (max-width: 1607px) 100vw, 1607px\" \/><\/a>\n\t\t\t<\/div><\/figure><figure class='gallery-item'>\n\t\t\t<div class='gallery-icon landscape'>\n\t\t\t\t<a href='https:\/\/d2p6e6u75xmxt8.cloudfront.net\/2\/2018\/08\/IMG_9090.JPG-1.webp'><img loading=\"lazy\" decoding=\"async\" width=\"1600\" height=\"1200\" src=\"https:\/\/d2p6e6u75xmxt8.cloudfront.net\/2\/2018\/08\/IMG_9090.JPG-1.webp\" class=\"attachment-full size-full\" alt=\"\" srcset=\"https:\/\/d2p6e6u75xmxt8.cloudfront.net\/2\/2018\/08\/IMG_9090.JPG-1.webp 1600w, https:\/\/d2p6e6u75xmxt8.cloudfront.net\/2\/2018\/08\/IMG_9090.JPG-1-300x225.webp 300w, https:\/\/d2p6e6u75xmxt8.cloudfront.net\/2\/2018\/08\/IMG_9090.JPG-1-1024x768.webp 1024w, https:\/\/d2p6e6u75xmxt8.cloudfront.net\/2\/2018\/08\/IMG_9090.JPG-1-768x576.webp 768w, https:\/\/d2p6e6u75xmxt8.cloudfront.net\/2\/2018\/08\/IMG_9090.JPG-1-1536x1152.webp 1536w\" sizes=\"auto, (max-width: 1600px) 100vw, 1600px\" \/><\/a>\n\t\t\t<\/div><\/figure>\n\t\t<\/div>\n\n<p><a href=\"https:\/\/d2p6e6u75xmxt8.cloudfront.net\/2\/2018\/08\/Geoff3.jpg\"><img loading=\"lazy\" decoding=\"async\" class=\"alignnone size-full wp-image-166686\" src=\"https:\/\/d2p6e6u75xmxt8.cloudfront.net\/2\/2018\/08\/Geoff3.jpg\" alt=\"\" width=\"1440\" height=\"1440\" \/><\/a><\/p>\n<p><em><strong>What about animals? Do you have a dog or a cat or&#8230; a bear?<\/strong><\/em><\/p>\n<p>My folks have a dog, named Luna, that I hike with all the time. Still looking for that special bear though. One that won\u2019t try to eat me.<\/p>\n<p><em><strong>I&#8217;ve heard something about a wedding. Would you introduce your girlfriend to our readers?<\/strong><\/em><\/p>\n<p>Her name&#8217;s Brianna Saimoto, soon to be Brianna Gulevich, and we have been together for nearly thirteen years. We met through friends in high school. She is absolutely amazing. Patient, supportive and puts me in line when I get too wild. I need her.<\/p>\n<p><a href=\"https:\/\/d2p6e6u75xmxt8.cloudfront.net\/2\/2018\/08\/Geoff1.jpg\"><img loading=\"lazy\" decoding=\"async\" class=\"alignnone size-full wp-image-166680\" src=\"https:\/\/d2p6e6u75xmxt8.cloudfront.net\/2\/2018\/08\/Geoff1.jpg\" alt=\"\" width=\"1500\" height=\"1125\" \/><\/a><\/p>\n<p><em><strong>What has changed in your life after getting engaged?<\/strong><\/em><\/p>\n<p>Hasn\u2019t changed a bit. She makes me to be a better person. We have been engaged for three years and are getting married on October 6. I\u2019m psyched for the party!<\/p>\n","protected":false},"excerpt":{"rendered":"<p>Coming from the British Columbia, Canada, Geoff Gulevich has everything every biker dreams about &#8211; the best place to ride [&hellip;]<\/p>\n","protected":false},"author":12,"featured_media":166658,"comment_status":"open","ping_status":"open","sticky":false,"template":"","format":"standard","meta":{"footnotes":""},"categories":[328],"tags":[366,527,2156,2155,2157,1599],"global-categories":[],"class_list":["post-166656","post","type-post","status-publish","format-standard","has-post-thumbnail","hentry","category-outdoor-mountain","tag-british-columbia","tag-canada","tag-freeriding","tag-geoff-gulevich","tag-red-bull-joyride","tag-red-bull-rampage"],"yoast_head":"<!-- This site is optimized with the Yoast SEO Premium plugin v25.3 (Yoast SEO v25.9) - https:\/\/yoast.com\/wordpress\/plugins\/seo\/ -->\n<title>Freeriding Legend Geoff Gulevich: Once, I Had Basically Accepted That I Could Die - \u0160koda We Love Cycling<\/title>\n<meta name=\"description\" content=\"Coming from the British Columbia, Canada, Geoff Gulevich has everything every biker dreams about - the best place to ride in the world and a successful\" \/>\n<meta name=\"robots\" content=\"index, follow, max-snippet:-1, max-image-preview:large, max-video-preview:-1\" \/>\n<link rel=\"canonical\" href=\"https:\/\/www.welovecycling.com\/wide\/2018\/08\/03\/freeriding-legend-geoff-gulevich-once-i-had-basically-accepted-that-i-could-die\/\" \/>\n<meta property=\"og:locale\" content=\"en_US\" \/>\n<meta property=\"og:type\" content=\"article\" \/>\n<meta property=\"og:title\" content=\"Freeriding Legend Geoff Gulevich: Once, I Had Basically Accepted That I Could Die\" \/>\n<meta property=\"og:description\" content=\"Coming from the British Columbia, Canada, Geoff Gulevich has everything every biker dreams about - the best place to ride in the world and a successful\" \/>\n<meta property=\"og:url\" content=\"https:\/\/www.welovecycling.com\/wide\/2018\/08\/03\/freeriding-legend-geoff-gulevich-once-i-had-basically-accepted-that-i-could-die\/\" \/>\n<meta property=\"og:site_name\" content=\"\u0160koda We Love Cycling\" \/>\n<meta property=\"article:published_time\" content=\"2018-08-03T08:09:30+00:00\" \/>\n<meta property=\"og:image\" content=\"https:\/\/d2p6e6u75xmxt8.cloudfront.net\/2\/2018\/08\/gullevichcvr.webp\" \/>\n\t<meta property=\"og:image:width\" content=\"900\" \/>\n\t<meta property=\"og:image:height\" content=\"600\" \/>\n\t<meta property=\"og:image:type\" content=\"image\/webp\" \/>\n<meta name=\"twitter:card\" content=\"summary_large_image\" \/>\n<meta name=\"twitter:label1\" content=\"Written by\" \/>\n\t<meta name=\"twitter:data1\" content=\"Adam Marsal\" \/>\n\t<meta name=\"twitter:label2\" content=\"Est. reading time\" \/>\n\t<meta name=\"twitter:data2\" content=\"6\" \/>\n<script type=\"application\/ld+json\" class=\"yoast-schema-graph\">{\"@context\":\"https:\/\/schema.org\",\"@graph\":[{\"@type\":\"WebPage\",\"@id\":\"https:\/\/www.welovecycling.com\/wide\/2018\/08\/03\/freeriding-legend-geoff-gulevich-once-i-had-basically-accepted-that-i-could-die\/\",\"url\":\"https:\/\/www.welovecycling.com\/wide\/2018\/08\/03\/freeriding-legend-geoff-gulevich-once-i-had-basically-accepted-that-i-could-die\/\",\"name\":\"Freeriding Legend Geoff Gulevich: Once, I Had Basically Accepted That I Could Die - \u0160koda We Love Cycling\",\"isPartOf\":{\"@id\":\"https:\/\/www.welovecycling.com\/wide\/#website\"},\"primaryImageOfPage\":{\"@id\":\"https:\/\/www.welovecycling.com\/wide\/2018\/08\/03\/freeriding-legend-geoff-gulevich-once-i-had-basically-accepted-that-i-could-die\/#primaryimage\"},\"image\":{\"@id\":\"https:\/\/www.welovecycling.com\/wide\/2018\/08\/03\/freeriding-legend-geoff-gulevich-once-i-had-basically-accepted-that-i-could-die\/#primaryimage\"},\"thumbnailUrl\":\"https:\/\/d2p6e6u75xmxt8.cloudfront.net\/2\/2018\/08\/gullevichcvr.webp\",\"datePublished\":\"2018-08-03T08:09:30+00:00\",\"author\":{\"@id\":\"\"},\"description\":\"Coming from the British Columbia, Canada, Geoff Gulevich has everything every biker dreams about - the best place to ride in the world and a successful\",\"breadcrumb\":{\"@id\":\"https:\/\/www.welovecycling.com\/wide\/2018\/08\/03\/freeriding-legend-geoff-gulevich-once-i-had-basically-accepted-that-i-could-die\/#breadcrumb\"},\"inLanguage\":\"en-US\",\"potentialAction\":[{\"@type\":\"ReadAction\",\"target\":[\"https:\/\/www.welovecycling.com\/wide\/2018\/08\/03\/freeriding-legend-geoff-gulevich-once-i-had-basically-accepted-that-i-could-die\/\"]}]},{\"@type\":\"ImageObject\",\"inLanguage\":\"en-US\",\"@id\":\"https:\/\/www.welovecycling.com\/wide\/2018\/08\/03\/freeriding-legend-geoff-gulevich-once-i-had-basically-accepted-that-i-could-die\/#primaryimage\",\"url\":\"https:\/\/d2p6e6u75xmxt8.cloudfront.net\/2\/2018\/08\/gullevichcvr.webp\",\"contentUrl\":\"https:\/\/d2p6e6u75xmxt8.cloudfront.net\/2\/2018\/08\/gullevichcvr.webp\",\"width\":900,\"height\":600},{\"@type\":\"BreadcrumbList\",\"@id\":\"https:\/\/www.welovecycling.com\/wide\/2018\/08\/03\/freeriding-legend-geoff-gulevich-once-i-had-basically-accepted-that-i-could-die\/#breadcrumb\",\"itemListElement\":[{\"@type\":\"ListItem\",\"position\":1,\"name\":\"Home\",\"item\":\"https:\/\/www.welovecycling.com\/wide\/\"},{\"@type\":\"ListItem\",\"position\":2,\"name\":\"Freeriding Legend Geoff Gulevich: Once, I Had Basically Accepted That I Could Die\"}]},{\"@type\":\"WebSite\",\"@id\":\"https:\/\/www.welovecycling.com\/wide\/#website\",\"url\":\"https:\/\/www.welovecycling.com\/wide\/\",\"name\":\"\u0160koda We Love Cycling\",\"description\":\"\u0160koda We Love Cycling magazine\",\"alternateName\":\"\u0160koda WLC\",\"potentialAction\":[{\"@type\":\"SearchAction\",\"target\":{\"@type\":\"EntryPoint\",\"urlTemplate\":\"https:\/\/www.welovecycling.com\/wide\/?s={search_term_string}\"},\"query-input\":{\"@type\":\"PropertyValueSpecification\",\"valueRequired\":true,\"valueName\":\"search_term_string\"}}],\"inLanguage\":\"en-US\"},{\"@type\":\"Person\",\"@id\":\"\",\"url\":\"https:\/\/www.welovecycling.com\/wide\/author\/\"}]}<\/script>\n<!-- \/ Yoast SEO Premium plugin. -->","yoast_head_json":{"title":"Freeriding Legend Geoff Gulevich: Once, I Had Basically Accepted That I Could Die - \u0160koda We Love Cycling","description":"Coming from the British Columbia, Canada, Geoff Gulevich has everything every biker dreams about - the best place to ride in the world and a successful","robots":{"index":"index","follow":"follow","max-snippet":"max-snippet:-1","max-image-preview":"max-image-preview:large","max-video-preview":"max-video-preview:-1"},"canonical":"https:\/\/www.welovecycling.com\/wide\/2018\/08\/03\/freeriding-legend-geoff-gulevich-once-i-had-basically-accepted-that-i-could-die\/","og_locale":"en_US","og_type":"article","og_title":"Freeriding Legend Geoff Gulevich: Once, I Had Basically Accepted That I Could Die","og_description":"Coming from the British Columbia, Canada, Geoff Gulevich has everything every biker dreams about - the best place to ride in the world and a successful","og_url":"https:\/\/www.welovecycling.com\/wide\/2018\/08\/03\/freeriding-legend-geoff-gulevich-once-i-had-basically-accepted-that-i-could-die\/","og_site_name":"\u0160koda We Love Cycling","article_published_time":"2018-08-03T08:09:30+00:00","og_image":[{"width":900,"height":600,"url":"https:\/\/d2p6e6u75xmxt8.cloudfront.net\/2\/2018\/08\/gullevichcvr.webp","type":"image\/webp"}],"twitter_card":"summary_large_image","twitter_misc":{"Written by":"Adam Marsal","Est. reading time":"6"},"schema":{"@context":"https:\/\/schema.org","@graph":[{"@type":"WebPage","@id":"https:\/\/www.welovecycling.com\/wide\/2018\/08\/03\/freeriding-legend-geoff-gulevich-once-i-had-basically-accepted-that-i-could-die\/","url":"https:\/\/www.welovecycling.com\/wide\/2018\/08\/03\/freeriding-legend-geoff-gulevich-once-i-had-basically-accepted-that-i-could-die\/","name":"Freeriding Legend Geoff Gulevich: Once, I Had Basically Accepted That I Could Die - \u0160koda We Love Cycling","isPartOf":{"@id":"https:\/\/www.welovecycling.com\/wide\/#website"},"primaryImageOfPage":{"@id":"https:\/\/www.welovecycling.com\/wide\/2018\/08\/03\/freeriding-legend-geoff-gulevich-once-i-had-basically-accepted-that-i-could-die\/#primaryimage"},"image":{"@id":"https:\/\/www.welovecycling.com\/wide\/2018\/08\/03\/freeriding-legend-geoff-gulevich-once-i-had-basically-accepted-that-i-could-die\/#primaryimage"},"thumbnailUrl":"https:\/\/d2p6e6u75xmxt8.cloudfront.net\/2\/2018\/08\/gullevichcvr.webp","datePublished":"2018-08-03T08:09:30+00:00","author":{"@id":""},"description":"Coming from the British Columbia, Canada, Geoff Gulevich has everything every biker dreams about - the best place to ride in the world and a successful","breadcrumb":{"@id":"https:\/\/www.welovecycling.com\/wide\/2018\/08\/03\/freeriding-legend-geoff-gulevich-once-i-had-basically-accepted-that-i-could-die\/#breadcrumb"},"inLanguage":"en-US","potentialAction":[{"@type":"ReadAction","target":["https:\/\/www.welovecycling.com\/wide\/2018\/08\/03\/freeriding-legend-geoff-gulevich-once-i-had-basically-accepted-that-i-could-die\/"]}]},{"@type":"ImageObject","inLanguage":"en-US","@id":"https:\/\/www.welovecycling.com\/wide\/2018\/08\/03\/freeriding-legend-geoff-gulevich-once-i-had-basically-accepted-that-i-could-die\/#primaryimage","url":"https:\/\/d2p6e6u75xmxt8.cloudfront.net\/2\/2018\/08\/gullevichcvr.webp","contentUrl":"https:\/\/d2p6e6u75xmxt8.cloudfront.net\/2\/2018\/08\/gullevichcvr.webp","width":900,"height":600},{"@type":"BreadcrumbList","@id":"https:\/\/www.welovecycling.com\/wide\/2018\/08\/03\/freeriding-legend-geoff-gulevich-once-i-had-basically-accepted-that-i-could-die\/#breadcrumb","itemListElement":[{"@type":"ListItem","position":1,"name":"Home","item":"https:\/\/www.welovecycling.com\/wide\/"},{"@type":"ListItem","position":2,"name":"Freeriding Legend Geoff Gulevich: Once, I Had Basically Accepted That I Could Die"}]},{"@type":"WebSite","@id":"https:\/\/www.welovecycling.com\/wide\/#website","url":"https:\/\/www.welovecycling.com\/wide\/","name":"\u0160koda We Love Cycling","description":"\u0160koda We Love Cycling magazine","alternateName":"\u0160koda WLC","potentialAction":[{"@type":"SearchAction","target":{"@type":"EntryPoint","urlTemplate":"https:\/\/www.welovecycling.com\/wide\/?s={search_term_string}"},"query-input":{"@type":"PropertyValueSpecification","valueRequired":true,"valueName":"search_term_string"}}],"inLanguage":"en-US"},{"@type":"Person","@id":"","url":"https:\/\/www.welovecycling.com\/wide\/author\/"}]}},"_links":{"self":[{"href":"https:\/\/www.welovecycling.com\/wide\/wp-json\/wp\/v2\/posts\/166656","targetHints":{"allow":["GET"]}}],"collection":[{"href":"https:\/\/www.welovecycling.com\/wide\/wp-json\/wp\/v2\/posts"}],"about":[{"href":"https:\/\/www.welovecycling.com\/wide\/wp-json\/wp\/v2\/types\/post"}],"author":[{"embeddable":true,"href":"https:\/\/www.welovecycling.com\/wide\/wp-json\/wp\/v2\/users\/12"}],"replies":[{"embeddable":true,"href":"https:\/\/www.welovecycling.com\/wide\/wp-json\/wp\/v2\/comments?post=166656"}],"version-history":[{"count":2,"href":"https:\/\/www.welovecycling.com\/wide\/wp-json\/wp\/v2\/posts\/166656\/revisions"}],"predecessor-version":[{"id":166688,"href":"https:\/\/www.welovecycling.com\/wide\/wp-json\/wp\/v2\/posts\/166656\/revisions\/166688"}],"wp:featuredmedia":[{"embeddable":true,"href":"https:\/\/www.welovecycling.com\/wide\/wp-json\/wp\/v2\/media\/166658"}],"wp:attachment":[{"href":"https:\/\/www.welovecycling.com\/wide\/wp-json\/wp\/v2\/media?parent=166656"}],"wp:term":[{"taxonomy":"category","embeddable":true,"href":"https:\/\/www.welovecycling.com\/wide\/wp-json\/wp\/v2\/categories?post=166656"},{"taxonomy":"post_tag","embeddable":true,"href":"https:\/\/www.welovecycling.com\/wide\/wp-json\/wp\/v2\/tags?post=166656"},{"taxonomy":"global-categories","embeddable":true,"href":"https:\/\/www.welovecycling.com\/wide\/wp-json\/wp\/v2\/global-categories?post=166656"}],"curies":[{"name":"wp","href":"https:\/\/api.w.org\/{rel}","templated":true}]}}