{"id":166520,"date":"2018-07-26T06:58:00","date_gmt":"2018-07-26T06:58:00","guid":{"rendered":"https:\/\/www.welovecycling.com\/wide\/?p=166520"},"modified":"2018-07-26T07:02:19","modified_gmt":"2018-07-26T07:02:19","slug":"luis-ocana-was-the-only-one-who-didnt-fear-the-mighty-eddy-merckx","status":"publish","type":"post","link":"https:\/\/www.welovecycling.com\/wide\/2018\/07\/26\/luis-ocana-was-the-only-one-who-didnt-fear-the-mighty-eddy-merckx\/","title":{"rendered":"Luis Oca\u00f1a Was the Only One Who Didn\u2019t Fear the Mighty Eddy Merckx"},"content":{"rendered":"<p><strong>History books may say that the 1971 Tour de France was won by the Cannibal. And Eddy Merckx was indeed the first rider to cross the finish line in Paris, for the third time in a row that year. But those who watched the race back in the day tell a different story. A story of a troubled man who beat Eddy and made it look easy. That man was Luis Oca\u00f1a.<\/strong><br \/>\n<!--more--><\/p>\n<p>The frail and always restless rider believed to be a victim of a curse. That was the only explanation the Spaniard could find for not being able to show the world the genius for cycling he was certain he had. To be fair, Oca\u00f1a faced all the troubles you could think of. He had loads of technical issues, health issues and unfortunately even mental health issues. In 1971, however, everything seemed to have fallen into place.<\/p>\n<figure id=\"attachment_166525\" aria-describedby=\"caption-attachment-166525\" style=\"width: 1250px\" class=\"wp-caption alignnone\"><a href=\"https:\/\/d2p6e6u75xmxt8.cloudfront.net\/2\/2018\/07\/profimedia-0068222318.jpg\"><img loading=\"lazy\" decoding=\"async\" class=\"wp-image-166525 size-full\" src=\"https:\/\/d2p6e6u75xmxt8.cloudfront.net\/2\/2018\/07\/profimedia-0068222318.jpg\" alt=\"\" width=\"1250\" height=\"863\" \/><\/a><figcaption id=\"caption-attachment-166525\" class=\"wp-caption-text\">Luis Oca\u00f1a in 1973<\/figcaption><\/figure>\n<p>Despite Oca\u00f1a\u2019s triumph at La Vuelta the previous year, La Marca complained about the end of an era. The likes of Bahamontes and Jim\u00e9nez were thought to never appear again. And instead of focusing on their countryman, they considered Joop Zoetemelk, Bernard Th\u00e9venet and Lucien van Impe to be the biggest threat to Merckx\u2019s hattrick. The Cannibal, however, knew better.<\/p>\n<p>After Crit\u00e9rium du Dauphin\u00e9, it was Oca\u00f1a the Belgian was praising, claiming he was the only one who was there not just to try to beat him, but to try to win. That was a common problem of the Cannibal\u2019s generation. He won so many times (one in every three races he entered), that the opponents were simply content with fighting for second places..But that was not Oca\u00f1a\u2019s way.<\/p>\n<p>\u201cIf I am afraid of Merckx? Why should I be? If I was afraid, I might just stop racing and go back home. I don\u2019t think he\u2019s unbeatable. Nobody is,\u201d Oca\u00f1a told the journalists defiantly when asked the about the Belgian.<\/p>\n<figure id=\"attachment_166523\" aria-describedby=\"caption-attachment-166523\" style=\"width: 1250px\" class=\"wp-caption alignnone\"><a href=\"https:\/\/d2p6e6u75xmxt8.cloudfront.net\/2\/2018\/07\/profimedia-0017421579.jpg\"><img loading=\"lazy\" decoding=\"async\" class=\"size-full wp-image-166523\" src=\"https:\/\/d2p6e6u75xmxt8.cloudfront.net\/2\/2018\/07\/profimedia-0017421579.jpg\" alt=\"\" width=\"1250\" height=\"1043\" \/><\/a><figcaption id=\"caption-attachment-166523\" class=\"wp-caption-text\">Luis Ocana leads in front of Lucien Van Impe and Joop Zoetemelk on July 8, 1971 during the 11th stage of the Tour de France between Grenoble and Orci\u00e8res-Merlette. Ocana won the stage in front of Van Impe (5&#8217;52&#8221; behind) and Belgian Eddy Merckx and Zoetemelk (8&#8217;42&#8221;) and took the yellow jersey from the Dutchman as the overall leader.\u00a0\u00a9 Profimedia, AFP<\/figcaption><\/figure>\n<p>The 1971 Grand Boucl\u00e9 started in a fast and furious fashion. Stage 2 saw a group of 15 riders finish 10 minutes before the peloton. Eddy Merckx claimed the maillot jaune, and it was almost certain that the overall winner would come from that group. Oca\u00f1a\u00a0was there as well and used the Puy de Dome climb during stage 8 to attack the Belgian for the first time. The Cannibal did lose some time. That was, however, nothing in comparison with what happened on stage 11.<\/p>\n<p>Oca\u00f1a attacked on the Cote de Laffrey climb, and Merckx didn\u2019t find the strength to follow. Each time the motorbike would come down to the poursuivants, another minute would appear on the timer. None of the GC favourites could believe what they were seeing.<\/p>\n<p>\u201cAfter he attacked, I told him to keep it steady, because he had 4 minutes on the others,\u201d Oca\u00f1a\u2019s team\u2019s GM Maurice de Muer recalled. \u201c\u2019Good, it will be five in a moment,\u2019 he yelled back at me. I came back to him shortly saying that he got those 5 minutes. And he would just yell back that now it\u2019s going to be six. It went on and on like that.\u201d<\/p>\n<figure id=\"attachment_166529\" aria-describedby=\"caption-attachment-166529\" style=\"width: 1222px\" class=\"wp-caption alignnone\"><a href=\"https:\/\/d2p6e6u75xmxt8.cloudfront.net\/2\/2018\/07\/profimedia-0188834908.jpg\"><img loading=\"lazy\" decoding=\"async\" class=\"size-full wp-image-166529\" src=\"https:\/\/d2p6e6u75xmxt8.cloudfront.net\/2\/2018\/07\/profimedia-0188834908.jpg\" alt=\"\" width=\"1222\" height=\"1250\" \/><\/a><figcaption id=\"caption-attachment-166529\" class=\"wp-caption-text\">\u00a9 Profimedia, Album Premium<\/figcaption><\/figure>\n<p>It was one of the most memorable stages in all of Tour de France history. Oca\u00f1a\u00a0crossed the finish line 8 minutes and 42 seconds ahead of Merckx. 61 riders didn\u2019t make the time cut because of the Spaniard\u2019s deadly pace. The organizers had to extend the limit so that there was someone to continue racing.<\/p>\n<p>\u201cI believed the Tour was lost. That thing Oca\u00f1a did, it was out of this world,\u201d Merckx admitted years after the race.<\/p>\n<p>Nevertheless, he did not give up. In the very next stage Merckx cut down Oca\u00f1a\u2019s\u00a0lead by 2 minutes. The Cannibal rode so hard he crossed the finish line in Marseille an hour early, ruining the city\u2019s celebrations. The local mayor swore to never allow the Tour de France in his city again.<\/p>\n<figure id=\"attachment_166524\" aria-describedby=\"caption-attachment-166524\" style=\"width: 1250px\" class=\"wp-caption alignnone\"><a href=\"https:\/\/d2p6e6u75xmxt8.cloudfront.net\/2\/2018\/07\/profimedia-0068196024.jpg\"><img loading=\"lazy\" decoding=\"async\" class=\"size-full wp-image-166524\" src=\"https:\/\/d2p6e6u75xmxt8.cloudfront.net\/2\/2018\/07\/profimedia-0068196024.jpg\" alt=\"\" width=\"1250\" height=\"952\" \/><\/a><figcaption id=\"caption-attachment-166524\" class=\"wp-caption-text\">Eddy Merckx (L) followed by Luis Ocana (2nd L) and Lucien Van Impe during the 14th stage of the Tour de France, shortly before Ocana crashed.\u00a0July 12, 1971\u00a0\u00a9 Profimedia, AFP<\/figcaption><\/figure>\n<p>The Belgian hoped to gain more time in the time trial, but Oca\u00f1a was just 11 seconds slower than him. That meant that after 13 days, he led the race by a hardly believable 7 minutes and 23 seconds. The peloton was off to the Pyrenees next, and the mountains greeted it with a particularly harsh weather. It was pouring down with rain. There was oil and sand on the road. But none of that mattered to the Cannibal. He rode at his very limit. Unfortunately, in one of the hairpins, he lost control of his bike and went down. Oca\u00f1a was right on his wheel and thus fell over him.<\/p>\n<p>Merckx jumped back on and continued. The Spaniard was ready to do the same, but at that moment, the curse struck. Zoetemelk came around the bend and hit Oca\u00f1a in the back, hard. The overall leader was taken to the hospital by a helicopter and his GC hopes were done. There is a memorial at the scene of the accident on the Col de Ment\u00e9 in the Pyrenees. Eddy Merckx refused to wear the yellow jersey the next day in tribute to Oca\u00f1a.<\/p>\n<p>\u201cWhatever happened, I lost this Tour. Because there will always be doubts,\u201d Merckx said after finishing in Paris.<\/p>\n<figure id=\"attachment_166526\" aria-describedby=\"caption-attachment-166526\" style=\"width: 1250px\" class=\"wp-caption alignnone\"><a href=\"https:\/\/d2p6e6u75xmxt8.cloudfront.net\/2\/2018\/07\/profimedia-0330144409.jpg\"><img loading=\"lazy\" decoding=\"async\" class=\"size-full wp-image-166526\" src=\"https:\/\/d2p6e6u75xmxt8.cloudfront.net\/2\/2018\/07\/profimedia-0330144409.jpg\" alt=\"\" width=\"1250\" height=\"841\" \/><\/a><figcaption id=\"caption-attachment-166526\" class=\"wp-caption-text\">Luis Ocana enjoying the triumph in the Parc des Princes in 1973\u00a0\u00a9 Profimedia, AFP<\/figcaption><\/figure>\n<p>Oca\u00f1a had to wait till 1973 to enjoy his Tour de France triumph, but unfortunately Merckx wasn\u2019t there. The two never met again in the peak of their forms. The Spaniard continued to battle his curse, fighting with his health, team, opponents\u2026 Anyone who was available, really. Ultimately, he retreated to a vineyard in the south of France. Eddy Merckx even helped Oca\u00f1a find some customers. But eventually, the business went bust anyway.<\/p>\n<p>Then the depressions came. Then the hepatitis. The cancer. And then he pulled the trigger. The rider with no limits and no luck at all died on 19th May 1994. He was just 49 years old.<\/p>\n","protected":false},"excerpt":{"rendered":"<p>History books may say that the 1971 Tour de France was won by the Cannibal. And Eddy Merckx was indeed [&hellip;]<\/p>\n","protected":false},"author":12,"featured_media":166522,"comment_status":"open","ping_status":"open","sticky":false,"template":"","format":"standard","meta":{"footnotes":""},"categories":[329],"tags":[2143,2140,954,2139,2141,2138,2142,2064],"global-categories":[],"class_list":["post-166520","post","type-post","status-publish","format-standard","has-post-thumbnail","hentry","category-road-cycling","tag-1971-tour-de-france","tag-bernard-thevenet","tag-eddy-merckx","tag-joop-zoetemelk","tag-lucien-van-impe","tag-luis-ocana","tag-the-cannibal","tag-tour-de-france-2018"],"yoast_head":"<!-- This site is optimized with the Yoast SEO Premium plugin v25.3 (Yoast SEO v25.9) - https:\/\/yoast.com\/wordpress\/plugins\/seo\/ -->\n<title>Luis Oca\u00f1a Was the Only One Who Didn\u2019t Fear the Mighty Eddy Merckx - \u0160koda We Love Cycling<\/title>\n<meta name=\"description\" content=\"History books may say that the 1971 Tour de France was won by the Cannibal. And Eddy Merckx was indeed the first rider to cross the finish line in Paris,\" \/>\n<meta name=\"robots\" content=\"index, follow, max-snippet:-1, max-image-preview:large, max-video-preview:-1\" \/>\n<link rel=\"canonical\" href=\"https:\/\/www.welovecycling.com\/wide\/2018\/07\/26\/luis-ocana-was-the-only-one-who-didnt-fear-the-mighty-eddy-merckx\/\" \/>\n<meta property=\"og:locale\" content=\"en_US\" \/>\n<meta property=\"og:type\" content=\"article\" \/>\n<meta property=\"og:title\" content=\"Luis Oca\u00f1a Was the Only One Who Didn\u2019t Fear the Mighty Eddy Merckx\" \/>\n<meta property=\"og:description\" content=\"History books may say that the 1971 Tour de France was won by the Cannibal. And Eddy Merckx was indeed the first rider to cross the finish line in Paris,\" \/>\n<meta property=\"og:url\" content=\"https:\/\/www.welovecycling.com\/wide\/2018\/07\/26\/luis-ocana-was-the-only-one-who-didnt-fear-the-mighty-eddy-merckx\/\" \/>\n<meta property=\"og:site_name\" content=\"\u0160koda We Love Cycling\" \/>\n<meta property=\"article:published_time\" content=\"2018-07-26T06:58:00+00:00\" \/>\n<meta property=\"article:modified_time\" content=\"2018-07-26T07:02:19+00:00\" \/>\n<meta property=\"og:image\" content=\"https:\/\/d2p6e6u75xmxt8.cloudfront.net\/2\/2018\/07\/profimedia-0330144401-1.webp\" \/>\n\t<meta property=\"og:image:width\" content=\"900\" \/>\n\t<meta property=\"og:image:height\" content=\"600\" \/>\n\t<meta property=\"og:image:type\" content=\"image\/webp\" \/>\n<meta name=\"twitter:card\" content=\"summary_large_image\" \/>\n<meta name=\"twitter:label1\" content=\"Written by\" \/>\n\t<meta name=\"twitter:data1\" content=\"Monica Buck\" \/>\n\t<meta name=\"twitter:label2\" content=\"Est. reading time\" \/>\n\t<meta name=\"twitter:data2\" content=\"6\" \/>\n<script type=\"application\/ld+json\" class=\"yoast-schema-graph\">{\"@context\":\"https:\/\/schema.org\",\"@graph\":[{\"@type\":\"WebPage\",\"@id\":\"https:\/\/www.welovecycling.com\/wide\/2018\/07\/26\/luis-ocana-was-the-only-one-who-didnt-fear-the-mighty-eddy-merckx\/\",\"url\":\"https:\/\/www.welovecycling.com\/wide\/2018\/07\/26\/luis-ocana-was-the-only-one-who-didnt-fear-the-mighty-eddy-merckx\/\",\"name\":\"Luis Oca\u00f1a Was the Only One Who Didn\u2019t Fear the Mighty Eddy Merckx - \u0160koda We Love Cycling\",\"isPartOf\":{\"@id\":\"https:\/\/www.welovecycling.com\/wide\/#website\"},\"primaryImageOfPage\":{\"@id\":\"https:\/\/www.welovecycling.com\/wide\/2018\/07\/26\/luis-ocana-was-the-only-one-who-didnt-fear-the-mighty-eddy-merckx\/#primaryimage\"},\"image\":{\"@id\":\"https:\/\/www.welovecycling.com\/wide\/2018\/07\/26\/luis-ocana-was-the-only-one-who-didnt-fear-the-mighty-eddy-merckx\/#primaryimage\"},\"thumbnailUrl\":\"https:\/\/d2p6e6u75xmxt8.cloudfront.net\/2\/2018\/07\/profimedia-0330144401-1.webp\",\"datePublished\":\"2018-07-26T06:58:00+00:00\",\"dateModified\":\"2018-07-26T07:02:19+00:00\",\"author\":{\"@id\":\"\"},\"description\":\"History books may say that the 1971 Tour de France was won by the Cannibal. And Eddy Merckx was indeed the first rider to cross the finish line in Paris,\",\"breadcrumb\":{\"@id\":\"https:\/\/www.welovecycling.com\/wide\/2018\/07\/26\/luis-ocana-was-the-only-one-who-didnt-fear-the-mighty-eddy-merckx\/#breadcrumb\"},\"inLanguage\":\"en-US\",\"potentialAction\":[{\"@type\":\"ReadAction\",\"target\":[\"https:\/\/www.welovecycling.com\/wide\/2018\/07\/26\/luis-ocana-was-the-only-one-who-didnt-fear-the-mighty-eddy-merckx\/\"]}]},{\"@type\":\"ImageObject\",\"inLanguage\":\"en-US\",\"@id\":\"https:\/\/www.welovecycling.com\/wide\/2018\/07\/26\/luis-ocana-was-the-only-one-who-didnt-fear-the-mighty-eddy-merckx\/#primaryimage\",\"url\":\"https:\/\/d2p6e6u75xmxt8.cloudfront.net\/2\/2018\/07\/profimedia-0330144401-1.webp\",\"contentUrl\":\"https:\/\/d2p6e6u75xmxt8.cloudfront.net\/2\/2018\/07\/profimedia-0330144401-1.webp\",\"width\":900,\"height\":600},{\"@type\":\"BreadcrumbList\",\"@id\":\"https:\/\/www.welovecycling.com\/wide\/2018\/07\/26\/luis-ocana-was-the-only-one-who-didnt-fear-the-mighty-eddy-merckx\/#breadcrumb\",\"itemListElement\":[{\"@type\":\"ListItem\",\"position\":1,\"name\":\"Home\",\"item\":\"https:\/\/www.welovecycling.com\/wide\/\"},{\"@type\":\"ListItem\",\"position\":2,\"name\":\"Luis Oca\u00f1a Was the Only One Who Didn\u2019t Fear the Mighty Eddy Merckx\"}]},{\"@type\":\"WebSite\",\"@id\":\"https:\/\/www.welovecycling.com\/wide\/#website\",\"url\":\"https:\/\/www.welovecycling.com\/wide\/\",\"name\":\"\u0160koda We Love Cycling\",\"description\":\"\u0160koda We Love Cycling magazine\",\"alternateName\":\"\u0160koda WLC\",\"potentialAction\":[{\"@type\":\"SearchAction\",\"target\":{\"@type\":\"EntryPoint\",\"urlTemplate\":\"https:\/\/www.welovecycling.com\/wide\/?s={search_term_string}\"},\"query-input\":{\"@type\":\"PropertyValueSpecification\",\"valueRequired\":true,\"valueName\":\"search_term_string\"}}],\"inLanguage\":\"en-US\"},{\"@type\":\"Person\",\"@id\":\"\",\"url\":\"https:\/\/www.welovecycling.com\/wide\/author\/\"}]}<\/script>\n<!-- \/ Yoast SEO Premium plugin. -->","yoast_head_json":{"title":"Luis Oca\u00f1a Was the Only One Who Didn\u2019t Fear the Mighty Eddy Merckx - \u0160koda We Love Cycling","description":"History books may say that the 1971 Tour de France was won by the Cannibal. And Eddy Merckx was indeed the first rider to cross the finish line in Paris,","robots":{"index":"index","follow":"follow","max-snippet":"max-snippet:-1","max-image-preview":"max-image-preview:large","max-video-preview":"max-video-preview:-1"},"canonical":"https:\/\/www.welovecycling.com\/wide\/2018\/07\/26\/luis-ocana-was-the-only-one-who-didnt-fear-the-mighty-eddy-merckx\/","og_locale":"en_US","og_type":"article","og_title":"Luis Oca\u00f1a Was the Only One Who Didn\u2019t Fear the Mighty Eddy Merckx","og_description":"History books may say that the 1971 Tour de France was won by the Cannibal. And Eddy Merckx was indeed the first rider to cross the finish line in Paris,","og_url":"https:\/\/www.welovecycling.com\/wide\/2018\/07\/26\/luis-ocana-was-the-only-one-who-didnt-fear-the-mighty-eddy-merckx\/","og_site_name":"\u0160koda We Love Cycling","article_published_time":"2018-07-26T06:58:00+00:00","article_modified_time":"2018-07-26T07:02:19+00:00","og_image":[{"width":900,"height":600,"url":"https:\/\/d2p6e6u75xmxt8.cloudfront.net\/2\/2018\/07\/profimedia-0330144401-1.webp","type":"image\/webp"}],"twitter_card":"summary_large_image","twitter_misc":{"Written by":"Monica Buck","Est. reading time":"6"},"schema":{"@context":"https:\/\/schema.org","@graph":[{"@type":"WebPage","@id":"https:\/\/www.welovecycling.com\/wide\/2018\/07\/26\/luis-ocana-was-the-only-one-who-didnt-fear-the-mighty-eddy-merckx\/","url":"https:\/\/www.welovecycling.com\/wide\/2018\/07\/26\/luis-ocana-was-the-only-one-who-didnt-fear-the-mighty-eddy-merckx\/","name":"Luis Oca\u00f1a Was the Only One Who Didn\u2019t Fear the Mighty Eddy Merckx - \u0160koda We Love Cycling","isPartOf":{"@id":"https:\/\/www.welovecycling.com\/wide\/#website"},"primaryImageOfPage":{"@id":"https:\/\/www.welovecycling.com\/wide\/2018\/07\/26\/luis-ocana-was-the-only-one-who-didnt-fear-the-mighty-eddy-merckx\/#primaryimage"},"image":{"@id":"https:\/\/www.welovecycling.com\/wide\/2018\/07\/26\/luis-ocana-was-the-only-one-who-didnt-fear-the-mighty-eddy-merckx\/#primaryimage"},"thumbnailUrl":"https:\/\/d2p6e6u75xmxt8.cloudfront.net\/2\/2018\/07\/profimedia-0330144401-1.webp","datePublished":"2018-07-26T06:58:00+00:00","dateModified":"2018-07-26T07:02:19+00:00","author":{"@id":""},"description":"History books may say that the 1971 Tour de France was won by the Cannibal. And Eddy Merckx was indeed the first rider to cross the finish line in Paris,","breadcrumb":{"@id":"https:\/\/www.welovecycling.com\/wide\/2018\/07\/26\/luis-ocana-was-the-only-one-who-didnt-fear-the-mighty-eddy-merckx\/#breadcrumb"},"inLanguage":"en-US","potentialAction":[{"@type":"ReadAction","target":["https:\/\/www.welovecycling.com\/wide\/2018\/07\/26\/luis-ocana-was-the-only-one-who-didnt-fear-the-mighty-eddy-merckx\/"]}]},{"@type":"ImageObject","inLanguage":"en-US","@id":"https:\/\/www.welovecycling.com\/wide\/2018\/07\/26\/luis-ocana-was-the-only-one-who-didnt-fear-the-mighty-eddy-merckx\/#primaryimage","url":"https:\/\/d2p6e6u75xmxt8.cloudfront.net\/2\/2018\/07\/profimedia-0330144401-1.webp","contentUrl":"https:\/\/d2p6e6u75xmxt8.cloudfront.net\/2\/2018\/07\/profimedia-0330144401-1.webp","width":900,"height":600},{"@type":"BreadcrumbList","@id":"https:\/\/www.welovecycling.com\/wide\/2018\/07\/26\/luis-ocana-was-the-only-one-who-didnt-fear-the-mighty-eddy-merckx\/#breadcrumb","itemListElement":[{"@type":"ListItem","position":1,"name":"Home","item":"https:\/\/www.welovecycling.com\/wide\/"},{"@type":"ListItem","position":2,"name":"Luis Oca\u00f1a Was the Only One Who Didn\u2019t Fear the Mighty Eddy Merckx"}]},{"@type":"WebSite","@id":"https:\/\/www.welovecycling.com\/wide\/#website","url":"https:\/\/www.welovecycling.com\/wide\/","name":"\u0160koda We Love Cycling","description":"\u0160koda We Love Cycling magazine","alternateName":"\u0160koda WLC","potentialAction":[{"@type":"SearchAction","target":{"@type":"EntryPoint","urlTemplate":"https:\/\/www.welovecycling.com\/wide\/?s={search_term_string}"},"query-input":{"@type":"PropertyValueSpecification","valueRequired":true,"valueName":"search_term_string"}}],"inLanguage":"en-US"},{"@type":"Person","@id":"","url":"https:\/\/www.welovecycling.com\/wide\/author\/"}]}},"_links":{"self":[{"href":"https:\/\/www.welovecycling.com\/wide\/wp-json\/wp\/v2\/posts\/166520","targetHints":{"allow":["GET"]}}],"collection":[{"href":"https:\/\/www.welovecycling.com\/wide\/wp-json\/wp\/v2\/posts"}],"about":[{"href":"https:\/\/www.welovecycling.com\/wide\/wp-json\/wp\/v2\/types\/post"}],"author":[{"embeddable":true,"href":"https:\/\/www.welovecycling.com\/wide\/wp-json\/wp\/v2\/users\/12"}],"replies":[{"embeddable":true,"href":"https:\/\/www.welovecycling.com\/wide\/wp-json\/wp\/v2\/comments?post=166520"}],"version-history":[{"count":2,"href":"https:\/\/www.welovecycling.com\/wide\/wp-json\/wp\/v2\/posts\/166520\/revisions"}],"predecessor-version":[{"id":166531,"href":"https:\/\/www.welovecycling.com\/wide\/wp-json\/wp\/v2\/posts\/166520\/revisions\/166531"}],"wp:featuredmedia":[{"embeddable":true,"href":"https:\/\/www.welovecycling.com\/wide\/wp-json\/wp\/v2\/media\/166522"}],"wp:attachment":[{"href":"https:\/\/www.welovecycling.com\/wide\/wp-json\/wp\/v2\/media?parent=166520"}],"wp:term":[{"taxonomy":"category","embeddable":true,"href":"https:\/\/www.welovecycling.com\/wide\/wp-json\/wp\/v2\/categories?post=166520"},{"taxonomy":"post_tag","embeddable":true,"href":"https:\/\/www.welovecycling.com\/wide\/wp-json\/wp\/v2\/tags?post=166520"},{"taxonomy":"global-categories","embeddable":true,"href":"https:\/\/www.welovecycling.com\/wide\/wp-json\/wp\/v2\/global-categories?post=166520"}],"curies":[{"name":"wp","href":"https:\/\/api.w.org\/{rel}","templated":true}]}}