{"id":165665,"date":"2018-07-05T07:10:02","date_gmt":"2018-07-05T07:10:02","guid":{"rendered":"https:\/\/www.welovecycling.com\/wide\/?p=165665"},"modified":"2018-07-30T06:06:42","modified_gmt":"2018-07-30T06:06:42","slug":"the-mavic-support-vehicles-of-le-tour-de-france","status":"publish","type":"post","link":"https:\/\/www.welovecycling.com\/wide\/2018\/07\/05\/the-mavic-support-vehicles-of-le-tour-de-france\/","title":{"rendered":"The Mavic Support Vehicles of Le Tour de France"},"content":{"rendered":"<p><strong>Jens Voigt has crashed his bike hard in the 2010 Tour de France. The frame is snapped like a twig, the derailleur bent, and the driver of the broom wagon asks Voigt if he wants a lift. Voigt is a hair\u2019s breadth away from abandoning.<\/strong><!--more--><\/p>\n<p>Voigt demands a bike, but both his team cars are covering the race leader. When all hope is lost, a yellow \u0160koda SUPERB appears \u2013 the neutral Mavic race support has arrived, and Voigt is handed one of their iconic yellow bikes and finishes the stage.<\/p>\n<p>https:\/\/www.youtube.com\/watch?v=lF_ExzQShZI<\/p>\n<p>We Love Cycling spoke with Mavic&#8217;s Jacques Corteggiani to find out what it takes to keep riders in the race\u2026<\/p>\n<h2><strong>Size matters<\/strong><\/h2>\n<p>Jens &#8220;shut up legs&#8221; Voigt is a funny guy, and the media relayed his joke about finishing the stage on a &#8220;child&#8217;s bike&#8221;. The reality is Mavic carry as wide a range of bikes as possible to suit as many riders as possible. Remember, Dumoulin is under 5 foot 3 whereas Voigt is over a foot taller.<\/p>\n<p>Jacques tells me that as well as frame sizes, Mavic offer a seatpost that uses, &#8220;the same system of telescopic saddle as in the mountain bike&#8221;. Mavic are nothing but practical, and adopting drop-posts for road cycling makes perfect sense in an emergency.<\/p>\n<h2><strong>Having the right tools<\/strong><\/h2>\n<p>Jacques shares that the Mavic cars are &#8220;most important for the riders on the cobbles and on the mountain stage&#8221;. These are both areas where the peloton could break apart and team cars have to make difficult decisions about which riders need their support the most.<\/p>\n<figure id=\"attachment_152242\" aria-describedby=\"caption-attachment-152242\" style=\"width: 1250px\" class=\"wp-caption alignnone\"><a href=\"https:\/\/d2p6e6u75xmxt8.cloudfront.net\/2\/2017\/06\/profimedia-0294076251.jpg\"><img loading=\"lazy\" decoding=\"async\" class=\"size-full wp-image-152242\" src=\"https:\/\/d2p6e6u75xmxt8.cloudfront.net\/2\/2017\/06\/profimedia-0294076251.jpg\" alt=\"\" width=\"1250\" height=\"833\" \/><\/a><figcaption id=\"caption-attachment-152242\" class=\"wp-caption-text\">Chris Froome is given a bike after crashing during the 12th stage of the 2016 Tour de France.<\/figcaption><\/figure>\n<p>Mavic have a range of spare groupsets, ranging from Campagnolo to Shimano and Red. Not only that, but wheel hub ranges have to be catered for, including disc brakes. Each \u0160koda SUPERB is kitted out with Park Tools, and Mavic even offer &#8220;a range of helmets to the medical team&#8221; in case any rider trashes theirs.<\/p>\n<h2><strong>Stacking the car<\/strong><\/h2>\n<p>Each Mavic car is stacked with 6 bikes, Jacques says, each with &#8220;different sizes with different pedals&#8221;. The pedals can be swapped out quickly by the mechanic riding in the back, and the bikes are a range of different brands, usually retired from pro-peloton use and sprayed yellow.<\/p>\n<p>Mavic place two cars at the front of the peloton, but one car stays near to the race director with three bikes set up for the top three General Classification contenders \u2013 ready to be deployed to keep the likes of Froome and Nibali in the race\u2026<\/p>\n<h2><strong>Making a difference<\/strong><\/h2>\n<p>Rigoberto Uran was doing well in the 2017 Tour de France when a crash involving Richie Porte on the descent of Mont du Chat damaged his derailleur and left him with only a single gear. Uran was in a break-away and his team cars were out of reach. Jacques said that that was when Uran spied a Mavic vehicle.<\/p>\n<p><iframe loading=\"lazy\" src=\"\/\/players.brightcove.net\/4358179179001\/HJreM6wzf_default\/index.html?videoId=5498814726001\" width=\"750\" height=\"450\" frameborder=\"0\" allowfullscreen=\"allowfullscreen\"><span data-mce-type=\"bookmark\" style=\"display: inline-block; width: 0px; overflow: hidden; line-height: 0;\" class=\"mce_SELRES_start\">\ufeff<\/span><\/iframe><\/p>\n<p>Uran pulled alongside the \u0160koda SUPERB, and the Mavic technician leaned out the window to adjust the derailleur, popping the chain onto the 11 sprocket. This gave Uran the choice of a high 53\/11 gear and a medium 39\/11 gear \u2013 enough for him to not only stay in the race, but end ahead of Froome, beating Barguil and Fuglsang in a sprint finish.<\/p>\n<p>Mavic&#8217;s neutral service vehicles may be important for riders, but arguably they&#8217;re even more important for all of us fans of the sport.<\/p>\n","protected":false},"excerpt":{"rendered":"<p>Jens Voigt has crashed his bike hard in the 2010 Tour de France. The frame is snapped like a twig, [&hellip;]<\/p>\n","protected":false},"author":27,"featured_media":165764,"comment_status":"open","ping_status":"open","sticky":false,"template":"","format":"video","meta":{"footnotes":""},"categories":[329],"tags":[2091,1607,2090,1260,2080,433,2064],"global-categories":[],"class_list":["post-165665","post","type-post","status-publish","format-video","has-post-thumbnail","hentry","category-road-cycling","tag-jacques-corteggiani","tag-jens-voigt","tag-mavic","tag-rigoberto-uran","tag-tdf-2018","tag-tour-de-france","tag-tour-de-france-2018","post_format-post-format-video"],"yoast_head":"<!-- This site is optimized with the Yoast SEO Premium plugin v25.3 (Yoast SEO v25.9) - https:\/\/yoast.com\/wordpress\/plugins\/seo\/ -->\n<title>The Mavic Support Vehicles of Le Tour de France - \u0160koda We Love Cycling<\/title>\n<meta name=\"description\" content=\"Jens Voigt has crashed his bike hard in the 2010 Tour de France. The frame is snapped like a twig, the derailleur bent, and the driver of the broom wagon\" \/>\n<meta name=\"robots\" content=\"index, follow, max-snippet:-1, max-image-preview:large, max-video-preview:-1\" \/>\n<link rel=\"canonical\" href=\"https:\/\/www.welovecycling.com\/wide\/2018\/07\/05\/the-mavic-support-vehicles-of-le-tour-de-france\/\" \/>\n<meta property=\"og:locale\" content=\"en_US\" \/>\n<meta property=\"og:type\" content=\"article\" \/>\n<meta property=\"og:title\" content=\"The Mavic Support Vehicles of Le Tour de France\" \/>\n<meta property=\"og:description\" content=\"Jens Voigt has crashed his bike hard in the 2010 Tour de France. The frame is snapped like a twig, the derailleur bent, and the driver of the broom wagon\" \/>\n<meta property=\"og:url\" content=\"https:\/\/www.welovecycling.com\/wide\/2018\/07\/05\/the-mavic-support-vehicles-of-le-tour-de-france\/\" \/>\n<meta property=\"og:site_name\" content=\"\u0160koda We Love Cycling\" \/>\n<meta property=\"article:published_time\" content=\"2018-07-05T07:10:02+00:00\" \/>\n<meta property=\"article:modified_time\" content=\"2018-07-30T06:06:42+00:00\" \/>\n<meta property=\"og:image\" content=\"https:\/\/d2p6e6u75xmxt8.cloudfront.net\/2\/2018\/07\/mavic_cover.webp\" \/>\n\t<meta property=\"og:image:width\" content=\"989\" \/>\n\t<meta property=\"og:image:height\" content=\"659\" \/>\n\t<meta property=\"og:image:type\" content=\"image\/webp\" \/>\n<meta name=\"author\" content=\"jakubstepanek\" \/>\n<meta name=\"twitter:card\" content=\"summary_large_image\" \/>\n<meta name=\"twitter:label1\" content=\"Written by\" \/>\n\t<meta name=\"twitter:data1\" content=\"Christopher Ashley\" \/>\n\t<meta name=\"twitter:label2\" content=\"Est. watching time\" \/>\n\t<meta name=\"twitter:data2\" content=\"6\" \/>\n<script type=\"application\/ld+json\" class=\"yoast-schema-graph\">{\"@context\":\"https:\/\/schema.org\",\"@graph\":[{\"@type\":\"WebPage\",\"@id\":\"https:\/\/www.welovecycling.com\/wide\/2018\/07\/05\/the-mavic-support-vehicles-of-le-tour-de-france\/\",\"url\":\"https:\/\/www.welovecycling.com\/wide\/2018\/07\/05\/the-mavic-support-vehicles-of-le-tour-de-france\/\",\"name\":\"The Mavic Support Vehicles of Le Tour de France - \u0160koda We Love Cycling\",\"isPartOf\":{\"@id\":\"https:\/\/www.welovecycling.com\/wide\/#website\"},\"primaryImageOfPage\":{\"@id\":\"https:\/\/www.welovecycling.com\/wide\/2018\/07\/05\/the-mavic-support-vehicles-of-le-tour-de-france\/#primaryimage\"},\"image\":{\"@id\":\"https:\/\/www.welovecycling.com\/wide\/2018\/07\/05\/the-mavic-support-vehicles-of-le-tour-de-france\/#primaryimage\"},\"thumbnailUrl\":\"https:\/\/d2p6e6u75xmxt8.cloudfront.net\/2\/2018\/07\/mavic_cover.webp\",\"datePublished\":\"2018-07-05T07:10:02+00:00\",\"dateModified\":\"2018-07-30T06:06:42+00:00\",\"author\":{\"@id\":\"https:\/\/www.welovecycling.com\/wide\/#\/schema\/person\/d42ede5c64c67b5db7ea181a1a82b2d5\"},\"description\":\"Jens Voigt has crashed his bike hard in the 2010 Tour de France. The frame is snapped like a twig, the derailleur bent, and the driver of the broom wagon\",\"breadcrumb\":{\"@id\":\"https:\/\/www.welovecycling.com\/wide\/2018\/07\/05\/the-mavic-support-vehicles-of-le-tour-de-france\/#breadcrumb\"},\"inLanguage\":\"en-US\",\"potentialAction\":[{\"@type\":\"ReadAction\",\"target\":[\"https:\/\/www.welovecycling.com\/wide\/2018\/07\/05\/the-mavic-support-vehicles-of-le-tour-de-france\/\"]}]},{\"@type\":\"ImageObject\",\"inLanguage\":\"en-US\",\"@id\":\"https:\/\/www.welovecycling.com\/wide\/2018\/07\/05\/the-mavic-support-vehicles-of-le-tour-de-france\/#primaryimage\",\"url\":\"https:\/\/d2p6e6u75xmxt8.cloudfront.net\/2\/2018\/07\/mavic_cover.webp\",\"contentUrl\":\"https:\/\/d2p6e6u75xmxt8.cloudfront.net\/2\/2018\/07\/mavic_cover.webp\",\"width\":989,\"height\":659},{\"@type\":\"BreadcrumbList\",\"@id\":\"https:\/\/www.welovecycling.com\/wide\/2018\/07\/05\/the-mavic-support-vehicles-of-le-tour-de-france\/#breadcrumb\",\"itemListElement\":[{\"@type\":\"ListItem\",\"position\":1,\"name\":\"Home\",\"item\":\"https:\/\/www.welovecycling.com\/wide\/\"},{\"@type\":\"ListItem\",\"position\":2,\"name\":\"The Mavic Support Vehicles of Le Tour de France\"}]},{\"@type\":\"WebSite\",\"@id\":\"https:\/\/www.welovecycling.com\/wide\/#website\",\"url\":\"https:\/\/www.welovecycling.com\/wide\/\",\"name\":\"\u0160koda We Love Cycling\",\"description\":\"\u0160koda We Love Cycling magazine\",\"alternateName\":\"\u0160koda WLC\",\"potentialAction\":[{\"@type\":\"SearchAction\",\"target\":{\"@type\":\"EntryPoint\",\"urlTemplate\":\"https:\/\/www.welovecycling.com\/wide\/?s={search_term_string}\"},\"query-input\":{\"@type\":\"PropertyValueSpecification\",\"valueRequired\":true,\"valueName\":\"search_term_string\"}}],\"inLanguage\":\"en-US\"},{\"@type\":\"Person\",\"@id\":\"https:\/\/www.welovecycling.com\/wide\/#\/schema\/person\/d42ede5c64c67b5db7ea181a1a82b2d5\",\"name\":\"jakubstepanek\",\"image\":{\"@type\":\"ImageObject\",\"inLanguage\":\"en-US\",\"@id\":\"https:\/\/www.welovecycling.com\/wide\/#\/schema\/person\/image\/\",\"url\":\"https:\/\/secure.gravatar.com\/avatar\/6088ff8a87539139d91121309dad6f7aee973467a9fee79888aeb2a7f7dc88a2?s=96&d=mm&r=g\",\"contentUrl\":\"https:\/\/secure.gravatar.com\/avatar\/6088ff8a87539139d91121309dad6f7aee973467a9fee79888aeb2a7f7dc88a2?s=96&d=mm&r=g\",\"caption\":\"jakubstepanek\"},\"url\":\"https:\/\/www.welovecycling.com\/wide\/author\/jakubstepanek\/\"}]}<\/script>\n<!-- \/ Yoast SEO Premium plugin. -->","yoast_head_json":{"title":"The Mavic Support Vehicles of Le Tour de France - \u0160koda We Love Cycling","description":"Jens Voigt has crashed his bike hard in the 2010 Tour de France. The frame is snapped like a twig, the derailleur bent, and the driver of the broom wagon","robots":{"index":"index","follow":"follow","max-snippet":"max-snippet:-1","max-image-preview":"max-image-preview:large","max-video-preview":"max-video-preview:-1"},"canonical":"https:\/\/www.welovecycling.com\/wide\/2018\/07\/05\/the-mavic-support-vehicles-of-le-tour-de-france\/","og_locale":"en_US","og_type":"article","og_title":"The Mavic Support Vehicles of Le Tour de France","og_description":"Jens Voigt has crashed his bike hard in the 2010 Tour de France. The frame is snapped like a twig, the derailleur bent, and the driver of the broom wagon","og_url":"https:\/\/www.welovecycling.com\/wide\/2018\/07\/05\/the-mavic-support-vehicles-of-le-tour-de-france\/","og_site_name":"\u0160koda We Love Cycling","article_published_time":"2018-07-05T07:10:02+00:00","article_modified_time":"2018-07-30T06:06:42+00:00","og_image":[{"width":989,"height":659,"url":"https:\/\/d2p6e6u75xmxt8.cloudfront.net\/2\/2018\/07\/mavic_cover.webp","type":"image\/webp"}],"author":"jakubstepanek","twitter_card":"summary_large_image","twitter_misc":{"Written by":"Christopher Ashley","Est. watching time":"6"},"schema":{"@context":"https:\/\/schema.org","@graph":[{"@type":"WebPage","@id":"https:\/\/www.welovecycling.com\/wide\/2018\/07\/05\/the-mavic-support-vehicles-of-le-tour-de-france\/","url":"https:\/\/www.welovecycling.com\/wide\/2018\/07\/05\/the-mavic-support-vehicles-of-le-tour-de-france\/","name":"The Mavic Support Vehicles of Le Tour de France - \u0160koda We Love Cycling","isPartOf":{"@id":"https:\/\/www.welovecycling.com\/wide\/#website"},"primaryImageOfPage":{"@id":"https:\/\/www.welovecycling.com\/wide\/2018\/07\/05\/the-mavic-support-vehicles-of-le-tour-de-france\/#primaryimage"},"image":{"@id":"https:\/\/www.welovecycling.com\/wide\/2018\/07\/05\/the-mavic-support-vehicles-of-le-tour-de-france\/#primaryimage"},"thumbnailUrl":"https:\/\/d2p6e6u75xmxt8.cloudfront.net\/2\/2018\/07\/mavic_cover.webp","datePublished":"2018-07-05T07:10:02+00:00","dateModified":"2018-07-30T06:06:42+00:00","author":{"@id":"https:\/\/www.welovecycling.com\/wide\/#\/schema\/person\/d42ede5c64c67b5db7ea181a1a82b2d5"},"description":"Jens Voigt has crashed his bike hard in the 2010 Tour de France. The frame is snapped like a twig, the derailleur bent, and the driver of the broom wagon","breadcrumb":{"@id":"https:\/\/www.welovecycling.com\/wide\/2018\/07\/05\/the-mavic-support-vehicles-of-le-tour-de-france\/#breadcrumb"},"inLanguage":"en-US","potentialAction":[{"@type":"ReadAction","target":["https:\/\/www.welovecycling.com\/wide\/2018\/07\/05\/the-mavic-support-vehicles-of-le-tour-de-france\/"]}]},{"@type":"ImageObject","inLanguage":"en-US","@id":"https:\/\/www.welovecycling.com\/wide\/2018\/07\/05\/the-mavic-support-vehicles-of-le-tour-de-france\/#primaryimage","url":"https:\/\/d2p6e6u75xmxt8.cloudfront.net\/2\/2018\/07\/mavic_cover.webp","contentUrl":"https:\/\/d2p6e6u75xmxt8.cloudfront.net\/2\/2018\/07\/mavic_cover.webp","width":989,"height":659},{"@type":"BreadcrumbList","@id":"https:\/\/www.welovecycling.com\/wide\/2018\/07\/05\/the-mavic-support-vehicles-of-le-tour-de-france\/#breadcrumb","itemListElement":[{"@type":"ListItem","position":1,"name":"Home","item":"https:\/\/www.welovecycling.com\/wide\/"},{"@type":"ListItem","position":2,"name":"The Mavic Support Vehicles of Le Tour de France"}]},{"@type":"WebSite","@id":"https:\/\/www.welovecycling.com\/wide\/#website","url":"https:\/\/www.welovecycling.com\/wide\/","name":"\u0160koda We Love Cycling","description":"\u0160koda We Love Cycling magazine","alternateName":"\u0160koda WLC","potentialAction":[{"@type":"SearchAction","target":{"@type":"EntryPoint","urlTemplate":"https:\/\/www.welovecycling.com\/wide\/?s={search_term_string}"},"query-input":{"@type":"PropertyValueSpecification","valueRequired":true,"valueName":"search_term_string"}}],"inLanguage":"en-US"},{"@type":"Person","@id":"https:\/\/www.welovecycling.com\/wide\/#\/schema\/person\/d42ede5c64c67b5db7ea181a1a82b2d5","name":"jakubstepanek","image":{"@type":"ImageObject","inLanguage":"en-US","@id":"https:\/\/www.welovecycling.com\/wide\/#\/schema\/person\/image\/","url":"https:\/\/secure.gravatar.com\/avatar\/6088ff8a87539139d91121309dad6f7aee973467a9fee79888aeb2a7f7dc88a2?s=96&d=mm&r=g","contentUrl":"https:\/\/secure.gravatar.com\/avatar\/6088ff8a87539139d91121309dad6f7aee973467a9fee79888aeb2a7f7dc88a2?s=96&d=mm&r=g","caption":"jakubstepanek"},"url":"https:\/\/www.welovecycling.com\/wide\/author\/jakubstepanek\/"}]}},"_links":{"self":[{"href":"https:\/\/www.welovecycling.com\/wide\/wp-json\/wp\/v2\/posts\/165665","targetHints":{"allow":["GET"]}}],"collection":[{"href":"https:\/\/www.welovecycling.com\/wide\/wp-json\/wp\/v2\/posts"}],"about":[{"href":"https:\/\/www.welovecycling.com\/wide\/wp-json\/wp\/v2\/types\/post"}],"author":[{"embeddable":true,"href":"https:\/\/www.welovecycling.com\/wide\/wp-json\/wp\/v2\/users\/27"}],"replies":[{"embeddable":true,"href":"https:\/\/www.welovecycling.com\/wide\/wp-json\/wp\/v2\/comments?post=165665"}],"version-history":[{"count":2,"href":"https:\/\/www.welovecycling.com\/wide\/wp-json\/wp\/v2\/posts\/165665\/revisions"}],"predecessor-version":[{"id":165735,"href":"https:\/\/www.welovecycling.com\/wide\/wp-json\/wp\/v2\/posts\/165665\/revisions\/165735"}],"wp:featuredmedia":[{"embeddable":true,"href":"https:\/\/www.welovecycling.com\/wide\/wp-json\/wp\/v2\/media\/165764"}],"wp:attachment":[{"href":"https:\/\/www.welovecycling.com\/wide\/wp-json\/wp\/v2\/media?parent=165665"}],"wp:term":[{"taxonomy":"category","embeddable":true,"href":"https:\/\/www.welovecycling.com\/wide\/wp-json\/wp\/v2\/categories?post=165665"},{"taxonomy":"post_tag","embeddable":true,"href":"https:\/\/www.welovecycling.com\/wide\/wp-json\/wp\/v2\/tags?post=165665"},{"taxonomy":"global-categories","embeddable":true,"href":"https:\/\/www.welovecycling.com\/wide\/wp-json\/wp\/v2\/global-categories?post=165665"}],"curies":[{"name":"wp","href":"https:\/\/api.w.org\/{rel}","templated":true}]}}