{"id":165175,"date":"2018-06-06T09:26:46","date_gmt":"2018-06-06T09:26:46","guid":{"rendered":"https:\/\/www.welovecycling.com\/wide\/?p=165175"},"modified":"2018-06-06T09:26:46","modified_gmt":"2018-06-06T09:26:46","slug":"cycling-typology-are-you-guilty-of-being-a-doris-or-a-fred","status":"publish","type":"post","link":"https:\/\/www.welovecycling.com\/wide\/2018\/06\/06\/cycling-typology-are-you-guilty-of-being-a-doris-or-a-fred\/","title":{"rendered":"Cycling Typology: Are You Guilty of Being a Doris or a Fred?"},"content":{"rendered":"<p><strong>Some believe that calling a cyclist a Doris or Fred is derisive &#8211; but others believe we should celebrate the very fact they exist. Let\u2019s explore exactly what Fred, and his female counterpoint Doris, mean to us cyclists.<\/strong><!--more--><\/p>\n<h2><strong>What is a Fred?<\/strong><\/h2>\n<p>There isn\u2019t really a consensus, but we know that a Fred doesn\u2019t conform to the professional or stylish standards of the type of cycling they\u2019re engaged in. A Fred could be identified by the wing mirrors on their road bike. A Doris by the triathlon skinsuit she\u2019s wearing on a mountain bike trail. A BMXer wearing bib-shorts and <a href=\"http:\/\/www.wiggle.co.uk\/oakley-mark-cavendish-edition-jawbreaker-sunglasses\/?lang=en&amp;curr=GBP&amp;dest=1&amp;sku=5360708572&amp;kpid=5360708572&amp;utm_source=google&amp;utm_term&amp;utm_campaign=UK_PLA_Accessories&amp;utm_medium=base&amp;utm_content=mckv%257csQ8F0dxUp_dc%257cmcrid%257c67090793342%257cmkw%257c%257cmmt%257c%257cmrd%257c5360708572uk%257cmslid%257c%257c&amp;mkwid=sQ8F0dxUp_dc&amp;pcrid=67090793342&amp;prd=5360708572uk&amp;pgrid=17507339942&amp;ptaid=aud-94098342302:pla-121252183502\">Oakley Jawbreakers<\/a>.<\/p>\n<div class=\"shortcode-ys-post-pinup\"><article class=\"loop-simple post-163294 post type-post status-publish format-standard has-post-thumbnail hentry category-health-and-training tag-cyclist-in-a-gym tag-fun\" data-postid=\"163294\" role=\"article\" data-post-id=\"163294\" data-word-count=\"218\" data-headline-length=\"67\" data-category=\"Health &amp; Training\" data-author=\"Adam Marsal\" data-published=\"2018-01-30T13:07:33+00:00\" data-published-day=\"Tuesday\">\n    <div class=\"entry-thumbnail article-thumbnail\" content=\"https:\/\/d2p6e6u75xmxt8.cloudfront.net\/2\/2018\/01\/profimedia-0360961098-1-150x150.webp\"><a href=\"https:\/\/www.welovecycling.com\/wide\/2018\/01\/30\/15-signs-people-gym-can-tell-youre-cyclist\/\" class=\"image-holder\" target=\"_self\"><img decoding=\"async\" loading=\"lazy\" class=\"\" src=\"https:\/\/d2p6e6u75xmxt8.cloudfront.net\/2\/2018\/01\/profimedia-0360961098-1.webp\" srcset=\"https:\/\/d2p6e6u75xmxt8.cloudfront.net\/2\/2018\/01\/profimedia-0360961098-1.webp 900w, https:\/\/d2p6e6u75xmxt8.cloudfront.net\/2\/2018\/01\/profimedia-0360961098-1-300x200.webp 300w, https:\/\/d2p6e6u75xmxt8.cloudfront.net\/2\/2018\/01\/profimedia-0360961098-1-768x512.webp 768w, https:\/\/d2p6e6u75xmxt8.cloudfront.net\/2\/2018\/01\/profimedia-0360961098-1-272x182.webp 272w\" width=\"900\" height=\"600\" sizes=\"auto, (min-width: 1200px) 300px, (min-width: 768px) 25vw, 100vw\" alt=\"15-signs-people-gym-can-tell-youre-cyclist\"\/><\/a><\/div>    <div class=\"entry-meta\">\n        <a class=\"label label-secondary post-category\" href=\"https:\/\/www.welovecycling.com\/wide\/category\/health-and-training\/\" title=\"Health &amp; Training\">Health &amp; Training<\/a>\n    <\/div>\n    <div class=\"entry-details\">\n        <a href=\"https:\/\/www.welovecycling.com\/wide\/2018\/01\/30\/15-signs-people-gym-can-tell-youre-cyclist\/\" class='entry-title-wrapper'>\n            <h3 class=\"entry-title\"><span>15 Signs By Which People at the Gym Can Tell You&#8217;re a Cyclist<\/span><\/h3>\n        <\/a>\n    <\/div>\n    <\/article>\n<\/div>\n<p>They just look odd. If you adhere to the Velominati\u2019s rules, you\u2019ll always cut a dashing look on the road \u2013 but neither Doris nor Fred seems to have heard of these rules and will be in breach of at least three quarters of them. But why?<\/p>\n<h2><strong>Doris and Fred don\u2019t care<\/strong><\/h2>\n<p>For some strange reason, Doris and Fred don\u2019t mind looking like amateurs. They\u2019ll have a set of panniers for a 30-mile leisure ride, a pump on their frame, a saddle bag with a full repair kit, and a change of clothing \u2013 just in case. They don\u2019t care if they look like dorks.<\/p>\n<lite-youtube videoid=GPSCO3Jmy6k params=\"enablejsapi=1\" style=\"background-image: url('https:\/\/i.ytimg.com\/vi_webp\/GPSCO3Jmy6k\/maxresdefault.webp');\"><\/lite-youtube>\n<p>But if they get caught in a downpour, they\u2019ll stay dry. A puncture won\u2019t ruin their day. And they\u2019ll have a flask of weak lemon drink, and banana and peanut butter sandwiches to keep them going \u2013 just in case the weather inspires a spontaneous 150-mile brevet.<\/p>\n<h2><strong>It\u2019s spiritual<\/strong><\/h2>\n<p>When you see a Fred or Doris out on the trails or on the open road, you can be forgiven for allowing yourself that small feeling of superiority. The lights cable tied to their helmets, and the cleated road shoes on the full suspension mountain bike \u2013 it all looks ridiculous.<\/p>\n<div class=\"shortcode-ys-post-pinup\"><article class=\"loop-simple post-163995 post type-post status-publish format-standard has-post-thumbnail hentry category-road-cycling tag-fun tag-fun-cycling tag-funny\" data-postid=\"163995\" role=\"article\" data-post-id=\"163995\" data-word-count=\"205\" data-headline-length=\"39\" data-category=\"Road cycling\" data-author=\"Adam Marsal\" data-published=\"2018-03-23T12:52:28+00:00\" data-published-day=\"Friday\">\n    <div class=\"entry-thumbnail article-thumbnail\" content=\"https:\/\/d2p6e6u75xmxt8.cloudfront.net\/2\/2018\/03\/445784547875_56668468486-150x150.webp\"><a href=\"https:\/\/www.welovecycling.com\/wide\/2018\/03\/23\/13-things-non-cyclists-hardly-get\/\" class=\"image-holder\" target=\"_self\"><img decoding=\"async\" loading=\"lazy\" class=\"\" src=\"https:\/\/d2p6e6u75xmxt8.cloudfront.net\/2\/2018\/03\/445784547875_56668468486.webp\" srcset=\"https:\/\/d2p6e6u75xmxt8.cloudfront.net\/2\/2018\/03\/445784547875_56668468486.webp 900w, https:\/\/d2p6e6u75xmxt8.cloudfront.net\/2\/2018\/03\/445784547875_56668468486-300x200.webp 300w, https:\/\/d2p6e6u75xmxt8.cloudfront.net\/2\/2018\/03\/445784547875_56668468486-768x512.webp 768w, https:\/\/d2p6e6u75xmxt8.cloudfront.net\/2\/2018\/03\/445784547875_56668468486-272x182.webp 272w\" width=\"900\" height=\"600\" sizes=\"auto, (min-width: 1200px) 300px, (min-width: 768px) 25vw, 100vw\" alt=\"13-things-non-cyclists-hardly-get\"\/><\/a><\/div>    <div class=\"entry-meta\">\n        <a class=\"label label-secondary post-category\" href=\"https:\/\/www.welovecycling.com\/wide\/category\/road-cycling\/\" title=\"Road cycling\">Road cycling<\/a>\n    <\/div>\n    <div class=\"entry-details\">\n        <a href=\"https:\/\/www.welovecycling.com\/wide\/2018\/03\/23\/13-things-non-cyclists-hardly-get\/\" class='entry-title-wrapper'>\n            <h3 class=\"entry-title\"><span>13 Things Non-Cyclists Would Hardly Get<\/span><\/h3>\n        <\/a>\n    <\/div>\n    <\/article>\n<\/div>\n<p>But far from being amateurs, Fred and Doris know the game.\u00a0 They\u2019ve read the magazines, argued on the forums, and know the value of both being a part of a cycle club &#8211; and the joys of the solitary ride. Now, they just want to enjoy cycling with all the trappings. If the road bike shoe fits the MTB, and they traverse muddy trails quicker on slick tyres, then that\u2019s what they\u2019re sticking with. Doris and Fred are practical \u2013 they are enlightened.<\/p>\n<h2><strong>Respect<\/strong><\/h2>\n<p>Every seasoned cyclist will have a story. That time they were cycling their S-Works up Mont Ventoux, overtaken and then dropped by a quiet, bearded Fred on an old steel hybrid with full mudguards. Or beaten down the Tahoe Rim trail by a petite, screaming, laughing Doris on a Schwinn.<\/p>\n<figure id=\"attachment_165219\" aria-describedby=\"caption-attachment-165219\" style=\"width: 937px\" class=\"wp-caption alignnone\"><a href=\"https:\/\/d2p6e6u75xmxt8.cloudfront.net\/2\/2018\/06\/20214080_296596784142478_288131338500833280_n.jpg\"><img loading=\"lazy\" decoding=\"async\" class=\"size-full wp-image-165219\" src=\"https:\/\/d2p6e6u75xmxt8.cloudfront.net\/2\/2018\/06\/20214080_296596784142478_288131338500833280_n.jpg\" alt=\"\" width=\"937\" height=\"1171\" \/><\/a><figcaption id=\"caption-attachment-165219\" class=\"wp-caption-text\">Lycra off road? Pah. But I bet she drops you. (instagram.com\/cyclingshots)<\/figcaption><\/figure>\n<p>You just can\u2019t tell whether the over-accessorised cyclist is new to the sport \u2013\u00a0 or whether they\u2019re a rider who\u2019s every decision is borne from thousands of saddle miles. Any anxiety and snobbishness cyclists feel about Fred and Doris is a symptom of this enigmatic ambiguity. Fred and Doris are the mirror that all cyclists stare into. They are what you were &#8211; and what you might become.<\/p>\n","protected":false},"excerpt":{"rendered":"<p>Some believe that calling a cyclist a Doris or Fred is derisive &#8211; but others believe we should celebrate the [&hellip;]<\/p>\n","protected":false},"author":12,"featured_media":165220,"comment_status":"open","ping_status":"open","sticky":false,"template":"","format":"standard","meta":{"footnotes":""},"categories":[329],"tags":[2018,2019],"global-categories":[],"class_list":["post-165175","post","type-post","status-publish","format-standard","has-post-thumbnail","hentry","category-road-cycling","tag-doris","tag-fred"],"yoast_head":"<!-- This site is optimized with the Yoast SEO Premium plugin v25.3 (Yoast SEO v25.9) - https:\/\/yoast.com\/wordpress\/plugins\/seo\/ -->\n<title>Cycling Typology: Are You Guilty of Being a Doris or a Fred? - \u0160koda We Love Cycling<\/title>\n<meta name=\"description\" content=\"Some believe that calling a cyclist a Doris or Fred is derisive - but others believe we should celebrate the very fact they exist. Let\u2019s explore exactly\" \/>\n<meta name=\"robots\" content=\"index, follow, max-snippet:-1, max-image-preview:large, max-video-preview:-1\" \/>\n<link rel=\"canonical\" href=\"https:\/\/www.welovecycling.com\/wide\/2018\/06\/06\/cycling-typology-are-you-guilty-of-being-a-doris-or-a-fred\/\" \/>\n<meta property=\"og:locale\" content=\"en_US\" \/>\n<meta property=\"og:type\" content=\"article\" \/>\n<meta property=\"og:title\" content=\"Cycling Typology: Are You Guilty of Being a Doris or a Fred?\" \/>\n<meta property=\"og:description\" content=\"Some believe that calling a cyclist a Doris or Fred is derisive - but others believe we should celebrate the very fact they exist. Let\u2019s explore exactly\" \/>\n<meta property=\"og:url\" content=\"https:\/\/www.welovecycling.com\/wide\/2018\/06\/06\/cycling-typology-are-you-guilty-of-being-a-doris-or-a-fred\/\" \/>\n<meta property=\"og:site_name\" content=\"\u0160koda We Love Cycling\" \/>\n<meta property=\"article:published_time\" content=\"2018-06-06T09:26:46+00:00\" \/>\n<meta property=\"og:image\" content=\"https:\/\/d2p6e6u75xmxt8.cloudfront.net\/2\/2018\/06\/fredcvr.webp\" \/>\n\t<meta property=\"og:image:width\" content=\"900\" \/>\n\t<meta property=\"og:image:height\" content=\"600\" \/>\n\t<meta property=\"og:image:type\" content=\"image\/webp\" \/>\n<meta name=\"twitter:card\" content=\"summary_large_image\" \/>\n<meta name=\"twitter:label1\" content=\"Written by\" \/>\n\t<meta name=\"twitter:data1\" content=\"Adam Marsal\" \/>\n\t<meta name=\"twitter:label2\" content=\"Est. reading time\" \/>\n\t<meta name=\"twitter:data2\" content=\"3 minutes\" \/>\n<script type=\"application\/ld+json\" class=\"yoast-schema-graph\">{\"@context\":\"https:\/\/schema.org\",\"@graph\":[{\"@type\":\"WebPage\",\"@id\":\"https:\/\/www.welovecycling.com\/wide\/2018\/06\/06\/cycling-typology-are-you-guilty-of-being-a-doris-or-a-fred\/\",\"url\":\"https:\/\/www.welovecycling.com\/wide\/2018\/06\/06\/cycling-typology-are-you-guilty-of-being-a-doris-or-a-fred\/\",\"name\":\"Cycling Typology: Are You Guilty of Being a Doris or a Fred? - \u0160koda We Love Cycling\",\"isPartOf\":{\"@id\":\"https:\/\/www.welovecycling.com\/wide\/#website\"},\"primaryImageOfPage\":{\"@id\":\"https:\/\/www.welovecycling.com\/wide\/2018\/06\/06\/cycling-typology-are-you-guilty-of-being-a-doris-or-a-fred\/#primaryimage\"},\"image\":{\"@id\":\"https:\/\/www.welovecycling.com\/wide\/2018\/06\/06\/cycling-typology-are-you-guilty-of-being-a-doris-or-a-fred\/#primaryimage\"},\"thumbnailUrl\":\"https:\/\/d2p6e6u75xmxt8.cloudfront.net\/2\/2018\/06\/fredcvr.webp\",\"datePublished\":\"2018-06-06T09:26:46+00:00\",\"author\":{\"@id\":\"\"},\"description\":\"Some believe that calling a cyclist a Doris or Fred is derisive - but others believe we should celebrate the very fact they exist. Let\u2019s explore exactly\",\"breadcrumb\":{\"@id\":\"https:\/\/www.welovecycling.com\/wide\/2018\/06\/06\/cycling-typology-are-you-guilty-of-being-a-doris-or-a-fred\/#breadcrumb\"},\"inLanguage\":\"en-US\",\"potentialAction\":[{\"@type\":\"ReadAction\",\"target\":[\"https:\/\/www.welovecycling.com\/wide\/2018\/06\/06\/cycling-typology-are-you-guilty-of-being-a-doris-or-a-fred\/\"]}]},{\"@type\":\"ImageObject\",\"inLanguage\":\"en-US\",\"@id\":\"https:\/\/www.welovecycling.com\/wide\/2018\/06\/06\/cycling-typology-are-you-guilty-of-being-a-doris-or-a-fred\/#primaryimage\",\"url\":\"https:\/\/d2p6e6u75xmxt8.cloudfront.net\/2\/2018\/06\/fredcvr.webp\",\"contentUrl\":\"https:\/\/d2p6e6u75xmxt8.cloudfront.net\/2\/2018\/06\/fredcvr.webp\",\"width\":900,\"height\":600},{\"@type\":\"BreadcrumbList\",\"@id\":\"https:\/\/www.welovecycling.com\/wide\/2018\/06\/06\/cycling-typology-are-you-guilty-of-being-a-doris-or-a-fred\/#breadcrumb\",\"itemListElement\":[{\"@type\":\"ListItem\",\"position\":1,\"name\":\"Home\",\"item\":\"https:\/\/www.welovecycling.com\/wide\/\"},{\"@type\":\"ListItem\",\"position\":2,\"name\":\"Cycling Typology: Are You Guilty of Being a Doris or a Fred?\"}]},{\"@type\":\"WebSite\",\"@id\":\"https:\/\/www.welovecycling.com\/wide\/#website\",\"url\":\"https:\/\/www.welovecycling.com\/wide\/\",\"name\":\"\u0160koda We Love Cycling\",\"description\":\"\u0160koda We Love Cycling magazine\",\"alternateName\":\"\u0160koda WLC\",\"potentialAction\":[{\"@type\":\"SearchAction\",\"target\":{\"@type\":\"EntryPoint\",\"urlTemplate\":\"https:\/\/www.welovecycling.com\/wide\/?s={search_term_string}\"},\"query-input\":{\"@type\":\"PropertyValueSpecification\",\"valueRequired\":true,\"valueName\":\"search_term_string\"}}],\"inLanguage\":\"en-US\"},{\"@type\":\"Person\",\"@id\":\"\",\"url\":\"https:\/\/www.welovecycling.com\/wide\/author\/\"}]}<\/script>\n<!-- \/ Yoast SEO Premium plugin. -->","yoast_head_json":{"title":"Cycling Typology: Are You Guilty of Being a Doris or a Fred? - \u0160koda We Love Cycling","description":"Some believe that calling a cyclist a Doris or Fred is derisive - but others believe we should celebrate the very fact they exist. Let\u2019s explore exactly","robots":{"index":"index","follow":"follow","max-snippet":"max-snippet:-1","max-image-preview":"max-image-preview:large","max-video-preview":"max-video-preview:-1"},"canonical":"https:\/\/www.welovecycling.com\/wide\/2018\/06\/06\/cycling-typology-are-you-guilty-of-being-a-doris-or-a-fred\/","og_locale":"en_US","og_type":"article","og_title":"Cycling Typology: Are You Guilty of Being a Doris or a Fred?","og_description":"Some believe that calling a cyclist a Doris or Fred is derisive - but others believe we should celebrate the very fact they exist. Let\u2019s explore exactly","og_url":"https:\/\/www.welovecycling.com\/wide\/2018\/06\/06\/cycling-typology-are-you-guilty-of-being-a-doris-or-a-fred\/","og_site_name":"\u0160koda We Love Cycling","article_published_time":"2018-06-06T09:26:46+00:00","og_image":[{"width":900,"height":600,"url":"https:\/\/d2p6e6u75xmxt8.cloudfront.net\/2\/2018\/06\/fredcvr.webp","type":"image\/webp"}],"twitter_card":"summary_large_image","twitter_misc":{"Written by":"Adam Marsal","Est. reading time":"3 minutes"},"schema":{"@context":"https:\/\/schema.org","@graph":[{"@type":"WebPage","@id":"https:\/\/www.welovecycling.com\/wide\/2018\/06\/06\/cycling-typology-are-you-guilty-of-being-a-doris-or-a-fred\/","url":"https:\/\/www.welovecycling.com\/wide\/2018\/06\/06\/cycling-typology-are-you-guilty-of-being-a-doris-or-a-fred\/","name":"Cycling Typology: Are You Guilty of Being a Doris or a Fred? - \u0160koda We Love Cycling","isPartOf":{"@id":"https:\/\/www.welovecycling.com\/wide\/#website"},"primaryImageOfPage":{"@id":"https:\/\/www.welovecycling.com\/wide\/2018\/06\/06\/cycling-typology-are-you-guilty-of-being-a-doris-or-a-fred\/#primaryimage"},"image":{"@id":"https:\/\/www.welovecycling.com\/wide\/2018\/06\/06\/cycling-typology-are-you-guilty-of-being-a-doris-or-a-fred\/#primaryimage"},"thumbnailUrl":"https:\/\/d2p6e6u75xmxt8.cloudfront.net\/2\/2018\/06\/fredcvr.webp","datePublished":"2018-06-06T09:26:46+00:00","author":{"@id":""},"description":"Some believe that calling a cyclist a Doris or Fred is derisive - but others believe we should celebrate the very fact they exist. Let\u2019s explore exactly","breadcrumb":{"@id":"https:\/\/www.welovecycling.com\/wide\/2018\/06\/06\/cycling-typology-are-you-guilty-of-being-a-doris-or-a-fred\/#breadcrumb"},"inLanguage":"en-US","potentialAction":[{"@type":"ReadAction","target":["https:\/\/www.welovecycling.com\/wide\/2018\/06\/06\/cycling-typology-are-you-guilty-of-being-a-doris-or-a-fred\/"]}]},{"@type":"ImageObject","inLanguage":"en-US","@id":"https:\/\/www.welovecycling.com\/wide\/2018\/06\/06\/cycling-typology-are-you-guilty-of-being-a-doris-or-a-fred\/#primaryimage","url":"https:\/\/d2p6e6u75xmxt8.cloudfront.net\/2\/2018\/06\/fredcvr.webp","contentUrl":"https:\/\/d2p6e6u75xmxt8.cloudfront.net\/2\/2018\/06\/fredcvr.webp","width":900,"height":600},{"@type":"BreadcrumbList","@id":"https:\/\/www.welovecycling.com\/wide\/2018\/06\/06\/cycling-typology-are-you-guilty-of-being-a-doris-or-a-fred\/#breadcrumb","itemListElement":[{"@type":"ListItem","position":1,"name":"Home","item":"https:\/\/www.welovecycling.com\/wide\/"},{"@type":"ListItem","position":2,"name":"Cycling Typology: Are You Guilty of Being a Doris or a Fred?"}]},{"@type":"WebSite","@id":"https:\/\/www.welovecycling.com\/wide\/#website","url":"https:\/\/www.welovecycling.com\/wide\/","name":"\u0160koda We Love Cycling","description":"\u0160koda We Love Cycling magazine","alternateName":"\u0160koda WLC","potentialAction":[{"@type":"SearchAction","target":{"@type":"EntryPoint","urlTemplate":"https:\/\/www.welovecycling.com\/wide\/?s={search_term_string}"},"query-input":{"@type":"PropertyValueSpecification","valueRequired":true,"valueName":"search_term_string"}}],"inLanguage":"en-US"},{"@type":"Person","@id":"","url":"https:\/\/www.welovecycling.com\/wide\/author\/"}]}},"_links":{"self":[{"href":"https:\/\/www.welovecycling.com\/wide\/wp-json\/wp\/v2\/posts\/165175","targetHints":{"allow":["GET"]}}],"collection":[{"href":"https:\/\/www.welovecycling.com\/wide\/wp-json\/wp\/v2\/posts"}],"about":[{"href":"https:\/\/www.welovecycling.com\/wide\/wp-json\/wp\/v2\/types\/post"}],"author":[{"embeddable":true,"href":"https:\/\/www.welovecycling.com\/wide\/wp-json\/wp\/v2\/users\/12"}],"replies":[{"embeddable":true,"href":"https:\/\/www.welovecycling.com\/wide\/wp-json\/wp\/v2\/comments?post=165175"}],"version-history":[{"count":2,"href":"https:\/\/www.welovecycling.com\/wide\/wp-json\/wp\/v2\/posts\/165175\/revisions"}],"predecessor-version":[{"id":165221,"href":"https:\/\/www.welovecycling.com\/wide\/wp-json\/wp\/v2\/posts\/165175\/revisions\/165221"}],"wp:featuredmedia":[{"embeddable":true,"href":"https:\/\/www.welovecycling.com\/wide\/wp-json\/wp\/v2\/media\/165220"}],"wp:attachment":[{"href":"https:\/\/www.welovecycling.com\/wide\/wp-json\/wp\/v2\/media?parent=165175"}],"wp:term":[{"taxonomy":"category","embeddable":true,"href":"https:\/\/www.welovecycling.com\/wide\/wp-json\/wp\/v2\/categories?post=165175"},{"taxonomy":"post_tag","embeddable":true,"href":"https:\/\/www.welovecycling.com\/wide\/wp-json\/wp\/v2\/tags?post=165175"},{"taxonomy":"global-categories","embeddable":true,"href":"https:\/\/www.welovecycling.com\/wide\/wp-json\/wp\/v2\/global-categories?post=165175"}],"curies":[{"name":"wp","href":"https:\/\/api.w.org\/{rel}","templated":true}]}}