{"id":165115,"date":"2018-05-30T06:10:47","date_gmt":"2018-05-30T06:10:47","guid":{"rendered":"https:\/\/www.welovecycling.com\/wide\/?p=165115"},"modified":"2018-05-30T06:10:47","modified_gmt":"2018-05-30T06:10:47","slug":"every-sunday-the-streets-of-bogota-belong-to-bicycles","status":"publish","type":"post","link":"https:\/\/www.welovecycling.com\/wide\/2018\/05\/30\/every-sunday-the-streets-of-bogota-belong-to-bicycles\/","title":{"rendered":"Every Sunday the Streets of Bogot\u00e1 Belong to Bicycles"},"content":{"rendered":"<p><strong>There\u2019s a cycling revolution happening in the streets of the Colombian capital every week. More than 100km of roads are closed to motor vehicles during the event called Ciclov\u00eda and are flooded by people of all ages on all kinds of bikes. Little girls on barbie-coloured trikes share the road with stylish teens on urban bikes, handicapped people on handbikes or laughing moms with prams. Everybody moves in an orderly fashion and just enjoys the moment. The weekly event takes place every Sunday from 7 AM to 2 PM and is now a firm part of Colombia\u2019s culture. But it wasn\u2019t always so.<\/strong><br \/>\n<!--more--><\/p>\n<div class=\"shortcode-ys-post-pinup\"><article class=\"loop-simple post-147756 post type-post status-publish format-standard has-post-thumbnail hentry category-socialising-and-culture tag-kira-purlyte tag-travel\" data-postid=\"147756\" role=\"article\" data-post-id=\"147756\" data-word-count=\"288\" data-headline-length=\"50\" data-category=\"Socialising and Culture\" data-author=\"Monica Buck\" data-published=\"2017-04-26T09:43:48+00:00\" data-published-day=\"Wednesday\">\n    <div class=\"entry-thumbnail article-thumbnail\" content=\"https:\/\/d2p6e6u75xmxt8.cloudfront.net\/2\/2017\/04\/874874-150x150.webp\"><a href=\"https:\/\/www.welovecycling.com\/wide\/2017\/04\/26\/cycling-around-world-tulku-blind-dog\/\" class=\"image-holder\" target=\"_self\"><img decoding=\"async\" loading=\"lazy\" class=\"\" src=\"https:\/\/d2p6e6u75xmxt8.cloudfront.net\/2\/2017\/04\/874874.webp\" srcset=\"https:\/\/d2p6e6u75xmxt8.cloudfront.net\/2\/2017\/04\/874874.webp 900w, https:\/\/d2p6e6u75xmxt8.cloudfront.net\/2\/2017\/04\/874874-300x200.webp 300w, https:\/\/d2p6e6u75xmxt8.cloudfront.net\/2\/2017\/04\/874874-768x512.webp 768w, https:\/\/d2p6e6u75xmxt8.cloudfront.net\/2\/2017\/04\/874874-272x182.webp 272w\" width=\"900\" height=\"600\" sizes=\"auto, (min-width: 1200px) 300px, (min-width: 768px) 25vw, 100vw\" alt=\"cycling-around-world-tulku-blind-dog\"\/><\/a><\/div>    <div class=\"entry-meta\">\n        <a class=\"label label-secondary post-category\" href=\"https:\/\/www.welovecycling.com\/wide\/category\/socialising-and-culture\/\" title=\"Socialising and Culture\">Socialising and Culture<\/a>\n    <\/div>\n    <div class=\"entry-details\">\n        <a href=\"https:\/\/www.welovecycling.com\/wide\/2017\/04\/26\/cycling-around-world-tulku-blind-dog\/\" class='entry-title-wrapper'>\n            <h3 class=\"entry-title\"><span>Cycling Around the World with Tulku, the Blind Dog<\/span><\/h3>\n        <\/a>\n    <\/div>\n    <\/article>\n<\/div>\n<p>The first-ever Ciclov\u00eda took place on 15 December 1974 when the city officials allowed the organizers to close 12km of roads for 3 hours. Nobody really expected the event to amount to anything, but over 5 thousand people arrived on their bikes that day. Most of them were simply afraid to ride in regular traffic and finally saw a chance to go out and use their bikes. Despite its obvious success, the event was repeated only occasionally in the next few years. Later it was agreed that Ciclov\u00eda will take place every week on Sunday morning. However, it was still perceived as a bit of a second-class citizen event.<\/p>\n<div id='gallery-1' class='gallery galleryid-147756 gallery-columns-2 gallery-size-large'><figure class='gallery-item'>\n\t\t\t<div class='gallery-icon landscape'>\n\t\t\t\t<a href='https:\/\/d2p6e6u75xmxt8.cloudfront.net\/2\/2018\/05\/crowded-ciclovia.JPG.webp'><img loading=\"lazy\" decoding=\"async\" width=\"1024\" height=\"768\" src=\"https:\/\/d2p6e6u75xmxt8.cloudfront.net\/2\/2018\/05\/crowded-ciclovia.JPG-1024x768.webp\" class=\"attachment-large size-large\" alt=\"\" srcset=\"https:\/\/d2p6e6u75xmxt8.cloudfront.net\/2\/2018\/05\/crowded-ciclovia.JPG-1024x768.webp 1024w, https:\/\/d2p6e6u75xmxt8.cloudfront.net\/2\/2018\/05\/crowded-ciclovia.JPG-300x225.webp 300w, https:\/\/d2p6e6u75xmxt8.cloudfront.net\/2\/2018\/05\/crowded-ciclovia.JPG-768x576.webp 768w, https:\/\/d2p6e6u75xmxt8.cloudfront.net\/2\/2018\/05\/crowded-ciclovia.JPG-1536x1152.webp 1536w, https:\/\/d2p6e6u75xmxt8.cloudfront.net\/2\/2018\/05\/crowded-ciclovia.JPG.webp 1600w\" sizes=\"auto, (max-width: 1024px) 100vw, 1024px\" \/><\/a>\n\t\t\t<\/div><\/figure><figure class='gallery-item'>\n\t\t\t<div class='gallery-icon landscape'>\n\t\t\t\t<a href='https:\/\/d2p6e6u75xmxt8.cloudfront.net\/2\/2018\/05\/MEDELLIN-FOTOS-Ciclovia-Recreativa-NOV-2011-130.webp'><img loading=\"lazy\" decoding=\"async\" width=\"1024\" height=\"768\" src=\"https:\/\/d2p6e6u75xmxt8.cloudfront.net\/2\/2018\/05\/MEDELLIN-FOTOS-Ciclovia-Recreativa-NOV-2011-130-1024x768.webp\" class=\"attachment-large size-large\" alt=\"\" srcset=\"https:\/\/d2p6e6u75xmxt8.cloudfront.net\/2\/2018\/05\/MEDELLIN-FOTOS-Ciclovia-Recreativa-NOV-2011-130-1024x768.webp 1024w, https:\/\/d2p6e6u75xmxt8.cloudfront.net\/2\/2018\/05\/MEDELLIN-FOTOS-Ciclovia-Recreativa-NOV-2011-130-300x225.webp 300w, https:\/\/d2p6e6u75xmxt8.cloudfront.net\/2\/2018\/05\/MEDELLIN-FOTOS-Ciclovia-Recreativa-NOV-2011-130-768x576.webp 768w, https:\/\/d2p6e6u75xmxt8.cloudfront.net\/2\/2018\/05\/MEDELLIN-FOTOS-Ciclovia-Recreativa-NOV-2011-130-1536x1152.webp 1536w, https:\/\/d2p6e6u75xmxt8.cloudfront.net\/2\/2018\/05\/MEDELLIN-FOTOS-Ciclovia-Recreativa-NOV-2011-130-2048x1536.webp 2048w, https:\/\/d2p6e6u75xmxt8.cloudfront.net\/2\/2018\/05\/MEDELLIN-FOTOS-Ciclovia-Recreativa-NOV-2011-130-1920x1440.webp 1920w, https:\/\/d2p6e6u75xmxt8.cloudfront.net\/2\/2018\/05\/MEDELLIN-FOTOS-Ciclovia-Recreativa-NOV-2011-130-1920x1440.webp 1920w\" sizes=\"auto, (max-width: 1024px) 100vw, 1024px\" \/><\/a>\n\t\t\t<\/div><\/figure>\n\t\t<\/div>\n\n<p>It wasn\u2019t until the 1990\u2019s that the local government realized the power of Ciclov\u00eda in connecting different communities throughout the city. It might sound like a bit of a stretch to you, but the rich and the poor rarely mix in Bogot\u00e1. They go to separate schools, they live in separate neighbourhoods, they work in different jobs. Ciclov\u00eda allows the whole city to mingle in a very pleasant atmosphere. These days, over 1.7 million people, which is about a quarter of the city\u2019s population, turn out for the event every week. And safety is pretty much guaranteed as almost all of Bogot\u00e1\u2019s policemen are out helping the organizers.<\/p>\n<p><a href=\"https:\/\/d2p6e6u75xmxt8.cloudfront.net\/2\/2018\/05\/Cops-at-Ciclovia-2015-1.jpg\"><img loading=\"lazy\" decoding=\"async\" class=\"alignnone size-full wp-image-165118\" src=\"https:\/\/d2p6e6u75xmxt8.cloudfront.net\/2\/2018\/05\/Cops-at-Ciclovia-2015-1.jpg\" alt=\"\" width=\"3046\" height=\"1985\" \/><\/a><\/p>\n<p>However, the change that the world seems to be more interested in is a different one. The drivers now treat cyclists with more respect in Bogot\u00e1. As most of them have already taken part in Ciclov\u00eda, they tend to be more mindful of bicycles, passing them more carefully, giving them more space. The mutual respect of road users that we all strive for was achieved very naturally here. And that\u2019s why Ciclov\u00eda is replicated not only by most towns in Colombia but also by cities all over the world.<\/p>\n<p>Would you like Ciclov\u00eda to take place in your neighbourhood as well? Let us know in the comments!<\/p>\n","protected":false},"excerpt":{"rendered":"<p>There\u2019s a cycling revolution happening in the streets of the Colombian capital every week. More than 100km of roads are [&hellip;]<\/p>\n","protected":false},"author":12,"featured_media":165116,"comment_status":"open","ping_status":"open","sticky":false,"template":"","format":"standard","meta":{"footnotes":""},"categories":[330],"tags":[2006,2005,769],"global-categories":[],"class_list":["post-165115","post","type-post","status-publish","format-standard","has-post-thumbnail","hentry","category-urban-cycling","tag-bogota","tag-ciclovia","tag-colombia"],"yoast_head":"<!-- This site is optimized with the Yoast SEO Premium plugin v25.3 (Yoast SEO v25.9) - https:\/\/yoast.com\/wordpress\/plugins\/seo\/ -->\n<title>Every Sunday the Streets of Bogot\u00e1 Belong to Bicycles - \u0160koda We Love Cycling<\/title>\n<meta name=\"description\" content=\"There\u2019s a cycling revolution happening in the streets of the Colombian capital every week. More than 100km of roads are closed to motor vehicles during\" \/>\n<meta name=\"robots\" content=\"index, follow, max-snippet:-1, max-image-preview:large, max-video-preview:-1\" \/>\n<link rel=\"canonical\" href=\"https:\/\/www.welovecycling.com\/wide\/2018\/05\/30\/every-sunday-the-streets-of-bogota-belong-to-bicycles\/\" \/>\n<meta property=\"og:locale\" content=\"en_US\" \/>\n<meta property=\"og:type\" content=\"article\" \/>\n<meta property=\"og:title\" content=\"Every Sunday the Streets of Bogot\u00e1 Belong to Bicycles\" \/>\n<meta property=\"og:description\" content=\"There\u2019s a cycling revolution happening in the streets of the Colombian capital every week. More than 100km of roads are closed to motor vehicles during\" \/>\n<meta property=\"og:url\" content=\"https:\/\/www.welovecycling.com\/wide\/2018\/05\/30\/every-sunday-the-streets-of-bogota-belong-to-bicycles\/\" \/>\n<meta property=\"og:site_name\" content=\"\u0160koda We Love Cycling\" \/>\n<meta property=\"article:published_time\" content=\"2018-05-30T06:10:47+00:00\" \/>\n<meta property=\"og:image\" content=\"https:\/\/d2p6e6u75xmxt8.cloudfront.net\/2\/2018\/05\/cycloviabog.webp\" \/>\n\t<meta property=\"og:image:width\" content=\"900\" \/>\n\t<meta property=\"og:image:height\" content=\"600\" \/>\n\t<meta property=\"og:image:type\" content=\"image\/webp\" \/>\n<meta name=\"twitter:card\" content=\"summary_large_image\" \/>\n<meta name=\"twitter:label1\" content=\"Written by\" \/>\n\t<meta name=\"twitter:data1\" content=\"Monica Buck\" \/>\n\t<meta name=\"twitter:label2\" content=\"Est. reading time\" \/>\n\t<meta name=\"twitter:data2\" content=\"2 minutes\" \/>\n<script type=\"application\/ld+json\" class=\"yoast-schema-graph\">{\"@context\":\"https:\/\/schema.org\",\"@graph\":[{\"@type\":\"WebPage\",\"@id\":\"https:\/\/www.welovecycling.com\/wide\/2018\/05\/30\/every-sunday-the-streets-of-bogota-belong-to-bicycles\/\",\"url\":\"https:\/\/www.welovecycling.com\/wide\/2018\/05\/30\/every-sunday-the-streets-of-bogota-belong-to-bicycles\/\",\"name\":\"Every Sunday the Streets of Bogot\u00e1 Belong to Bicycles - \u0160koda We Love Cycling\",\"isPartOf\":{\"@id\":\"https:\/\/www.welovecycling.com\/wide\/#website\"},\"primaryImageOfPage\":{\"@id\":\"https:\/\/www.welovecycling.com\/wide\/2018\/05\/30\/every-sunday-the-streets-of-bogota-belong-to-bicycles\/#primaryimage\"},\"image\":{\"@id\":\"https:\/\/www.welovecycling.com\/wide\/2018\/05\/30\/every-sunday-the-streets-of-bogota-belong-to-bicycles\/#primaryimage\"},\"thumbnailUrl\":\"https:\/\/d2p6e6u75xmxt8.cloudfront.net\/2\/2018\/05\/cycloviabog.webp\",\"datePublished\":\"2018-05-30T06:10:47+00:00\",\"author\":{\"@id\":\"\"},\"description\":\"There\u2019s a cycling revolution happening in the streets of the Colombian capital every week. More than 100km of roads are closed to motor vehicles during\",\"breadcrumb\":{\"@id\":\"https:\/\/www.welovecycling.com\/wide\/2018\/05\/30\/every-sunday-the-streets-of-bogota-belong-to-bicycles\/#breadcrumb\"},\"inLanguage\":\"en-US\",\"potentialAction\":[{\"@type\":\"ReadAction\",\"target\":[\"https:\/\/www.welovecycling.com\/wide\/2018\/05\/30\/every-sunday-the-streets-of-bogota-belong-to-bicycles\/\"]}]},{\"@type\":\"ImageObject\",\"inLanguage\":\"en-US\",\"@id\":\"https:\/\/www.welovecycling.com\/wide\/2018\/05\/30\/every-sunday-the-streets-of-bogota-belong-to-bicycles\/#primaryimage\",\"url\":\"https:\/\/d2p6e6u75xmxt8.cloudfront.net\/2\/2018\/05\/cycloviabog.webp\",\"contentUrl\":\"https:\/\/d2p6e6u75xmxt8.cloudfront.net\/2\/2018\/05\/cycloviabog.webp\",\"width\":900,\"height\":600,\"caption\":\"Every Sunday the streets of Bogot\u00e1 belong to bicycles.\"},{\"@type\":\"BreadcrumbList\",\"@id\":\"https:\/\/www.welovecycling.com\/wide\/2018\/05\/30\/every-sunday-the-streets-of-bogota-belong-to-bicycles\/#breadcrumb\",\"itemListElement\":[{\"@type\":\"ListItem\",\"position\":1,\"name\":\"Home\",\"item\":\"https:\/\/www.welovecycling.com\/wide\/\"},{\"@type\":\"ListItem\",\"position\":2,\"name\":\"Every Sunday the Streets of Bogot\u00e1 Belong to Bicycles\"}]},{\"@type\":\"WebSite\",\"@id\":\"https:\/\/www.welovecycling.com\/wide\/#website\",\"url\":\"https:\/\/www.welovecycling.com\/wide\/\",\"name\":\"\u0160koda We Love Cycling\",\"description\":\"\u0160koda We Love Cycling magazine\",\"alternateName\":\"\u0160koda WLC\",\"potentialAction\":[{\"@type\":\"SearchAction\",\"target\":{\"@type\":\"EntryPoint\",\"urlTemplate\":\"https:\/\/www.welovecycling.com\/wide\/?s={search_term_string}\"},\"query-input\":{\"@type\":\"PropertyValueSpecification\",\"valueRequired\":true,\"valueName\":\"search_term_string\"}}],\"inLanguage\":\"en-US\"},{\"@type\":\"Person\",\"@id\":\"\",\"url\":\"https:\/\/www.welovecycling.com\/wide\/author\/\"}]}<\/script>\n<!-- \/ Yoast SEO Premium plugin. -->","yoast_head_json":{"title":"Every Sunday the Streets of Bogot\u00e1 Belong to Bicycles - \u0160koda We Love Cycling","description":"There\u2019s a cycling revolution happening in the streets of the Colombian capital every week. More than 100km of roads are closed to motor vehicles during","robots":{"index":"index","follow":"follow","max-snippet":"max-snippet:-1","max-image-preview":"max-image-preview:large","max-video-preview":"max-video-preview:-1"},"canonical":"https:\/\/www.welovecycling.com\/wide\/2018\/05\/30\/every-sunday-the-streets-of-bogota-belong-to-bicycles\/","og_locale":"en_US","og_type":"article","og_title":"Every Sunday the Streets of Bogot\u00e1 Belong to Bicycles","og_description":"There\u2019s a cycling revolution happening in the streets of the Colombian capital every week. More than 100km of roads are closed to motor vehicles during","og_url":"https:\/\/www.welovecycling.com\/wide\/2018\/05\/30\/every-sunday-the-streets-of-bogota-belong-to-bicycles\/","og_site_name":"\u0160koda We Love Cycling","article_published_time":"2018-05-30T06:10:47+00:00","og_image":[{"width":900,"height":600,"url":"https:\/\/d2p6e6u75xmxt8.cloudfront.net\/2\/2018\/05\/cycloviabog.webp","type":"image\/webp"}],"twitter_card":"summary_large_image","twitter_misc":{"Written by":"Monica Buck","Est. reading time":"2 minutes"},"schema":{"@context":"https:\/\/schema.org","@graph":[{"@type":"WebPage","@id":"https:\/\/www.welovecycling.com\/wide\/2018\/05\/30\/every-sunday-the-streets-of-bogota-belong-to-bicycles\/","url":"https:\/\/www.welovecycling.com\/wide\/2018\/05\/30\/every-sunday-the-streets-of-bogota-belong-to-bicycles\/","name":"Every Sunday the Streets of Bogot\u00e1 Belong to Bicycles - \u0160koda We Love Cycling","isPartOf":{"@id":"https:\/\/www.welovecycling.com\/wide\/#website"},"primaryImageOfPage":{"@id":"https:\/\/www.welovecycling.com\/wide\/2018\/05\/30\/every-sunday-the-streets-of-bogota-belong-to-bicycles\/#primaryimage"},"image":{"@id":"https:\/\/www.welovecycling.com\/wide\/2018\/05\/30\/every-sunday-the-streets-of-bogota-belong-to-bicycles\/#primaryimage"},"thumbnailUrl":"https:\/\/d2p6e6u75xmxt8.cloudfront.net\/2\/2018\/05\/cycloviabog.webp","datePublished":"2018-05-30T06:10:47+00:00","author":{"@id":""},"description":"There\u2019s a cycling revolution happening in the streets of the Colombian capital every week. More than 100km of roads are closed to motor vehicles during","breadcrumb":{"@id":"https:\/\/www.welovecycling.com\/wide\/2018\/05\/30\/every-sunday-the-streets-of-bogota-belong-to-bicycles\/#breadcrumb"},"inLanguage":"en-US","potentialAction":[{"@type":"ReadAction","target":["https:\/\/www.welovecycling.com\/wide\/2018\/05\/30\/every-sunday-the-streets-of-bogota-belong-to-bicycles\/"]}]},{"@type":"ImageObject","inLanguage":"en-US","@id":"https:\/\/www.welovecycling.com\/wide\/2018\/05\/30\/every-sunday-the-streets-of-bogota-belong-to-bicycles\/#primaryimage","url":"https:\/\/d2p6e6u75xmxt8.cloudfront.net\/2\/2018\/05\/cycloviabog.webp","contentUrl":"https:\/\/d2p6e6u75xmxt8.cloudfront.net\/2\/2018\/05\/cycloviabog.webp","width":900,"height":600,"caption":"Every Sunday the streets of Bogot\u00e1 belong to bicycles."},{"@type":"BreadcrumbList","@id":"https:\/\/www.welovecycling.com\/wide\/2018\/05\/30\/every-sunday-the-streets-of-bogota-belong-to-bicycles\/#breadcrumb","itemListElement":[{"@type":"ListItem","position":1,"name":"Home","item":"https:\/\/www.welovecycling.com\/wide\/"},{"@type":"ListItem","position":2,"name":"Every Sunday the Streets of Bogot\u00e1 Belong to Bicycles"}]},{"@type":"WebSite","@id":"https:\/\/www.welovecycling.com\/wide\/#website","url":"https:\/\/www.welovecycling.com\/wide\/","name":"\u0160koda We Love Cycling","description":"\u0160koda We Love Cycling magazine","alternateName":"\u0160koda WLC","potentialAction":[{"@type":"SearchAction","target":{"@type":"EntryPoint","urlTemplate":"https:\/\/www.welovecycling.com\/wide\/?s={search_term_string}"},"query-input":{"@type":"PropertyValueSpecification","valueRequired":true,"valueName":"search_term_string"}}],"inLanguage":"en-US"},{"@type":"Person","@id":"","url":"https:\/\/www.welovecycling.com\/wide\/author\/"}]}},"_links":{"self":[{"href":"https:\/\/www.welovecycling.com\/wide\/wp-json\/wp\/v2\/posts\/165115","targetHints":{"allow":["GET"]}}],"collection":[{"href":"https:\/\/www.welovecycling.com\/wide\/wp-json\/wp\/v2\/posts"}],"about":[{"href":"https:\/\/www.welovecycling.com\/wide\/wp-json\/wp\/v2\/types\/post"}],"author":[{"embeddable":true,"href":"https:\/\/www.welovecycling.com\/wide\/wp-json\/wp\/v2\/users\/12"}],"replies":[{"embeddable":true,"href":"https:\/\/www.welovecycling.com\/wide\/wp-json\/wp\/v2\/comments?post=165115"}],"version-history":[{"count":2,"href":"https:\/\/www.welovecycling.com\/wide\/wp-json\/wp\/v2\/posts\/165115\/revisions"}],"predecessor-version":[{"id":165122,"href":"https:\/\/www.welovecycling.com\/wide\/wp-json\/wp\/v2\/posts\/165115\/revisions\/165122"}],"wp:featuredmedia":[{"embeddable":true,"href":"https:\/\/www.welovecycling.com\/wide\/wp-json\/wp\/v2\/media\/165116"}],"wp:attachment":[{"href":"https:\/\/www.welovecycling.com\/wide\/wp-json\/wp\/v2\/media?parent=165115"}],"wp:term":[{"taxonomy":"category","embeddable":true,"href":"https:\/\/www.welovecycling.com\/wide\/wp-json\/wp\/v2\/categories?post=165115"},{"taxonomy":"post_tag","embeddable":true,"href":"https:\/\/www.welovecycling.com\/wide\/wp-json\/wp\/v2\/tags?post=165115"},{"taxonomy":"global-categories","embeddable":true,"href":"https:\/\/www.welovecycling.com\/wide\/wp-json\/wp\/v2\/global-categories?post=165115"}],"curies":[{"name":"wp","href":"https:\/\/api.w.org\/{rel}","templated":true}]}}