{"id":164591,"date":"2018-05-02T12:41:39","date_gmt":"2018-05-02T12:41:39","guid":{"rendered":"https:\/\/www.welovecycling.com\/wide\/?p=164591"},"modified":"2018-05-02T12:41:39","modified_gmt":"2018-05-02T12:41:39","slug":"video-pep-talks-some-serious-inspiration-by-the-vegan-cyclist","status":"publish","type":"post","link":"https:\/\/www.welovecycling.com\/wide\/2018\/05\/02\/video-pep-talks-some-serious-inspiration-by-the-vegan-cyclist\/","title":{"rendered":"Video Pep Talks: Some Serious Inspiration by \u201cThe Vegan Cyclist\u201d"},"content":{"rendered":"<p><strong>This might sound as one of those miracle-life-turning-point diet lifestyle articles thanks to the title but we promise you that\u2019s not the case. The specific dietary habits are just one aspect of the cycling life Tyler Pearce, aka The Vegan Cyclist, tackles in his inspirational and well-executed vlogs.<\/strong><!--more--><\/p>\n<p><a href=\"https:\/\/d2p6e6u75xmxt8.cloudfront.net\/2\/2018\/05\/22.jpg\"><img loading=\"lazy\" decoding=\"async\" class=\"alignnone size-full wp-image-164597\" src=\"https:\/\/d2p6e6u75xmxt8.cloudfront.net\/2\/2018\/05\/22.jpg\" alt=\"\" width=\"2048\" height=\"1365\" \/><\/a><\/p>\n<p>As Pearce himself describes on his website, he\u2019s just and \u201cordinary dude that strives to be the best version of himself\u201d. Being in his early 30\u2019s, he\u2019s a husband, a father to two kids, and currently living in a little house in the mountains of California. In his flagship video, titled simply Why I Ride, he describes his cycling journey since early childhood. \u201cGiving a kid two wheels is something that sets them completely free,\u201d he says as one of the first observations and we couldn&#8217;t agree more.<\/p>\n<p>https:\/\/www.instagram.com\/p\/BiGW_jrFsPg<\/p>\n<p>So, the passion for two wheels has always been there but it wasn\u2019t until 2010 when Pearce started cycling as a cross-training for Brazilian jiu-jitsu and soon after that fell in love with the sport completely. Nowadays, he\u2019s cat 2 NCNCA road racer in California, which took him about three years of rigorous training and dietary changes to achieve. As for the vegan part, Pearce swears on all his channels, be it YouTube, Instagram or Facebook, that he\u2019s not an activist. The journey to veganism has been his natural progression and life trajectory in the course of the past 10 years, where he went \u201cinto health after eating fast food 3 times a day, EVERYDAY\u201d. In an interview for Responsible Eating and Living, he even laughingly stated that used to poke fun at LYCRA-clad lads on bikes if he met them on the road and that if someone told him ten years ago that giving up meat is the way to go, he would just think they\u2019re crazy. Pearce stresses that he just lives it and doesn\u2019t preach it and that even though he decided to eat plants, he \u201cwon\u2019t yell at you about it\u201d.<\/p>\n<div class=\"shortcode-ys-post-pinup\"><article class=\"loop-simple post-142777 post type-post status-publish format-standard has-post-thumbnail hentry category-outdoor-mountain category-road-cycling category-safety category-socialising-and-culture\" data-postid=\"142777\" role=\"article\" data-post-id=\"142777\" data-word-count=\"527\" data-headline-length=\"47\" data-category=\"Socialising and Culture\" data-author=\"Adam Marsal\" data-published=\"2016-09-16T14:01:05+00:00\" data-published-day=\"Friday\">\n    <div class=\"entry-thumbnail article-thumbnail\" content=\"https:\/\/d2p6e6u75xmxt8.cloudfront.net\/2\/2016\/09\/7845754_486484-150x150.webp\"><a href=\"https:\/\/www.welovecycling.com\/wide\/2016\/09\/16\/good-cycling-channels-youtube\/\" class=\"image-holder\" target=\"_self\"><img decoding=\"async\" loading=\"lazy\" class=\"\" src=\"https:\/\/d2p6e6u75xmxt8.cloudfront.net\/2\/2016\/09\/7845754_486484.webp\" srcset=\"https:\/\/d2p6e6u75xmxt8.cloudfront.net\/2\/2016\/09\/7845754_486484.webp 900w, https:\/\/d2p6e6u75xmxt8.cloudfront.net\/2\/2016\/09\/7845754_486484-300x200.webp 300w, https:\/\/d2p6e6u75xmxt8.cloudfront.net\/2\/2016\/09\/7845754_486484-768x512.webp 768w, https:\/\/d2p6e6u75xmxt8.cloudfront.net\/2\/2016\/09\/7845754_486484-272x182.webp 272w\" width=\"900\" height=\"600\" sizes=\"auto, (min-width: 1200px) 300px, (min-width: 768px) 25vw, 100vw\" alt=\"good-cycling-channels-youtube\"\/><\/a><\/div>    <div class=\"entry-meta\">\n        <a class=\"label label-secondary post-category\" href=\"https:\/\/www.welovecycling.com\/wide\/category\/socialising-and-culture\/\" title=\"Socialising and Culture\">Socialising and Culture<\/a>\n    <\/div>\n    <div class=\"entry-details\">\n        <a href=\"https:\/\/www.welovecycling.com\/wide\/2016\/09\/16\/good-cycling-channels-youtube\/\" class='entry-title-wrapper'>\n            <h3 class=\"entry-title\"><span>Are There Any Good Cycling Channels on YouTube?<\/span><\/h3>\n        <\/a>\n    <\/div>\n    <\/article>\n<\/div>\n<p>The advice to enjoy his hilarious and brutally honest videos about cycling life is to not to get the whole vegan thing in the way. Of course, his vlogs include a minimum portion on his nutrition habits &#8211; but that\u2019s the same as with any sports vlogger &#8211; people simply want to know how does one fuel for rides and trainings. Besides that, his YT channel offers a vide range of tips, amateur race breakdowns with power overlays, footages from the race days, and awesomely cut motivational videos such as this one.<\/p>\n<lite-youtube videoid=I3fM72HEbCA params=\"enablejsapi=1\" style=\"background-image: url('https:\/\/i.ytimg.com\/vi_webp\/I3fM72HEbCA\/maxresdefault.webp');\"><\/lite-youtube>\n<p>His absolutely heartfelt and honest insights into the ups and downs of the life as a devoted cyclist really struck a chord with us and will do the same to you. So, if you\u2019re looking for a sincere little sweat and realness-drenched motivation, Pearce\u2019s videos are the right place to be.<\/p>\n","protected":false},"excerpt":{"rendered":"<p>This might sound as one of those miracle-life-turning-point diet lifestyle articles thanks to the title but we promise you that\u2019s [&hellip;]<\/p>\n","protected":false},"author":11,"featured_media":164598,"comment_status":"open","ping_status":"open","sticky":false,"template":"","format":"standard","meta":{"footnotes":""},"categories":[332,329],"tags":[1938,583,459,1937,1936],"global-categories":[],"class_list":["post-164591","post","type-post","status-publish","format-standard","has-post-thumbnail","hentry","category-health-and-training","category-road-cycling","tag-motivation","tag-road-cycling","tag-vegan","tag-veganism","tag-vegetarian"],"yoast_head":"<!-- This site is optimized with the Yoast SEO Premium plugin v25.3 (Yoast SEO v25.9) - https:\/\/yoast.com\/wordpress\/plugins\/seo\/ -->\n<title>Video Pep Talks: Some Serious Inspiration by \u201cThe Vegan Cyclist\u201d - \u0160koda We Love Cycling<\/title>\n<meta name=\"description\" content=\"This might sound as one of those miracle-life-turning-point diet lifestyle articles thanks to the title but we promise you that\u2019s not the case. The\" \/>\n<meta name=\"robots\" content=\"index, follow, max-snippet:-1, max-image-preview:large, max-video-preview:-1\" \/>\n<link rel=\"canonical\" href=\"https:\/\/www.welovecycling.com\/wide\/2018\/05\/02\/video-pep-talks-some-serious-inspiration-by-the-vegan-cyclist\/\" \/>\n<meta property=\"og:locale\" content=\"en_US\" \/>\n<meta property=\"og:type\" content=\"article\" \/>\n<meta property=\"og:title\" content=\"Video Pep Talks: Some Serious Inspiration by \u201cThe Vegan Cyclist\u201d\" \/>\n<meta property=\"og:description\" content=\"This might sound as one of those miracle-life-turning-point diet lifestyle articles thanks to the title but we promise you that\u2019s not the case. The\" \/>\n<meta property=\"og:url\" content=\"https:\/\/www.welovecycling.com\/wide\/2018\/05\/02\/video-pep-talks-some-serious-inspiration-by-the-vegan-cyclist\/\" \/>\n<meta property=\"og:site_name\" content=\"\u0160koda We Love Cycling\" \/>\n<meta property=\"article:published_time\" content=\"2018-05-02T12:41:39+00:00\" \/>\n<meta property=\"og:image\" content=\"https:\/\/d2p6e6u75xmxt8.cloudfront.net\/2\/2018\/05\/web-cover-vege.webp\" \/>\n\t<meta property=\"og:image:width\" content=\"900\" \/>\n\t<meta property=\"og:image:height\" content=\"600\" \/>\n\t<meta property=\"og:image:type\" content=\"image\/webp\" \/>\n<meta name=\"author\" content=\"ondrejfilgas\" \/>\n<meta name=\"twitter:card\" content=\"summary_large_image\" \/>\n<meta name=\"twitter:label1\" content=\"Written by\" \/>\n\t<meta name=\"twitter:data1\" content=\"Adam Marsal\" \/>\n\t<meta name=\"twitter:label2\" content=\"Est. reading time\" \/>\n\t<meta name=\"twitter:data2\" content=\"3 minutes\" \/>\n<script type=\"application\/ld+json\" class=\"yoast-schema-graph\">{\"@context\":\"https:\/\/schema.org\",\"@graph\":[{\"@type\":\"WebPage\",\"@id\":\"https:\/\/www.welovecycling.com\/wide\/2018\/05\/02\/video-pep-talks-some-serious-inspiration-by-the-vegan-cyclist\/\",\"url\":\"https:\/\/www.welovecycling.com\/wide\/2018\/05\/02\/video-pep-talks-some-serious-inspiration-by-the-vegan-cyclist\/\",\"name\":\"Video Pep Talks: Some Serious Inspiration by \u201cThe Vegan Cyclist\u201d - \u0160koda We Love Cycling\",\"isPartOf\":{\"@id\":\"https:\/\/www.welovecycling.com\/wide\/#website\"},\"primaryImageOfPage\":{\"@id\":\"https:\/\/www.welovecycling.com\/wide\/2018\/05\/02\/video-pep-talks-some-serious-inspiration-by-the-vegan-cyclist\/#primaryimage\"},\"image\":{\"@id\":\"https:\/\/www.welovecycling.com\/wide\/2018\/05\/02\/video-pep-talks-some-serious-inspiration-by-the-vegan-cyclist\/#primaryimage\"},\"thumbnailUrl\":\"https:\/\/d2p6e6u75xmxt8.cloudfront.net\/2\/2018\/05\/web-cover-vege.webp\",\"datePublished\":\"2018-05-02T12:41:39+00:00\",\"author\":{\"@id\":\"https:\/\/www.welovecycling.com\/wide\/#\/schema\/person\/9e2e86835e0bb27fb0d57ed5a91e76af\"},\"description\":\"This might sound as one of those miracle-life-turning-point diet lifestyle articles thanks to the title but we promise you that\u2019s not the case. The\",\"breadcrumb\":{\"@id\":\"https:\/\/www.welovecycling.com\/wide\/2018\/05\/02\/video-pep-talks-some-serious-inspiration-by-the-vegan-cyclist\/#breadcrumb\"},\"inLanguage\":\"en-US\",\"potentialAction\":[{\"@type\":\"ReadAction\",\"target\":[\"https:\/\/www.welovecycling.com\/wide\/2018\/05\/02\/video-pep-talks-some-serious-inspiration-by-the-vegan-cyclist\/\"]}]},{\"@type\":\"ImageObject\",\"inLanguage\":\"en-US\",\"@id\":\"https:\/\/www.welovecycling.com\/wide\/2018\/05\/02\/video-pep-talks-some-serious-inspiration-by-the-vegan-cyclist\/#primaryimage\",\"url\":\"https:\/\/d2p6e6u75xmxt8.cloudfront.net\/2\/2018\/05\/web-cover-vege.webp\",\"contentUrl\":\"https:\/\/d2p6e6u75xmxt8.cloudfront.net\/2\/2018\/05\/web-cover-vege.webp\",\"width\":900,\"height\":600},{\"@type\":\"BreadcrumbList\",\"@id\":\"https:\/\/www.welovecycling.com\/wide\/2018\/05\/02\/video-pep-talks-some-serious-inspiration-by-the-vegan-cyclist\/#breadcrumb\",\"itemListElement\":[{\"@type\":\"ListItem\",\"position\":1,\"name\":\"Home\",\"item\":\"https:\/\/www.welovecycling.com\/wide\/\"},{\"@type\":\"ListItem\",\"position\":2,\"name\":\"Video Pep Talks: Some Serious Inspiration by \u201cThe Vegan Cyclist\u201d\"}]},{\"@type\":\"WebSite\",\"@id\":\"https:\/\/www.welovecycling.com\/wide\/#website\",\"url\":\"https:\/\/www.welovecycling.com\/wide\/\",\"name\":\"\u0160koda We Love Cycling\",\"description\":\"\u0160koda We Love Cycling magazine\",\"alternateName\":\"\u0160koda WLC\",\"potentialAction\":[{\"@type\":\"SearchAction\",\"target\":{\"@type\":\"EntryPoint\",\"urlTemplate\":\"https:\/\/www.welovecycling.com\/wide\/?s={search_term_string}\"},\"query-input\":{\"@type\":\"PropertyValueSpecification\",\"valueRequired\":true,\"valueName\":\"search_term_string\"}}],\"inLanguage\":\"en-US\"},{\"@type\":\"Person\",\"@id\":\"https:\/\/www.welovecycling.com\/wide\/#\/schema\/person\/9e2e86835e0bb27fb0d57ed5a91e76af\",\"name\":\"ondrejfilgas\",\"image\":{\"@type\":\"ImageObject\",\"inLanguage\":\"en-US\",\"@id\":\"https:\/\/www.welovecycling.com\/wide\/#\/schema\/person\/image\/\",\"url\":\"https:\/\/secure.gravatar.com\/avatar\/02fc81aabb3935fbbc0730be0dad75bfa59dd0ad02d2945f9121c307ebd1bace?s=96&d=mm&r=g\",\"contentUrl\":\"https:\/\/secure.gravatar.com\/avatar\/02fc81aabb3935fbbc0730be0dad75bfa59dd0ad02d2945f9121c307ebd1bace?s=96&d=mm&r=g\",\"caption\":\"ondrejfilgas\"},\"url\":\"https:\/\/www.welovecycling.com\/wide\/author\/ondrejfilgas\/\"}]}<\/script>\n<!-- \/ Yoast SEO Premium plugin. -->","yoast_head_json":{"title":"Video Pep Talks: Some Serious Inspiration by \u201cThe Vegan Cyclist\u201d - \u0160koda We Love Cycling","description":"This might sound as one of those miracle-life-turning-point diet lifestyle articles thanks to the title but we promise you that\u2019s not the case. The","robots":{"index":"index","follow":"follow","max-snippet":"max-snippet:-1","max-image-preview":"max-image-preview:large","max-video-preview":"max-video-preview:-1"},"canonical":"https:\/\/www.welovecycling.com\/wide\/2018\/05\/02\/video-pep-talks-some-serious-inspiration-by-the-vegan-cyclist\/","og_locale":"en_US","og_type":"article","og_title":"Video Pep Talks: Some Serious Inspiration by \u201cThe Vegan Cyclist\u201d","og_description":"This might sound as one of those miracle-life-turning-point diet lifestyle articles thanks to the title but we promise you that\u2019s not the case. The","og_url":"https:\/\/www.welovecycling.com\/wide\/2018\/05\/02\/video-pep-talks-some-serious-inspiration-by-the-vegan-cyclist\/","og_site_name":"\u0160koda We Love Cycling","article_published_time":"2018-05-02T12:41:39+00:00","og_image":[{"width":900,"height":600,"url":"https:\/\/d2p6e6u75xmxt8.cloudfront.net\/2\/2018\/05\/web-cover-vege.webp","type":"image\/webp"}],"author":"ondrejfilgas","twitter_card":"summary_large_image","twitter_misc":{"Written by":"Adam Marsal","Est. reading time":"3 minutes"},"schema":{"@context":"https:\/\/schema.org","@graph":[{"@type":"WebPage","@id":"https:\/\/www.welovecycling.com\/wide\/2018\/05\/02\/video-pep-talks-some-serious-inspiration-by-the-vegan-cyclist\/","url":"https:\/\/www.welovecycling.com\/wide\/2018\/05\/02\/video-pep-talks-some-serious-inspiration-by-the-vegan-cyclist\/","name":"Video Pep Talks: Some Serious Inspiration by \u201cThe Vegan Cyclist\u201d - \u0160koda We Love Cycling","isPartOf":{"@id":"https:\/\/www.welovecycling.com\/wide\/#website"},"primaryImageOfPage":{"@id":"https:\/\/www.welovecycling.com\/wide\/2018\/05\/02\/video-pep-talks-some-serious-inspiration-by-the-vegan-cyclist\/#primaryimage"},"image":{"@id":"https:\/\/www.welovecycling.com\/wide\/2018\/05\/02\/video-pep-talks-some-serious-inspiration-by-the-vegan-cyclist\/#primaryimage"},"thumbnailUrl":"https:\/\/d2p6e6u75xmxt8.cloudfront.net\/2\/2018\/05\/web-cover-vege.webp","datePublished":"2018-05-02T12:41:39+00:00","author":{"@id":"https:\/\/www.welovecycling.com\/wide\/#\/schema\/person\/9e2e86835e0bb27fb0d57ed5a91e76af"},"description":"This might sound as one of those miracle-life-turning-point diet lifestyle articles thanks to the title but we promise you that\u2019s not the case. The","breadcrumb":{"@id":"https:\/\/www.welovecycling.com\/wide\/2018\/05\/02\/video-pep-talks-some-serious-inspiration-by-the-vegan-cyclist\/#breadcrumb"},"inLanguage":"en-US","potentialAction":[{"@type":"ReadAction","target":["https:\/\/www.welovecycling.com\/wide\/2018\/05\/02\/video-pep-talks-some-serious-inspiration-by-the-vegan-cyclist\/"]}]},{"@type":"ImageObject","inLanguage":"en-US","@id":"https:\/\/www.welovecycling.com\/wide\/2018\/05\/02\/video-pep-talks-some-serious-inspiration-by-the-vegan-cyclist\/#primaryimage","url":"https:\/\/d2p6e6u75xmxt8.cloudfront.net\/2\/2018\/05\/web-cover-vege.webp","contentUrl":"https:\/\/d2p6e6u75xmxt8.cloudfront.net\/2\/2018\/05\/web-cover-vege.webp","width":900,"height":600},{"@type":"BreadcrumbList","@id":"https:\/\/www.welovecycling.com\/wide\/2018\/05\/02\/video-pep-talks-some-serious-inspiration-by-the-vegan-cyclist\/#breadcrumb","itemListElement":[{"@type":"ListItem","position":1,"name":"Home","item":"https:\/\/www.welovecycling.com\/wide\/"},{"@type":"ListItem","position":2,"name":"Video Pep Talks: Some Serious Inspiration by \u201cThe Vegan Cyclist\u201d"}]},{"@type":"WebSite","@id":"https:\/\/www.welovecycling.com\/wide\/#website","url":"https:\/\/www.welovecycling.com\/wide\/","name":"\u0160koda We Love Cycling","description":"\u0160koda We Love Cycling magazine","alternateName":"\u0160koda WLC","potentialAction":[{"@type":"SearchAction","target":{"@type":"EntryPoint","urlTemplate":"https:\/\/www.welovecycling.com\/wide\/?s={search_term_string}"},"query-input":{"@type":"PropertyValueSpecification","valueRequired":true,"valueName":"search_term_string"}}],"inLanguage":"en-US"},{"@type":"Person","@id":"https:\/\/www.welovecycling.com\/wide\/#\/schema\/person\/9e2e86835e0bb27fb0d57ed5a91e76af","name":"ondrejfilgas","image":{"@type":"ImageObject","inLanguage":"en-US","@id":"https:\/\/www.welovecycling.com\/wide\/#\/schema\/person\/image\/","url":"https:\/\/secure.gravatar.com\/avatar\/02fc81aabb3935fbbc0730be0dad75bfa59dd0ad02d2945f9121c307ebd1bace?s=96&d=mm&r=g","contentUrl":"https:\/\/secure.gravatar.com\/avatar\/02fc81aabb3935fbbc0730be0dad75bfa59dd0ad02d2945f9121c307ebd1bace?s=96&d=mm&r=g","caption":"ondrejfilgas"},"url":"https:\/\/www.welovecycling.com\/wide\/author\/ondrejfilgas\/"}]}},"_links":{"self":[{"href":"https:\/\/www.welovecycling.com\/wide\/wp-json\/wp\/v2\/posts\/164591","targetHints":{"allow":["GET"]}}],"collection":[{"href":"https:\/\/www.welovecycling.com\/wide\/wp-json\/wp\/v2\/posts"}],"about":[{"href":"https:\/\/www.welovecycling.com\/wide\/wp-json\/wp\/v2\/types\/post"}],"author":[{"embeddable":true,"href":"https:\/\/www.welovecycling.com\/wide\/wp-json\/wp\/v2\/users\/11"}],"replies":[{"embeddable":true,"href":"https:\/\/www.welovecycling.com\/wide\/wp-json\/wp\/v2\/comments?post=164591"}],"version-history":[{"count":2,"href":"https:\/\/www.welovecycling.com\/wide\/wp-json\/wp\/v2\/posts\/164591\/revisions"}],"predecessor-version":[{"id":164599,"href":"https:\/\/www.welovecycling.com\/wide\/wp-json\/wp\/v2\/posts\/164591\/revisions\/164599"}],"wp:featuredmedia":[{"embeddable":true,"href":"https:\/\/www.welovecycling.com\/wide\/wp-json\/wp\/v2\/media\/164598"}],"wp:attachment":[{"href":"https:\/\/www.welovecycling.com\/wide\/wp-json\/wp\/v2\/media?parent=164591"}],"wp:term":[{"taxonomy":"category","embeddable":true,"href":"https:\/\/www.welovecycling.com\/wide\/wp-json\/wp\/v2\/categories?post=164591"},{"taxonomy":"post_tag","embeddable":true,"href":"https:\/\/www.welovecycling.com\/wide\/wp-json\/wp\/v2\/tags?post=164591"},{"taxonomy":"global-categories","embeddable":true,"href":"https:\/\/www.welovecycling.com\/wide\/wp-json\/wp\/v2\/global-categories?post=164591"}],"curies":[{"name":"wp","href":"https:\/\/api.w.org\/{rel}","templated":true}]}}