{"id":164584,"date":"2018-05-02T08:25:11","date_gmt":"2018-05-02T08:25:11","guid":{"rendered":"https:\/\/www.welovecycling.com\/wide\/?p=164584"},"modified":"2018-05-02T13:17:43","modified_gmt":"2018-05-02T13:17:43","slug":"policeman-claimed-to-be-ill-he-was-actually-found-on-cycling-holiday-in-mallorca-instead","status":"publish","type":"post","link":"https:\/\/www.welovecycling.com\/wide\/2018\/05\/02\/policeman-claimed-to-be-ill-he-was-actually-found-on-cycling-holiday-in-mallorca-instead\/","title":{"rendered":"Policeman Claimed to Be Ill. He Was Found Cycling on Mallorca Instead"},"content":{"rendered":"<p><strong>His back problem was supposed to be so bad he couldn\u2018t even come to work on October 13, 2017. However, Nicholas Corbett was in fact enjoying a cycling holiday on Mallorca that day. Which must have come as a surprise to his inspector because Corbett claimed the back problem was connected to a road traffic collision all the way back in 2014. A collision which supposedly left him unable to ride a bike and unable to board a flight which was longer than 90 minutes.<\/strong><!--more--><\/p>\n<p>Corbett, who worked for Thames Valley Police, even managed to finish 24th in the E\/1\/2\/3 Spirit Tifosi Autumn Road Race a few days earlier before moving on to Mallorca. He deleted his Strava account after returning from his holiday but it was too late. His activities were already discovered by his superiors who brought up charges of gross misconduct. The culprit didn\u2018t stick around for the hearing and quickly resigned.<\/p>\n<div class=\"shortcode-ys-post-pinup\"><article class=\"loop-simple post-147297 post type-post status-publish format-standard has-post-thumbnail hentry category-safety tag-lock-challenge\" data-postid=\"147297\" role=\"article\" data-post-id=\"147297\" data-word-count=\"209\" data-headline-length=\"62\" data-category=\"Safety\" data-author=\"Frantiska Blazkova\" data-published=\"2017-03-20T13:05:34+00:00\" data-published-day=\"Monday\">\n    <div class=\"entry-thumbnail article-thumbnail\" content=\"https:\/\/d2p6e6u75xmxt8.cloudfront.net\/2\/2017\/03\/2242434_2422442-150x150.webp\"><a href=\"https:\/\/www.welovecycling.com\/wide\/2017\/03\/20\/story-time-scary-funny-bike-theft-stories-internet\/\" class=\"image-holder\" target=\"_self\"><img decoding=\"async\" loading=\"lazy\" class=\"\" src=\"https:\/\/d2p6e6u75xmxt8.cloudfront.net\/2\/2017\/03\/2242434_2422442.webp\" srcset=\"https:\/\/d2p6e6u75xmxt8.cloudfront.net\/2\/2017\/03\/2242434_2422442.webp 900w, https:\/\/d2p6e6u75xmxt8.cloudfront.net\/2\/2017\/03\/2242434_2422442-300x200.webp 300w, https:\/\/d2p6e6u75xmxt8.cloudfront.net\/2\/2017\/03\/2242434_2422442-768x512.webp 768w, https:\/\/d2p6e6u75xmxt8.cloudfront.net\/2\/2017\/03\/2242434_2422442-272x182.webp 272w\" width=\"900\" height=\"600\" sizes=\"auto, (min-width: 1200px) 300px, (min-width: 768px) 25vw, 100vw\" alt=\"story-time-scary-funny-bike-theft-stories-internet\"\/><\/a><\/div>    <div class=\"entry-meta\">\n        <a class=\"label label-secondary post-category\" href=\"https:\/\/www.welovecycling.com\/wide\/category\/safety\/\" title=\"Safety\">Safety<\/a>\n    <\/div>\n    <div class=\"entry-details\">\n        <a href=\"https:\/\/www.welovecycling.com\/wide\/2017\/03\/20\/story-time-scary-funny-bike-theft-stories-internet\/\" class='entry-title-wrapper'>\n            <h3 class=\"entry-title\"><span>Story Time: Scary and Funny Bike Theft Stories of the Internet<\/span><\/h3>\n        <\/a>\n    <\/div>\n    <\/article>\n<\/div>\n<p>&#8220;I am sure most of Thames Valley Police would agree that there is no room in this organisation for somebody who behaves as this former officer has,\u201d Detective Chief Superintendent Chris Ward, head of the Professional Standards Department, said. &#8220;Thankfully the vast majority of our staff are hard-working and dedicated. Where we become aware of someone behaving in this way we will be relentless in carrying out a thorough investigation.\u201d<\/p>\n","protected":false},"excerpt":{"rendered":"<p>His back problem was supposed to be so bad he couldn\u2018t even come to work on October 13, 2017. However, [&hellip;]<\/p>\n","protected":false},"author":11,"featured_media":164585,"comment_status":"open","ping_status":"open","sticky":false,"template":"","format":"standard","meta":{"footnotes":""},"categories":[329],"tags":[1476,1935,583],"global-categories":[],"class_list":["post-164584","post","type-post","status-publish","format-standard","has-post-thumbnail","hentry","category-road-cycling","tag-mallorca","tag-police","tag-road-cycling"],"yoast_head":"<!-- This site is optimized with the Yoast SEO Premium plugin v25.3 (Yoast SEO v25.9) - https:\/\/yoast.com\/wordpress\/plugins\/seo\/ -->\n<title>Policeman Claimed to Be Ill. He Was Found Cycling on Mallorca Instead - \u0160koda We Love Cycling<\/title>\n<meta name=\"description\" content=\"His back problem was supposed to be so bad he couldn\u2018t even come to work on October 13, 2017. However, Nicholas Corbett was in fact enjoying a cycling\" \/>\n<meta name=\"robots\" content=\"index, follow, max-snippet:-1, max-image-preview:large, max-video-preview:-1\" \/>\n<link rel=\"canonical\" href=\"https:\/\/www.welovecycling.com\/wide\/2018\/05\/02\/policeman-claimed-to-be-ill-he-was-actually-found-on-cycling-holiday-in-mallorca-instead\/\" \/>\n<meta property=\"og:locale\" content=\"en_US\" \/>\n<meta property=\"og:type\" content=\"article\" \/>\n<meta property=\"og:title\" content=\"Policeman Claimed to Be Ill. He Was Found Cycling on Mallorca Instead\" \/>\n<meta property=\"og:description\" content=\"His back problem was supposed to be so bad he couldn\u2018t even come to work on October 13, 2017. However, Nicholas Corbett was in fact enjoying a cycling\" \/>\n<meta property=\"og:url\" content=\"https:\/\/www.welovecycling.com\/wide\/2018\/05\/02\/policeman-claimed-to-be-ill-he-was-actually-found-on-cycling-holiday-in-mallorca-instead\/\" \/>\n<meta property=\"og:site_name\" content=\"\u0160koda We Love Cycling\" \/>\n<meta property=\"article:published_time\" content=\"2018-05-02T08:25:11+00:00\" \/>\n<meta property=\"article:modified_time\" content=\"2018-05-02T13:17:43+00:00\" \/>\n<meta property=\"og:image\" content=\"https:\/\/d2p6e6u75xmxt8.cloudfront.net\/2\/2018\/05\/cover-1.webp\" \/>\n\t<meta property=\"og:image:width\" content=\"900\" \/>\n\t<meta property=\"og:image:height\" content=\"600\" \/>\n\t<meta property=\"og:image:type\" content=\"image\/webp\" \/>\n<meta name=\"author\" content=\"ondrejfilgas\" \/>\n<meta name=\"twitter:card\" content=\"summary_large_image\" \/>\n<meta name=\"twitter:label1\" content=\"Written by\" \/>\n\t<meta name=\"twitter:data1\" content=\"Frantiska Blazkova\" \/>\n\t<meta name=\"twitter:label2\" content=\"Est. reading time\" \/>\n\t<meta name=\"twitter:data2\" content=\"1 minute\" \/>\n<script type=\"application\/ld+json\" class=\"yoast-schema-graph\">{\"@context\":\"https:\/\/schema.org\",\"@graph\":[{\"@type\":\"WebPage\",\"@id\":\"https:\/\/www.welovecycling.com\/wide\/2018\/05\/02\/policeman-claimed-to-be-ill-he-was-actually-found-on-cycling-holiday-in-mallorca-instead\/\",\"url\":\"https:\/\/www.welovecycling.com\/wide\/2018\/05\/02\/policeman-claimed-to-be-ill-he-was-actually-found-on-cycling-holiday-in-mallorca-instead\/\",\"name\":\"Policeman Claimed to Be Ill. He Was Found Cycling on Mallorca Instead - \u0160koda We Love Cycling\",\"isPartOf\":{\"@id\":\"https:\/\/www.welovecycling.com\/wide\/#website\"},\"primaryImageOfPage\":{\"@id\":\"https:\/\/www.welovecycling.com\/wide\/2018\/05\/02\/policeman-claimed-to-be-ill-he-was-actually-found-on-cycling-holiday-in-mallorca-instead\/#primaryimage\"},\"image\":{\"@id\":\"https:\/\/www.welovecycling.com\/wide\/2018\/05\/02\/policeman-claimed-to-be-ill-he-was-actually-found-on-cycling-holiday-in-mallorca-instead\/#primaryimage\"},\"thumbnailUrl\":\"https:\/\/d2p6e6u75xmxt8.cloudfront.net\/2\/2018\/05\/cover-1.webp\",\"datePublished\":\"2018-05-02T08:25:11+00:00\",\"dateModified\":\"2018-05-02T13:17:43+00:00\",\"author\":{\"@id\":\"https:\/\/www.welovecycling.com\/wide\/#\/schema\/person\/9e2e86835e0bb27fb0d57ed5a91e76af\"},\"description\":\"His back problem was supposed to be so bad he couldn\u2018t even come to work on October 13, 2017. However, Nicholas Corbett was in fact enjoying a cycling\",\"breadcrumb\":{\"@id\":\"https:\/\/www.welovecycling.com\/wide\/2018\/05\/02\/policeman-claimed-to-be-ill-he-was-actually-found-on-cycling-holiday-in-mallorca-instead\/#breadcrumb\"},\"inLanguage\":\"en-US\",\"potentialAction\":[{\"@type\":\"ReadAction\",\"target\":[\"https:\/\/www.welovecycling.com\/wide\/2018\/05\/02\/policeman-claimed-to-be-ill-he-was-actually-found-on-cycling-holiday-in-mallorca-instead\/\"]}]},{\"@type\":\"ImageObject\",\"inLanguage\":\"en-US\",\"@id\":\"https:\/\/www.welovecycling.com\/wide\/2018\/05\/02\/policeman-claimed-to-be-ill-he-was-actually-found-on-cycling-holiday-in-mallorca-instead\/#primaryimage\",\"url\":\"https:\/\/d2p6e6u75xmxt8.cloudfront.net\/2\/2018\/05\/cover-1.webp\",\"contentUrl\":\"https:\/\/d2p6e6u75xmxt8.cloudfront.net\/2\/2018\/05\/cover-1.webp\",\"width\":900,\"height\":600},{\"@type\":\"BreadcrumbList\",\"@id\":\"https:\/\/www.welovecycling.com\/wide\/2018\/05\/02\/policeman-claimed-to-be-ill-he-was-actually-found-on-cycling-holiday-in-mallorca-instead\/#breadcrumb\",\"itemListElement\":[{\"@type\":\"ListItem\",\"position\":1,\"name\":\"Home\",\"item\":\"https:\/\/www.welovecycling.com\/wide\/\"},{\"@type\":\"ListItem\",\"position\":2,\"name\":\"Policeman Claimed to Be Ill. He Was Found Cycling on Mallorca Instead\"}]},{\"@type\":\"WebSite\",\"@id\":\"https:\/\/www.welovecycling.com\/wide\/#website\",\"url\":\"https:\/\/www.welovecycling.com\/wide\/\",\"name\":\"\u0160koda We Love Cycling\",\"description\":\"\u0160koda We Love Cycling magazine\",\"alternateName\":\"\u0160koda WLC\",\"potentialAction\":[{\"@type\":\"SearchAction\",\"target\":{\"@type\":\"EntryPoint\",\"urlTemplate\":\"https:\/\/www.welovecycling.com\/wide\/?s={search_term_string}\"},\"query-input\":{\"@type\":\"PropertyValueSpecification\",\"valueRequired\":true,\"valueName\":\"search_term_string\"}}],\"inLanguage\":\"en-US\"},{\"@type\":\"Person\",\"@id\":\"https:\/\/www.welovecycling.com\/wide\/#\/schema\/person\/9e2e86835e0bb27fb0d57ed5a91e76af\",\"name\":\"ondrejfilgas\",\"image\":{\"@type\":\"ImageObject\",\"inLanguage\":\"en-US\",\"@id\":\"https:\/\/www.welovecycling.com\/wide\/#\/schema\/person\/image\/\",\"url\":\"https:\/\/secure.gravatar.com\/avatar\/02fc81aabb3935fbbc0730be0dad75bfa59dd0ad02d2945f9121c307ebd1bace?s=96&d=mm&r=g\",\"contentUrl\":\"https:\/\/secure.gravatar.com\/avatar\/02fc81aabb3935fbbc0730be0dad75bfa59dd0ad02d2945f9121c307ebd1bace?s=96&d=mm&r=g\",\"caption\":\"ondrejfilgas\"},\"url\":\"https:\/\/www.welovecycling.com\/wide\/author\/ondrejfilgas\/\"}]}<\/script>\n<!-- \/ Yoast SEO Premium plugin. -->","yoast_head_json":{"title":"Policeman Claimed to Be Ill. He Was Found Cycling on Mallorca Instead - \u0160koda We Love Cycling","description":"His back problem was supposed to be so bad he couldn\u2018t even come to work on October 13, 2017. However, Nicholas Corbett was in fact enjoying a cycling","robots":{"index":"index","follow":"follow","max-snippet":"max-snippet:-1","max-image-preview":"max-image-preview:large","max-video-preview":"max-video-preview:-1"},"canonical":"https:\/\/www.welovecycling.com\/wide\/2018\/05\/02\/policeman-claimed-to-be-ill-he-was-actually-found-on-cycling-holiday-in-mallorca-instead\/","og_locale":"en_US","og_type":"article","og_title":"Policeman Claimed to Be Ill. He Was Found Cycling on Mallorca Instead","og_description":"His back problem was supposed to be so bad he couldn\u2018t even come to work on October 13, 2017. However, Nicholas Corbett was in fact enjoying a cycling","og_url":"https:\/\/www.welovecycling.com\/wide\/2018\/05\/02\/policeman-claimed-to-be-ill-he-was-actually-found-on-cycling-holiday-in-mallorca-instead\/","og_site_name":"\u0160koda We Love Cycling","article_published_time":"2018-05-02T08:25:11+00:00","article_modified_time":"2018-05-02T13:17:43+00:00","og_image":[{"width":900,"height":600,"url":"https:\/\/d2p6e6u75xmxt8.cloudfront.net\/2\/2018\/05\/cover-1.webp","type":"image\/webp"}],"author":"ondrejfilgas","twitter_card":"summary_large_image","twitter_misc":{"Written by":"Frantiska Blazkova","Est. reading time":"1 minute"},"schema":{"@context":"https:\/\/schema.org","@graph":[{"@type":"WebPage","@id":"https:\/\/www.welovecycling.com\/wide\/2018\/05\/02\/policeman-claimed-to-be-ill-he-was-actually-found-on-cycling-holiday-in-mallorca-instead\/","url":"https:\/\/www.welovecycling.com\/wide\/2018\/05\/02\/policeman-claimed-to-be-ill-he-was-actually-found-on-cycling-holiday-in-mallorca-instead\/","name":"Policeman Claimed to Be Ill. He Was Found Cycling on Mallorca Instead - \u0160koda We Love Cycling","isPartOf":{"@id":"https:\/\/www.welovecycling.com\/wide\/#website"},"primaryImageOfPage":{"@id":"https:\/\/www.welovecycling.com\/wide\/2018\/05\/02\/policeman-claimed-to-be-ill-he-was-actually-found-on-cycling-holiday-in-mallorca-instead\/#primaryimage"},"image":{"@id":"https:\/\/www.welovecycling.com\/wide\/2018\/05\/02\/policeman-claimed-to-be-ill-he-was-actually-found-on-cycling-holiday-in-mallorca-instead\/#primaryimage"},"thumbnailUrl":"https:\/\/d2p6e6u75xmxt8.cloudfront.net\/2\/2018\/05\/cover-1.webp","datePublished":"2018-05-02T08:25:11+00:00","dateModified":"2018-05-02T13:17:43+00:00","author":{"@id":"https:\/\/www.welovecycling.com\/wide\/#\/schema\/person\/9e2e86835e0bb27fb0d57ed5a91e76af"},"description":"His back problem was supposed to be so bad he couldn\u2018t even come to work on October 13, 2017. However, Nicholas Corbett was in fact enjoying a cycling","breadcrumb":{"@id":"https:\/\/www.welovecycling.com\/wide\/2018\/05\/02\/policeman-claimed-to-be-ill-he-was-actually-found-on-cycling-holiday-in-mallorca-instead\/#breadcrumb"},"inLanguage":"en-US","potentialAction":[{"@type":"ReadAction","target":["https:\/\/www.welovecycling.com\/wide\/2018\/05\/02\/policeman-claimed-to-be-ill-he-was-actually-found-on-cycling-holiday-in-mallorca-instead\/"]}]},{"@type":"ImageObject","inLanguage":"en-US","@id":"https:\/\/www.welovecycling.com\/wide\/2018\/05\/02\/policeman-claimed-to-be-ill-he-was-actually-found-on-cycling-holiday-in-mallorca-instead\/#primaryimage","url":"https:\/\/d2p6e6u75xmxt8.cloudfront.net\/2\/2018\/05\/cover-1.webp","contentUrl":"https:\/\/d2p6e6u75xmxt8.cloudfront.net\/2\/2018\/05\/cover-1.webp","width":900,"height":600},{"@type":"BreadcrumbList","@id":"https:\/\/www.welovecycling.com\/wide\/2018\/05\/02\/policeman-claimed-to-be-ill-he-was-actually-found-on-cycling-holiday-in-mallorca-instead\/#breadcrumb","itemListElement":[{"@type":"ListItem","position":1,"name":"Home","item":"https:\/\/www.welovecycling.com\/wide\/"},{"@type":"ListItem","position":2,"name":"Policeman Claimed to Be Ill. He Was Found Cycling on Mallorca Instead"}]},{"@type":"WebSite","@id":"https:\/\/www.welovecycling.com\/wide\/#website","url":"https:\/\/www.welovecycling.com\/wide\/","name":"\u0160koda We Love Cycling","description":"\u0160koda We Love Cycling magazine","alternateName":"\u0160koda WLC","potentialAction":[{"@type":"SearchAction","target":{"@type":"EntryPoint","urlTemplate":"https:\/\/www.welovecycling.com\/wide\/?s={search_term_string}"},"query-input":{"@type":"PropertyValueSpecification","valueRequired":true,"valueName":"search_term_string"}}],"inLanguage":"en-US"},{"@type":"Person","@id":"https:\/\/www.welovecycling.com\/wide\/#\/schema\/person\/9e2e86835e0bb27fb0d57ed5a91e76af","name":"ondrejfilgas","image":{"@type":"ImageObject","inLanguage":"en-US","@id":"https:\/\/www.welovecycling.com\/wide\/#\/schema\/person\/image\/","url":"https:\/\/secure.gravatar.com\/avatar\/02fc81aabb3935fbbc0730be0dad75bfa59dd0ad02d2945f9121c307ebd1bace?s=96&d=mm&r=g","contentUrl":"https:\/\/secure.gravatar.com\/avatar\/02fc81aabb3935fbbc0730be0dad75bfa59dd0ad02d2945f9121c307ebd1bace?s=96&d=mm&r=g","caption":"ondrejfilgas"},"url":"https:\/\/www.welovecycling.com\/wide\/author\/ondrejfilgas\/"}]}},"_links":{"self":[{"href":"https:\/\/www.welovecycling.com\/wide\/wp-json\/wp\/v2\/posts\/164584","targetHints":{"allow":["GET"]}}],"collection":[{"href":"https:\/\/www.welovecycling.com\/wide\/wp-json\/wp\/v2\/posts"}],"about":[{"href":"https:\/\/www.welovecycling.com\/wide\/wp-json\/wp\/v2\/types\/post"}],"author":[{"embeddable":true,"href":"https:\/\/www.welovecycling.com\/wide\/wp-json\/wp\/v2\/users\/11"}],"replies":[{"embeddable":true,"href":"https:\/\/www.welovecycling.com\/wide\/wp-json\/wp\/v2\/comments?post=164584"}],"version-history":[{"count":2,"href":"https:\/\/www.welovecycling.com\/wide\/wp-json\/wp\/v2\/posts\/164584\/revisions"}],"predecessor-version":[{"id":164601,"href":"https:\/\/www.welovecycling.com\/wide\/wp-json\/wp\/v2\/posts\/164584\/revisions\/164601"}],"wp:featuredmedia":[{"embeddable":true,"href":"https:\/\/www.welovecycling.com\/wide\/wp-json\/wp\/v2\/media\/164585"}],"wp:attachment":[{"href":"https:\/\/www.welovecycling.com\/wide\/wp-json\/wp\/v2\/media?parent=164584"}],"wp:term":[{"taxonomy":"category","embeddable":true,"href":"https:\/\/www.welovecycling.com\/wide\/wp-json\/wp\/v2\/categories?post=164584"},{"taxonomy":"post_tag","embeddable":true,"href":"https:\/\/www.welovecycling.com\/wide\/wp-json\/wp\/v2\/tags?post=164584"},{"taxonomy":"global-categories","embeddable":true,"href":"https:\/\/www.welovecycling.com\/wide\/wp-json\/wp\/v2\/global-categories?post=164584"}],"curies":[{"name":"wp","href":"https:\/\/api.w.org\/{rel}","templated":true}]}}