{"id":164546,"date":"2018-04-30T11:55:10","date_gmt":"2018-04-30T11:55:10","guid":{"rendered":"https:\/\/www.welovecycling.com\/wide\/?p=164546"},"modified":"2018-04-30T11:55:10","modified_gmt":"2018-04-30T11:55:10","slug":"roglic-is-the-tour-de-romandie-winner-and-other-cool-news-from-the-world-of-cycling","status":"publish","type":"post","link":"https:\/\/www.welovecycling.com\/wide\/2018\/04\/30\/roglic-is-the-tour-de-romandie-winner-and-other-cool-news-from-the-world-of-cycling\/","title":{"rendered":"Rogli\u010d Is the Tour de Romandie Winner and Other Cool News from the World of Cycling"},"content":{"rendered":"<p><strong>Another Monday is here and our news from the world of cycling with it! So, what did you miss?<\/strong><br \/>\n<!--more--><\/p>\n<h2><strong>Tour de Romandie won by Primo\u017e<\/strong><\/h2>\n<p>The Slovenian (LottoNL-Jumbo) finished safely in the peloton in the final stage while Pascal Ackermann sprinted to the stage win. Rogli\u010d had had an 8-second lead prior to yesterday\u2019s stage and didn\u2019t miss a beat the whole day. There was no opening to follow for Egan Bernal (Team Sky), who was second in the GC, and the Slovenian secured his title. It\u2019s his second stage race win this year after triumphing at the Tour of the Basque earlier this month.<\/p>\n<div class=\"embed-controller-wrapper\">\n<blockquote class=\"twitter-tweet\" data-width=\"500\" data-dnt=\"true\">\n<p lang=\"en\" dir=\"ltr\">\ud83c\udde8\ud83c\udded<a href=\"https:\/\/twitter.com\/hashtag\/TDR2018?src=hash&amp;ref_src=twsrc%5Etfw\">#TDR2018<\/a> <a href=\"https:\/\/twitter.com\/rogla?ref_src=twsrc%5Etfw\">@rogla<\/a>  wins overall classification in Tour de Romandie<\/p>\n<p>\ud83d\udcdd: <a href=\"https:\/\/t.co\/PGKABsSVzu\">https:\/\/t.co\/PGKABsSVzu<\/a>   (\ud83c\uddec\ud83c\udde7) <a href=\"https:\/\/t.co\/BsCCqlK3eo\">pic.twitter.com\/BsCCqlK3eo<\/a><\/p>\n<p>&mdash; Team Visma | Lease a Bike (@vismaleaseabike) <a href=\"https:\/\/twitter.com\/vismaleaseabike\/status\/990612041269465088?ref_src=twsrc%5Etfw\">April 29, 2018<\/a><\/p><\/blockquote>\n<p><script async data-src=\"https:\/\/platform.twitter.com\/widgets.js\" charset=\"utf-8\"><\/script><\/div>\n<h2><strong>Tour de Romandie 2018<\/strong><\/h2>\n<p>1. Primoz Roglic (Slo) LottoNL-Jumbo, in 17-09-00 17:09:00<br \/>\n2. Egan Bernal (Col) Team Sky, at 8 secs<br \/>\n3. Richie Porte (Aus) BMC Racing, at 35 secs<br \/>\n4. Jakob Fuglsang (Den) Astana, at 1-16<br \/>\n5. Rui Costa (Por) UAE Team Emirates, at 1-23<br \/>\n6. Steven Kruijswijk (Ned) LottoNL-Jumbo, at 2-32<br \/>\n7. Rohan Dennis (Aus) BMC Racing, at 2-49<br \/>\n8. Pierre Latour (Fra) AG2R La Mondiale, at same time<br \/>\n9. Emanuel Buchmann (Ger) Bora-Hansgrohe, at 3-09<br \/>\n10. Daniel Martin (Irl) UAE Team Emirates, at 3-12<\/p>\n<h2><strong>Future prospect enjoying them cobbles<\/strong><\/h2>\n<div class=\"embed-controller-wrapper\">\n<blockquote class=\"twitter-tweet\" data-width=\"500\" data-dnt=\"true\">\n<p lang=\"en\" dir=\"ltr\">After two weeks,still on the cobbles! Much harder this time \ud83d\ude1c <a href=\"https:\/\/t.co\/R1eHhIB73Z\">pic.twitter.com\/R1eHhIB73Z<\/a><\/p>\n<p>&mdash; Jacopo Guarnieri (@jacopoguarnieri) <a href=\"https:\/\/twitter.com\/jacopoguarnieri\/status\/988090508961607680?ref_src=twsrc%5Etfw\">April 22, 2018<\/a><\/p><\/blockquote>\n<p><script async data-src=\"https:\/\/platform.twitter.com\/widgets.js\" charset=\"utf-8\"><\/script><\/div>\n<h2><strong>What the hell?<\/strong><\/h2>\n<div class=\"embed-controller-wrapper\">\n<blockquote class=\"twitter-tweet\" data-width=\"500\" data-dnt=\"true\">\n<p lang=\"en\" dir=\"ltr\">A chicken crossed the road and caused a crash in the peloton <a href=\"https:\/\/twitter.com\/oscarvwijk?ref_src=twsrc%5Etfw\">@oscarvwijk<\/a> was caught up. He was quickly back on the bike and is on his way to the back of the peloton. <a href=\"https:\/\/twitter.com\/Polderkoers?ref_src=twsrc%5Etfw\">@Polderkoers<\/a> <a href=\"https:\/\/twitter.com\/HollandCupCC?ref_src=twsrc%5Etfw\">@HollandCupCC<\/a> <a href=\"https:\/\/twitter.com\/hashtag\/PromotingTalents?src=hash&amp;ref_src=twsrc%5Etfw\">#PromotingTalents<\/a><\/p>\n<p>&mdash; DESTIL-Parkhotel (@CyclingTalents) <a href=\"https:\/\/twitter.com\/CyclingTalents\/status\/987712134896340992?ref_src=twsrc%5Etfw\">April 21, 2018<\/a><\/p><\/blockquote>\n<p><script async data-src=\"https:\/\/platform.twitter.com\/widgets.js\" charset=\"utf-8\"><\/script><\/div>\n<h2><strong>Tasty profiles<\/strong><\/h2>\n<div class=\"embed-controller-wrapper\">\n<blockquote class=\"twitter-tweet\" data-width=\"500\" data-dnt=\"true\">\n<p lang=\"en\" dir=\"ltr\">Emmental is a medium-hard Swiss cheese. The <a href=\"https:\/\/twitter.com\/TourDeRomandie?ref_src=twsrc%5Etfw\">@TourDeRomandie<\/a> is a medium-hard Swiss race. While the <a href=\"https:\/\/twitter.com\/TourDeRomandie?ref_src=twsrc%5Etfw\">@TourDeRomandie<\/a> doesn\u2019t pass through Emmental, the famous Swiss cheese seemed right to profile the, um well, profiles of the stages. <a href=\"https:\/\/t.co\/ybKxkpMop7\">pic.twitter.com\/ybKxkpMop7<\/a><\/p>\n<p>&mdash; Q36.5 Pro Cycling Team (@Q36_5ProCycling) <a href=\"https:\/\/twitter.com\/Q36_5ProCycling\/status\/988700655865954304?ref_src=twsrc%5Etfw\">April 24, 2018<\/a><\/p><\/blockquote>\n<p><script async data-src=\"https:\/\/platform.twitter.com\/widgets.js\" charset=\"utf-8\"><\/script><\/div>\n<h2><strong>Adult problems<\/strong><\/h2>\n<div class=\"embed-controller-wrapper\">\n<blockquote class=\"twitter-tweet\" data-width=\"500\" data-dnt=\"true\">\n<p lang=\"en\" dir=\"ltr\">Frustrated and disappointed that today&#39;s top speed was only 99.2kph. So close yet so far from the magical 100kph. Wait. How old am I? <a href=\"https:\/\/twitter.com\/hashtag\/childsplay?src=hash&amp;ref_src=twsrc%5Etfw\">#childsplay<\/a> <a href=\"https:\/\/twitter.com\/hashtag\/racing?src=hash&amp;ref_src=twsrc%5Etfw\">#racing<\/a><\/p>\n<p>&mdash; Dan Martin (@DanMartin86) <a href=\"https:\/\/twitter.com\/DanMartin86\/status\/989184359306616833?ref_src=twsrc%5Etfw\">April 25, 2018<\/a><\/p><\/blockquote>\n<p><script async data-src=\"https:\/\/platform.twitter.com\/widgets.js\" charset=\"utf-8\"><\/script><\/div>\n<h2><strong>Ouch!<\/strong><\/h2>\n<div class=\"embed-controller-wrapper\">\n<blockquote class=\"twitter-tweet\" data-width=\"500\" data-dnt=\"true\">\n<p lang=\"en\" dir=\"ltr\">Thanks for the confidence. But i\u2019m watching from my sofa<\/p>\n<p>&mdash; Thomas De Gendt (@DeGendtThomas) <a href=\"https:\/\/twitter.com\/DeGendtThomas\/status\/988014604713381888?ref_src=twsrc%5Etfw\">April 22, 2018<\/a><\/p><\/blockquote>\n<p><script async data-src=\"https:\/\/platform.twitter.com\/widgets.js\" charset=\"utf-8\"><\/script><\/div>\n","protected":false},"excerpt":{"rendered":"<p>Another Monday is here and our news from the world of cycling with it! So, what did you miss?<\/p>\n","protected":false},"author":12,"featured_media":164554,"comment_status":"open","ping_status":"open","sticky":false,"template":"","format":"standard","meta":{"footnotes":""},"categories":[4142],"tags":[935,1221,363],"global-categories":[],"class_list":["post-164546","post","type-post","status-publish","format-standard","has-post-thumbnail","hentry","category-ride2unite","tag-dan-martin","tag-primoz-roglic","tag-tour-de-romandie"],"yoast_head":"<!-- This site is optimized with the Yoast SEO Premium plugin v25.3 (Yoast SEO v25.9) - https:\/\/yoast.com\/wordpress\/plugins\/seo\/ -->\n<title>Rogli\u010d Is the Tour de Romandie Winner and Other Cool News from the World of Cycling - \u0160koda We Love Cycling<\/title>\n<meta name=\"description\" content=\"Another Monday is here and our news from the world of cycling with it! So, what did you miss? Tour de Romandie won by Primo\u017e The Slovenian (LottoNL-Jumbo)\" \/>\n<meta name=\"robots\" content=\"index, follow, max-snippet:-1, max-image-preview:large, max-video-preview:-1\" \/>\n<link rel=\"canonical\" href=\"https:\/\/www.welovecycling.com\/wide\/2018\/04\/30\/roglic-is-the-tour-de-romandie-winner-and-other-cool-news-from-the-world-of-cycling\/\" \/>\n<meta property=\"og:locale\" content=\"en_US\" \/>\n<meta property=\"og:type\" content=\"article\" \/>\n<meta property=\"og:title\" content=\"Rogli\u010d Is the Tour de Romandie Winner and Other Cool News from the World of Cycling\" \/>\n<meta property=\"og:description\" content=\"Another Monday is here and our news from the world of cycling with it! So, what did you miss? Tour de Romandie won by Primo\u017e The Slovenian (LottoNL-Jumbo)\" \/>\n<meta property=\"og:url\" content=\"https:\/\/www.welovecycling.com\/wide\/2018\/04\/30\/roglic-is-the-tour-de-romandie-winner-and-other-cool-news-from-the-world-of-cycling\/\" \/>\n<meta property=\"og:site_name\" content=\"\u0160koda We Love Cycling\" \/>\n<meta property=\"article:published_time\" content=\"2018-04-30T11:55:10+00:00\" \/>\n<meta property=\"og:image\" content=\"https:\/\/d2p6e6u75xmxt8.cloudfront.net\/2\/2018\/04\/profimedia-0370093849-1.webp\" \/>\n\t<meta property=\"og:image:width\" content=\"900\" \/>\n\t<meta property=\"og:image:height\" content=\"600\" \/>\n\t<meta property=\"og:image:type\" content=\"image\/webp\" \/>\n<meta name=\"twitter:card\" content=\"summary_large_image\" \/>\n<meta name=\"twitter:label1\" content=\"Written by\" \/>\n\t<meta name=\"twitter:data1\" content=\"Monica Buck\" \/>\n\t<meta name=\"twitter:label2\" content=\"Est. reading time\" \/>\n\t<meta name=\"twitter:data2\" content=\"1 minute\" \/>\n<script type=\"application\/ld+json\" class=\"yoast-schema-graph\">{\"@context\":\"https:\/\/schema.org\",\"@graph\":[{\"@type\":\"WebPage\",\"@id\":\"https:\/\/www.welovecycling.com\/wide\/2018\/04\/30\/roglic-is-the-tour-de-romandie-winner-and-other-cool-news-from-the-world-of-cycling\/\",\"url\":\"https:\/\/www.welovecycling.com\/wide\/2018\/04\/30\/roglic-is-the-tour-de-romandie-winner-and-other-cool-news-from-the-world-of-cycling\/\",\"name\":\"Rogli\u010d Is the Tour de Romandie Winner and Other Cool News from the World of Cycling - \u0160koda We Love Cycling\",\"isPartOf\":{\"@id\":\"https:\/\/www.welovecycling.com\/wide\/#website\"},\"primaryImageOfPage\":{\"@id\":\"https:\/\/www.welovecycling.com\/wide\/2018\/04\/30\/roglic-is-the-tour-de-romandie-winner-and-other-cool-news-from-the-world-of-cycling\/#primaryimage\"},\"image\":{\"@id\":\"https:\/\/www.welovecycling.com\/wide\/2018\/04\/30\/roglic-is-the-tour-de-romandie-winner-and-other-cool-news-from-the-world-of-cycling\/#primaryimage\"},\"thumbnailUrl\":\"https:\/\/d2p6e6u75xmxt8.cloudfront.net\/2\/2018\/04\/profimedia-0370093849-1.webp\",\"datePublished\":\"2018-04-30T11:55:10+00:00\",\"author\":{\"@id\":\"\"},\"description\":\"Another Monday is here and our news from the world of cycling with it! So, what did you miss? Tour de Romandie won by Primo\u017e The Slovenian (LottoNL-Jumbo)\",\"breadcrumb\":{\"@id\":\"https:\/\/www.welovecycling.com\/wide\/2018\/04\/30\/roglic-is-the-tour-de-romandie-winner-and-other-cool-news-from-the-world-of-cycling\/#breadcrumb\"},\"inLanguage\":\"en-US\",\"potentialAction\":[{\"@type\":\"ReadAction\",\"target\":[\"https:\/\/www.welovecycling.com\/wide\/2018\/04\/30\/roglic-is-the-tour-de-romandie-winner-and-other-cool-news-from-the-world-of-cycling\/\"]}]},{\"@type\":\"ImageObject\",\"inLanguage\":\"en-US\",\"@id\":\"https:\/\/www.welovecycling.com\/wide\/2018\/04\/30\/roglic-is-the-tour-de-romandie-winner-and-other-cool-news-from-the-world-of-cycling\/#primaryimage\",\"url\":\"https:\/\/d2p6e6u75xmxt8.cloudfront.net\/2\/2018\/04\/profimedia-0370093849-1.webp\",\"contentUrl\":\"https:\/\/d2p6e6u75xmxt8.cloudfront.net\/2\/2018\/04\/profimedia-0370093849-1.webp\",\"width\":900,\"height\":600},{\"@type\":\"BreadcrumbList\",\"@id\":\"https:\/\/www.welovecycling.com\/wide\/2018\/04\/30\/roglic-is-the-tour-de-romandie-winner-and-other-cool-news-from-the-world-of-cycling\/#breadcrumb\",\"itemListElement\":[{\"@type\":\"ListItem\",\"position\":1,\"name\":\"Home\",\"item\":\"https:\/\/www.welovecycling.com\/wide\/\"},{\"@type\":\"ListItem\",\"position\":2,\"name\":\"Rogli\u010d Is the Tour de Romandie Winner and Other Cool News from the World of Cycling\"}]},{\"@type\":\"WebSite\",\"@id\":\"https:\/\/www.welovecycling.com\/wide\/#website\",\"url\":\"https:\/\/www.welovecycling.com\/wide\/\",\"name\":\"\u0160koda We Love Cycling\",\"description\":\"\u0160koda We Love Cycling magazine\",\"alternateName\":\"\u0160koda WLC\",\"potentialAction\":[{\"@type\":\"SearchAction\",\"target\":{\"@type\":\"EntryPoint\",\"urlTemplate\":\"https:\/\/www.welovecycling.com\/wide\/?s={search_term_string}\"},\"query-input\":{\"@type\":\"PropertyValueSpecification\",\"valueRequired\":true,\"valueName\":\"search_term_string\"}}],\"inLanguage\":\"en-US\"},{\"@type\":\"Person\",\"@id\":\"\",\"url\":\"https:\/\/www.welovecycling.com\/wide\/author\/\"}]}<\/script>\n<!-- \/ Yoast SEO Premium plugin. -->","yoast_head_json":{"title":"Rogli\u010d Is the Tour de Romandie Winner and Other Cool News from the World of Cycling - \u0160koda We Love Cycling","description":"Another Monday is here and our news from the world of cycling with it! So, what did you miss? Tour de Romandie won by Primo\u017e The Slovenian (LottoNL-Jumbo)","robots":{"index":"index","follow":"follow","max-snippet":"max-snippet:-1","max-image-preview":"max-image-preview:large","max-video-preview":"max-video-preview:-1"},"canonical":"https:\/\/www.welovecycling.com\/wide\/2018\/04\/30\/roglic-is-the-tour-de-romandie-winner-and-other-cool-news-from-the-world-of-cycling\/","og_locale":"en_US","og_type":"article","og_title":"Rogli\u010d Is the Tour de Romandie Winner and Other Cool News from the World of Cycling","og_description":"Another Monday is here and our news from the world of cycling with it! So, what did you miss? Tour de Romandie won by Primo\u017e The Slovenian (LottoNL-Jumbo)","og_url":"https:\/\/www.welovecycling.com\/wide\/2018\/04\/30\/roglic-is-the-tour-de-romandie-winner-and-other-cool-news-from-the-world-of-cycling\/","og_site_name":"\u0160koda We Love Cycling","article_published_time":"2018-04-30T11:55:10+00:00","og_image":[{"width":900,"height":600,"url":"https:\/\/d2p6e6u75xmxt8.cloudfront.net\/2\/2018\/04\/profimedia-0370093849-1.webp","type":"image\/webp"}],"twitter_card":"summary_large_image","twitter_misc":{"Written by":"Monica Buck","Est. reading time":"1 minute"},"schema":{"@context":"https:\/\/schema.org","@graph":[{"@type":"WebPage","@id":"https:\/\/www.welovecycling.com\/wide\/2018\/04\/30\/roglic-is-the-tour-de-romandie-winner-and-other-cool-news-from-the-world-of-cycling\/","url":"https:\/\/www.welovecycling.com\/wide\/2018\/04\/30\/roglic-is-the-tour-de-romandie-winner-and-other-cool-news-from-the-world-of-cycling\/","name":"Rogli\u010d Is the Tour de Romandie Winner and Other Cool News from the World of Cycling - \u0160koda We Love Cycling","isPartOf":{"@id":"https:\/\/www.welovecycling.com\/wide\/#website"},"primaryImageOfPage":{"@id":"https:\/\/www.welovecycling.com\/wide\/2018\/04\/30\/roglic-is-the-tour-de-romandie-winner-and-other-cool-news-from-the-world-of-cycling\/#primaryimage"},"image":{"@id":"https:\/\/www.welovecycling.com\/wide\/2018\/04\/30\/roglic-is-the-tour-de-romandie-winner-and-other-cool-news-from-the-world-of-cycling\/#primaryimage"},"thumbnailUrl":"https:\/\/d2p6e6u75xmxt8.cloudfront.net\/2\/2018\/04\/profimedia-0370093849-1.webp","datePublished":"2018-04-30T11:55:10+00:00","author":{"@id":""},"description":"Another Monday is here and our news from the world of cycling with it! So, what did you miss? Tour de Romandie won by Primo\u017e The Slovenian (LottoNL-Jumbo)","breadcrumb":{"@id":"https:\/\/www.welovecycling.com\/wide\/2018\/04\/30\/roglic-is-the-tour-de-romandie-winner-and-other-cool-news-from-the-world-of-cycling\/#breadcrumb"},"inLanguage":"en-US","potentialAction":[{"@type":"ReadAction","target":["https:\/\/www.welovecycling.com\/wide\/2018\/04\/30\/roglic-is-the-tour-de-romandie-winner-and-other-cool-news-from-the-world-of-cycling\/"]}]},{"@type":"ImageObject","inLanguage":"en-US","@id":"https:\/\/www.welovecycling.com\/wide\/2018\/04\/30\/roglic-is-the-tour-de-romandie-winner-and-other-cool-news-from-the-world-of-cycling\/#primaryimage","url":"https:\/\/d2p6e6u75xmxt8.cloudfront.net\/2\/2018\/04\/profimedia-0370093849-1.webp","contentUrl":"https:\/\/d2p6e6u75xmxt8.cloudfront.net\/2\/2018\/04\/profimedia-0370093849-1.webp","width":900,"height":600},{"@type":"BreadcrumbList","@id":"https:\/\/www.welovecycling.com\/wide\/2018\/04\/30\/roglic-is-the-tour-de-romandie-winner-and-other-cool-news-from-the-world-of-cycling\/#breadcrumb","itemListElement":[{"@type":"ListItem","position":1,"name":"Home","item":"https:\/\/www.welovecycling.com\/wide\/"},{"@type":"ListItem","position":2,"name":"Rogli\u010d Is the Tour de Romandie Winner and Other Cool News from the World of Cycling"}]},{"@type":"WebSite","@id":"https:\/\/www.welovecycling.com\/wide\/#website","url":"https:\/\/www.welovecycling.com\/wide\/","name":"\u0160koda We Love Cycling","description":"\u0160koda We Love Cycling magazine","alternateName":"\u0160koda WLC","potentialAction":[{"@type":"SearchAction","target":{"@type":"EntryPoint","urlTemplate":"https:\/\/www.welovecycling.com\/wide\/?s={search_term_string}"},"query-input":{"@type":"PropertyValueSpecification","valueRequired":true,"valueName":"search_term_string"}}],"inLanguage":"en-US"},{"@type":"Person","@id":"","url":"https:\/\/www.welovecycling.com\/wide\/author\/"}]}},"_links":{"self":[{"href":"https:\/\/www.welovecycling.com\/wide\/wp-json\/wp\/v2\/posts\/164546","targetHints":{"allow":["GET"]}}],"collection":[{"href":"https:\/\/www.welovecycling.com\/wide\/wp-json\/wp\/v2\/posts"}],"about":[{"href":"https:\/\/www.welovecycling.com\/wide\/wp-json\/wp\/v2\/types\/post"}],"author":[{"embeddable":true,"href":"https:\/\/www.welovecycling.com\/wide\/wp-json\/wp\/v2\/users\/12"}],"replies":[{"embeddable":true,"href":"https:\/\/www.welovecycling.com\/wide\/wp-json\/wp\/v2\/comments?post=164546"}],"version-history":[{"count":1,"href":"https:\/\/www.welovecycling.com\/wide\/wp-json\/wp\/v2\/posts\/164546\/revisions"}],"predecessor-version":[{"id":164553,"href":"https:\/\/www.welovecycling.com\/wide\/wp-json\/wp\/v2\/posts\/164546\/revisions\/164553"}],"wp:featuredmedia":[{"embeddable":true,"href":"https:\/\/www.welovecycling.com\/wide\/wp-json\/wp\/v2\/media\/164554"}],"wp:attachment":[{"href":"https:\/\/www.welovecycling.com\/wide\/wp-json\/wp\/v2\/media?parent=164546"}],"wp:term":[{"taxonomy":"category","embeddable":true,"href":"https:\/\/www.welovecycling.com\/wide\/wp-json\/wp\/v2\/categories?post=164546"},{"taxonomy":"post_tag","embeddable":true,"href":"https:\/\/www.welovecycling.com\/wide\/wp-json\/wp\/v2\/tags?post=164546"},{"taxonomy":"global-categories","embeddable":true,"href":"https:\/\/www.welovecycling.com\/wide\/wp-json\/wp\/v2\/global-categories?post=164546"}],"curies":[{"name":"wp","href":"https:\/\/api.w.org\/{rel}","templated":true}]}}