{"id":164437,"date":"2018-04-25T09:46:21","date_gmt":"2018-04-25T09:46:21","guid":{"rendered":"https:\/\/www.welovecycling.com\/wide\/?p=164437"},"modified":"2018-05-09T07:31:24","modified_gmt":"2018-05-09T07:31:24","slug":"what-will-it-take-to-close-the-gender-gap-in-urban-cycling","status":"publish","type":"post","link":"https:\/\/www.welovecycling.com\/wide\/2018\/04\/25\/what-will-it-take-to-close-the-gender-gap-in-urban-cycling\/","title":{"rendered":"What Will It Take to Close the Gender Gap in Urban Cycling?"},"content":{"rendered":"<p><strong>We like to think of the gender gap as something increasingly mythical in all areas of our lives; a relic of the 1950s, but when it comes to sport, studies across the last decade show that often women and girls are not as involved as their male counterparts.<\/strong><!--more--><\/p>\n<p>To look at the wider context of the sports gender gap issue, bodies such as the Women\u2019s Sport and Fitness Foundation (WSFF) supported by the Youth Sport Trust, have looked into the involvement of girls in sport from a young age. Their particular study found that only 12 % of 14-year-old girls were reaching the recommended levels of physical activity and 51 % of girls were put off physical activity by their experiences at school.<\/p>\n<p>Issues with school sports systems that discouraged girls from enjoying exercise included not wanting to exercise in front of boys due to a lack of confidence about their abilities, feeling overlooked by teachers if they aren\u2019t the best in the class, and being worried about looking unfeminine in front of friends when they are running around getting sweaty.<\/p>\n<p><a href=\"https:\/\/d2p6e6u75xmxt8.cloudfront.net\/2\/2018\/04\/profimedia-0277674293.jpg\"><img loading=\"lazy\" decoding=\"async\" class=\"alignnone wp-image-164458 size-full\" src=\"https:\/\/d2p6e6u75xmxt8.cloudfront.net\/2\/2018\/04\/profimedia-0277674293.jpg\" alt=\"\" width=\"1250\" height=\"833\" \/><\/a><\/p>\n<p>Such insights saw the start of initiatives such as This Girl Can and Breeze bike rides for women, to name a couple. However, into adulthood, the problem persists. For example, in urban cycling less than 25% of the trips taken by bicycle in the United States, are being taken by women. The reasons vary from stigma to infrastructure, so what will it take to close the gap?<\/p>\n<p><em><strong>City design<\/strong><\/em>: one of the key issues that deters people from cycling, is the design and infrastructure of cities. This is a factor that is not gender specific in putting people off cycling as a viable mode of transport, and is entirely to do with a sense of safety and enjoyment.<\/p>\n<p>There are of course cities that are extremely bike friendly, with Copenhagen and Amsterdam setting the gold standard for safety and user friendliness, while places like Barcelona have been reconsidering their structure with everything from green spaces to wider roads and of course, bike lanes. Design tweaks like \u201cthe green wave\u201d \u2013 which ensures that on most major arteries into the city center, cyclists never hit a red light and can bike continuously without putting a foot down\u2013increase both speed and safety.<\/p>\n<p><em><strong>Road rules<\/strong><\/em>: naturally, alongside bricks and mortar design, there are the rules of the road, the universal understanding of them, and their enforcement.<\/p>\n<p>Then again, while the number of road deaths may be going down, is the amount of aggression between road users? While rules are wonderful things, not everyone always abides by them, and while anger pervades, it doesn\u2019t serve anyone well. Can cars and bikes live in harmony? Advocacy for the cause, understanding and education will tell.<\/p>\n<div class=\"shortcode-ys-post-pinup\"><article class=\"loop-simple post-164380 post type-post status-publish format-standard has-post-thumbnail hentry category-family tag-skoda-karoq tag-why-we-ride tag-women-cycling\" data-postid=\"164380\" role=\"article\" data-post-id=\"164380\" data-word-count=\"312\" data-headline-length=\"36\" data-category=\"Family\" data-author=\"WeLoveCycling\" data-published=\"2018-04-24T07:43:57+00:00\" data-published-day=\"Tuesday\">\n    <div class=\"entry-thumbnail article-thumbnail\" content=\"https:\/\/d2p6e6u75xmxt8.cloudfront.net\/2\/2018\/04\/wwrcover-150x150.webp\"><a href=\"https:\/\/www.welovecycling.com\/wide\/2018\/04\/24\/have-you-even-wondered-why-we-ride\/\" class=\"image-holder\" target=\"_self\"><img decoding=\"async\" loading=\"lazy\" class=\"\" src=\"https:\/\/d2p6e6u75xmxt8.cloudfront.net\/2\/2018\/04\/wwrcover.webp\" srcset=\"https:\/\/d2p6e6u75xmxt8.cloudfront.net\/2\/2018\/04\/wwrcover.webp 900w, https:\/\/d2p6e6u75xmxt8.cloudfront.net\/2\/2018\/04\/wwrcover-300x200.webp 300w, https:\/\/d2p6e6u75xmxt8.cloudfront.net\/2\/2018\/04\/wwrcover-768x512.webp 768w, https:\/\/d2p6e6u75xmxt8.cloudfront.net\/2\/2018\/04\/wwrcover-272x182.webp 272w\" width=\"900\" height=\"600\" sizes=\"auto, (min-width: 1200px) 300px, (min-width: 768px) 25vw, 100vw\" alt=\"have-you-even-wondered-why-we-ride\"\/><\/a><\/div>    <div class=\"entry-meta\">\n        <a class=\"label label-secondary post-category\" href=\"https:\/\/www.welovecycling.com\/wide\/category\/family\/\" title=\"Family\">Family<\/a>\n    <\/div>\n    <div class=\"entry-details\">\n        <a href=\"https:\/\/www.welovecycling.com\/wide\/2018\/04\/24\/have-you-even-wondered-why-we-ride\/\" class='entry-title-wrapper'>\n            <h3 class=\"entry-title\"><span>Have You Even Wondered: Why We Ride?<\/span><\/h3>\n        <\/a>\n    <\/div>\n    <\/article>\n<\/div>\n<p><em><strong>Facilities<\/strong><\/em>: commuting is probably our most common reason to travel on a regular basis, which is why it is such a big target for increased cycling in ever more congested cities.<\/p>\n<p>However, arriving at work safely and looking presentable for your working day is paramount, making the need for good changing and showering facilities in or near workplaces a key deterrent for commuters, and female commuters in particular (heaven forbid we turn up to work with \u2018helmet hair\u2019\u2026 but then that expectation in itself about gender roles is also an issue in the bid to close the gender gap.)<\/p>\n<p>In addition to changing facilities, bike theft is a common and expensive problem, so safe and convenient storage both at work and on errands is also a factor that heavily impacts the number of cyclists in general, including women.<\/p>\n<p><em><strong>Social acceptance and stigma<\/strong><\/em>: while this may strike those of us reading it as a strange one, studies show that a feeling about social acceptance is still a problem for women cycling in cities. Contrary to what many of us believe, many women cite a hyper-masculine association with biking as a deterrent. That goes back through the history of the bicycle, but is enhanced by the perception that cycling in a city is dangerous and requires a willingness to push for one\u2019s space and not be afraid to be forceful with drivers and other road users.<\/p>\n<p><a href=\"https:\/\/d2p6e6u75xmxt8.cloudfront.net\/2\/2018\/04\/profimedia-0209537683.jpg\"><img loading=\"lazy\" decoding=\"async\" class=\"alignnone size-full wp-image-164457\" src=\"https:\/\/d2p6e6u75xmxt8.cloudfront.net\/2\/2018\/04\/profimedia-0209537683.jpg\" alt=\"\" width=\"1250\" height=\"827\" \/><\/a><\/p>\n<p>Culturally, aggression is invariably instilled in women not to do, and while consciously we may not think it has an impact, practically, it does. Then again, why should we feel the need to \u201cfight\u201d for our space on the road in the morning when most of us feel it\u2019s an achievement to have managed to get out of bed?<\/p>\n<p>Add to that the worry about harassment and a feeling of being exposed, and the perceived stigma that engulfs cycling is actually a much larger problem than most of us would ever like to think.<\/p>\n<p>So, how do we close the gender gap in cycling? Perhaps it is a much wider issue than cycling itself. However, we can all start with the basic points that make the cities bike friendly and encourage more of us in general to cycle: serious advocacy, bike facilities, social acceptance, and a general perception that cycling is safe.<\/p>\n","protected":false},"excerpt":{"rendered":"<p>We like to think of the gender gap as something increasingly mythical in all areas of our lives; a relic [&hellip;]<\/p>\n","protected":false},"author":12,"featured_media":164456,"comment_status":"open","ping_status":"open","sticky":false,"template":"","format":"standard","meta":{"footnotes":""},"categories":[330],"tags":[1912,538],"global-categories":[],"class_list":["post-164437","post","type-post","status-publish","format-standard","has-post-thumbnail","hentry","category-urban-cycling","tag-why-we-ride","tag-women-cycling"],"yoast_head":"<!-- This site is optimized with the Yoast SEO Premium plugin v25.3 (Yoast SEO v25.9) - https:\/\/yoast.com\/wordpress\/plugins\/seo\/ -->\n<title>What Will It Take to Close the Gender Gap in Urban Cycling? - \u0160koda We Love Cycling<\/title>\n<meta name=\"description\" content=\"We like to think of the gender gap as something increasingly mythical in all areas of our lives; a relic of the 1950s, but when it comes to sport, studies\" \/>\n<meta name=\"robots\" content=\"index, follow, max-snippet:-1, max-image-preview:large, max-video-preview:-1\" \/>\n<link rel=\"canonical\" href=\"https:\/\/www.welovecycling.com\/wide\/2018\/04\/25\/what-will-it-take-to-close-the-gender-gap-in-urban-cycling\/\" \/>\n<meta property=\"og:locale\" content=\"en_US\" \/>\n<meta property=\"og:type\" content=\"article\" \/>\n<meta property=\"og:title\" content=\"What Will It Take to Close the Gender Gap in Urban Cycling?\" \/>\n<meta property=\"og:description\" content=\"We like to think of the gender gap as something increasingly mythical in all areas of our lives; a relic of the 1950s, but when it comes to sport, studies\" \/>\n<meta property=\"og:url\" content=\"https:\/\/www.welovecycling.com\/wide\/2018\/04\/25\/what-will-it-take-to-close-the-gender-gap-in-urban-cycling\/\" \/>\n<meta property=\"og:site_name\" content=\"\u0160koda We Love Cycling\" \/>\n<meta property=\"article:published_time\" content=\"2018-04-25T09:46:21+00:00\" \/>\n<meta property=\"article:modified_time\" content=\"2018-05-09T07:31:24+00:00\" \/>\n<meta property=\"og:image\" content=\"https:\/\/d2p6e6u75xmxt8.cloudfront.net\/2\/2018\/04\/profimedia-0095160272-1.webp\" \/>\n\t<meta property=\"og:image:width\" content=\"900\" \/>\n\t<meta property=\"og:image:height\" content=\"600\" \/>\n\t<meta property=\"og:image:type\" content=\"image\/webp\" \/>\n<meta name=\"twitter:card\" content=\"summary_large_image\" \/>\n<meta name=\"twitter:label1\" content=\"Written by\" \/>\n\t<meta name=\"twitter:data1\" content=\"WeLoveCycling\" \/>\n\t<meta name=\"twitter:label2\" content=\"Est. reading time\" \/>\n\t<meta name=\"twitter:data2\" content=\"4 minutes\" \/>\n<script type=\"application\/ld+json\" class=\"yoast-schema-graph\">{\"@context\":\"https:\/\/schema.org\",\"@graph\":[{\"@type\":\"WebPage\",\"@id\":\"https:\/\/www.welovecycling.com\/wide\/2018\/04\/25\/what-will-it-take-to-close-the-gender-gap-in-urban-cycling\/\",\"url\":\"https:\/\/www.welovecycling.com\/wide\/2018\/04\/25\/what-will-it-take-to-close-the-gender-gap-in-urban-cycling\/\",\"name\":\"What Will It Take to Close the Gender Gap in Urban Cycling? - \u0160koda We Love Cycling\",\"isPartOf\":{\"@id\":\"https:\/\/www.welovecycling.com\/wide\/#website\"},\"primaryImageOfPage\":{\"@id\":\"https:\/\/www.welovecycling.com\/wide\/2018\/04\/25\/what-will-it-take-to-close-the-gender-gap-in-urban-cycling\/#primaryimage\"},\"image\":{\"@id\":\"https:\/\/www.welovecycling.com\/wide\/2018\/04\/25\/what-will-it-take-to-close-the-gender-gap-in-urban-cycling\/#primaryimage\"},\"thumbnailUrl\":\"https:\/\/d2p6e6u75xmxt8.cloudfront.net\/2\/2018\/04\/profimedia-0095160272-1.webp\",\"datePublished\":\"2018-04-25T09:46:21+00:00\",\"dateModified\":\"2018-05-09T07:31:24+00:00\",\"author\":{\"@id\":\"\"},\"description\":\"We like to think of the gender gap as something increasingly mythical in all areas of our lives; a relic of the 1950s, but when it comes to sport, studies\",\"breadcrumb\":{\"@id\":\"https:\/\/www.welovecycling.com\/wide\/2018\/04\/25\/what-will-it-take-to-close-the-gender-gap-in-urban-cycling\/#breadcrumb\"},\"inLanguage\":\"en-US\",\"potentialAction\":[{\"@type\":\"ReadAction\",\"target\":[\"https:\/\/www.welovecycling.com\/wide\/2018\/04\/25\/what-will-it-take-to-close-the-gender-gap-in-urban-cycling\/\"]}]},{\"@type\":\"ImageObject\",\"inLanguage\":\"en-US\",\"@id\":\"https:\/\/www.welovecycling.com\/wide\/2018\/04\/25\/what-will-it-take-to-close-the-gender-gap-in-urban-cycling\/#primaryimage\",\"url\":\"https:\/\/d2p6e6u75xmxt8.cloudfront.net\/2\/2018\/04\/profimedia-0095160272-1.webp\",\"contentUrl\":\"https:\/\/d2p6e6u75xmxt8.cloudfront.net\/2\/2018\/04\/profimedia-0095160272-1.webp\",\"width\":900,\"height\":600},{\"@type\":\"BreadcrumbList\",\"@id\":\"https:\/\/www.welovecycling.com\/wide\/2018\/04\/25\/what-will-it-take-to-close-the-gender-gap-in-urban-cycling\/#breadcrumb\",\"itemListElement\":[{\"@type\":\"ListItem\",\"position\":1,\"name\":\"Home\",\"item\":\"https:\/\/www.welovecycling.com\/wide\/\"},{\"@type\":\"ListItem\",\"position\":2,\"name\":\"What Will It Take to Close the Gender Gap in Urban Cycling?\"}]},{\"@type\":\"WebSite\",\"@id\":\"https:\/\/www.welovecycling.com\/wide\/#website\",\"url\":\"https:\/\/www.welovecycling.com\/wide\/\",\"name\":\"\u0160koda We Love Cycling\",\"description\":\"\u0160koda We Love Cycling magazine\",\"alternateName\":\"\u0160koda WLC\",\"potentialAction\":[{\"@type\":\"SearchAction\",\"target\":{\"@type\":\"EntryPoint\",\"urlTemplate\":\"https:\/\/www.welovecycling.com\/wide\/?s={search_term_string}\"},\"query-input\":{\"@type\":\"PropertyValueSpecification\",\"valueRequired\":true,\"valueName\":\"search_term_string\"}}],\"inLanguage\":\"en-US\"},{\"@type\":\"Person\",\"@id\":\"\",\"url\":\"https:\/\/www.welovecycling.com\/wide\/author\/\"}]}<\/script>\n<!-- \/ Yoast SEO Premium plugin. -->","yoast_head_json":{"title":"What Will It Take to Close the Gender Gap in Urban Cycling? - \u0160koda We Love Cycling","description":"We like to think of the gender gap as something increasingly mythical in all areas of our lives; a relic of the 1950s, but when it comes to sport, studies","robots":{"index":"index","follow":"follow","max-snippet":"max-snippet:-1","max-image-preview":"max-image-preview:large","max-video-preview":"max-video-preview:-1"},"canonical":"https:\/\/www.welovecycling.com\/wide\/2018\/04\/25\/what-will-it-take-to-close-the-gender-gap-in-urban-cycling\/","og_locale":"en_US","og_type":"article","og_title":"What Will It Take to Close the Gender Gap in Urban Cycling?","og_description":"We like to think of the gender gap as something increasingly mythical in all areas of our lives; a relic of the 1950s, but when it comes to sport, studies","og_url":"https:\/\/www.welovecycling.com\/wide\/2018\/04\/25\/what-will-it-take-to-close-the-gender-gap-in-urban-cycling\/","og_site_name":"\u0160koda We Love Cycling","article_published_time":"2018-04-25T09:46:21+00:00","article_modified_time":"2018-05-09T07:31:24+00:00","og_image":[{"width":900,"height":600,"url":"https:\/\/d2p6e6u75xmxt8.cloudfront.net\/2\/2018\/04\/profimedia-0095160272-1.webp","type":"image\/webp"}],"twitter_card":"summary_large_image","twitter_misc":{"Written by":"WeLoveCycling","Est. reading time":"4 minutes"},"schema":{"@context":"https:\/\/schema.org","@graph":[{"@type":"WebPage","@id":"https:\/\/www.welovecycling.com\/wide\/2018\/04\/25\/what-will-it-take-to-close-the-gender-gap-in-urban-cycling\/","url":"https:\/\/www.welovecycling.com\/wide\/2018\/04\/25\/what-will-it-take-to-close-the-gender-gap-in-urban-cycling\/","name":"What Will It Take to Close the Gender Gap in Urban Cycling? - \u0160koda We Love Cycling","isPartOf":{"@id":"https:\/\/www.welovecycling.com\/wide\/#website"},"primaryImageOfPage":{"@id":"https:\/\/www.welovecycling.com\/wide\/2018\/04\/25\/what-will-it-take-to-close-the-gender-gap-in-urban-cycling\/#primaryimage"},"image":{"@id":"https:\/\/www.welovecycling.com\/wide\/2018\/04\/25\/what-will-it-take-to-close-the-gender-gap-in-urban-cycling\/#primaryimage"},"thumbnailUrl":"https:\/\/d2p6e6u75xmxt8.cloudfront.net\/2\/2018\/04\/profimedia-0095160272-1.webp","datePublished":"2018-04-25T09:46:21+00:00","dateModified":"2018-05-09T07:31:24+00:00","author":{"@id":""},"description":"We like to think of the gender gap as something increasingly mythical in all areas of our lives; a relic of the 1950s, but when it comes to sport, studies","breadcrumb":{"@id":"https:\/\/www.welovecycling.com\/wide\/2018\/04\/25\/what-will-it-take-to-close-the-gender-gap-in-urban-cycling\/#breadcrumb"},"inLanguage":"en-US","potentialAction":[{"@type":"ReadAction","target":["https:\/\/www.welovecycling.com\/wide\/2018\/04\/25\/what-will-it-take-to-close-the-gender-gap-in-urban-cycling\/"]}]},{"@type":"ImageObject","inLanguage":"en-US","@id":"https:\/\/www.welovecycling.com\/wide\/2018\/04\/25\/what-will-it-take-to-close-the-gender-gap-in-urban-cycling\/#primaryimage","url":"https:\/\/d2p6e6u75xmxt8.cloudfront.net\/2\/2018\/04\/profimedia-0095160272-1.webp","contentUrl":"https:\/\/d2p6e6u75xmxt8.cloudfront.net\/2\/2018\/04\/profimedia-0095160272-1.webp","width":900,"height":600},{"@type":"BreadcrumbList","@id":"https:\/\/www.welovecycling.com\/wide\/2018\/04\/25\/what-will-it-take-to-close-the-gender-gap-in-urban-cycling\/#breadcrumb","itemListElement":[{"@type":"ListItem","position":1,"name":"Home","item":"https:\/\/www.welovecycling.com\/wide\/"},{"@type":"ListItem","position":2,"name":"What Will It Take to Close the Gender Gap in Urban Cycling?"}]},{"@type":"WebSite","@id":"https:\/\/www.welovecycling.com\/wide\/#website","url":"https:\/\/www.welovecycling.com\/wide\/","name":"\u0160koda We Love Cycling","description":"\u0160koda We Love Cycling magazine","alternateName":"\u0160koda WLC","potentialAction":[{"@type":"SearchAction","target":{"@type":"EntryPoint","urlTemplate":"https:\/\/www.welovecycling.com\/wide\/?s={search_term_string}"},"query-input":{"@type":"PropertyValueSpecification","valueRequired":true,"valueName":"search_term_string"}}],"inLanguage":"en-US"},{"@type":"Person","@id":"","url":"https:\/\/www.welovecycling.com\/wide\/author\/"}]}},"_links":{"self":[{"href":"https:\/\/www.welovecycling.com\/wide\/wp-json\/wp\/v2\/posts\/164437","targetHints":{"allow":["GET"]}}],"collection":[{"href":"https:\/\/www.welovecycling.com\/wide\/wp-json\/wp\/v2\/posts"}],"about":[{"href":"https:\/\/www.welovecycling.com\/wide\/wp-json\/wp\/v2\/types\/post"}],"author":[{"embeddable":true,"href":"https:\/\/www.welovecycling.com\/wide\/wp-json\/wp\/v2\/users\/12"}],"replies":[{"embeddable":true,"href":"https:\/\/www.welovecycling.com\/wide\/wp-json\/wp\/v2\/comments?post=164437"}],"version-history":[{"count":2,"href":"https:\/\/www.welovecycling.com\/wide\/wp-json\/wp\/v2\/posts\/164437\/revisions"}],"predecessor-version":[{"id":164459,"href":"https:\/\/www.welovecycling.com\/wide\/wp-json\/wp\/v2\/posts\/164437\/revisions\/164459"}],"wp:featuredmedia":[{"embeddable":true,"href":"https:\/\/www.welovecycling.com\/wide\/wp-json\/wp\/v2\/media\/164456"}],"wp:attachment":[{"href":"https:\/\/www.welovecycling.com\/wide\/wp-json\/wp\/v2\/media?parent=164437"}],"wp:term":[{"taxonomy":"category","embeddable":true,"href":"https:\/\/www.welovecycling.com\/wide\/wp-json\/wp\/v2\/categories?post=164437"},{"taxonomy":"post_tag","embeddable":true,"href":"https:\/\/www.welovecycling.com\/wide\/wp-json\/wp\/v2\/tags?post=164437"},{"taxonomy":"global-categories","embeddable":true,"href":"https:\/\/www.welovecycling.com\/wide\/wp-json\/wp\/v2\/global-categories?post=164437"}],"curies":[{"name":"wp","href":"https:\/\/api.w.org\/{rel}","templated":true}]}}