{"id":164382,"date":"2018-04-20T05:47:34","date_gmt":"2018-04-20T05:47:34","guid":{"rendered":"https:\/\/www.welovecycling.com\/wide\/?p=164382"},"modified":"2018-04-24T10:01:52","modified_gmt":"2018-04-24T10:01:52","slug":"strongest-and-most-inspiring-personas-in-2018-womens-cycling","status":"publish","type":"post","link":"https:\/\/www.welovecycling.com\/wide\/2018\/04\/20\/strongest-and-most-inspiring-personas-in-2018-womens-cycling\/","title":{"rendered":"Strongest and Most Inspiring Personas in 2018 Women&#8217;s Cycling"},"content":{"rendered":"<p><strong>From cycling champions to celebrity advocates, women are doing more for cycling than ever before. Here are some of the strongest personas in women&#8217;s cycling in 2018.<\/strong><!--more--><\/p>\n<h2><strong>Isla Rowntree<\/strong><\/h2>\n<p>Having been a former national cyclocross champion no less than three times, and as a British cross-country mountain bike veteran, Isla Rowntree knows a lot about bike-handling. But it\u2019s as the creator of her own line of children\u2019s bicycles \u2013 Islabikes \u2013 inspiring a new generation to adopt skills early, that she has made her greatest impact. With a reputation for producing children\u2019s bikes with a modern, adult specification \u2013 paying specific attention to child development and bike-fitting \u2013 she\u2019s led the way in ensuring the next wave of Bradley Wiggins and Victoria Pendletons.<\/p>\n<p><a href=\"https:\/\/d2p6e6u75xmxt8.cloudfront.net\/2\/2018\/04\/44874444448.JPG.jpg\"><img loading=\"lazy\" decoding=\"async\" class=\"alignnone size-full wp-image-164385\" src=\"https:\/\/d2p6e6u75xmxt8.cloudfront.net\/2\/2018\/04\/44874444448.JPG.jpg\" alt=\"\" width=\"729\" height=\"484\" \/><\/a><\/p>\n<h2><strong>Davina McCall<\/strong><\/h2>\n<p>Some cyclists make their way into the public consciousness while others are better known by those who are true advocates of the sport alone. Davina McCall is the much loved TV presenter, perhaps best known for Big Brother, who took cycling up in her 40s and has completed a number of impressive cycling challenges, urging others to take to the saddle in the process.\u00a0Today she campaigns for increased opportunities for women cyclists, runs her own annual Sussex ride for the charity Action Medical Research for Children, and is credited with popularising the sport amongst a whole new \u201cMumsnet\u201d audience.<\/p>\n<p>https:\/\/www.instagram.com\/p\/BbMEcJiHW3o\/?hl=cs&#038;taken-by=davinamccall<\/p>\n<h2><strong>Laura Kenny<\/strong><\/h2>\n<p>Perhaps better known as Laura Trott, this woman is perhaps one of most inspirational British female cyclists riding today. Quietly opinionated, she has overcome personal adversity to reach her champion status. Born with a collapsed lung, she suffers from asthma \u2014 but her persistence and determination to succeed was rewarded with two gold medals at London 2012 and another double gold medal display in Rio. She has also been an outspoken advocate of the #LikeAGirl campaign &#8211; a move to encourage more young girls to stick to sports during school.<\/p>\n<p><a href=\"https:\/\/d2p6e6u75xmxt8.cloudfront.net\/2\/2018\/04\/laura-trott-t.jpg\"><img loading=\"lazy\" decoding=\"async\" class=\"alignnone size-full wp-image-164387\" src=\"https:\/\/d2p6e6u75xmxt8.cloudfront.net\/2\/2018\/04\/laura-trott-t.jpg\" alt=\"\" width=\"820\" height=\"492\" \/><\/a><\/p>\n<h2><strong>Claire Lomas<\/strong><\/h2>\n<p>A titan of inspiration across the board, Claire Lomas first came into public consciousness after she walked the London Marathon in a robotic suit in 2012, five years after a horse riding accident left her paralysed from the chest down, Claire Lomas has since cycled around the UK, learned to ski, got married and had two children. That initial walk took her 17 days and since then she has reached new heights, challenging herself to physical tests, fundraising for research into spinal injuries and inspiring people around the world as she tells her story. The term \u201csuperwoman\u201d doesn\u2019t even cut it with Claire and when she took to her bike with electronic pads on her legs to make them move, she continued to show her unwavering determination.<\/p>\n<p><a href=\"https:\/\/d2p6e6u75xmxt8.cloudfront.net\/2\/2018\/04\/qJaS1jdBk2Sx.jpg\"><img loading=\"lazy\" decoding=\"async\" class=\"alignnone size-full wp-image-164388\" src=\"https:\/\/d2p6e6u75xmxt8.cloudfront.net\/2\/2018\/04\/qJaS1jdBk2Sx.jpg\" alt=\"\" width=\"1024\" height=\"683\" \/><\/a><\/p>\n<h2><strong>Juliana Buhring<\/strong><\/h2>\n<p>In 2012, a British-German ultra-endurance cyclist and writer Juliana set the Guinness World Record as the fastest woman to circumnavigate the globe by bike, riding over 18,000 miles in a total time of 152 days. Even more impressive, she only learnt to cycle three months prior to departure. She is also a bestselling author, with an interesting personal history, and among her other challenges she took part in Race Across America that is documented in the film Inspired to Ride.<\/p>\n<lite-youtube videoid=PYbWn5IMoYc params=\"enablejsapi=1\" style=\"background-image: url('https:\/\/i.ytimg.com\/vi_webp\/PYbWn5IMoYc\/maxresdefault.webp');\"><\/lite-youtube>\n<h2><strong>Lizzie Deignan<\/strong><\/h2>\n<p>In 2016, Lizzie was the all-conquering force in women\u2019s cycling, winning the Women\u2019s Le Tour, multiple classics, and the World Championships. Since then, she has sadly been pipped to the post by others on the scene, but which gave her even more hunger to succeed. In 2018, she has something to prove and we can\u2019t wait to see what she does with the peloton this year to restate her case.<\/p>\n<p><a href=\"https:\/\/d2p6e6u75xmxt8.cloudfront.net\/2\/2018\/04\/11-lizzie-deignan-swpix-3.jpg\"><img loading=\"lazy\" decoding=\"async\" class=\"alignnone size-full wp-image-164390\" src=\"https:\/\/d2p6e6u75xmxt8.cloudfront.net\/2\/2018\/04\/11-lizzie-deignan-swpix-3.jpg\" alt=\"\" width=\"1920\" height=\"1280\" \/><\/a><\/p>\n<h2><strong>Annemiek van Vleuten<\/strong><\/h2>\n<p>A Dutch road racing cyclist, who rides for Mitchelton\u2013Scott, Annemiek van Vleuten has won numerous awards including the women&#8217;s time trial at the 2017 UCI Road World Championships in Bergen. In 2016, friends feared for her life when she smashed headfirst into the pavement during a downhill stretch of the women\u2019s road race at the Rio Olympics. However, despite having sustained a concussion and breaking three vertebrae in her back, she vowed to come back and win. She\u2019s determined and we can\u2019t wait to see what she does in 2020!<\/p>\n<div class=\"embed-controller-wrapper\">\n<blockquote class=\"twitter-tweet\" data-width=\"500\" data-dnt=\"true\">\n<p lang=\"en\" dir=\"ltr\">Love this one. \ud83d\ude42 Happy to finish the spring with very strong ride today with <a href=\"https:\/\/twitter.com\/MitcheltonScott?ref_src=twsrc%5Etfw\">@MitcheltonSCOTT<\/a> Update about today: <a href=\"https:\/\/t.co\/7JYQT6W9Rw\">https:\/\/t.co\/7JYQT6W9Rw<\/a> <a href=\"https:\/\/t.co\/ZyDNgFuy5M\">pic.twitter.com\/ZyDNgFuy5M<\/a><\/p>\n<p>&mdash; Annemiek van Vleuten (@AvVleuten) <a href=\"https:\/\/twitter.com\/AvVleuten\/status\/988146564928450560?ref_src=twsrc%5Etfw\">April 22, 2018<\/a><\/p><\/blockquote>\n<p><script async data-src=\"https:\/\/platform.twitter.com\/widgets.js\" charset=\"utf-8\"><\/script><\/div>\n","protected":false},"excerpt":{"rendered":"<p>From cycling champions to celebrity advocates, women are doing more for cycling than ever before. Here are some of the [&hellip;]<\/p>\n","protected":false},"author":12,"featured_media":164401,"comment_status":"open","ping_status":"open","sticky":false,"template":"","format":"standard","meta":{"footnotes":""},"categories":[329],"tags":[477,1086,1909,1910,1911,1908,486,1225,1912,538],"global-categories":[],"class_list":["post-164382","post","type-post","status-publish","format-standard","has-post-thumbnail","hentry","category-road-cycling","tag-annemiek-van-vleuten","tag-claire-lomas","tag-davina-mccall","tag-isla-rowntree","tag-juliana-buhring","tag-laura-kenny","tag-laura-trott","tag-lizzie-deignan","tag-why-we-ride","tag-women-cycling"],"yoast_head":"<!-- This site is optimized with the Yoast SEO Premium plugin v25.3 (Yoast SEO v25.9) - https:\/\/yoast.com\/wordpress\/plugins\/seo\/ -->\n<title>Strongest and Most Inspiring Personas in 2018 Women&#039;s Cycling - \u0160koda We Love Cycling<\/title>\n<meta name=\"description\" content=\"From cycling champions to celebrity advocates, women are doing more for cycling than ever before. Here are some of the strongest personas in women&#039;s\" \/>\n<meta name=\"robots\" content=\"index, follow, max-snippet:-1, max-image-preview:large, max-video-preview:-1\" \/>\n<link rel=\"canonical\" href=\"https:\/\/www.welovecycling.com\/wide\/2018\/04\/20\/strongest-and-most-inspiring-personas-in-2018-womens-cycling\/\" \/>\n<meta property=\"og:locale\" content=\"en_US\" \/>\n<meta property=\"og:type\" content=\"article\" \/>\n<meta property=\"og:title\" content=\"Strongest and Most Inspiring Personas in 2018 Women&#039;s Cycling\" \/>\n<meta property=\"og:description\" content=\"From cycling champions to celebrity advocates, women are doing more for cycling than ever before. Here are some of the strongest personas in women&#039;s\" \/>\n<meta property=\"og:url\" content=\"https:\/\/www.welovecycling.com\/wide\/2018\/04\/20\/strongest-and-most-inspiring-personas-in-2018-womens-cycling\/\" \/>\n<meta property=\"og:site_name\" content=\"\u0160koda We Love Cycling\" \/>\n<meta property=\"article:published_time\" content=\"2018-04-20T05:47:34+00:00\" \/>\n<meta property=\"article:modified_time\" content=\"2018-04-24T10:01:52+00:00\" \/>\n<meta property=\"og:image\" content=\"https:\/\/d2p6e6u75xmxt8.cloudfront.net\/2\/2018\/04\/lizzie-1.webp\" \/>\n\t<meta property=\"og:image:width\" content=\"900\" \/>\n\t<meta property=\"og:image:height\" content=\"600\" \/>\n\t<meta property=\"og:image:type\" content=\"image\/webp\" \/>\n<meta name=\"twitter:card\" content=\"summary_large_image\" \/>\n<meta name=\"twitter:label1\" content=\"Written by\" \/>\n\t<meta name=\"twitter:data1\" content=\"WeLoveCycling\" \/>\n\t<meta name=\"twitter:label2\" content=\"Est. reading time\" \/>\n\t<meta name=\"twitter:data2\" content=\"4 minutes\" \/>\n<script type=\"application\/ld+json\" class=\"yoast-schema-graph\">{\"@context\":\"https:\/\/schema.org\",\"@graph\":[{\"@type\":\"WebPage\",\"@id\":\"https:\/\/www.welovecycling.com\/wide\/2018\/04\/20\/strongest-and-most-inspiring-personas-in-2018-womens-cycling\/\",\"url\":\"https:\/\/www.welovecycling.com\/wide\/2018\/04\/20\/strongest-and-most-inspiring-personas-in-2018-womens-cycling\/\",\"name\":\"Strongest and Most Inspiring Personas in 2018 Women's Cycling - \u0160koda We Love Cycling\",\"isPartOf\":{\"@id\":\"https:\/\/www.welovecycling.com\/wide\/#website\"},\"primaryImageOfPage\":{\"@id\":\"https:\/\/www.welovecycling.com\/wide\/2018\/04\/20\/strongest-and-most-inspiring-personas-in-2018-womens-cycling\/#primaryimage\"},\"image\":{\"@id\":\"https:\/\/www.welovecycling.com\/wide\/2018\/04\/20\/strongest-and-most-inspiring-personas-in-2018-womens-cycling\/#primaryimage\"},\"thumbnailUrl\":\"https:\/\/d2p6e6u75xmxt8.cloudfront.net\/2\/2018\/04\/lizzie-1.webp\",\"datePublished\":\"2018-04-20T05:47:34+00:00\",\"dateModified\":\"2018-04-24T10:01:52+00:00\",\"author\":{\"@id\":\"\"},\"description\":\"From cycling champions to celebrity advocates, women are doing more for cycling than ever before. Here are some of the strongest personas in women's\",\"breadcrumb\":{\"@id\":\"https:\/\/www.welovecycling.com\/wide\/2018\/04\/20\/strongest-and-most-inspiring-personas-in-2018-womens-cycling\/#breadcrumb\"},\"inLanguage\":\"en-US\",\"potentialAction\":[{\"@type\":\"ReadAction\",\"target\":[\"https:\/\/www.welovecycling.com\/wide\/2018\/04\/20\/strongest-and-most-inspiring-personas-in-2018-womens-cycling\/\"]}]},{\"@type\":\"ImageObject\",\"inLanguage\":\"en-US\",\"@id\":\"https:\/\/www.welovecycling.com\/wide\/2018\/04\/20\/strongest-and-most-inspiring-personas-in-2018-womens-cycling\/#primaryimage\",\"url\":\"https:\/\/d2p6e6u75xmxt8.cloudfront.net\/2\/2018\/04\/lizzie-1.webp\",\"contentUrl\":\"https:\/\/d2p6e6u75xmxt8.cloudfront.net\/2\/2018\/04\/lizzie-1.webp\",\"width\":900,\"height\":600},{\"@type\":\"BreadcrumbList\",\"@id\":\"https:\/\/www.welovecycling.com\/wide\/2018\/04\/20\/strongest-and-most-inspiring-personas-in-2018-womens-cycling\/#breadcrumb\",\"itemListElement\":[{\"@type\":\"ListItem\",\"position\":1,\"name\":\"Home\",\"item\":\"https:\/\/www.welovecycling.com\/wide\/\"},{\"@type\":\"ListItem\",\"position\":2,\"name\":\"Strongest and Most Inspiring Personas in 2018 Women&#8217;s Cycling\"}]},{\"@type\":\"WebSite\",\"@id\":\"https:\/\/www.welovecycling.com\/wide\/#website\",\"url\":\"https:\/\/www.welovecycling.com\/wide\/\",\"name\":\"\u0160koda We Love Cycling\",\"description\":\"\u0160koda We Love Cycling magazine\",\"alternateName\":\"\u0160koda WLC\",\"potentialAction\":[{\"@type\":\"SearchAction\",\"target\":{\"@type\":\"EntryPoint\",\"urlTemplate\":\"https:\/\/www.welovecycling.com\/wide\/?s={search_term_string}\"},\"query-input\":{\"@type\":\"PropertyValueSpecification\",\"valueRequired\":true,\"valueName\":\"search_term_string\"}}],\"inLanguage\":\"en-US\"},{\"@type\":\"Person\",\"@id\":\"\",\"url\":\"https:\/\/www.welovecycling.com\/wide\/author\/\"}]}<\/script>\n<!-- \/ Yoast SEO Premium plugin. -->","yoast_head_json":{"title":"Strongest and Most Inspiring Personas in 2018 Women's Cycling - \u0160koda We Love Cycling","description":"From cycling champions to celebrity advocates, women are doing more for cycling than ever before. Here are some of the strongest personas in women's","robots":{"index":"index","follow":"follow","max-snippet":"max-snippet:-1","max-image-preview":"max-image-preview:large","max-video-preview":"max-video-preview:-1"},"canonical":"https:\/\/www.welovecycling.com\/wide\/2018\/04\/20\/strongest-and-most-inspiring-personas-in-2018-womens-cycling\/","og_locale":"en_US","og_type":"article","og_title":"Strongest and Most Inspiring Personas in 2018 Women's Cycling","og_description":"From cycling champions to celebrity advocates, women are doing more for cycling than ever before. Here are some of the strongest personas in women's","og_url":"https:\/\/www.welovecycling.com\/wide\/2018\/04\/20\/strongest-and-most-inspiring-personas-in-2018-womens-cycling\/","og_site_name":"\u0160koda We Love Cycling","article_published_time":"2018-04-20T05:47:34+00:00","article_modified_time":"2018-04-24T10:01:52+00:00","og_image":[{"width":900,"height":600,"url":"https:\/\/d2p6e6u75xmxt8.cloudfront.net\/2\/2018\/04\/lizzie-1.webp","type":"image\/webp"}],"twitter_card":"summary_large_image","twitter_misc":{"Written by":"WeLoveCycling","Est. reading time":"4 minutes"},"schema":{"@context":"https:\/\/schema.org","@graph":[{"@type":"WebPage","@id":"https:\/\/www.welovecycling.com\/wide\/2018\/04\/20\/strongest-and-most-inspiring-personas-in-2018-womens-cycling\/","url":"https:\/\/www.welovecycling.com\/wide\/2018\/04\/20\/strongest-and-most-inspiring-personas-in-2018-womens-cycling\/","name":"Strongest and Most Inspiring Personas in 2018 Women's Cycling - \u0160koda We Love Cycling","isPartOf":{"@id":"https:\/\/www.welovecycling.com\/wide\/#website"},"primaryImageOfPage":{"@id":"https:\/\/www.welovecycling.com\/wide\/2018\/04\/20\/strongest-and-most-inspiring-personas-in-2018-womens-cycling\/#primaryimage"},"image":{"@id":"https:\/\/www.welovecycling.com\/wide\/2018\/04\/20\/strongest-and-most-inspiring-personas-in-2018-womens-cycling\/#primaryimage"},"thumbnailUrl":"https:\/\/d2p6e6u75xmxt8.cloudfront.net\/2\/2018\/04\/lizzie-1.webp","datePublished":"2018-04-20T05:47:34+00:00","dateModified":"2018-04-24T10:01:52+00:00","author":{"@id":""},"description":"From cycling champions to celebrity advocates, women are doing more for cycling than ever before. Here are some of the strongest personas in women's","breadcrumb":{"@id":"https:\/\/www.welovecycling.com\/wide\/2018\/04\/20\/strongest-and-most-inspiring-personas-in-2018-womens-cycling\/#breadcrumb"},"inLanguage":"en-US","potentialAction":[{"@type":"ReadAction","target":["https:\/\/www.welovecycling.com\/wide\/2018\/04\/20\/strongest-and-most-inspiring-personas-in-2018-womens-cycling\/"]}]},{"@type":"ImageObject","inLanguage":"en-US","@id":"https:\/\/www.welovecycling.com\/wide\/2018\/04\/20\/strongest-and-most-inspiring-personas-in-2018-womens-cycling\/#primaryimage","url":"https:\/\/d2p6e6u75xmxt8.cloudfront.net\/2\/2018\/04\/lizzie-1.webp","contentUrl":"https:\/\/d2p6e6u75xmxt8.cloudfront.net\/2\/2018\/04\/lizzie-1.webp","width":900,"height":600},{"@type":"BreadcrumbList","@id":"https:\/\/www.welovecycling.com\/wide\/2018\/04\/20\/strongest-and-most-inspiring-personas-in-2018-womens-cycling\/#breadcrumb","itemListElement":[{"@type":"ListItem","position":1,"name":"Home","item":"https:\/\/www.welovecycling.com\/wide\/"},{"@type":"ListItem","position":2,"name":"Strongest and Most Inspiring Personas in 2018 Women&#8217;s Cycling"}]},{"@type":"WebSite","@id":"https:\/\/www.welovecycling.com\/wide\/#website","url":"https:\/\/www.welovecycling.com\/wide\/","name":"\u0160koda We Love Cycling","description":"\u0160koda We Love Cycling magazine","alternateName":"\u0160koda WLC","potentialAction":[{"@type":"SearchAction","target":{"@type":"EntryPoint","urlTemplate":"https:\/\/www.welovecycling.com\/wide\/?s={search_term_string}"},"query-input":{"@type":"PropertyValueSpecification","valueRequired":true,"valueName":"search_term_string"}}],"inLanguage":"en-US"},{"@type":"Person","@id":"","url":"https:\/\/www.welovecycling.com\/wide\/author\/"}]}},"_links":{"self":[{"href":"https:\/\/www.welovecycling.com\/wide\/wp-json\/wp\/v2\/posts\/164382","targetHints":{"allow":["GET"]}}],"collection":[{"href":"https:\/\/www.welovecycling.com\/wide\/wp-json\/wp\/v2\/posts"}],"about":[{"href":"https:\/\/www.welovecycling.com\/wide\/wp-json\/wp\/v2\/types\/post"}],"author":[{"embeddable":true,"href":"https:\/\/www.welovecycling.com\/wide\/wp-json\/wp\/v2\/users\/12"}],"replies":[{"embeddable":true,"href":"https:\/\/www.welovecycling.com\/wide\/wp-json\/wp\/v2\/comments?post=164382"}],"version-history":[{"count":2,"href":"https:\/\/www.welovecycling.com\/wide\/wp-json\/wp\/v2\/posts\/164382\/revisions"}],"predecessor-version":[{"id":164402,"href":"https:\/\/www.welovecycling.com\/wide\/wp-json\/wp\/v2\/posts\/164382\/revisions\/164402"}],"wp:featuredmedia":[{"embeddable":true,"href":"https:\/\/www.welovecycling.com\/wide\/wp-json\/wp\/v2\/media\/164401"}],"wp:attachment":[{"href":"https:\/\/www.welovecycling.com\/wide\/wp-json\/wp\/v2\/media?parent=164382"}],"wp:term":[{"taxonomy":"category","embeddable":true,"href":"https:\/\/www.welovecycling.com\/wide\/wp-json\/wp\/v2\/categories?post=164382"},{"taxonomy":"post_tag","embeddable":true,"href":"https:\/\/www.welovecycling.com\/wide\/wp-json\/wp\/v2\/tags?post=164382"},{"taxonomy":"global-categories","embeddable":true,"href":"https:\/\/www.welovecycling.com\/wide\/wp-json\/wp\/v2\/global-categories?post=164382"}],"curies":[{"name":"wp","href":"https:\/\/api.w.org\/{rel}","templated":true}]}}