{"id":164177,"date":"2018-04-10T06:47:30","date_gmt":"2018-04-10T06:47:30","guid":{"rendered":"https:\/\/www.welovecycling.com\/wide\/?p=164177"},"modified":"2018-04-10T06:57:37","modified_gmt":"2018-04-10T06:57:37","slug":"hero-story-time-one-foot-grave-world-cycling-record","status":"publish","type":"post","link":"https:\/\/www.welovecycling.com\/wide\/2018\/04\/10\/hero-story-time-one-foot-grave-world-cycling-record\/","title":{"rendered":"Hero Story Time: From Being One Foot in The Grave to World Cycling Record"},"content":{"rendered":"<p><strong>Do you have any sports goals or resolutions? What about becoming a world record holder? Too insane to be true? Meet Michal Subrt from the Czech Republic who made it from zero to the winning title. This is a story looking like it was stolen from a Hollywood movie script.<\/strong><!--more--><\/p>\n<p>In 2011, Michal Subrt turned forty. Obese, constantly tired, struggling with a high cholesterol and inclination to diabetes, he had just received a message about having a poor liver test results. It was everything but a good start for a sports career. Michal didn&#8217;t care much, though. Within only five years, he turned into a world record-breaking athlete.<\/p>\n<p><a href=\"https:\/\/d2p6e6u75xmxt8.cloudfront.net\/2\/2018\/04\/MICHAL_SUBRT10.jpg\"><img loading=\"lazy\" decoding=\"async\" class=\"alignnone size-full wp-image-164180\" src=\"https:\/\/d2p6e6u75xmxt8.cloudfront.net\/2\/2018\/04\/MICHAL_SUBRT10.jpg\" alt=\"\" width=\"2272\" height=\"1704\" \/><\/a><\/p>\n<p>However, much earlier when he visited his family doctor back in 2011, Michal got instructions to see Mr. Smetana and show him his patient card \u2013 coincidentally, Mr. Smetana was a known owner of the local funeral home. With 108 kg of body weight and an assorted range of civilisation diseases, Michal was left in desperation. The doctor told him to change the lifestyle or else.<\/p>\n<p>In this darkest moment, Michal recalled the bet he had taken with a friend three years ago &#8211; that he would finish a marathon run &#8211; and decided this was the right time to take his chances. As Michal didn&#8217;t want to complete the race by just walking through the course, he got in touch with the trainer Petr Kopriva who was supposed to help him with the conditioning and who, beyond any expectation, made Michal familiar with a triathlon. \u201cPetr didn&#8217;t want me to jog before losing weight so he made me cycle and swim. After some practice, I took part in my first short race just to compare myself with others and I instantly fell in love with the sport,\u201d Michal recalls. A handful of other events was followed with an Ironman in Z\u00fcrich. And then came the offer to take part in The EPIC5.<\/p>\n<div id='gallery-1' class='gallery galleryid-164177 gallery-columns-2 gallery-size-large'><figure class='gallery-item'>\n\t\t\t<div class='gallery-icon landscape'>\n\t\t\t\t<a href='https:\/\/d2p6e6u75xmxt8.cloudfront.net\/2\/2018\/04\/MICHAL_SUBRT7.JPG.webp'><img loading=\"lazy\" decoding=\"async\" width=\"1024\" height=\"683\" src=\"https:\/\/d2p6e6u75xmxt8.cloudfront.net\/2\/2018\/04\/MICHAL_SUBRT7.JPG-1024x683.webp\" class=\"attachment-large size-large\" alt=\"\" srcset=\"https:\/\/d2p6e6u75xmxt8.cloudfront.net\/2\/2018\/04\/MICHAL_SUBRT7.JPG-1024x683.webp 1024w, https:\/\/d2p6e6u75xmxt8.cloudfront.net\/2\/2018\/04\/MICHAL_SUBRT7.JPG-300x200.webp 300w, https:\/\/d2p6e6u75xmxt8.cloudfront.net\/2\/2018\/04\/MICHAL_SUBRT7.JPG-768x512.webp 768w, https:\/\/d2p6e6u75xmxt8.cloudfront.net\/2\/2018\/04\/MICHAL_SUBRT7.JPG-1536x1025.webp 1536w, https:\/\/d2p6e6u75xmxt8.cloudfront.net\/2\/2018\/04\/MICHAL_SUBRT7.JPG-1920x1281.webp 1920w, https:\/\/d2p6e6u75xmxt8.cloudfront.net\/2\/2018\/04\/MICHAL_SUBRT7.JPG-272x182.webp 272w, https:\/\/d2p6e6u75xmxt8.cloudfront.net\/2\/2018\/04\/MICHAL_SUBRT7.JPG.webp 2048w, https:\/\/d2p6e6u75xmxt8.cloudfront.net\/2\/2018\/04\/MICHAL_SUBRT7.JPG-1920x1281.webp 1920w\" sizes=\"auto, (max-width: 1024px) 100vw, 1024px\" \/><\/a>\n\t\t\t<\/div><\/figure><figure class='gallery-item'>\n\t\t\t<div class='gallery-icon landscape'>\n\t\t\t\t<a href='https:\/\/d2p6e6u75xmxt8.cloudfront.net\/2\/2018\/04\/4445874578.JPG.webp'><img loading=\"lazy\" decoding=\"async\" width=\"741\" height=\"420\" src=\"https:\/\/d2p6e6u75xmxt8.cloudfront.net\/2\/2018\/04\/4445874578.JPG.webp\" class=\"attachment-large size-large\" alt=\"\" srcset=\"https:\/\/d2p6e6u75xmxt8.cloudfront.net\/2\/2018\/04\/4445874578.JPG.webp 741w, https:\/\/d2p6e6u75xmxt8.cloudfront.net\/2\/2018\/04\/4445874578.JPG-300x170.webp 300w\" sizes=\"auto, (max-width: 741px) 100vw, 741px\" \/><\/a>\n\t\t\t<\/div><\/figure>\n\t\t<\/div>\n\n<h2><strong>Five days of pain<\/strong><\/h2>\n<p>The EPIC5 is probably the most difficult and extreme endurance madness of the world. Just to think you are supposed to swim 3,8 km in the ocean, cycle 180 km, and run a whole marathon. And then repeat the entire torment the day after. And then again for five days in total &#8211; every day moving to another event organised on a different island of Hawaii. This is the EPIC5, briefly.<\/p>\n<p>Firmly resolved to take part in this lunacy, Michal Subrt began training under the supervision of a Czech legendary triathlete coach and competitor Petr Vabrousek. \u201cThe day we started, I was thinking about exercising a lot, however, Petr instantly doubled my training portions. Two months before the race, I was working out approximately 135 hours per month,\u201d Petr recollects. Being a family man and an owner of a construction and engineering company, he explains that, despite meticulous planning, suddenly had hard times managing his daily schedule.<\/p>\n<div id='gallery-2' class='gallery galleryid-164177 gallery-columns-2 gallery-size-large'><figure class='gallery-item'>\n\t\t\t<div class='gallery-icon landscape'>\n\t\t\t\t<a href='https:\/\/d2p6e6u75xmxt8.cloudfront.net\/2\/2018\/04\/MICHAL_SUBRT5.webp'><img loading=\"lazy\" decoding=\"async\" width=\"1024\" height=\"684\" src=\"https:\/\/d2p6e6u75xmxt8.cloudfront.net\/2\/2018\/04\/MICHAL_SUBRT5-1024x684.webp\" class=\"attachment-large size-large\" alt=\"\" srcset=\"https:\/\/d2p6e6u75xmxt8.cloudfront.net\/2\/2018\/04\/MICHAL_SUBRT5-1024x684.webp 1024w, https:\/\/d2p6e6u75xmxt8.cloudfront.net\/2\/2018\/04\/MICHAL_SUBRT5-300x200.webp 300w, https:\/\/d2p6e6u75xmxt8.cloudfront.net\/2\/2018\/04\/MICHAL_SUBRT5-768x513.webp 768w, https:\/\/d2p6e6u75xmxt8.cloudfront.net\/2\/2018\/04\/MICHAL_SUBRT5-1536x1025.webp 1536w, https:\/\/d2p6e6u75xmxt8.cloudfront.net\/2\/2018\/04\/MICHAL_SUBRT5-1920x1282.webp 1920w, https:\/\/d2p6e6u75xmxt8.cloudfront.net\/2\/2018\/04\/MICHAL_SUBRT5-272x182.webp 272w, https:\/\/d2p6e6u75xmxt8.cloudfront.net\/2\/2018\/04\/MICHAL_SUBRT5.webp 2000w, https:\/\/d2p6e6u75xmxt8.cloudfront.net\/2\/2018\/04\/MICHAL_SUBRT5-1920x1282.webp 1920w\" sizes=\"auto, (max-width: 1024px) 100vw, 1024px\" \/><\/a>\n\t\t\t<\/div><\/figure><figure class='gallery-item'>\n\t\t\t<div class='gallery-icon landscape'>\n\t\t\t\t<a href='https:\/\/d2p6e6u75xmxt8.cloudfront.net\/2\/2018\/04\/MICHAL_SUBRT9-1.webp'><img loading=\"lazy\" decoding=\"async\" width=\"1024\" height=\"682\" src=\"https:\/\/d2p6e6u75xmxt8.cloudfront.net\/2\/2018\/04\/MICHAL_SUBRT9-1-1024x682.webp\" class=\"attachment-large size-large\" alt=\"\" srcset=\"https:\/\/d2p6e6u75xmxt8.cloudfront.net\/2\/2018\/04\/MICHAL_SUBRT9-1-1024x682.webp 1024w, https:\/\/d2p6e6u75xmxt8.cloudfront.net\/2\/2018\/04\/MICHAL_SUBRT9-1-300x200.webp 300w, https:\/\/d2p6e6u75xmxt8.cloudfront.net\/2\/2018\/04\/MICHAL_SUBRT9-1-768x512.webp 768w, https:\/\/d2p6e6u75xmxt8.cloudfront.net\/2\/2018\/04\/MICHAL_SUBRT9-1-1536x1024.webp 1536w, https:\/\/d2p6e6u75xmxt8.cloudfront.net\/2\/2018\/04\/MICHAL_SUBRT9-1-1920x1280.webp 1920w, https:\/\/d2p6e6u75xmxt8.cloudfront.net\/2\/2018\/04\/MICHAL_SUBRT9-1-272x182.webp 272w, https:\/\/d2p6e6u75xmxt8.cloudfront.net\/2\/2018\/04\/MICHAL_SUBRT9-1.webp 2000w, https:\/\/d2p6e6u75xmxt8.cloudfront.net\/2\/2018\/04\/MICHAL_SUBRT9-1-1920x1280.webp 1920w\" sizes=\"auto, (max-width: 1024px) 100vw, 1024px\" \/><\/a>\n\t\t\t<\/div><\/figure>\n\t\t<\/div>\n\n<p>Some of the EPIC5 participants talk about falling asleep while jogging. The others were frightened by wild hallucinations caused by exhaustion. Despite making a classical beginners mistake, Michal was far from experiencing anything close to both. \u201cBefore the race, I just accidentally ate something wrong causing nausea during the bike part on one of the racing days. That was all. My stomach turned alright soon,\u201d Michal says.<\/p>\n<p>Not only he became the first athlete from the Czech Republic who has ever finished the race but Michal made it to the finish just in time for setting a new world record after completing all five stages in only 60 hours and 35 minutes. \u201cRight after running through the finishing tape, the emotions were beyond any imagination and suddenly I realised that exactly for these three seconds of euphoria I have been doing it all,\u201d Petr describes smiling.<\/p>\n<div id='gallery-3' class='gallery galleryid-164177 gallery-columns-2 gallery-size-large'><figure class='gallery-item'>\n\t\t\t<div class='gallery-icon portrait'>\n\t\t\t\t<a href='https:\/\/d2p6e6u75xmxt8.cloudfront.net\/2\/2018\/04\/Subrt3.webp'><img loading=\"lazy\" decoding=\"async\" width=\"612\" height=\"918\" src=\"https:\/\/d2p6e6u75xmxt8.cloudfront.net\/2\/2018\/04\/Subrt3.webp\" class=\"attachment-large size-large\" alt=\"\" srcset=\"https:\/\/d2p6e6u75xmxt8.cloudfront.net\/2\/2018\/04\/Subrt3.webp 612w, https:\/\/d2p6e6u75xmxt8.cloudfront.net\/2\/2018\/04\/Subrt3-200x300.webp 200w\" sizes=\"auto, (max-width: 612px) 100vw, 612px\" \/><\/a>\n\t\t\t<\/div><\/figure><figure class='gallery-item'>\n\t\t\t<div class='gallery-icon portrait'>\n\t\t\t\t<a href='https:\/\/d2p6e6u75xmxt8.cloudfront.net\/2\/2018\/04\/464464584587.webp'><img loading=\"lazy\" decoding=\"async\" width=\"612\" height=\"918\" src=\"https:\/\/d2p6e6u75xmxt8.cloudfront.net\/2\/2018\/04\/464464584587.webp\" class=\"attachment-large size-large\" alt=\"\" srcset=\"https:\/\/d2p6e6u75xmxt8.cloudfront.net\/2\/2018\/04\/464464584587.webp 612w, https:\/\/d2p6e6u75xmxt8.cloudfront.net\/2\/2018\/04\/464464584587-200x300.webp 200w\" sizes=\"auto, (max-width: 612px) 100vw, 612px\" \/><\/a>\n\t\t\t<\/div><\/figure>\n\t\t<\/div>\n\n<p><a href=\"https:\/\/d2p6e6u75xmxt8.cloudfront.net\/2\/2018\/04\/MICHAL_SUBRT12.jpg\"><img loading=\"lazy\" decoding=\"async\" class=\"alignnone size-full wp-image-164182\" src=\"https:\/\/d2p6e6u75xmxt8.cloudfront.net\/2\/2018\/04\/MICHAL_SUBRT12.jpg\" alt=\"\" width=\"1600\" height=\"1067\" \/><\/a><\/p>\n<p>Now, Michal has some other challenge ahead. After finishing fourth at the Ultraman race in Florida, he made the qualification requirements for the next World Championships. \u201cBoth events are extremely painful,\u201d Michal compares Ultraman with the EPIC5. Even though the EPIC5 is longer and probably more mentally demanding, Ultraman is short but intense. \u201cI\u2019m happy to be invited to take part in the World Championships, proving it&#8217;s never late to accept great challenges,\u201d Michal says.<\/p>\n","protected":false},"excerpt":{"rendered":"<p>Do you have any sports goals or resolutions? What about becoming a world record holder? Too insane to be true? [&hellip;]<\/p>\n","protected":false},"author":12,"featured_media":164179,"comment_status":"open","ping_status":"open","sticky":false,"template":"","format":"standard","meta":{"footnotes":""},"categories":[4142],"tags":[1869,1868,1867],"global-categories":[],"class_list":["post-164177","post","type-post","status-publish","format-standard","has-post-thumbnail","hentry","category-ride2unite","tag-epic5","tag-michal-subrt","tag-world-cycling-record"],"yoast_head":"<!-- This site is optimized with the Yoast SEO Premium plugin v25.3 (Yoast SEO v25.9) - https:\/\/yoast.com\/wordpress\/plugins\/seo\/ -->\n<title>Hero Story Time: From Being One Foot in The Grave to World Cycling Record - \u0160koda We Love Cycling<\/title>\n<meta name=\"description\" content=\"Do you have any sports goals or resolutions? What about becoming a world record holder? Too insane to be true? Meet Michal Subrt from the Czech Republic\" \/>\n<meta name=\"robots\" content=\"index, follow, max-snippet:-1, max-image-preview:large, max-video-preview:-1\" \/>\n<link rel=\"canonical\" href=\"https:\/\/www.welovecycling.com\/wide\/2018\/04\/10\/hero-story-time-one-foot-grave-world-cycling-record\/\" \/>\n<meta property=\"og:locale\" content=\"en_US\" \/>\n<meta property=\"og:type\" content=\"article\" \/>\n<meta property=\"og:title\" content=\"Hero Story Time: From Being One Foot in The Grave to World Cycling Record\" \/>\n<meta property=\"og:description\" content=\"Do you have any sports goals or resolutions? What about becoming a world record holder? Too insane to be true? Meet Michal Subrt from the Czech Republic\" \/>\n<meta property=\"og:url\" content=\"https:\/\/www.welovecycling.com\/wide\/2018\/04\/10\/hero-story-time-one-foot-grave-world-cycling-record\/\" \/>\n<meta property=\"og:site_name\" content=\"\u0160koda We Love Cycling\" \/>\n<meta property=\"article:published_time\" content=\"2018-04-10T06:47:30+00:00\" \/>\n<meta property=\"article:modified_time\" content=\"2018-04-10T06:57:37+00:00\" \/>\n<meta property=\"og:image\" content=\"https:\/\/d2p6e6u75xmxt8.cloudfront.net\/2\/2018\/04\/748484484587_44547854457.webp\" \/>\n\t<meta property=\"og:image:width\" content=\"900\" \/>\n\t<meta property=\"og:image:height\" content=\"600\" \/>\n\t<meta property=\"og:image:type\" content=\"image\/webp\" \/>\n<meta name=\"twitter:card\" content=\"summary_large_image\" \/>\n<meta name=\"twitter:label1\" content=\"Written by\" \/>\n\t<meta name=\"twitter:data1\" content=\"Adam Marsal\" \/>\n\t<meta name=\"twitter:label2\" content=\"Est. reading time\" \/>\n\t<meta name=\"twitter:data2\" content=\"4 minutes\" \/>\n<script type=\"application\/ld+json\" class=\"yoast-schema-graph\">{\"@context\":\"https:\/\/schema.org\",\"@graph\":[{\"@type\":\"WebPage\",\"@id\":\"https:\/\/www.welovecycling.com\/wide\/2018\/04\/10\/hero-story-time-one-foot-grave-world-cycling-record\/\",\"url\":\"https:\/\/www.welovecycling.com\/wide\/2018\/04\/10\/hero-story-time-one-foot-grave-world-cycling-record\/\",\"name\":\"Hero Story Time: From Being One Foot in The Grave to World Cycling Record - \u0160koda We Love Cycling\",\"isPartOf\":{\"@id\":\"https:\/\/www.welovecycling.com\/wide\/#website\"},\"primaryImageOfPage\":{\"@id\":\"https:\/\/www.welovecycling.com\/wide\/2018\/04\/10\/hero-story-time-one-foot-grave-world-cycling-record\/#primaryimage\"},\"image\":{\"@id\":\"https:\/\/www.welovecycling.com\/wide\/2018\/04\/10\/hero-story-time-one-foot-grave-world-cycling-record\/#primaryimage\"},\"thumbnailUrl\":\"https:\/\/d2p6e6u75xmxt8.cloudfront.net\/2\/2018\/04\/748484484587_44547854457.webp\",\"datePublished\":\"2018-04-10T06:47:30+00:00\",\"dateModified\":\"2018-04-10T06:57:37+00:00\",\"author\":{\"@id\":\"\"},\"description\":\"Do you have any sports goals or resolutions? What about becoming a world record holder? Too insane to be true? Meet Michal Subrt from the Czech Republic\",\"breadcrumb\":{\"@id\":\"https:\/\/www.welovecycling.com\/wide\/2018\/04\/10\/hero-story-time-one-foot-grave-world-cycling-record\/#breadcrumb\"},\"inLanguage\":\"en-US\",\"potentialAction\":[{\"@type\":\"ReadAction\",\"target\":[\"https:\/\/www.welovecycling.com\/wide\/2018\/04\/10\/hero-story-time-one-foot-grave-world-cycling-record\/\"]}]},{\"@type\":\"ImageObject\",\"inLanguage\":\"en-US\",\"@id\":\"https:\/\/www.welovecycling.com\/wide\/2018\/04\/10\/hero-story-time-one-foot-grave-world-cycling-record\/#primaryimage\",\"url\":\"https:\/\/d2p6e6u75xmxt8.cloudfront.net\/2\/2018\/04\/748484484587_44547854457.webp\",\"contentUrl\":\"https:\/\/d2p6e6u75xmxt8.cloudfront.net\/2\/2018\/04\/748484484587_44547854457.webp\",\"width\":900,\"height\":600},{\"@type\":\"BreadcrumbList\",\"@id\":\"https:\/\/www.welovecycling.com\/wide\/2018\/04\/10\/hero-story-time-one-foot-grave-world-cycling-record\/#breadcrumb\",\"itemListElement\":[{\"@type\":\"ListItem\",\"position\":1,\"name\":\"Home\",\"item\":\"https:\/\/www.welovecycling.com\/wide\/\"},{\"@type\":\"ListItem\",\"position\":2,\"name\":\"Hero Story Time: From Being One Foot in The Grave to World Cycling Record\"}]},{\"@type\":\"WebSite\",\"@id\":\"https:\/\/www.welovecycling.com\/wide\/#website\",\"url\":\"https:\/\/www.welovecycling.com\/wide\/\",\"name\":\"\u0160koda We Love Cycling\",\"description\":\"\u0160koda We Love Cycling magazine\",\"alternateName\":\"\u0160koda WLC\",\"potentialAction\":[{\"@type\":\"SearchAction\",\"target\":{\"@type\":\"EntryPoint\",\"urlTemplate\":\"https:\/\/www.welovecycling.com\/wide\/?s={search_term_string}\"},\"query-input\":{\"@type\":\"PropertyValueSpecification\",\"valueRequired\":true,\"valueName\":\"search_term_string\"}}],\"inLanguage\":\"en-US\"},{\"@type\":\"Person\",\"@id\":\"\",\"url\":\"https:\/\/www.welovecycling.com\/wide\/author\/\"}]}<\/script>\n<!-- \/ Yoast SEO Premium plugin. -->","yoast_head_json":{"title":"Hero Story Time: From Being One Foot in The Grave to World Cycling Record - \u0160koda We Love Cycling","description":"Do you have any sports goals or resolutions? What about becoming a world record holder? Too insane to be true? Meet Michal Subrt from the Czech Republic","robots":{"index":"index","follow":"follow","max-snippet":"max-snippet:-1","max-image-preview":"max-image-preview:large","max-video-preview":"max-video-preview:-1"},"canonical":"https:\/\/www.welovecycling.com\/wide\/2018\/04\/10\/hero-story-time-one-foot-grave-world-cycling-record\/","og_locale":"en_US","og_type":"article","og_title":"Hero Story Time: From Being One Foot in The Grave to World Cycling Record","og_description":"Do you have any sports goals or resolutions? What about becoming a world record holder? Too insane to be true? Meet Michal Subrt from the Czech Republic","og_url":"https:\/\/www.welovecycling.com\/wide\/2018\/04\/10\/hero-story-time-one-foot-grave-world-cycling-record\/","og_site_name":"\u0160koda We Love Cycling","article_published_time":"2018-04-10T06:47:30+00:00","article_modified_time":"2018-04-10T06:57:37+00:00","og_image":[{"width":900,"height":600,"url":"https:\/\/d2p6e6u75xmxt8.cloudfront.net\/2\/2018\/04\/748484484587_44547854457.webp","type":"image\/webp"}],"twitter_card":"summary_large_image","twitter_misc":{"Written by":"Adam Marsal","Est. reading time":"4 minutes"},"schema":{"@context":"https:\/\/schema.org","@graph":[{"@type":"WebPage","@id":"https:\/\/www.welovecycling.com\/wide\/2018\/04\/10\/hero-story-time-one-foot-grave-world-cycling-record\/","url":"https:\/\/www.welovecycling.com\/wide\/2018\/04\/10\/hero-story-time-one-foot-grave-world-cycling-record\/","name":"Hero Story Time: From Being One Foot in The Grave to World Cycling Record - \u0160koda We Love Cycling","isPartOf":{"@id":"https:\/\/www.welovecycling.com\/wide\/#website"},"primaryImageOfPage":{"@id":"https:\/\/www.welovecycling.com\/wide\/2018\/04\/10\/hero-story-time-one-foot-grave-world-cycling-record\/#primaryimage"},"image":{"@id":"https:\/\/www.welovecycling.com\/wide\/2018\/04\/10\/hero-story-time-one-foot-grave-world-cycling-record\/#primaryimage"},"thumbnailUrl":"https:\/\/d2p6e6u75xmxt8.cloudfront.net\/2\/2018\/04\/748484484587_44547854457.webp","datePublished":"2018-04-10T06:47:30+00:00","dateModified":"2018-04-10T06:57:37+00:00","author":{"@id":""},"description":"Do you have any sports goals or resolutions? What about becoming a world record holder? Too insane to be true? Meet Michal Subrt from the Czech Republic","breadcrumb":{"@id":"https:\/\/www.welovecycling.com\/wide\/2018\/04\/10\/hero-story-time-one-foot-grave-world-cycling-record\/#breadcrumb"},"inLanguage":"en-US","potentialAction":[{"@type":"ReadAction","target":["https:\/\/www.welovecycling.com\/wide\/2018\/04\/10\/hero-story-time-one-foot-grave-world-cycling-record\/"]}]},{"@type":"ImageObject","inLanguage":"en-US","@id":"https:\/\/www.welovecycling.com\/wide\/2018\/04\/10\/hero-story-time-one-foot-grave-world-cycling-record\/#primaryimage","url":"https:\/\/d2p6e6u75xmxt8.cloudfront.net\/2\/2018\/04\/748484484587_44547854457.webp","contentUrl":"https:\/\/d2p6e6u75xmxt8.cloudfront.net\/2\/2018\/04\/748484484587_44547854457.webp","width":900,"height":600},{"@type":"BreadcrumbList","@id":"https:\/\/www.welovecycling.com\/wide\/2018\/04\/10\/hero-story-time-one-foot-grave-world-cycling-record\/#breadcrumb","itemListElement":[{"@type":"ListItem","position":1,"name":"Home","item":"https:\/\/www.welovecycling.com\/wide\/"},{"@type":"ListItem","position":2,"name":"Hero Story Time: From Being One Foot in The Grave to World Cycling Record"}]},{"@type":"WebSite","@id":"https:\/\/www.welovecycling.com\/wide\/#website","url":"https:\/\/www.welovecycling.com\/wide\/","name":"\u0160koda We Love Cycling","description":"\u0160koda We Love Cycling magazine","alternateName":"\u0160koda WLC","potentialAction":[{"@type":"SearchAction","target":{"@type":"EntryPoint","urlTemplate":"https:\/\/www.welovecycling.com\/wide\/?s={search_term_string}"},"query-input":{"@type":"PropertyValueSpecification","valueRequired":true,"valueName":"search_term_string"}}],"inLanguage":"en-US"},{"@type":"Person","@id":"","url":"https:\/\/www.welovecycling.com\/wide\/author\/"}]}},"_links":{"self":[{"href":"https:\/\/www.welovecycling.com\/wide\/wp-json\/wp\/v2\/posts\/164177","targetHints":{"allow":["GET"]}}],"collection":[{"href":"https:\/\/www.welovecycling.com\/wide\/wp-json\/wp\/v2\/posts"}],"about":[{"href":"https:\/\/www.welovecycling.com\/wide\/wp-json\/wp\/v2\/types\/post"}],"author":[{"embeddable":true,"href":"https:\/\/www.welovecycling.com\/wide\/wp-json\/wp\/v2\/users\/12"}],"replies":[{"embeddable":true,"href":"https:\/\/www.welovecycling.com\/wide\/wp-json\/wp\/v2\/comments?post=164177"}],"version-history":[{"count":2,"href":"https:\/\/www.welovecycling.com\/wide\/wp-json\/wp\/v2\/posts\/164177\/revisions"}],"predecessor-version":[{"id":164196,"href":"https:\/\/www.welovecycling.com\/wide\/wp-json\/wp\/v2\/posts\/164177\/revisions\/164196"}],"wp:featuredmedia":[{"embeddable":true,"href":"https:\/\/www.welovecycling.com\/wide\/wp-json\/wp\/v2\/media\/164179"}],"wp:attachment":[{"href":"https:\/\/www.welovecycling.com\/wide\/wp-json\/wp\/v2\/media?parent=164177"}],"wp:term":[{"taxonomy":"category","embeddable":true,"href":"https:\/\/www.welovecycling.com\/wide\/wp-json\/wp\/v2\/categories?post=164177"},{"taxonomy":"post_tag","embeddable":true,"href":"https:\/\/www.welovecycling.com\/wide\/wp-json\/wp\/v2\/tags?post=164177"},{"taxonomy":"global-categories","embeddable":true,"href":"https:\/\/www.welovecycling.com\/wide\/wp-json\/wp\/v2\/global-categories?post=164177"}],"curies":[{"name":"wp","href":"https:\/\/api.w.org\/{rel}","templated":true}]}}