{"id":163974,"date":"2018-03-21T13:22:06","date_gmt":"2018-03-21T13:22:06","guid":{"rendered":"https:\/\/www.welovecycling.com\/wide\/?p=163974"},"modified":"2018-03-21T13:22:06","modified_gmt":"2018-03-21T13:22:06","slug":"cyclists-protest-mandatory-helmet-laws-australia-helmet-optional-rides","status":"publish","type":"post","link":"https:\/\/www.welovecycling.com\/wide\/2018\/03\/21\/cyclists-protest-mandatory-helmet-laws-australia-helmet-optional-rides\/","title":{"rendered":"Cyclists Protest Mandatory Helmet Laws in Australia with Helmet-Optional Rides"},"content":{"rendered":"<p><strong>Australia became the first country to require cyclists to wear helmets in 1991. After a campaign from the Royal Australasian College of Surgeons, there was little doubt in general public about the risks of riding without one. Only three years later, however, adults in the Northern Territory were granted an exception. And there\u2019s a lot of people who believe the exception should be changed into law in the whole country.<\/strong><br \/>\n<!--more--><\/p>\n<p>Freestyle Cyclists is the organisation that leads this movement. This time they organised \u201chelmet optional\u201d group rides, despite the fact that they expected to be met by the police. And that indeed happened in Sydney where the officers shut down the ride and fined the participants including the long-term campaigner Sue Abbott.<\/p>\n<div class=\"embed-controller-wrapper\">\n<blockquote class=\"twitter-tweet\" data-width=\"500\" data-dnt=\"true\">\n<p lang=\"en\" dir=\"ltr\"><a href=\"https:\/\/twitter.com\/jquilter3?ref_src=twsrc%5Etfw\">@jquilter3<\/a> FYI. Peaceful Sydney protest against bicycle helmet laws stopped by Police, 2 participants fined $330. Heroic leadership by @FreedomCycliste Successful and uneventful rides took place in other States and in Wellington, NZ without heavy handed Police presence. <a href=\"https:\/\/t.co\/3co7uPgA7z\">https:\/\/t.co\/3co7uPgA7z<\/a><\/p>\n<p>&mdash; kathy francis (@kathyfrancis56) <a href=\"https:\/\/twitter.com\/kathyfrancis56\/status\/975133835321950209?ref_src=twsrc%5Etfw\">March 17, 2018<\/a><\/p><\/blockquote>\n<p><script async data-src=\"https:\/\/platform.twitter.com\/widgets.js\" charset=\"utf-8\"><\/script><\/div>\n<p>\u201cWe find that the mandatory helmet law is the single greatest barrier to the uptake of bicycle use in Australia,\u201d The Freestyle Cyclists\u2019 president, Alan Todd, told the Guardian. \u201cIt has created an image of cycling as a high-risk activity, and practically killed off the casual everyday use of the bike.\u201d<\/p>\n<div class=\"shortcode-ys-post-pinup\"><article class=\"loop-simple post-163903 post type-post status-publish format-standard has-post-thumbnail hentry category-road-cycling tag-cycling-stereotypes tag-fun\" data-postid=\"163903\" role=\"article\" data-post-id=\"163903\" data-word-count=\"321\" data-headline-length=\"48\" data-category=\"Road cycling\" data-author=\"Adam Marsal\" data-published=\"2018-03-16T07:12:47+00:00\" data-published-day=\"Friday\">\n    <div class=\"entry-thumbnail article-thumbnail\" content=\"https:\/\/d2p6e6u75xmxt8.cloudfront.net\/2\/2018\/03\/WLC-frantik-1366x600-150x150.webp\"><a href=\"https:\/\/www.welovecycling.com\/wide\/2018\/03\/16\/cyclists-around-world\/\" class=\"image-holder\" target=\"_self\"><img decoding=\"async\" loading=\"lazy\" class=\"\" src=\"https:\/\/d2p6e6u75xmxt8.cloudfront.net\/2\/2018\/03\/WLC-frantik-1366x600.webp\" srcset=\"https:\/\/d2p6e6u75xmxt8.cloudfront.net\/2\/2018\/03\/WLC-frantik-1366x600.webp 900w, https:\/\/d2p6e6u75xmxt8.cloudfront.net\/2\/2018\/03\/WLC-frantik-1366x600-300x200.webp 300w, https:\/\/d2p6e6u75xmxt8.cloudfront.net\/2\/2018\/03\/WLC-frantik-1366x600-768x512.webp 768w, https:\/\/d2p6e6u75xmxt8.cloudfront.net\/2\/2018\/03\/WLC-frantik-1366x600-272x182.webp 272w\" width=\"900\" height=\"600\" sizes=\"auto, (min-width: 1200px) 300px, (min-width: 768px) 25vw, 100vw\" alt=\"cyclists-around-world\"\/><\/a><\/div>    <div class=\"entry-meta\">\n        <a class=\"label label-secondary post-category\" href=\"https:\/\/www.welovecycling.com\/wide\/category\/road-cycling\/\" title=\"Road cycling\">Road cycling<\/a>\n    <\/div>\n    <div class=\"entry-details\">\n        <a href=\"https:\/\/www.welovecycling.com\/wide\/2018\/03\/16\/cyclists-around-world\/\" class='entry-title-wrapper'>\n            <h3 class=\"entry-title\"><span>Cyclists Around the World \u2013 How Do They Do It?<\/span><\/h3>\n        <\/a>\n    <\/div>\n    <\/article>\n<\/div>\n<p>\u201cWe accept that a helmet might help in the event of an accident \u2026 [but] you must distinguish between crash data and population data. It hasn\u2019t had any measured safety benefit at the population level. Across population, the reduction in injuries was no more than the drop in cycling. It beggars belief that in the 21st century we take something as benign and beneficial as bike riding and we punish people.\u201d<\/p>\n<div class=\"embed-controller-wrapper\">\n<blockquote class=\"twitter-tweet\" data-width=\"500\" data-dnt=\"true\">\n<p lang=\"en\" dir=\"ltr\">Adelaide&#39;s <a href=\"https:\/\/twitter.com\/FreeCyclists?ref_src=twsrc%5Etfw\">@FreeCyclists<\/a> 2018 helmet optional ride to bring an end to Australia&#39;s mandatory helmet laws. <a href=\"https:\/\/twitter.com\/FreestyleCyclSA?ref_src=twsrc%5Etfw\">@FreestyleCyclSA<\/a> <a href=\"https:\/\/twitter.com\/hashtag\/endMHL?src=hash&amp;ref_src=twsrc%5Etfw\">#endMHL<\/a> <a href=\"https:\/\/t.co\/dD1nzypAEL\">pic.twitter.com\/dD1nzypAEL<\/a><\/p>\n<p>&mdash; Sterling Ryder (@strlinryda) <a href=\"https:\/\/twitter.com\/strlinryda\/status\/975220619158720512?ref_src=twsrc%5Etfw\">March 18, 2018<\/a><\/p><\/blockquote>\n<p><script async data-src=\"https:\/\/platform.twitter.com\/widgets.js\" charset=\"utf-8\"><\/script><\/div>\n<p>The president of the Australian Cycle Alliance Edward Hore admitted to supporting the protest.<\/p>\n<p>\u201cWe think helmets should be a choice,\u201d he said. \u201cWe\u2019re not talking about banning helmets, we\u2019re talking about making them optional.\u201d<\/p>\n<p>What do you think about the mandatory helmet law? Should it be enforced? Let us know in the comments.<\/p>\n","protected":false},"excerpt":{"rendered":"<p>Australia became the first country to require cyclists to wear helmets in 1991. After a campaign from the Royal Australasian [&hellip;]<\/p>\n","protected":false},"author":12,"featured_media":163975,"comment_status":"open","ping_status":"open","sticky":false,"template":"","format":"standard","meta":{"footnotes":""},"categories":[330],"tags":[1820,1816,1817,1818,1819],"global-categories":[],"class_list":["post-163974","post","type-post","status-publish","format-standard","has-post-thumbnail","hentry","category-urban-cycling","tag-alan-todd","tag-australian-cycle-alliance","tag-edward-hore","tag-royal-australasian-college-of-surgeons","tag-the-freestyle-cyclists"],"yoast_head":"<!-- This site is optimized with the Yoast SEO Premium plugin v25.3 (Yoast SEO v25.9) - https:\/\/yoast.com\/wordpress\/plugins\/seo\/ -->\n<title>Cyclists Protest Mandatory Helmet Laws in Australia with Helmet-Optional Rides - \u0160koda We Love Cycling<\/title>\n<meta name=\"description\" content=\"Australia became the first country to require cyclists to wear helmets in 1991. After a campaign from the Royal Australasian College of Surgeons, there\" \/>\n<meta name=\"robots\" content=\"index, follow, max-snippet:-1, max-image-preview:large, max-video-preview:-1\" \/>\n<link rel=\"canonical\" href=\"https:\/\/www.welovecycling.com\/wide\/2018\/03\/21\/cyclists-protest-mandatory-helmet-laws-australia-helmet-optional-rides\/\" \/>\n<meta property=\"og:locale\" content=\"en_US\" \/>\n<meta property=\"og:type\" content=\"article\" \/>\n<meta property=\"og:title\" content=\"Cyclists Protest Mandatory Helmet Laws in Australia with Helmet-Optional Rides\" \/>\n<meta property=\"og:description\" content=\"Australia became the first country to require cyclists to wear helmets in 1991. After a campaign from the Royal Australasian College of Surgeons, there\" \/>\n<meta property=\"og:url\" content=\"https:\/\/www.welovecycling.com\/wide\/2018\/03\/21\/cyclists-protest-mandatory-helmet-laws-australia-helmet-optional-rides\/\" \/>\n<meta property=\"og:site_name\" content=\"\u0160koda We Love Cycling\" \/>\n<meta property=\"article:published_time\" content=\"2018-03-21T13:22:06+00:00\" \/>\n<meta property=\"og:image\" content=\"https:\/\/d2p6e6u75xmxt8.cloudfront.net\/2\/2018\/03\/profimedia-0112813980-1.webp\" \/>\n\t<meta property=\"og:image:width\" content=\"900\" \/>\n\t<meta property=\"og:image:height\" content=\"600\" \/>\n\t<meta property=\"og:image:type\" content=\"image\/webp\" \/>\n<meta name=\"twitter:card\" content=\"summary_large_image\" \/>\n<meta name=\"twitter:label1\" content=\"Written by\" \/>\n\t<meta name=\"twitter:data1\" content=\"Adam Marsal\" \/>\n\t<meta name=\"twitter:label2\" content=\"Est. reading time\" \/>\n\t<meta name=\"twitter:data2\" content=\"2 minutes\" \/>\n<script type=\"application\/ld+json\" class=\"yoast-schema-graph\">{\"@context\":\"https:\/\/schema.org\",\"@graph\":[{\"@type\":\"WebPage\",\"@id\":\"https:\/\/www.welovecycling.com\/wide\/2018\/03\/21\/cyclists-protest-mandatory-helmet-laws-australia-helmet-optional-rides\/\",\"url\":\"https:\/\/www.welovecycling.com\/wide\/2018\/03\/21\/cyclists-protest-mandatory-helmet-laws-australia-helmet-optional-rides\/\",\"name\":\"Cyclists Protest Mandatory Helmet Laws in Australia with Helmet-Optional Rides - \u0160koda We Love Cycling\",\"isPartOf\":{\"@id\":\"https:\/\/www.welovecycling.com\/wide\/#website\"},\"primaryImageOfPage\":{\"@id\":\"https:\/\/www.welovecycling.com\/wide\/2018\/03\/21\/cyclists-protest-mandatory-helmet-laws-australia-helmet-optional-rides\/#primaryimage\"},\"image\":{\"@id\":\"https:\/\/www.welovecycling.com\/wide\/2018\/03\/21\/cyclists-protest-mandatory-helmet-laws-australia-helmet-optional-rides\/#primaryimage\"},\"thumbnailUrl\":\"https:\/\/d2p6e6u75xmxt8.cloudfront.net\/2\/2018\/03\/profimedia-0112813980-1.webp\",\"datePublished\":\"2018-03-21T13:22:06+00:00\",\"author\":{\"@id\":\"\"},\"description\":\"Australia became the first country to require cyclists to wear helmets in 1991. After a campaign from the Royal Australasian College of Surgeons, there\",\"breadcrumb\":{\"@id\":\"https:\/\/www.welovecycling.com\/wide\/2018\/03\/21\/cyclists-protest-mandatory-helmet-laws-australia-helmet-optional-rides\/#breadcrumb\"},\"inLanguage\":\"en-US\",\"potentialAction\":[{\"@type\":\"ReadAction\",\"target\":[\"https:\/\/www.welovecycling.com\/wide\/2018\/03\/21\/cyclists-protest-mandatory-helmet-laws-australia-helmet-optional-rides\/\"]}]},{\"@type\":\"ImageObject\",\"inLanguage\":\"en-US\",\"@id\":\"https:\/\/www.welovecycling.com\/wide\/2018\/03\/21\/cyclists-protest-mandatory-helmet-laws-australia-helmet-optional-rides\/#primaryimage\",\"url\":\"https:\/\/d2p6e6u75xmxt8.cloudfront.net\/2\/2018\/03\/profimedia-0112813980-1.webp\",\"contentUrl\":\"https:\/\/d2p6e6u75xmxt8.cloudfront.net\/2\/2018\/03\/profimedia-0112813980-1.webp\",\"width\":900,\"height\":600},{\"@type\":\"BreadcrumbList\",\"@id\":\"https:\/\/www.welovecycling.com\/wide\/2018\/03\/21\/cyclists-protest-mandatory-helmet-laws-australia-helmet-optional-rides\/#breadcrumb\",\"itemListElement\":[{\"@type\":\"ListItem\",\"position\":1,\"name\":\"Home\",\"item\":\"https:\/\/www.welovecycling.com\/wide\/\"},{\"@type\":\"ListItem\",\"position\":2,\"name\":\"Cyclists Protest Mandatory Helmet Laws in Australia with Helmet-Optional Rides\"}]},{\"@type\":\"WebSite\",\"@id\":\"https:\/\/www.welovecycling.com\/wide\/#website\",\"url\":\"https:\/\/www.welovecycling.com\/wide\/\",\"name\":\"\u0160koda We Love Cycling\",\"description\":\"\u0160koda We Love Cycling magazine\",\"alternateName\":\"\u0160koda WLC\",\"potentialAction\":[{\"@type\":\"SearchAction\",\"target\":{\"@type\":\"EntryPoint\",\"urlTemplate\":\"https:\/\/www.welovecycling.com\/wide\/?s={search_term_string}\"},\"query-input\":{\"@type\":\"PropertyValueSpecification\",\"valueRequired\":true,\"valueName\":\"search_term_string\"}}],\"inLanguage\":\"en-US\"},{\"@type\":\"Person\",\"@id\":\"\",\"url\":\"https:\/\/www.welovecycling.com\/wide\/author\/\"}]}<\/script>\n<!-- \/ Yoast SEO Premium plugin. -->","yoast_head_json":{"title":"Cyclists Protest Mandatory Helmet Laws in Australia with Helmet-Optional Rides - \u0160koda We Love Cycling","description":"Australia became the first country to require cyclists to wear helmets in 1991. After a campaign from the Royal Australasian College of Surgeons, there","robots":{"index":"index","follow":"follow","max-snippet":"max-snippet:-1","max-image-preview":"max-image-preview:large","max-video-preview":"max-video-preview:-1"},"canonical":"https:\/\/www.welovecycling.com\/wide\/2018\/03\/21\/cyclists-protest-mandatory-helmet-laws-australia-helmet-optional-rides\/","og_locale":"en_US","og_type":"article","og_title":"Cyclists Protest Mandatory Helmet Laws in Australia with Helmet-Optional Rides","og_description":"Australia became the first country to require cyclists to wear helmets in 1991. After a campaign from the Royal Australasian College of Surgeons, there","og_url":"https:\/\/www.welovecycling.com\/wide\/2018\/03\/21\/cyclists-protest-mandatory-helmet-laws-australia-helmet-optional-rides\/","og_site_name":"\u0160koda We Love Cycling","article_published_time":"2018-03-21T13:22:06+00:00","og_image":[{"width":900,"height":600,"url":"https:\/\/d2p6e6u75xmxt8.cloudfront.net\/2\/2018\/03\/profimedia-0112813980-1.webp","type":"image\/webp"}],"twitter_card":"summary_large_image","twitter_misc":{"Written by":"Adam Marsal","Est. reading time":"2 minutes"},"schema":{"@context":"https:\/\/schema.org","@graph":[{"@type":"WebPage","@id":"https:\/\/www.welovecycling.com\/wide\/2018\/03\/21\/cyclists-protest-mandatory-helmet-laws-australia-helmet-optional-rides\/","url":"https:\/\/www.welovecycling.com\/wide\/2018\/03\/21\/cyclists-protest-mandatory-helmet-laws-australia-helmet-optional-rides\/","name":"Cyclists Protest Mandatory Helmet Laws in Australia with Helmet-Optional Rides - \u0160koda We Love Cycling","isPartOf":{"@id":"https:\/\/www.welovecycling.com\/wide\/#website"},"primaryImageOfPage":{"@id":"https:\/\/www.welovecycling.com\/wide\/2018\/03\/21\/cyclists-protest-mandatory-helmet-laws-australia-helmet-optional-rides\/#primaryimage"},"image":{"@id":"https:\/\/www.welovecycling.com\/wide\/2018\/03\/21\/cyclists-protest-mandatory-helmet-laws-australia-helmet-optional-rides\/#primaryimage"},"thumbnailUrl":"https:\/\/d2p6e6u75xmxt8.cloudfront.net\/2\/2018\/03\/profimedia-0112813980-1.webp","datePublished":"2018-03-21T13:22:06+00:00","author":{"@id":""},"description":"Australia became the first country to require cyclists to wear helmets in 1991. After a campaign from the Royal Australasian College of Surgeons, there","breadcrumb":{"@id":"https:\/\/www.welovecycling.com\/wide\/2018\/03\/21\/cyclists-protest-mandatory-helmet-laws-australia-helmet-optional-rides\/#breadcrumb"},"inLanguage":"en-US","potentialAction":[{"@type":"ReadAction","target":["https:\/\/www.welovecycling.com\/wide\/2018\/03\/21\/cyclists-protest-mandatory-helmet-laws-australia-helmet-optional-rides\/"]}]},{"@type":"ImageObject","inLanguage":"en-US","@id":"https:\/\/www.welovecycling.com\/wide\/2018\/03\/21\/cyclists-protest-mandatory-helmet-laws-australia-helmet-optional-rides\/#primaryimage","url":"https:\/\/d2p6e6u75xmxt8.cloudfront.net\/2\/2018\/03\/profimedia-0112813980-1.webp","contentUrl":"https:\/\/d2p6e6u75xmxt8.cloudfront.net\/2\/2018\/03\/profimedia-0112813980-1.webp","width":900,"height":600},{"@type":"BreadcrumbList","@id":"https:\/\/www.welovecycling.com\/wide\/2018\/03\/21\/cyclists-protest-mandatory-helmet-laws-australia-helmet-optional-rides\/#breadcrumb","itemListElement":[{"@type":"ListItem","position":1,"name":"Home","item":"https:\/\/www.welovecycling.com\/wide\/"},{"@type":"ListItem","position":2,"name":"Cyclists Protest Mandatory Helmet Laws in Australia with Helmet-Optional Rides"}]},{"@type":"WebSite","@id":"https:\/\/www.welovecycling.com\/wide\/#website","url":"https:\/\/www.welovecycling.com\/wide\/","name":"\u0160koda We Love Cycling","description":"\u0160koda We Love Cycling magazine","alternateName":"\u0160koda WLC","potentialAction":[{"@type":"SearchAction","target":{"@type":"EntryPoint","urlTemplate":"https:\/\/www.welovecycling.com\/wide\/?s={search_term_string}"},"query-input":{"@type":"PropertyValueSpecification","valueRequired":true,"valueName":"search_term_string"}}],"inLanguage":"en-US"},{"@type":"Person","@id":"","url":"https:\/\/www.welovecycling.com\/wide\/author\/"}]}},"_links":{"self":[{"href":"https:\/\/www.welovecycling.com\/wide\/wp-json\/wp\/v2\/posts\/163974","targetHints":{"allow":["GET"]}}],"collection":[{"href":"https:\/\/www.welovecycling.com\/wide\/wp-json\/wp\/v2\/posts"}],"about":[{"href":"https:\/\/www.welovecycling.com\/wide\/wp-json\/wp\/v2\/types\/post"}],"author":[{"embeddable":true,"href":"https:\/\/www.welovecycling.com\/wide\/wp-json\/wp\/v2\/users\/12"}],"replies":[{"embeddable":true,"href":"https:\/\/www.welovecycling.com\/wide\/wp-json\/wp\/v2\/comments?post=163974"}],"version-history":[{"count":1,"href":"https:\/\/www.welovecycling.com\/wide\/wp-json\/wp\/v2\/posts\/163974\/revisions"}],"predecessor-version":[{"id":163976,"href":"https:\/\/www.welovecycling.com\/wide\/wp-json\/wp\/v2\/posts\/163974\/revisions\/163976"}],"wp:featuredmedia":[{"embeddable":true,"href":"https:\/\/www.welovecycling.com\/wide\/wp-json\/wp\/v2\/media\/163975"}],"wp:attachment":[{"href":"https:\/\/www.welovecycling.com\/wide\/wp-json\/wp\/v2\/media?parent=163974"}],"wp:term":[{"taxonomy":"category","embeddable":true,"href":"https:\/\/www.welovecycling.com\/wide\/wp-json\/wp\/v2\/categories?post=163974"},{"taxonomy":"post_tag","embeddable":true,"href":"https:\/\/www.welovecycling.com\/wide\/wp-json\/wp\/v2\/tags?post=163974"},{"taxonomy":"global-categories","embeddable":true,"href":"https:\/\/www.welovecycling.com\/wide\/wp-json\/wp\/v2\/global-categories?post=163974"}],"curies":[{"name":"wp","href":"https:\/\/api.w.org\/{rel}","templated":true}]}}