{"id":163694,"date":"2018-02-26T12:09:56","date_gmt":"2018-02-26T12:09:56","guid":{"rendered":"https:\/\/www.welovecycling.com\/wide\/?p=163694"},"modified":"2018-02-26T12:10:13","modified_gmt":"2018-02-26T12:10:13","slug":"groenewegen-wins-kuurne-brussels-kuurne-cool-news-world-cycling","status":"publish","type":"post","link":"https:\/\/www.welovecycling.com\/wide\/2018\/02\/26\/groenewegen-wins-kuurne-brussels-kuurne-cool-news-world-cycling\/","title":{"rendered":"Groenewegen Wins Kuurne-Brussels-Kuurne and Other Cool News from the World of Cycling"},"content":{"rendered":"<p><strong>Another Monday is here and our news from the world of cycling with it! So, what did you miss?<\/strong><!--more--><\/p>\n<h2><strong>The Dutchman makes it four<\/strong><\/h2>\n<p>Dylan Groenewegen (LottoNL-Jumbo) continues to prove his amazing form in the beginning of the 2018 season, having won four races already. At Kuurne-Brussels-Kuurne he relied heavily on his team-mates who first helped to close down a large breakaway lead by the likes of Greg Van Avermaet (BMC Racing) and Jasper Stuyven (Trek-Segafredo) and then chased a late move of three riders. The last survivor of the three was Julien Vermote, who was caught just 150 metres from the line as Arnaud D\u00e9mare (FDJ) opened the sprint. The Dutchman was waiting behind him, however, and managed to get past D\u00e9mare before crossing the line.<\/p>\n<div class=\"embed-controller-wrapper\">\n<blockquote class=\"twitter-tweet\" data-width=\"500\" data-dnt=\"true\">\n<p lang=\"et\" dir=\"ltr\">Kuurne Brussel Kuurne! \ud83e\udd47 <a href=\"https:\/\/t.co\/zdvmLmxhyA\">pic.twitter.com\/zdvmLmxhyA<\/a><\/p>\n<p>&mdash; Dylan Groenewegen (@GroenewegenD) <a href=\"https:\/\/twitter.com\/GroenewegenD\/status\/967816121670930433?ref_src=twsrc%5Etfw\">February 25, 2018<\/a><\/p><\/blockquote>\n<p><script async data-src=\"https:\/\/platform.twitter.com\/widgets.js\" charset=\"utf-8\"><\/script><\/div>\n<h4><strong>Kuurne-Brussels-Kuurne 2018 Results<\/strong><\/h4>\n<ol>\n<li>Dylan Groenewegen (Ned) LottoNL-Jumbo<\/li>\n<li>Arnaud D\u00e9mare (Fra) FDJ<\/li>\n<li>Sonny Colbrelli (Ita) Bahrain-Merida<\/li>\n<li>Pim Ligthart (Ned) Roompot-Nederlandse Loterij<\/li>\n<li>Justin Jules (Fra) WB Aqua Protect Veranclassic<\/li>\n<li>Jean-Pierre Drucker (Lux) BMC Racing<\/li>\n<li>Guillaume Boivin (Can) Israel Cycling Academy<\/li>\n<li>Lukasz Wisniowski (Pol) Team Sky<\/li>\n<li>Julien Vermote (Bel) Dimension Data<\/li>\n<li>Timothy Dupont (Bel) Wanty-Groupe Gobert<\/li>\n<\/ol>\n<h2><strong>Naesen loves those cobbles<\/strong><\/h2>\n<p>https:\/\/www.instagram.com\/p\/BfdlS99n2mF\/?utm_source=ig_embed<\/p>\n<h2><strong>Don\u2019t try this at home<\/strong><\/h2>\n<p>Or outside for that matter.<\/p>\n<p>https:\/\/www.instagram.com\/p\/Bff995eDOwh\/?utm_source=ig_embed<\/p>\n<h2><strong>Dumoulin\u2019s bad luck continues<\/strong><\/h2>\n<p>After suffering yet another mechanical failure at the Abu Dhabi Tour, Tom Dumoulin lost his cool and threw his bike to the ground. The 27-year-old had to get back on his bike, however, and ride on as the team car was nowhere near him at the time. He eventually crossed the line in 54th place and lost the chance of a top 10 finish.<\/p>\n<p>https:\/\/twitter.com\/CyclingHubTV\/status\/967735928851714049<\/p>\n<h2><strong>This is not what you think<\/strong><\/h2>\n<p>https:\/\/www.instagram.com\/p\/BfoODI_AV3J\/?taken-by=wlcmagazine<\/p>\n","protected":false},"excerpt":{"rendered":"<p>Another Monday is here and our news from the world of cycling with it! So, what did you miss?<\/p>\n","protected":false},"author":12,"featured_media":163695,"comment_status":"open","ping_status":"open","sticky":false,"template":"","format":"standard","meta":{"footnotes":""},"categories":[4142],"tags":[1757,1756,1755,829],"global-categories":[],"class_list":["post-163694","post","type-post","status-publish","format-standard","has-post-thumbnail","hentry","category-ride2unite","tag-dylan-groenewegen","tag-kuurne-brussels-kuurne","tag-oliver-naesen","tag-tom-dumoulin"],"yoast_head":"<!-- This site is optimized with the Yoast SEO Premium plugin v25.3 (Yoast SEO v25.9) - https:\/\/yoast.com\/wordpress\/plugins\/seo\/ -->\n<title>Groenewegen Wins Kuurne-Brussels-Kuurne and Other Cool News from the World of Cycling - \u0160koda We Love Cycling<\/title>\n<meta name=\"description\" content=\"Another Monday is here and our news from the world of cycling with it! So, what did you miss? The Dutchman makes it four Dylan Groenewegen (LottoNL-Jumbo)\" \/>\n<meta name=\"robots\" content=\"index, follow, max-snippet:-1, max-image-preview:large, max-video-preview:-1\" \/>\n<link rel=\"canonical\" href=\"https:\/\/www.welovecycling.com\/wide\/2018\/02\/26\/groenewegen-wins-kuurne-brussels-kuurne-cool-news-world-cycling\/\" \/>\n<meta property=\"og:locale\" content=\"en_US\" \/>\n<meta property=\"og:type\" content=\"article\" \/>\n<meta property=\"og:title\" content=\"Groenewegen Wins Kuurne-Brussels-Kuurne and Other Cool News from the World of Cycling\" \/>\n<meta property=\"og:description\" content=\"Another Monday is here and our news from the world of cycling with it! So, what did you miss? The Dutchman makes it four Dylan Groenewegen (LottoNL-Jumbo)\" \/>\n<meta property=\"og:url\" content=\"https:\/\/www.welovecycling.com\/wide\/2018\/02\/26\/groenewegen-wins-kuurne-brussels-kuurne-cool-news-world-cycling\/\" \/>\n<meta property=\"og:site_name\" content=\"\u0160koda We Love Cycling\" \/>\n<meta property=\"article:published_time\" content=\"2018-02-26T12:09:56+00:00\" \/>\n<meta property=\"article:modified_time\" content=\"2018-02-26T12:10:13+00:00\" \/>\n<meta property=\"og:image\" content=\"https:\/\/d2p6e6u75xmxt8.cloudfront.net\/2\/2018\/02\/profimedia-0364321236-1.webp\" \/>\n\t<meta property=\"og:image:width\" content=\"900\" \/>\n\t<meta property=\"og:image:height\" content=\"600\" \/>\n\t<meta property=\"og:image:type\" content=\"image\/webp\" \/>\n<meta name=\"twitter:card\" content=\"summary_large_image\" \/>\n<meta name=\"twitter:label1\" content=\"Written by\" \/>\n\t<meta name=\"twitter:data1\" content=\"Monica Buck\" \/>\n\t<meta name=\"twitter:label2\" content=\"Est. reading time\" \/>\n\t<meta name=\"twitter:data2\" content=\"2 minutes\" \/>\n<script type=\"application\/ld+json\" class=\"yoast-schema-graph\">{\"@context\":\"https:\/\/schema.org\",\"@graph\":[{\"@type\":\"WebPage\",\"@id\":\"https:\/\/www.welovecycling.com\/wide\/2018\/02\/26\/groenewegen-wins-kuurne-brussels-kuurne-cool-news-world-cycling\/\",\"url\":\"https:\/\/www.welovecycling.com\/wide\/2018\/02\/26\/groenewegen-wins-kuurne-brussels-kuurne-cool-news-world-cycling\/\",\"name\":\"Groenewegen Wins Kuurne-Brussels-Kuurne and Other Cool News from the World of Cycling - \u0160koda We Love Cycling\",\"isPartOf\":{\"@id\":\"https:\/\/www.welovecycling.com\/wide\/#website\"},\"primaryImageOfPage\":{\"@id\":\"https:\/\/www.welovecycling.com\/wide\/2018\/02\/26\/groenewegen-wins-kuurne-brussels-kuurne-cool-news-world-cycling\/#primaryimage\"},\"image\":{\"@id\":\"https:\/\/www.welovecycling.com\/wide\/2018\/02\/26\/groenewegen-wins-kuurne-brussels-kuurne-cool-news-world-cycling\/#primaryimage\"},\"thumbnailUrl\":\"https:\/\/d2p6e6u75xmxt8.cloudfront.net\/2\/2018\/02\/profimedia-0364321236-1.webp\",\"datePublished\":\"2018-02-26T12:09:56+00:00\",\"dateModified\":\"2018-02-26T12:10:13+00:00\",\"author\":{\"@id\":\"\"},\"description\":\"Another Monday is here and our news from the world of cycling with it! So, what did you miss? The Dutchman makes it four Dylan Groenewegen (LottoNL-Jumbo)\",\"breadcrumb\":{\"@id\":\"https:\/\/www.welovecycling.com\/wide\/2018\/02\/26\/groenewegen-wins-kuurne-brussels-kuurne-cool-news-world-cycling\/#breadcrumb\"},\"inLanguage\":\"en-US\",\"potentialAction\":[{\"@type\":\"ReadAction\",\"target\":[\"https:\/\/www.welovecycling.com\/wide\/2018\/02\/26\/groenewegen-wins-kuurne-brussels-kuurne-cool-news-world-cycling\/\"]}]},{\"@type\":\"ImageObject\",\"inLanguage\":\"en-US\",\"@id\":\"https:\/\/www.welovecycling.com\/wide\/2018\/02\/26\/groenewegen-wins-kuurne-brussels-kuurne-cool-news-world-cycling\/#primaryimage\",\"url\":\"https:\/\/d2p6e6u75xmxt8.cloudfront.net\/2\/2018\/02\/profimedia-0364321236-1.webp\",\"contentUrl\":\"https:\/\/d2p6e6u75xmxt8.cloudfront.net\/2\/2018\/02\/profimedia-0364321236-1.webp\",\"width\":900,\"height\":600},{\"@type\":\"BreadcrumbList\",\"@id\":\"https:\/\/www.welovecycling.com\/wide\/2018\/02\/26\/groenewegen-wins-kuurne-brussels-kuurne-cool-news-world-cycling\/#breadcrumb\",\"itemListElement\":[{\"@type\":\"ListItem\",\"position\":1,\"name\":\"Home\",\"item\":\"https:\/\/www.welovecycling.com\/wide\/\"},{\"@type\":\"ListItem\",\"position\":2,\"name\":\"Groenewegen Wins Kuurne-Brussels-Kuurne and Other Cool News from the World of Cycling\"}]},{\"@type\":\"WebSite\",\"@id\":\"https:\/\/www.welovecycling.com\/wide\/#website\",\"url\":\"https:\/\/www.welovecycling.com\/wide\/\",\"name\":\"\u0160koda We Love Cycling\",\"description\":\"\u0160koda We Love Cycling magazine\",\"alternateName\":\"\u0160koda WLC\",\"potentialAction\":[{\"@type\":\"SearchAction\",\"target\":{\"@type\":\"EntryPoint\",\"urlTemplate\":\"https:\/\/www.welovecycling.com\/wide\/?s={search_term_string}\"},\"query-input\":{\"@type\":\"PropertyValueSpecification\",\"valueRequired\":true,\"valueName\":\"search_term_string\"}}],\"inLanguage\":\"en-US\"},{\"@type\":\"Person\",\"@id\":\"\",\"url\":\"https:\/\/www.welovecycling.com\/wide\/author\/\"}]}<\/script>\n<!-- \/ Yoast SEO Premium plugin. -->","yoast_head_json":{"title":"Groenewegen Wins Kuurne-Brussels-Kuurne and Other Cool News from the World of Cycling - \u0160koda We Love Cycling","description":"Another Monday is here and our news from the world of cycling with it! So, what did you miss? The Dutchman makes it four Dylan Groenewegen (LottoNL-Jumbo)","robots":{"index":"index","follow":"follow","max-snippet":"max-snippet:-1","max-image-preview":"max-image-preview:large","max-video-preview":"max-video-preview:-1"},"canonical":"https:\/\/www.welovecycling.com\/wide\/2018\/02\/26\/groenewegen-wins-kuurne-brussels-kuurne-cool-news-world-cycling\/","og_locale":"en_US","og_type":"article","og_title":"Groenewegen Wins Kuurne-Brussels-Kuurne and Other Cool News from the World of Cycling","og_description":"Another Monday is here and our news from the world of cycling with it! So, what did you miss? The Dutchman makes it four Dylan Groenewegen (LottoNL-Jumbo)","og_url":"https:\/\/www.welovecycling.com\/wide\/2018\/02\/26\/groenewegen-wins-kuurne-brussels-kuurne-cool-news-world-cycling\/","og_site_name":"\u0160koda We Love Cycling","article_published_time":"2018-02-26T12:09:56+00:00","article_modified_time":"2018-02-26T12:10:13+00:00","og_image":[{"width":900,"height":600,"url":"https:\/\/d2p6e6u75xmxt8.cloudfront.net\/2\/2018\/02\/profimedia-0364321236-1.webp","type":"image\/webp"}],"twitter_card":"summary_large_image","twitter_misc":{"Written by":"Monica Buck","Est. reading time":"2 minutes"},"schema":{"@context":"https:\/\/schema.org","@graph":[{"@type":"WebPage","@id":"https:\/\/www.welovecycling.com\/wide\/2018\/02\/26\/groenewegen-wins-kuurne-brussels-kuurne-cool-news-world-cycling\/","url":"https:\/\/www.welovecycling.com\/wide\/2018\/02\/26\/groenewegen-wins-kuurne-brussels-kuurne-cool-news-world-cycling\/","name":"Groenewegen Wins Kuurne-Brussels-Kuurne and Other Cool News from the World of Cycling - \u0160koda We Love Cycling","isPartOf":{"@id":"https:\/\/www.welovecycling.com\/wide\/#website"},"primaryImageOfPage":{"@id":"https:\/\/www.welovecycling.com\/wide\/2018\/02\/26\/groenewegen-wins-kuurne-brussels-kuurne-cool-news-world-cycling\/#primaryimage"},"image":{"@id":"https:\/\/www.welovecycling.com\/wide\/2018\/02\/26\/groenewegen-wins-kuurne-brussels-kuurne-cool-news-world-cycling\/#primaryimage"},"thumbnailUrl":"https:\/\/d2p6e6u75xmxt8.cloudfront.net\/2\/2018\/02\/profimedia-0364321236-1.webp","datePublished":"2018-02-26T12:09:56+00:00","dateModified":"2018-02-26T12:10:13+00:00","author":{"@id":""},"description":"Another Monday is here and our news from the world of cycling with it! So, what did you miss? The Dutchman makes it four Dylan Groenewegen (LottoNL-Jumbo)","breadcrumb":{"@id":"https:\/\/www.welovecycling.com\/wide\/2018\/02\/26\/groenewegen-wins-kuurne-brussels-kuurne-cool-news-world-cycling\/#breadcrumb"},"inLanguage":"en-US","potentialAction":[{"@type":"ReadAction","target":["https:\/\/www.welovecycling.com\/wide\/2018\/02\/26\/groenewegen-wins-kuurne-brussels-kuurne-cool-news-world-cycling\/"]}]},{"@type":"ImageObject","inLanguage":"en-US","@id":"https:\/\/www.welovecycling.com\/wide\/2018\/02\/26\/groenewegen-wins-kuurne-brussels-kuurne-cool-news-world-cycling\/#primaryimage","url":"https:\/\/d2p6e6u75xmxt8.cloudfront.net\/2\/2018\/02\/profimedia-0364321236-1.webp","contentUrl":"https:\/\/d2p6e6u75xmxt8.cloudfront.net\/2\/2018\/02\/profimedia-0364321236-1.webp","width":900,"height":600},{"@type":"BreadcrumbList","@id":"https:\/\/www.welovecycling.com\/wide\/2018\/02\/26\/groenewegen-wins-kuurne-brussels-kuurne-cool-news-world-cycling\/#breadcrumb","itemListElement":[{"@type":"ListItem","position":1,"name":"Home","item":"https:\/\/www.welovecycling.com\/wide\/"},{"@type":"ListItem","position":2,"name":"Groenewegen Wins Kuurne-Brussels-Kuurne and Other Cool News from the World of Cycling"}]},{"@type":"WebSite","@id":"https:\/\/www.welovecycling.com\/wide\/#website","url":"https:\/\/www.welovecycling.com\/wide\/","name":"\u0160koda We Love Cycling","description":"\u0160koda We Love Cycling magazine","alternateName":"\u0160koda WLC","potentialAction":[{"@type":"SearchAction","target":{"@type":"EntryPoint","urlTemplate":"https:\/\/www.welovecycling.com\/wide\/?s={search_term_string}"},"query-input":{"@type":"PropertyValueSpecification","valueRequired":true,"valueName":"search_term_string"}}],"inLanguage":"en-US"},{"@type":"Person","@id":"","url":"https:\/\/www.welovecycling.com\/wide\/author\/"}]}},"_links":{"self":[{"href":"https:\/\/www.welovecycling.com\/wide\/wp-json\/wp\/v2\/posts\/163694","targetHints":{"allow":["GET"]}}],"collection":[{"href":"https:\/\/www.welovecycling.com\/wide\/wp-json\/wp\/v2\/posts"}],"about":[{"href":"https:\/\/www.welovecycling.com\/wide\/wp-json\/wp\/v2\/types\/post"}],"author":[{"embeddable":true,"href":"https:\/\/www.welovecycling.com\/wide\/wp-json\/wp\/v2\/users\/12"}],"replies":[{"embeddable":true,"href":"https:\/\/www.welovecycling.com\/wide\/wp-json\/wp\/v2\/comments?post=163694"}],"version-history":[{"count":2,"href":"https:\/\/www.welovecycling.com\/wide\/wp-json\/wp\/v2\/posts\/163694\/revisions"}],"predecessor-version":[{"id":163702,"href":"https:\/\/www.welovecycling.com\/wide\/wp-json\/wp\/v2\/posts\/163694\/revisions\/163702"}],"wp:featuredmedia":[{"embeddable":true,"href":"https:\/\/www.welovecycling.com\/wide\/wp-json\/wp\/v2\/media\/163695"}],"wp:attachment":[{"href":"https:\/\/www.welovecycling.com\/wide\/wp-json\/wp\/v2\/media?parent=163694"}],"wp:term":[{"taxonomy":"category","embeddable":true,"href":"https:\/\/www.welovecycling.com\/wide\/wp-json\/wp\/v2\/categories?post=163694"},{"taxonomy":"post_tag","embeddable":true,"href":"https:\/\/www.welovecycling.com\/wide\/wp-json\/wp\/v2\/tags?post=163694"},{"taxonomy":"global-categories","embeddable":true,"href":"https:\/\/www.welovecycling.com\/wide\/wp-json\/wp\/v2\/global-categories?post=163694"}],"curies":[{"name":"wp","href":"https:\/\/api.w.org\/{rel}","templated":true}]}}