{"id":163637,"date":"2018-02-22T08:05:24","date_gmt":"2018-02-22T08:05:24","guid":{"rendered":"https:\/\/www.welovecycling.com\/wide\/?p=163637"},"modified":"2018-02-22T08:05:24","modified_gmt":"2018-02-22T08:05:24","slug":"company-trek-wants-bikes-able-talk-cars","status":"publish","type":"post","link":"https:\/\/www.welovecycling.com\/wide\/2018\/02\/22\/company-trek-wants-bikes-able-talk-cars\/","title":{"rendered":"The Company Trek Wants Bikes to Be Able to Talk to Cars"},"content":{"rendered":"<p><strong><span lang=\"en-GB\">The Institute of Electrical and Electronics Engineers wants to revolutionise the way we use our roads. They&#8217;ve released <a href=\"https:\/\/5g.ieee.org\/tech-focus\/june-2017\/cellular-v2x\">Cellular V2X<\/a> to the world<\/span><span lang=\"en-GB\">,<\/span><span lang=\"en-GB\"> and Trek want to use it to make your bike talk to cars. Let&#8217;s take a look at the future.<\/span><\/strong><!--more--><\/p>\n<h2><strong><span lang=\"en-GB\">Vehicle to Whatever<\/span><\/strong><\/h2>\n<p><span lang=\"en-GB\">If V is your car, then X could be literally anything. X could be another car, a shop, or even a tree \u2013 but Trek are looking at making your next bike an X. Imagine your bike alerting a car to your presence before the driver is even on the same road as you. How could that affect the driving experience? <\/span><\/p>\n<div class=\"shortcode-ys-post-pinup\"><article class=\"loop-simple post-146265 post type-post status-publish format-standard has-post-thumbnail hentry category-urban-cycling tag-beijing tag-bike-unfriendly tag-cairo tag-delhi tag-hong-kong tag-moscow tag-mumbai tag-nairobi tag-orlando tag-sao-paulo tag-sydney\" data-postid=\"146265\" role=\"article\" data-post-id=\"146265\" data-word-count=\"837\" data-headline-length=\"31\" data-category=\"Urban cycling\" data-author=\"Angie Ng\" data-published=\"2017-01-27T08:27:09+00:00\" data-published-day=\"Friday\">\n    <div class=\"entry-thumbnail article-thumbnail\" content=\"https:\/\/d2p6e6u75xmxt8.cloudfront.net\/2\/2017\/01\/788787-7874874-150x150.webp\"><a href=\"https:\/\/www.welovecycling.com\/wide\/2017\/01\/27\/top-10-worst-cities-cycling\/\" class=\"image-holder\" target=\"_self\"><img decoding=\"async\" loading=\"lazy\" class=\"\" src=\"https:\/\/d2p6e6u75xmxt8.cloudfront.net\/2\/2017\/01\/788787-7874874.webp\" srcset=\"https:\/\/d2p6e6u75xmxt8.cloudfront.net\/2\/2017\/01\/788787-7874874.webp 900w, https:\/\/d2p6e6u75xmxt8.cloudfront.net\/2\/2017\/01\/788787-7874874-300x200.webp 300w, https:\/\/d2p6e6u75xmxt8.cloudfront.net\/2\/2017\/01\/788787-7874874-768x512.webp 768w, https:\/\/d2p6e6u75xmxt8.cloudfront.net\/2\/2017\/01\/788787-7874874-272x182.webp 272w\" width=\"900\" height=\"600\" sizes=\"auto, (min-width: 1200px) 300px, (min-width: 768px) 25vw, 100vw\" alt=\"top-10-worst-cities-cycling\"\/><\/a><\/div>    <div class=\"entry-meta\">\n        <a class=\"label label-secondary post-category\" href=\"https:\/\/www.welovecycling.com\/wide\/category\/urban-cycling\/\" title=\"Urban cycling\">Urban cycling<\/a>\n    <\/div>\n    <div class=\"entry-details\">\n        <a href=\"https:\/\/www.welovecycling.com\/wide\/2017\/01\/27\/top-10-worst-cities-cycling\/\" class='entry-title-wrapper'>\n            <h3 class=\"entry-title\"><span>TOP 10 Worst Cities for Cycling<\/span><\/h3>\n        <\/a>\n    <\/div>\n    <\/article>\n<\/div>\n<h2><strong><span lang=\"en-GB\">Dynamic route planning<\/span><\/strong><\/h2>\n<p><span lang=\"en-GB\">What if your club ride was picked up by a driver&#8217;s SatNav before he&#8217;s even started the journey? If every bike had V2X<\/span><span lang=\"en-GB\">,<\/span><span lang=\"en-GB\"> the SatNav could, in theory, plan an alternative route and avoid an encounter. Both parties win.<\/span><\/p>\n<div class=\"embed-controller-wrapper\">\n<blockquote class=\"twitter-tweet\" data-width=\"500\" data-dnt=\"true\">\n<p lang=\"en\" dir=\"ltr\">Let&#39;s ride bikes today <a href=\"https:\/\/twitter.com\/hashtag\/GoOutside?src=hash&amp;ref_src=twsrc%5Etfw\">#GoOutside<\/a> <a href=\"https:\/\/t.co\/VVjpw7MsPu\">pic.twitter.com\/VVjpw7MsPu<\/a><\/p>\n<p>&mdash; Trek Bicycle (@TrekBikes) <a href=\"https:\/\/twitter.com\/TrekBikes\/status\/796378307344351232?ref_src=twsrc%5Etfw\">November 9, 2016<\/a><\/p><\/blockquote>\n<p><script async data-src=\"https:\/\/platform.twitter.com\/widgets.js\" charset=\"utf-8\"><\/script><\/div>\n<p><span lang=\"en-GB\">Drivers may feel less aggrieved following a peloton, and for cyclists, hugging the gutter out of guilt to help passing motorists could be a thing of the past. <\/span><\/p>\n<h2><strong><span lang=\"en-GB\">How smart will your city be?<\/span><\/strong><\/h2>\n<p><span lang=\"en-GB\">Trek are wise to the imminent Internet of Things revolution \u2013 and they want to be in the saddle when it happens. At CES 2018<\/span><span lang=\"en-GB\">,<\/span><span lang=\"en-GB\"> talk of Smart Cities created a buzz. As mobile phones become ubiquitous, and the sales of tec<\/span><span lang=\"en-GB\">h w<\/span><span lang=\"en-GB\">earables <\/span><span lang=\"en-GB\">are<\/span><span lang=\"en-GB\"> stalling, the Internet of Things is clearly the next seam to be mined by tech companies.<\/span><\/p>\n<div class=\"embed-controller-wrapper\">\n<blockquote class=\"twitter-tweet\" data-width=\"500\" data-dnt=\"true\">\n<p lang=\"en\" dir=\"ltr\">When your custom paint scheme matches your jersey \ud83d\ude1c<a href=\"https:\/\/twitter.com\/johndegenkolb?ref_src=twsrc%5Etfw\">@johndegenkolb<\/a>&#39;s Chasin&#39; Aces paint scheme is available on Project One now: <a href=\"https:\/\/t.co\/WEkWjKJ9Uj\">https:\/\/t.co\/WEkWjKJ9Uj<\/a> <a href=\"https:\/\/t.co\/19J2CFOhgO\">pic.twitter.com\/19J2CFOhgO<\/a><\/p>\n<p>&mdash; Trek Bicycle (@TrekBikes) <a href=\"https:\/\/twitter.com\/TrekBikes\/status\/960961167396081664?ref_src=twsrc%5Etfw\">February 6, 2018<\/a><\/p><\/blockquote>\n<p><script async data-src=\"https:\/\/platform.twitter.com\/widgets.js\" charset=\"utf-8\"><\/script><\/div>\n<p><span lang=\"en-GB\">Tech companies want to partner with traditional manufacturers to grow their businesses, and bike manufacturers like Trek want to add features that make tangible differences to their customers<\/span>\u2019 <span lang=\"en-GB\">lives. The Internet of Things will bring improved safety, navigation, but what could it mean for performance?<\/span><\/p>\n<h2><strong><span lang=\"en-GB\">Performance-wise?<\/span><\/strong><\/h2>\n<p><span lang=\"en-GB\">V2X means your bike will speak to your phone, as well as any car nearby. There&#8217;s greater potential for mesh networking to provide greater coverage, and with less &#8220;outage&#8221; as your app records your data, your performance will be captured <a href=\"https:\/\/www.ces.tech\/Conference\/ConferenceProgram\/Conference-Tracks\/Sports-Technology-Innovation.aspx\">more accurately than ever<\/a>.<\/span><\/p>\n<div class=\"shortcode-ys-post-pinup\"><article class=\"loop-simple post-152239 post type-post status-publish format-standard has-post-thumbnail hentry category-road-cycling tag-tdf-2017 tag-tour-de-france-2017\" data-postid=\"152239\" role=\"article\" data-post-id=\"152239\" data-word-count=\"368\" data-headline-length=\"29\" data-category=\"Road cycling\" data-author=\"WeLoveCycling\" data-published=\"2017-06-28T07:30:39+00:00\" data-published-day=\"Wednesday\">\n    <div class=\"entry-thumbnail article-thumbnail\" content=\"https:\/\/d2p6e6u75xmxt8.cloudfront.net\/2\/2017\/06\/profimedia-0293242330-cover-150x150.webp\"><a href=\"https:\/\/www.welovecycling.com\/wide\/2017\/06\/28\/cars-le-tour-de-france\/\" class=\"image-holder\" target=\"_self\"><img decoding=\"async\" loading=\"lazy\" class=\"\" src=\"https:\/\/d2p6e6u75xmxt8.cloudfront.net\/2\/2017\/06\/profimedia-0293242330-cover-1024x682.webp\" srcset=\"https:\/\/d2p6e6u75xmxt8.cloudfront.net\/2\/2017\/06\/profimedia-0293242330-cover.webp 1178w, https:\/\/d2p6e6u75xmxt8.cloudfront.net\/2\/2017\/06\/profimedia-0293242330-cover-300x200.webp 300w, https:\/\/d2p6e6u75xmxt8.cloudfront.net\/2\/2017\/06\/profimedia-0293242330-cover-1024x682.webp 1024w, https:\/\/d2p6e6u75xmxt8.cloudfront.net\/2\/2017\/06\/profimedia-0293242330-cover-768x512.webp 768w, https:\/\/d2p6e6u75xmxt8.cloudfront.net\/2\/2017\/06\/profimedia-0293242330-cover-272x182.webp 272w\" width=\"1024\" height=\"682\" sizes=\"auto, (min-width: 1200px) 300px, (min-width: 768px) 25vw, 100vw\" alt=\"cars-le-tour-de-france\"\/><\/a><\/div>    <div class=\"entry-meta\">\n        <a class=\"label label-secondary post-category\" href=\"https:\/\/www.welovecycling.com\/wide\/category\/road-cycling\/\" title=\"Road cycling\">Road cycling<\/a>\n    <\/div>\n    <div class=\"entry-details\">\n        <a href=\"https:\/\/www.welovecycling.com\/wide\/2017\/06\/28\/cars-le-tour-de-france\/\" class='entry-title-wrapper'>\n            <h3 class=\"entry-title\"><span>The Cars of Le Tour de France<\/span><\/h3>\n        <\/a>\n    <\/div>\n    <\/article>\n<\/div>\n<p><span lang=\"en-GB\">Some tech visionaries are looking beyond performance analysis and looking at how performance measurements could be used to <a href=\"https:\/\/www.ces.tech\/Conference\/ConferenceProgram\/Conference-Tracks\/Sports-Technology-Innovation.aspx\">enhance entertainment<\/a>. Imagine hopping on your cycle trainer and being able to compete against the Tour de France peloton, in rea<\/span><span lang=\"en-GB\">l t<\/span><span lang=\"en-GB\">ime, while watching the coverage.<\/span><\/p>\n<p><span lang=\"en-GB\">Although it&#8217;s unlikely Katusha-Alpecin will allow a live feed from their cyclists&#8217; Garmin Edge, V2X could provide a way for <a href=\"https:\/\/www.welovecycling.com\/wide\/2017\/06\/28\/cars-le-tour-de-france\/\">neutral cars<\/a> to collect average measurements such as Watts and gradients, before feeding them to broadcasters. With so many exciting benefits, it&#8217;s easy to see why Trek want to make bikes talk to cars.<\/span><\/p>\n","protected":false},"excerpt":{"rendered":"<p>The Institute of Electrical and Electronics Engineers wants to revolutionise the way we use our roads. They&#8217;ve released Cellular V2X [&hellip;]<\/p>\n","protected":false},"author":12,"featured_media":163638,"comment_status":"open","ping_status":"open","sticky":false,"template":"","format":"standard","meta":{"footnotes":""},"categories":[329],"tags":[1748,1750,1749],"global-categories":[],"class_list":["post-163637","post","type-post","status-publish","format-standard","has-post-thumbnail","hentry","category-road-cycling","tag-internet-of-things","tag-smart-cities","tag-trek"],"yoast_head":"<!-- This site is optimized with the Yoast SEO Premium plugin v25.3 (Yoast SEO v25.9) - https:\/\/yoast.com\/wordpress\/plugins\/seo\/ -->\n<title>The Company Trek Wants Bikes to Be Able to Talk to Cars - \u0160koda We Love Cycling<\/title>\n<meta name=\"description\" content=\"The Institute of Electrical and Electronics Engineers wants to revolutionise the way we use our roads. They&#039;ve released Cellular V2X to the world, and\" \/>\n<meta name=\"robots\" content=\"index, follow, max-snippet:-1, max-image-preview:large, max-video-preview:-1\" \/>\n<link rel=\"canonical\" href=\"https:\/\/www.welovecycling.com\/wide\/2018\/02\/22\/company-trek-wants-bikes-able-talk-cars\/\" \/>\n<meta property=\"og:locale\" content=\"en_US\" \/>\n<meta property=\"og:type\" content=\"article\" \/>\n<meta property=\"og:title\" content=\"The Company Trek Wants Bikes to Be Able to Talk to Cars\" \/>\n<meta property=\"og:description\" content=\"The Institute of Electrical and Electronics Engineers wants to revolutionise the way we use our roads. They&#039;ve released Cellular V2X to the world, and\" \/>\n<meta property=\"og:url\" content=\"https:\/\/www.welovecycling.com\/wide\/2018\/02\/22\/company-trek-wants-bikes-able-talk-cars\/\" \/>\n<meta property=\"og:site_name\" content=\"\u0160koda We Love Cycling\" \/>\n<meta property=\"article:published_time\" content=\"2018-02-22T08:05:24+00:00\" \/>\n<meta property=\"og:image\" content=\"https:\/\/d2p6e6u75xmxt8.cloudfront.net\/2\/2018\/02\/profimedia-0291338721-1.webp\" \/>\n\t<meta property=\"og:image:width\" content=\"900\" \/>\n\t<meta property=\"og:image:height\" content=\"600\" \/>\n\t<meta property=\"og:image:type\" content=\"image\/webp\" \/>\n<meta name=\"twitter:card\" content=\"summary_large_image\" \/>\n<meta name=\"twitter:label1\" content=\"Written by\" \/>\n\t<meta name=\"twitter:data1\" content=\"WeLoveCycling\" \/>\n\t<meta name=\"twitter:label2\" content=\"Est. reading time\" \/>\n\t<meta name=\"twitter:data2\" content=\"2 minutes\" \/>\n<script type=\"application\/ld+json\" class=\"yoast-schema-graph\">{\"@context\":\"https:\/\/schema.org\",\"@graph\":[{\"@type\":\"WebPage\",\"@id\":\"https:\/\/www.welovecycling.com\/wide\/2018\/02\/22\/company-trek-wants-bikes-able-talk-cars\/\",\"url\":\"https:\/\/www.welovecycling.com\/wide\/2018\/02\/22\/company-trek-wants-bikes-able-talk-cars\/\",\"name\":\"The Company Trek Wants Bikes to Be Able to Talk to Cars - \u0160koda We Love Cycling\",\"isPartOf\":{\"@id\":\"https:\/\/www.welovecycling.com\/wide\/#website\"},\"primaryImageOfPage\":{\"@id\":\"https:\/\/www.welovecycling.com\/wide\/2018\/02\/22\/company-trek-wants-bikes-able-talk-cars\/#primaryimage\"},\"image\":{\"@id\":\"https:\/\/www.welovecycling.com\/wide\/2018\/02\/22\/company-trek-wants-bikes-able-talk-cars\/#primaryimage\"},\"thumbnailUrl\":\"https:\/\/d2p6e6u75xmxt8.cloudfront.net\/2\/2018\/02\/profimedia-0291338721-1.webp\",\"datePublished\":\"2018-02-22T08:05:24+00:00\",\"author\":{\"@id\":\"\"},\"description\":\"The Institute of Electrical and Electronics Engineers wants to revolutionise the way we use our roads. They've released Cellular V2X to the world, and\",\"breadcrumb\":{\"@id\":\"https:\/\/www.welovecycling.com\/wide\/2018\/02\/22\/company-trek-wants-bikes-able-talk-cars\/#breadcrumb\"},\"inLanguage\":\"en-US\",\"potentialAction\":[{\"@type\":\"ReadAction\",\"target\":[\"https:\/\/www.welovecycling.com\/wide\/2018\/02\/22\/company-trek-wants-bikes-able-talk-cars\/\"]}]},{\"@type\":\"ImageObject\",\"inLanguage\":\"en-US\",\"@id\":\"https:\/\/www.welovecycling.com\/wide\/2018\/02\/22\/company-trek-wants-bikes-able-talk-cars\/#primaryimage\",\"url\":\"https:\/\/d2p6e6u75xmxt8.cloudfront.net\/2\/2018\/02\/profimedia-0291338721-1.webp\",\"contentUrl\":\"https:\/\/d2p6e6u75xmxt8.cloudfront.net\/2\/2018\/02\/profimedia-0291338721-1.webp\",\"width\":900,\"height\":600},{\"@type\":\"BreadcrumbList\",\"@id\":\"https:\/\/www.welovecycling.com\/wide\/2018\/02\/22\/company-trek-wants-bikes-able-talk-cars\/#breadcrumb\",\"itemListElement\":[{\"@type\":\"ListItem\",\"position\":1,\"name\":\"Home\",\"item\":\"https:\/\/www.welovecycling.com\/wide\/\"},{\"@type\":\"ListItem\",\"position\":2,\"name\":\"The Company Trek Wants Bikes to Be Able to Talk to Cars\"}]},{\"@type\":\"WebSite\",\"@id\":\"https:\/\/www.welovecycling.com\/wide\/#website\",\"url\":\"https:\/\/www.welovecycling.com\/wide\/\",\"name\":\"\u0160koda We Love Cycling\",\"description\":\"\u0160koda We Love Cycling magazine\",\"alternateName\":\"\u0160koda WLC\",\"potentialAction\":[{\"@type\":\"SearchAction\",\"target\":{\"@type\":\"EntryPoint\",\"urlTemplate\":\"https:\/\/www.welovecycling.com\/wide\/?s={search_term_string}\"},\"query-input\":{\"@type\":\"PropertyValueSpecification\",\"valueRequired\":true,\"valueName\":\"search_term_string\"}}],\"inLanguage\":\"en-US\"},{\"@type\":\"Person\",\"@id\":\"\",\"url\":\"https:\/\/www.welovecycling.com\/wide\/author\/\"}]}<\/script>\n<!-- \/ Yoast SEO Premium plugin. -->","yoast_head_json":{"title":"The Company Trek Wants Bikes to Be Able to Talk to Cars - \u0160koda We Love Cycling","description":"The Institute of Electrical and Electronics Engineers wants to revolutionise the way we use our roads. They've released Cellular V2X to the world, and","robots":{"index":"index","follow":"follow","max-snippet":"max-snippet:-1","max-image-preview":"max-image-preview:large","max-video-preview":"max-video-preview:-1"},"canonical":"https:\/\/www.welovecycling.com\/wide\/2018\/02\/22\/company-trek-wants-bikes-able-talk-cars\/","og_locale":"en_US","og_type":"article","og_title":"The Company Trek Wants Bikes to Be Able to Talk to Cars","og_description":"The Institute of Electrical and Electronics Engineers wants to revolutionise the way we use our roads. They've released Cellular V2X to the world, and","og_url":"https:\/\/www.welovecycling.com\/wide\/2018\/02\/22\/company-trek-wants-bikes-able-talk-cars\/","og_site_name":"\u0160koda We Love Cycling","article_published_time":"2018-02-22T08:05:24+00:00","og_image":[{"width":900,"height":600,"url":"https:\/\/d2p6e6u75xmxt8.cloudfront.net\/2\/2018\/02\/profimedia-0291338721-1.webp","type":"image\/webp"}],"twitter_card":"summary_large_image","twitter_misc":{"Written by":"WeLoveCycling","Est. reading time":"2 minutes"},"schema":{"@context":"https:\/\/schema.org","@graph":[{"@type":"WebPage","@id":"https:\/\/www.welovecycling.com\/wide\/2018\/02\/22\/company-trek-wants-bikes-able-talk-cars\/","url":"https:\/\/www.welovecycling.com\/wide\/2018\/02\/22\/company-trek-wants-bikes-able-talk-cars\/","name":"The Company Trek Wants Bikes to Be Able to Talk to Cars - \u0160koda We Love Cycling","isPartOf":{"@id":"https:\/\/www.welovecycling.com\/wide\/#website"},"primaryImageOfPage":{"@id":"https:\/\/www.welovecycling.com\/wide\/2018\/02\/22\/company-trek-wants-bikes-able-talk-cars\/#primaryimage"},"image":{"@id":"https:\/\/www.welovecycling.com\/wide\/2018\/02\/22\/company-trek-wants-bikes-able-talk-cars\/#primaryimage"},"thumbnailUrl":"https:\/\/d2p6e6u75xmxt8.cloudfront.net\/2\/2018\/02\/profimedia-0291338721-1.webp","datePublished":"2018-02-22T08:05:24+00:00","author":{"@id":""},"description":"The Institute of Electrical and Electronics Engineers wants to revolutionise the way we use our roads. They've released Cellular V2X to the world, and","breadcrumb":{"@id":"https:\/\/www.welovecycling.com\/wide\/2018\/02\/22\/company-trek-wants-bikes-able-talk-cars\/#breadcrumb"},"inLanguage":"en-US","potentialAction":[{"@type":"ReadAction","target":["https:\/\/www.welovecycling.com\/wide\/2018\/02\/22\/company-trek-wants-bikes-able-talk-cars\/"]}]},{"@type":"ImageObject","inLanguage":"en-US","@id":"https:\/\/www.welovecycling.com\/wide\/2018\/02\/22\/company-trek-wants-bikes-able-talk-cars\/#primaryimage","url":"https:\/\/d2p6e6u75xmxt8.cloudfront.net\/2\/2018\/02\/profimedia-0291338721-1.webp","contentUrl":"https:\/\/d2p6e6u75xmxt8.cloudfront.net\/2\/2018\/02\/profimedia-0291338721-1.webp","width":900,"height":600},{"@type":"BreadcrumbList","@id":"https:\/\/www.welovecycling.com\/wide\/2018\/02\/22\/company-trek-wants-bikes-able-talk-cars\/#breadcrumb","itemListElement":[{"@type":"ListItem","position":1,"name":"Home","item":"https:\/\/www.welovecycling.com\/wide\/"},{"@type":"ListItem","position":2,"name":"The Company Trek Wants Bikes to Be Able to Talk to Cars"}]},{"@type":"WebSite","@id":"https:\/\/www.welovecycling.com\/wide\/#website","url":"https:\/\/www.welovecycling.com\/wide\/","name":"\u0160koda We Love Cycling","description":"\u0160koda We Love Cycling magazine","alternateName":"\u0160koda WLC","potentialAction":[{"@type":"SearchAction","target":{"@type":"EntryPoint","urlTemplate":"https:\/\/www.welovecycling.com\/wide\/?s={search_term_string}"},"query-input":{"@type":"PropertyValueSpecification","valueRequired":true,"valueName":"search_term_string"}}],"inLanguage":"en-US"},{"@type":"Person","@id":"","url":"https:\/\/www.welovecycling.com\/wide\/author\/"}]}},"_links":{"self":[{"href":"https:\/\/www.welovecycling.com\/wide\/wp-json\/wp\/v2\/posts\/163637","targetHints":{"allow":["GET"]}}],"collection":[{"href":"https:\/\/www.welovecycling.com\/wide\/wp-json\/wp\/v2\/posts"}],"about":[{"href":"https:\/\/www.welovecycling.com\/wide\/wp-json\/wp\/v2\/types\/post"}],"author":[{"embeddable":true,"href":"https:\/\/www.welovecycling.com\/wide\/wp-json\/wp\/v2\/users\/12"}],"replies":[{"embeddable":true,"href":"https:\/\/www.welovecycling.com\/wide\/wp-json\/wp\/v2\/comments?post=163637"}],"version-history":[{"count":2,"href":"https:\/\/www.welovecycling.com\/wide\/wp-json\/wp\/v2\/posts\/163637\/revisions"}],"predecessor-version":[{"id":163640,"href":"https:\/\/www.welovecycling.com\/wide\/wp-json\/wp\/v2\/posts\/163637\/revisions\/163640"}],"wp:featuredmedia":[{"embeddable":true,"href":"https:\/\/www.welovecycling.com\/wide\/wp-json\/wp\/v2\/media\/163638"}],"wp:attachment":[{"href":"https:\/\/www.welovecycling.com\/wide\/wp-json\/wp\/v2\/media?parent=163637"}],"wp:term":[{"taxonomy":"category","embeddable":true,"href":"https:\/\/www.welovecycling.com\/wide\/wp-json\/wp\/v2\/categories?post=163637"},{"taxonomy":"post_tag","embeddable":true,"href":"https:\/\/www.welovecycling.com\/wide\/wp-json\/wp\/v2\/tags?post=163637"},{"taxonomy":"global-categories","embeddable":true,"href":"https:\/\/www.welovecycling.com\/wide\/wp-json\/wp\/v2\/global-categories?post=163637"}],"curies":[{"name":"wp","href":"https:\/\/api.w.org\/{rel}","templated":true}]}}