{"id":162782,"date":"2017-12-20T13:16:13","date_gmt":"2017-12-20T13:16:13","guid":{"rendered":"https:\/\/www.welovecycling.com\/wide\/?p=162782"},"modified":"2017-12-20T13:16:13","modified_gmt":"2017-12-20T13:16:13","slug":"shut-legs-jens-voigt-run-7-marathons-7-days","status":"publish","type":"post","link":"https:\/\/www.welovecycling.com\/wide\/2017\/12\/20\/shut-legs-jens-voigt-run-7-marathons-7-days\/","title":{"rendered":"Shut Up Legs! Jens Voigt to Run 7 Marathons in 7 Days"},"content":{"rendered":"<p><strong>The beloved former German pro is trying to raise funds for an Australian cancer charity called Tour de Cure. Last year he raised over \u20ac25,000 for the organization by \u201cEveresting\u201d Berlin. That meant riding up and down a certain climb in the German capital 100 times to gain the altitude of Mount Everest. Now he seeks to do seven marathons in seven days.<\/strong><br \/>\n<!--more--><\/p>\n<div class=\"shortcode-ys-post-pinup\"><article class=\"loop-simple post-162588 post type-post status-publish format-standard has-post-thumbnail hentry category-health-and-training category-road-cycling tag-muscle-burn tag-pain-athlete\" data-postid=\"162588\" role=\"article\" data-post-id=\"162588\" data-word-count=\"362\" data-headline-length=\"40\" data-category=\"Health &amp; Training\" data-author=\"Adam Marsal\" data-published=\"2017-12-06T12:23:07+00:00\" data-published-day=\"Wednesday\">\n    <div class=\"entry-thumbnail article-thumbnail\" content=\"https:\/\/d2p6e6u75xmxt8.cloudfront.net\/2\/2017\/12\/paincover-150x150.webp\"><a href=\"https:\/\/www.welovecycling.com\/wide\/2017\/12\/06\/pain-helps-us-better-athletes\/\" class=\"image-holder\" target=\"_self\"><img decoding=\"async\" loading=\"lazy\" class=\"\" src=\"https:\/\/d2p6e6u75xmxt8.cloudfront.net\/2\/2017\/12\/paincover.webp\" srcset=\"https:\/\/d2p6e6u75xmxt8.cloudfront.net\/2\/2017\/12\/paincover.webp 900w, https:\/\/d2p6e6u75xmxt8.cloudfront.net\/2\/2017\/12\/paincover-300x200.webp 300w, https:\/\/d2p6e6u75xmxt8.cloudfront.net\/2\/2017\/12\/paincover-768x512.webp 768w, https:\/\/d2p6e6u75xmxt8.cloudfront.net\/2\/2017\/12\/paincover-272x182.webp 272w\" width=\"900\" height=\"600\" sizes=\"auto, (min-width: 1200px) 300px, (min-width: 768px) 25vw, 100vw\" alt=\"pain-helps-us-better-athletes\"\/><\/a><\/div>    <div class=\"entry-meta\">\n        <a class=\"label label-secondary post-category\" href=\"https:\/\/www.welovecycling.com\/wide\/category\/health-and-training\/\" title=\"Health &amp; Training\">Health &amp; Training<\/a>\n    <\/div>\n    <div class=\"entry-details\">\n        <a href=\"https:\/\/www.welovecycling.com\/wide\/2017\/12\/06\/pain-helps-us-better-athletes\/\" class='entry-title-wrapper'>\n            <h3 class=\"entry-title\"><span>When Pain Helps Us to Be Better Athletes<\/span><\/h3>\n        <\/a>\n    <\/div>\n    <\/article>\n<\/div>\n<p>\u201cAfter my Everest Challenge a while back, which was already a special achievement, this is something I want to do for two reasons. First and foremost, I was overwhelmed by the positive feedback for my Everest Challenge in the beginning of the year. I want to raise as much awareness and funds as possible for the fight against cancer. The second reason is that I love to challenge my limits. I love to go above and beyond, trying to see what my body and mind are capable of. And what&#8217;s a better way to do this than running seven marathons within a week? It will possibly be the challenge that embodies my motto \u2018shut up legs\u2019 like nothing else I\u2019ve ever done before. Of course, people might think I\u2019m crazy to do something like this. But hey, I never said I wasn\u2018t,\u201d Voigt said in a statement.<\/p>\n<figure id=\"attachment_162785\" aria-describedby=\"caption-attachment-162785\" style=\"width: 1250px\" class=\"wp-caption alignnone\"><a href=\"https:\/\/d2p6e6u75xmxt8.cloudfront.net\/2\/2017\/12\/profimedia-0224966675.jpg\"><img loading=\"lazy\" decoding=\"async\" class=\"size-full wp-image-162785\" src=\"https:\/\/d2p6e6u75xmxt8.cloudfront.net\/2\/2017\/12\/profimedia-0224966675.jpg\" alt=\"\" width=\"1250\" height=\"833\" \/><\/a><figcaption id=\"caption-attachment-162785\" class=\"wp-caption-text\">Jens Voigt celebrates on the podium as he became the overall leader after the the sixth stage at the Tour de Pologne cycling race, in Zakopane, Poland, 19 September 2008.<\/figcaption><\/figure>\n<p>The event is called Jensie\u2019s Marathon Madness and will take place between 2nd and 8th January 2018 on the 7.1km-long Grunewald course. Anyone who cares to join Jens is more than welcomed to do so. You can run a round of 7 km, 21 km or the whole marathon \u2013 on any of the 7 days.<\/p>\n<p>For the rest of us, donations to the Tour de Cure can be made <a href=\"https:\/\/tourdecure.com.au\/\">HERE<\/a>. And Jens Voigt\u2019s mad Strava account can be followed <a href=\"https:\/\/www.strava.com\/athletes\/7247329\">HERE<\/a>.<\/p>\n","protected":false},"excerpt":{"rendered":"<p>The beloved former German pro is trying to raise funds for an Australian cancer charity called Tour de Cure. Last [&hellip;]<\/p>\n","protected":false},"author":12,"featured_media":162783,"comment_status":"open","ping_status":"open","sticky":false,"template":"","format":"standard","meta":{"footnotes":""},"categories":[334,330],"tags":[1607,1608,1609],"global-categories":[],"class_list":["post-162782","post","type-post","status-publish","format-standard","has-post-thumbnail","hentry","category-socialising-and-culture","category-urban-cycling","tag-jens-voigt","tag-jensies-marathon-madness","tag-tour-de-cure"],"yoast_head":"<!-- This site is optimized with the Yoast SEO Premium plugin v25.3 (Yoast SEO v25.9) - https:\/\/yoast.com\/wordpress\/plugins\/seo\/ -->\n<title>Shut Up Legs! Jens Voigt to Run 7 Marathons in 7 Days - \u0160koda We Love Cycling<\/title>\n<meta name=\"description\" content=\"The beloved former German pro is trying to raise funds for an Australian cancer charity called Tour de Cure. Last year he raised over \u20ac25,000 for the\" \/>\n<meta name=\"robots\" content=\"index, follow, max-snippet:-1, max-image-preview:large, max-video-preview:-1\" \/>\n<link rel=\"canonical\" href=\"https:\/\/www.welovecycling.com\/wide\/2017\/12\/20\/shut-legs-jens-voigt-run-7-marathons-7-days\/\" \/>\n<meta property=\"og:locale\" content=\"en_US\" \/>\n<meta property=\"og:type\" content=\"article\" \/>\n<meta property=\"og:title\" content=\"Shut Up Legs! Jens Voigt to Run 7 Marathons in 7 Days\" \/>\n<meta property=\"og:description\" content=\"The beloved former German pro is trying to raise funds for an Australian cancer charity called Tour de Cure. Last year he raised over \u20ac25,000 for the\" \/>\n<meta property=\"og:url\" content=\"https:\/\/www.welovecycling.com\/wide\/2017\/12\/20\/shut-legs-jens-voigt-run-7-marathons-7-days\/\" \/>\n<meta property=\"og:site_name\" content=\"\u0160koda We Love Cycling\" \/>\n<meta property=\"article:published_time\" content=\"2017-12-20T13:16:13+00:00\" \/>\n<meta property=\"og:image\" content=\"https:\/\/d2p6e6u75xmxt8.cloudfront.net\/2\/2017\/12\/profimedia-0347469175-1.webp\" \/>\n\t<meta property=\"og:image:width\" content=\"900\" \/>\n\t<meta property=\"og:image:height\" content=\"600\" \/>\n\t<meta property=\"og:image:type\" content=\"image\/webp\" \/>\n<meta name=\"twitter:card\" content=\"summary_large_image\" \/>\n<meta name=\"twitter:label1\" content=\"Written by\" \/>\n\t<meta name=\"twitter:data1\" content=\"Adam Marsal\" \/>\n\t<meta name=\"twitter:label2\" content=\"Est. reading time\" \/>\n\t<meta name=\"twitter:data2\" content=\"2 minutes\" \/>\n<script type=\"application\/ld+json\" class=\"yoast-schema-graph\">{\"@context\":\"https:\/\/schema.org\",\"@graph\":[{\"@type\":\"WebPage\",\"@id\":\"https:\/\/www.welovecycling.com\/wide\/2017\/12\/20\/shut-legs-jens-voigt-run-7-marathons-7-days\/\",\"url\":\"https:\/\/www.welovecycling.com\/wide\/2017\/12\/20\/shut-legs-jens-voigt-run-7-marathons-7-days\/\",\"name\":\"Shut Up Legs! Jens Voigt to Run 7 Marathons in 7 Days - \u0160koda We Love Cycling\",\"isPartOf\":{\"@id\":\"https:\/\/www.welovecycling.com\/wide\/#website\"},\"primaryImageOfPage\":{\"@id\":\"https:\/\/www.welovecycling.com\/wide\/2017\/12\/20\/shut-legs-jens-voigt-run-7-marathons-7-days\/#primaryimage\"},\"image\":{\"@id\":\"https:\/\/www.welovecycling.com\/wide\/2017\/12\/20\/shut-legs-jens-voigt-run-7-marathons-7-days\/#primaryimage\"},\"thumbnailUrl\":\"https:\/\/d2p6e6u75xmxt8.cloudfront.net\/2\/2017\/12\/profimedia-0347469175-1.webp\",\"datePublished\":\"2017-12-20T13:16:13+00:00\",\"author\":{\"@id\":\"\"},\"description\":\"The beloved former German pro is trying to raise funds for an Australian cancer charity called Tour de Cure. Last year he raised over \u20ac25,000 for the\",\"breadcrumb\":{\"@id\":\"https:\/\/www.welovecycling.com\/wide\/2017\/12\/20\/shut-legs-jens-voigt-run-7-marathons-7-days\/#breadcrumb\"},\"inLanguage\":\"en-US\",\"potentialAction\":[{\"@type\":\"ReadAction\",\"target\":[\"https:\/\/www.welovecycling.com\/wide\/2017\/12\/20\/shut-legs-jens-voigt-run-7-marathons-7-days\/\"]}]},{\"@type\":\"ImageObject\",\"inLanguage\":\"en-US\",\"@id\":\"https:\/\/www.welovecycling.com\/wide\/2017\/12\/20\/shut-legs-jens-voigt-run-7-marathons-7-days\/#primaryimage\",\"url\":\"https:\/\/d2p6e6u75xmxt8.cloudfront.net\/2\/2017\/12\/profimedia-0347469175-1.webp\",\"contentUrl\":\"https:\/\/d2p6e6u75xmxt8.cloudfront.net\/2\/2017\/12\/profimedia-0347469175-1.webp\",\"width\":900,\"height\":600},{\"@type\":\"BreadcrumbList\",\"@id\":\"https:\/\/www.welovecycling.com\/wide\/2017\/12\/20\/shut-legs-jens-voigt-run-7-marathons-7-days\/#breadcrumb\",\"itemListElement\":[{\"@type\":\"ListItem\",\"position\":1,\"name\":\"Home\",\"item\":\"https:\/\/www.welovecycling.com\/wide\/\"},{\"@type\":\"ListItem\",\"position\":2,\"name\":\"Shut Up Legs! Jens Voigt to Run 7 Marathons in 7 Days\"}]},{\"@type\":\"WebSite\",\"@id\":\"https:\/\/www.welovecycling.com\/wide\/#website\",\"url\":\"https:\/\/www.welovecycling.com\/wide\/\",\"name\":\"\u0160koda We Love Cycling\",\"description\":\"\u0160koda We Love Cycling magazine\",\"alternateName\":\"\u0160koda WLC\",\"potentialAction\":[{\"@type\":\"SearchAction\",\"target\":{\"@type\":\"EntryPoint\",\"urlTemplate\":\"https:\/\/www.welovecycling.com\/wide\/?s={search_term_string}\"},\"query-input\":{\"@type\":\"PropertyValueSpecification\",\"valueRequired\":true,\"valueName\":\"search_term_string\"}}],\"inLanguage\":\"en-US\"},{\"@type\":\"Person\",\"@id\":\"\",\"url\":\"https:\/\/www.welovecycling.com\/wide\/author\/\"}]}<\/script>\n<!-- \/ Yoast SEO Premium plugin. -->","yoast_head_json":{"title":"Shut Up Legs! Jens Voigt to Run 7 Marathons in 7 Days - \u0160koda We Love Cycling","description":"The beloved former German pro is trying to raise funds for an Australian cancer charity called Tour de Cure. Last year he raised over \u20ac25,000 for the","robots":{"index":"index","follow":"follow","max-snippet":"max-snippet:-1","max-image-preview":"max-image-preview:large","max-video-preview":"max-video-preview:-1"},"canonical":"https:\/\/www.welovecycling.com\/wide\/2017\/12\/20\/shut-legs-jens-voigt-run-7-marathons-7-days\/","og_locale":"en_US","og_type":"article","og_title":"Shut Up Legs! Jens Voigt to Run 7 Marathons in 7 Days","og_description":"The beloved former German pro is trying to raise funds for an Australian cancer charity called Tour de Cure. Last year he raised over \u20ac25,000 for the","og_url":"https:\/\/www.welovecycling.com\/wide\/2017\/12\/20\/shut-legs-jens-voigt-run-7-marathons-7-days\/","og_site_name":"\u0160koda We Love Cycling","article_published_time":"2017-12-20T13:16:13+00:00","og_image":[{"width":900,"height":600,"url":"https:\/\/d2p6e6u75xmxt8.cloudfront.net\/2\/2017\/12\/profimedia-0347469175-1.webp","type":"image\/webp"}],"twitter_card":"summary_large_image","twitter_misc":{"Written by":"Adam Marsal","Est. reading time":"2 minutes"},"schema":{"@context":"https:\/\/schema.org","@graph":[{"@type":"WebPage","@id":"https:\/\/www.welovecycling.com\/wide\/2017\/12\/20\/shut-legs-jens-voigt-run-7-marathons-7-days\/","url":"https:\/\/www.welovecycling.com\/wide\/2017\/12\/20\/shut-legs-jens-voigt-run-7-marathons-7-days\/","name":"Shut Up Legs! Jens Voigt to Run 7 Marathons in 7 Days - \u0160koda We Love Cycling","isPartOf":{"@id":"https:\/\/www.welovecycling.com\/wide\/#website"},"primaryImageOfPage":{"@id":"https:\/\/www.welovecycling.com\/wide\/2017\/12\/20\/shut-legs-jens-voigt-run-7-marathons-7-days\/#primaryimage"},"image":{"@id":"https:\/\/www.welovecycling.com\/wide\/2017\/12\/20\/shut-legs-jens-voigt-run-7-marathons-7-days\/#primaryimage"},"thumbnailUrl":"https:\/\/d2p6e6u75xmxt8.cloudfront.net\/2\/2017\/12\/profimedia-0347469175-1.webp","datePublished":"2017-12-20T13:16:13+00:00","author":{"@id":""},"description":"The beloved former German pro is trying to raise funds for an Australian cancer charity called Tour de Cure. Last year he raised over \u20ac25,000 for the","breadcrumb":{"@id":"https:\/\/www.welovecycling.com\/wide\/2017\/12\/20\/shut-legs-jens-voigt-run-7-marathons-7-days\/#breadcrumb"},"inLanguage":"en-US","potentialAction":[{"@type":"ReadAction","target":["https:\/\/www.welovecycling.com\/wide\/2017\/12\/20\/shut-legs-jens-voigt-run-7-marathons-7-days\/"]}]},{"@type":"ImageObject","inLanguage":"en-US","@id":"https:\/\/www.welovecycling.com\/wide\/2017\/12\/20\/shut-legs-jens-voigt-run-7-marathons-7-days\/#primaryimage","url":"https:\/\/d2p6e6u75xmxt8.cloudfront.net\/2\/2017\/12\/profimedia-0347469175-1.webp","contentUrl":"https:\/\/d2p6e6u75xmxt8.cloudfront.net\/2\/2017\/12\/profimedia-0347469175-1.webp","width":900,"height":600},{"@type":"BreadcrumbList","@id":"https:\/\/www.welovecycling.com\/wide\/2017\/12\/20\/shut-legs-jens-voigt-run-7-marathons-7-days\/#breadcrumb","itemListElement":[{"@type":"ListItem","position":1,"name":"Home","item":"https:\/\/www.welovecycling.com\/wide\/"},{"@type":"ListItem","position":2,"name":"Shut Up Legs! Jens Voigt to Run 7 Marathons in 7 Days"}]},{"@type":"WebSite","@id":"https:\/\/www.welovecycling.com\/wide\/#website","url":"https:\/\/www.welovecycling.com\/wide\/","name":"\u0160koda We Love Cycling","description":"\u0160koda We Love Cycling magazine","alternateName":"\u0160koda WLC","potentialAction":[{"@type":"SearchAction","target":{"@type":"EntryPoint","urlTemplate":"https:\/\/www.welovecycling.com\/wide\/?s={search_term_string}"},"query-input":{"@type":"PropertyValueSpecification","valueRequired":true,"valueName":"search_term_string"}}],"inLanguage":"en-US"},{"@type":"Person","@id":"","url":"https:\/\/www.welovecycling.com\/wide\/author\/"}]}},"_links":{"self":[{"href":"https:\/\/www.welovecycling.com\/wide\/wp-json\/wp\/v2\/posts\/162782","targetHints":{"allow":["GET"]}}],"collection":[{"href":"https:\/\/www.welovecycling.com\/wide\/wp-json\/wp\/v2\/posts"}],"about":[{"href":"https:\/\/www.welovecycling.com\/wide\/wp-json\/wp\/v2\/types\/post"}],"author":[{"embeddable":true,"href":"https:\/\/www.welovecycling.com\/wide\/wp-json\/wp\/v2\/users\/12"}],"replies":[{"embeddable":true,"href":"https:\/\/www.welovecycling.com\/wide\/wp-json\/wp\/v2\/comments?post=162782"}],"version-history":[{"count":2,"href":"https:\/\/www.welovecycling.com\/wide\/wp-json\/wp\/v2\/posts\/162782\/revisions"}],"predecessor-version":[{"id":162788,"href":"https:\/\/www.welovecycling.com\/wide\/wp-json\/wp\/v2\/posts\/162782\/revisions\/162788"}],"wp:featuredmedia":[{"embeddable":true,"href":"https:\/\/www.welovecycling.com\/wide\/wp-json\/wp\/v2\/media\/162783"}],"wp:attachment":[{"href":"https:\/\/www.welovecycling.com\/wide\/wp-json\/wp\/v2\/media?parent=162782"}],"wp:term":[{"taxonomy":"category","embeddable":true,"href":"https:\/\/www.welovecycling.com\/wide\/wp-json\/wp\/v2\/categories?post=162782"},{"taxonomy":"post_tag","embeddable":true,"href":"https:\/\/www.welovecycling.com\/wide\/wp-json\/wp\/v2\/tags?post=162782"},{"taxonomy":"global-categories","embeddable":true,"href":"https:\/\/www.welovecycling.com\/wide\/wp-json\/wp\/v2\/global-categories?post=162782"}],"curies":[{"name":"wp","href":"https:\/\/api.w.org\/{rel}","templated":true}]}}