{"id":162758,"date":"2017-12-18T12:39:50","date_gmt":"2017-12-18T12:39:50","guid":{"rendered":"https:\/\/www.welovecycling.com\/wide\/?p=162758"},"modified":"2017-12-18T12:41:19","modified_gmt":"2017-12-18T12:41:19","slug":"armstrong-invited-back-tour-flanders-cool-news-world-cycling","status":"publish","type":"post","link":"https:\/\/www.welovecycling.com\/wide\/2017\/12\/18\/armstrong-invited-back-tour-flanders-cool-news-world-cycling\/","title":{"rendered":"Armstrong Invited Back to the Tour of Flanders and Other Important News from the World of Cycling"},"content":{"rendered":"<p><strong>Another Monday is here and our news from the world of cycling with it! So, what did you miss?<\/strong><br \/>\n<!--more--><\/p>\n<h2><strong>The Texan back at the races<\/strong><\/h2>\n<p>The organizers of the Tour de Flanders created a big controversy last week when they invited the disgraced former pro to speak at one of the pre-race events. The decision has met with strong criticism, and it\u2019s not hard to see why. Remembering the fact that the Texan doped for most of his career is really not that hard. However, the organizers stand by their decision.<\/p>\n<figure id=\"attachment_162761\" aria-describedby=\"caption-attachment-162761\" style=\"width: 1250px\" class=\"wp-caption alignnone\"><a href=\"https:\/\/d2p6e6u75xmxt8.cloudfront.net\/2\/2017\/12\/profimedia-0329472343.jpg\"><img loading=\"lazy\" decoding=\"async\" class=\"size-full wp-image-162761\" src=\"https:\/\/d2p6e6u75xmxt8.cloudfront.net\/2\/2017\/12\/profimedia-0329472343.jpg\" alt=\"\" width=\"1250\" height=\"999\" \/><\/a><figcaption id=\"caption-attachment-162761\" class=\"wp-caption-text\">Lance Armstrong and John &#8220;College&#8221; Korioth participate in bike night at Circuit of the Americas where cyclists ride the Formula One track on April 18, 2017 in Austin, Texas.<\/figcaption><\/figure>\n<p>\u201cWith the \u2018Tour of Flanders Business Academy\u2019, we aim to invite a top-class speaker to Flanders each year. This can be someone from the world of cycling, but could just as easily be a representative of another sport or another aspect of our society. The very first speaker we have invited is Lance Armstrong. Lance Armstrong is delighted to be visiting Flanders to tell his story and experience his favourite one-day race live. To him, this will also be a return to cycling and, as far as I am concerned, he is very welcome!\u201d said Wouter Vanderhaute, one of the organizers.<\/p>\n<div class=\"shortcode-ys-post-pinup\"><article class=\"loop-simple post-152255 post type-post status-publish format-standard has-post-thumbnail hentry category-road-cycling tag-andy-samberg tag-tour-de-pharmacy tag-video\" data-postid=\"152255\" role=\"article\" data-post-id=\"152255\" data-word-count=\"126\" data-headline-length=\"69\" data-category=\"Road cycling\" data-author=\"Monica Buck\" data-published=\"2017-06-21T11:03:27+00:00\" data-published-day=\"Wednesday\">\n    <div class=\"entry-thumbnail article-thumbnail\" content=\"https:\/\/d2p6e6u75xmxt8.cloudfront.net\/2\/2017\/06\/Untitled-collage-1-150x150.webp\"><a href=\"https:\/\/www.welovecycling.com\/wide\/2017\/06\/21\/stakes-medium-check-new-trailer-tour-de-pharmacy\/\" class=\"image-holder\" target=\"_self\"><img decoding=\"async\" loading=\"lazy\" class=\"\" src=\"https:\/\/d2p6e6u75xmxt8.cloudfront.net\/2\/2017\/06\/Untitled-collage-1.webp\" srcset=\"https:\/\/d2p6e6u75xmxt8.cloudfront.net\/2\/2017\/06\/Untitled-collage-1.webp 900w, https:\/\/d2p6e6u75xmxt8.cloudfront.net\/2\/2017\/06\/Untitled-collage-1-300x200.webp 300w, https:\/\/d2p6e6u75xmxt8.cloudfront.net\/2\/2017\/06\/Untitled-collage-1-768x512.webp 768w, https:\/\/d2p6e6u75xmxt8.cloudfront.net\/2\/2017\/06\/Untitled-collage-1-272x182.webp 272w\" width=\"900\" height=\"600\" sizes=\"auto, (min-width: 1200px) 300px, (min-width: 768px) 25vw, 100vw\" alt=\"stakes-medium-check-new-trailer-tour-de-pharmacy\"\/><\/a><\/div>    <div class=\"entry-meta\">\n        <a class=\"label label-secondary post-category\" href=\"https:\/\/www.welovecycling.com\/wide\/category\/road-cycling\/\" title=\"Road cycling\">Road cycling<\/a>\n    <\/div>\n    <div class=\"entry-details\">\n        <a href=\"https:\/\/www.welovecycling.com\/wide\/2017\/06\/21\/stakes-medium-check-new-trailer-tour-de-pharmacy\/\" class='entry-title-wrapper'>\n            <h3 class=\"entry-title\"><span>The Stakes Are Medium! Check Out the New Trailer for Tour de Pharmacy<\/span><\/h3>\n        <\/a>\n    <\/div>\n    <\/article>\n<\/div>\n<p>Peter Van Eenoo, head of the Ghent anti-doping laboratory, is one of the loudest critics of the decision. \u201cThe Armstrong invitation is absolutely reprehensible. Armstrong has been suspended for life and has not expressed any kind of regret for what he has done in the past. What does it mean to racers who have been cheated and robbed by the Texan and his associates? At stake there is not only the past, but above all the future of cycling,\u201d he told Sporza.<\/p>\n<p>What do you think about the decision? Should Armstrong be welcomed back into the cycling community? Let us know in the comments.<\/p>\n<h2><strong>Mark the weatherman<\/strong><\/h2>\n<div class=\"embed-controller-wrapper\">\n<blockquote class=\"twitter-tweet\" data-width=\"500\" data-dnt=\"true\">\n<p lang=\"en\" dir=\"ltr\">It\u2019s going to be one of those \u201850kph in one direction, 10kph in the other\u2019 days for training here on the Isle of Man today. \ud83d\udeb4\ud83c\udffc\u200d\u2642\ufe0f\ud83d\udca8. <a href=\"https:\/\/t.co\/jQvhFjJ2qC\">pic.twitter.com\/jQvhFjJ2qC<\/a><\/p>\n<p>&mdash; Mark Cavendish (@MarkCavendish) <a href=\"https:\/\/twitter.com\/MarkCavendish\/status\/941597077368393728?ref_src=twsrc%5Etfw\">December 15, 2017<\/a><\/p><\/blockquote>\n<p><script async data-src=\"https:\/\/platform.twitter.com\/widgets.js\" charset=\"utf-8\"><\/script><\/div>\n<h2><strong>For all those KOM enthusiasts<\/strong><\/h2>\n<div class=\"embed-controller-wrapper\">\n<blockquote class=\"twitter-tweet\" data-width=\"500\" data-dnt=\"true\">\n<p lang=\"nl\" dir=\"ltr\">Eneco introduceert <a href=\"https:\/\/twitter.com\/hashtag\/Windrugzak?src=hash&amp;ref_src=twsrc%5Etfw\">#Windrugzak<\/a> om sneller te kunnen fietsen (bij wind mee \ud83d\ude1c).<br \/>\ud83d\udeb2\ud83d\udeb2\ud83d\udeb2\ud83d\udca8\ud83d\udca8\ud83d\udca8<a href=\"https:\/\/t.co\/w7ttq3dW9W\">https:\/\/t.co\/w7ttq3dW9W<\/a> <a href=\"https:\/\/t.co\/HWSTkjGw5S\">pic.twitter.com\/HWSTkjGw5S<\/a><\/p>\n<p>&mdash; Groene Zaken (@GroeneZaken) <a href=\"https:\/\/twitter.com\/GroeneZaken\/status\/941622704905572352?ref_src=twsrc%5Etfw\">December 15, 2017<\/a><\/p><\/blockquote>\n<p><script async data-src=\"https:\/\/platform.twitter.com\/widgets.js\" charset=\"utf-8\"><\/script><\/div>\n<h2><strong>Peter Van Damme<\/strong><\/h2>\n<div class=\"embed-controller-wrapper\">\n<blockquote class=\"twitter-tweet\" data-width=\"500\" data-dnt=\"true\">\n<p lang=\"en\" dir=\"ltr\">Doing some core training in Palma de Mallorca, <a href=\"https:\/\/twitter.com\/lifemotus?ref_src=twsrc%5Etfw\">@lifemotus<\/a> style <a href=\"https:\/\/t.co\/Y1FmVdvwAb\">pic.twitter.com\/Y1FmVdvwAb<\/a><\/p>\n<p>&mdash; Peter Sagan (@petosagan) <a href=\"https:\/\/twitter.com\/petosagan\/status\/940650842537054208?ref_src=twsrc%5Etfw\">December 12, 2017<\/a><\/p><\/blockquote>\n<p><script async data-src=\"https:\/\/platform.twitter.com\/widgets.js\" charset=\"utf-8\"><\/script><\/div>\n<h2><strong>It\u2019s all about respect<\/strong><\/h2>\n<div class=\"embed-controller-wrapper\">\n<blockquote class=\"twitter-tweet\" data-width=\"500\" data-dnt=\"true\">\n<p lang=\"en\" dir=\"ltr\">We\u2019ve made a little video to help drivers plan and overtake of a cyclist safely.<br \/>The same advice would be relevant for overtaking a horse rider.<\/p>\n<p>Passing too close is dangerous and scary.<\/p>\n<p>You could be dealt with for driving without due care and attention: 3 points + \u00a3100 fine. <a href=\"https:\/\/t.co\/3TrBWJkuZ2\">pic.twitter.com\/3TrBWJkuZ2<\/a><\/p>\n<p>&mdash; Roads Policing &#8211; Surrey Police &#8211; UK (@SurreyRoadCops) <a href=\"https:\/\/twitter.com\/SurreyRoadCops\/status\/940904437715034112?ref_src=twsrc%5Etfw\">December 13, 2017<\/a><\/p><\/blockquote>\n<p><script async data-src=\"https:\/\/platform.twitter.com\/widgets.js\" charset=\"utf-8\"><\/script><\/div>\n<h2><strong>You know who you are<\/strong><\/h2>\n<p>https:\/\/www.instagram.com\/p\/BczpB3BgHq4\/?taken-by=wlcmagazine<\/p>\n","protected":false},"excerpt":{"rendered":"<p>Another Monday is here and our news from the world of cycling with it! So, what did you miss?<\/p>\n","protected":false},"author":12,"featured_media":162760,"comment_status":"open","ping_status":"open","sticky":false,"template":"","format":"standard","meta":{"footnotes":""},"categories":[4142],"tags":[801,461,381],"global-categories":[],"class_list":["post-162758","post","type-post","status-publish","format-standard","has-post-thumbnail","hentry","category-ride2unite","tag-lance-armstrong","tag-mark-cavendish","tag-peter-sagan"],"yoast_head":"<!-- This site is optimized with the Yoast SEO Premium plugin v25.3 (Yoast SEO v25.9) - https:\/\/yoast.com\/wordpress\/plugins\/seo\/ -->\n<title>Armstrong Invited Back to the Tour of Flanders and Other Important News from the World of Cycling - \u0160koda We Love Cycling<\/title>\n<meta name=\"description\" content=\"Another Monday is here and our news from the world of cycling with it! So, what did you miss? The Texan back at the races The organizers of the Tour de\" \/>\n<meta name=\"robots\" content=\"index, follow, max-snippet:-1, max-image-preview:large, max-video-preview:-1\" \/>\n<link rel=\"canonical\" href=\"https:\/\/www.welovecycling.com\/wide\/2017\/12\/18\/armstrong-invited-back-tour-flanders-cool-news-world-cycling\/\" \/>\n<meta property=\"og:locale\" content=\"en_US\" \/>\n<meta property=\"og:type\" content=\"article\" \/>\n<meta property=\"og:title\" content=\"Armstrong Invited Back to the Tour of Flanders and Other Important News from the World of Cycling\" \/>\n<meta property=\"og:description\" content=\"Another Monday is here and our news from the world of cycling with it! So, what did you miss? The Texan back at the races The organizers of the Tour de\" \/>\n<meta property=\"og:url\" content=\"https:\/\/www.welovecycling.com\/wide\/2017\/12\/18\/armstrong-invited-back-tour-flanders-cool-news-world-cycling\/\" \/>\n<meta property=\"og:site_name\" content=\"\u0160koda We Love Cycling\" \/>\n<meta property=\"article:published_time\" content=\"2017-12-18T12:39:50+00:00\" \/>\n<meta property=\"article:modified_time\" content=\"2017-12-18T12:41:19+00:00\" \/>\n<meta property=\"og:image\" content=\"https:\/\/d2p6e6u75xmxt8.cloudfront.net\/2\/2017\/12\/profimedia-0253034126-1.webp\" \/>\n\t<meta property=\"og:image:width\" content=\"900\" \/>\n\t<meta property=\"og:image:height\" content=\"600\" \/>\n\t<meta property=\"og:image:type\" content=\"image\/webp\" \/>\n<meta name=\"twitter:card\" content=\"summary_large_image\" \/>\n<meta name=\"twitter:label1\" content=\"Written by\" \/>\n\t<meta name=\"twitter:data1\" content=\"Monica Buck\" \/>\n\t<meta name=\"twitter:label2\" content=\"Est. reading time\" \/>\n\t<meta name=\"twitter:data2\" content=\"2 minutes\" \/>\n<script type=\"application\/ld+json\" class=\"yoast-schema-graph\">{\"@context\":\"https:\/\/schema.org\",\"@graph\":[{\"@type\":\"WebPage\",\"@id\":\"https:\/\/www.welovecycling.com\/wide\/2017\/12\/18\/armstrong-invited-back-tour-flanders-cool-news-world-cycling\/\",\"url\":\"https:\/\/www.welovecycling.com\/wide\/2017\/12\/18\/armstrong-invited-back-tour-flanders-cool-news-world-cycling\/\",\"name\":\"Armstrong Invited Back to the Tour of Flanders and Other Important News from the World of Cycling - \u0160koda We Love Cycling\",\"isPartOf\":{\"@id\":\"https:\/\/www.welovecycling.com\/wide\/#website\"},\"primaryImageOfPage\":{\"@id\":\"https:\/\/www.welovecycling.com\/wide\/2017\/12\/18\/armstrong-invited-back-tour-flanders-cool-news-world-cycling\/#primaryimage\"},\"image\":{\"@id\":\"https:\/\/www.welovecycling.com\/wide\/2017\/12\/18\/armstrong-invited-back-tour-flanders-cool-news-world-cycling\/#primaryimage\"},\"thumbnailUrl\":\"https:\/\/d2p6e6u75xmxt8.cloudfront.net\/2\/2017\/12\/profimedia-0253034126-1.webp\",\"datePublished\":\"2017-12-18T12:39:50+00:00\",\"dateModified\":\"2017-12-18T12:41:19+00:00\",\"author\":{\"@id\":\"\"},\"description\":\"Another Monday is here and our news from the world of cycling with it! So, what did you miss? The Texan back at the races The organizers of the Tour de\",\"breadcrumb\":{\"@id\":\"https:\/\/www.welovecycling.com\/wide\/2017\/12\/18\/armstrong-invited-back-tour-flanders-cool-news-world-cycling\/#breadcrumb\"},\"inLanguage\":\"en-US\",\"potentialAction\":[{\"@type\":\"ReadAction\",\"target\":[\"https:\/\/www.welovecycling.com\/wide\/2017\/12\/18\/armstrong-invited-back-tour-flanders-cool-news-world-cycling\/\"]}]},{\"@type\":\"ImageObject\",\"inLanguage\":\"en-US\",\"@id\":\"https:\/\/www.welovecycling.com\/wide\/2017\/12\/18\/armstrong-invited-back-tour-flanders-cool-news-world-cycling\/#primaryimage\",\"url\":\"https:\/\/d2p6e6u75xmxt8.cloudfront.net\/2\/2017\/12\/profimedia-0253034126-1.webp\",\"contentUrl\":\"https:\/\/d2p6e6u75xmxt8.cloudfront.net\/2\/2017\/12\/profimedia-0253034126-1.webp\",\"width\":900,\"height\":600},{\"@type\":\"BreadcrumbList\",\"@id\":\"https:\/\/www.welovecycling.com\/wide\/2017\/12\/18\/armstrong-invited-back-tour-flanders-cool-news-world-cycling\/#breadcrumb\",\"itemListElement\":[{\"@type\":\"ListItem\",\"position\":1,\"name\":\"Home\",\"item\":\"https:\/\/www.welovecycling.com\/wide\/\"},{\"@type\":\"ListItem\",\"position\":2,\"name\":\"Armstrong Invited Back to the Tour of Flanders and Other Important News from the World of Cycling\"}]},{\"@type\":\"WebSite\",\"@id\":\"https:\/\/www.welovecycling.com\/wide\/#website\",\"url\":\"https:\/\/www.welovecycling.com\/wide\/\",\"name\":\"\u0160koda We Love Cycling\",\"description\":\"\u0160koda We Love Cycling magazine\",\"alternateName\":\"\u0160koda WLC\",\"potentialAction\":[{\"@type\":\"SearchAction\",\"target\":{\"@type\":\"EntryPoint\",\"urlTemplate\":\"https:\/\/www.welovecycling.com\/wide\/?s={search_term_string}\"},\"query-input\":{\"@type\":\"PropertyValueSpecification\",\"valueRequired\":true,\"valueName\":\"search_term_string\"}}],\"inLanguage\":\"en-US\"},{\"@type\":\"Person\",\"@id\":\"\",\"url\":\"https:\/\/www.welovecycling.com\/wide\/author\/\"}]}<\/script>\n<!-- \/ Yoast SEO Premium plugin. -->","yoast_head_json":{"title":"Armstrong Invited Back to the Tour of Flanders and Other Important News from the World of Cycling - \u0160koda We Love Cycling","description":"Another Monday is here and our news from the world of cycling with it! So, what did you miss? The Texan back at the races The organizers of the Tour de","robots":{"index":"index","follow":"follow","max-snippet":"max-snippet:-1","max-image-preview":"max-image-preview:large","max-video-preview":"max-video-preview:-1"},"canonical":"https:\/\/www.welovecycling.com\/wide\/2017\/12\/18\/armstrong-invited-back-tour-flanders-cool-news-world-cycling\/","og_locale":"en_US","og_type":"article","og_title":"Armstrong Invited Back to the Tour of Flanders and Other Important News from the World of Cycling","og_description":"Another Monday is here and our news from the world of cycling with it! So, what did you miss? The Texan back at the races The organizers of the Tour de","og_url":"https:\/\/www.welovecycling.com\/wide\/2017\/12\/18\/armstrong-invited-back-tour-flanders-cool-news-world-cycling\/","og_site_name":"\u0160koda We Love Cycling","article_published_time":"2017-12-18T12:39:50+00:00","article_modified_time":"2017-12-18T12:41:19+00:00","og_image":[{"width":900,"height":600,"url":"https:\/\/d2p6e6u75xmxt8.cloudfront.net\/2\/2017\/12\/profimedia-0253034126-1.webp","type":"image\/webp"}],"twitter_card":"summary_large_image","twitter_misc":{"Written by":"Monica Buck","Est. reading time":"2 minutes"},"schema":{"@context":"https:\/\/schema.org","@graph":[{"@type":"WebPage","@id":"https:\/\/www.welovecycling.com\/wide\/2017\/12\/18\/armstrong-invited-back-tour-flanders-cool-news-world-cycling\/","url":"https:\/\/www.welovecycling.com\/wide\/2017\/12\/18\/armstrong-invited-back-tour-flanders-cool-news-world-cycling\/","name":"Armstrong Invited Back to the Tour of Flanders and Other Important News from the World of Cycling - \u0160koda We Love Cycling","isPartOf":{"@id":"https:\/\/www.welovecycling.com\/wide\/#website"},"primaryImageOfPage":{"@id":"https:\/\/www.welovecycling.com\/wide\/2017\/12\/18\/armstrong-invited-back-tour-flanders-cool-news-world-cycling\/#primaryimage"},"image":{"@id":"https:\/\/www.welovecycling.com\/wide\/2017\/12\/18\/armstrong-invited-back-tour-flanders-cool-news-world-cycling\/#primaryimage"},"thumbnailUrl":"https:\/\/d2p6e6u75xmxt8.cloudfront.net\/2\/2017\/12\/profimedia-0253034126-1.webp","datePublished":"2017-12-18T12:39:50+00:00","dateModified":"2017-12-18T12:41:19+00:00","author":{"@id":""},"description":"Another Monday is here and our news from the world of cycling with it! So, what did you miss? The Texan back at the races The organizers of the Tour de","breadcrumb":{"@id":"https:\/\/www.welovecycling.com\/wide\/2017\/12\/18\/armstrong-invited-back-tour-flanders-cool-news-world-cycling\/#breadcrumb"},"inLanguage":"en-US","potentialAction":[{"@type":"ReadAction","target":["https:\/\/www.welovecycling.com\/wide\/2017\/12\/18\/armstrong-invited-back-tour-flanders-cool-news-world-cycling\/"]}]},{"@type":"ImageObject","inLanguage":"en-US","@id":"https:\/\/www.welovecycling.com\/wide\/2017\/12\/18\/armstrong-invited-back-tour-flanders-cool-news-world-cycling\/#primaryimage","url":"https:\/\/d2p6e6u75xmxt8.cloudfront.net\/2\/2017\/12\/profimedia-0253034126-1.webp","contentUrl":"https:\/\/d2p6e6u75xmxt8.cloudfront.net\/2\/2017\/12\/profimedia-0253034126-1.webp","width":900,"height":600},{"@type":"BreadcrumbList","@id":"https:\/\/www.welovecycling.com\/wide\/2017\/12\/18\/armstrong-invited-back-tour-flanders-cool-news-world-cycling\/#breadcrumb","itemListElement":[{"@type":"ListItem","position":1,"name":"Home","item":"https:\/\/www.welovecycling.com\/wide\/"},{"@type":"ListItem","position":2,"name":"Armstrong Invited Back to the Tour of Flanders and Other Important News from the World of Cycling"}]},{"@type":"WebSite","@id":"https:\/\/www.welovecycling.com\/wide\/#website","url":"https:\/\/www.welovecycling.com\/wide\/","name":"\u0160koda We Love Cycling","description":"\u0160koda We Love Cycling magazine","alternateName":"\u0160koda WLC","potentialAction":[{"@type":"SearchAction","target":{"@type":"EntryPoint","urlTemplate":"https:\/\/www.welovecycling.com\/wide\/?s={search_term_string}"},"query-input":{"@type":"PropertyValueSpecification","valueRequired":true,"valueName":"search_term_string"}}],"inLanguage":"en-US"},{"@type":"Person","@id":"","url":"https:\/\/www.welovecycling.com\/wide\/author\/"}]}},"_links":{"self":[{"href":"https:\/\/www.welovecycling.com\/wide\/wp-json\/wp\/v2\/posts\/162758","targetHints":{"allow":["GET"]}}],"collection":[{"href":"https:\/\/www.welovecycling.com\/wide\/wp-json\/wp\/v2\/posts"}],"about":[{"href":"https:\/\/www.welovecycling.com\/wide\/wp-json\/wp\/v2\/types\/post"}],"author":[{"embeddable":true,"href":"https:\/\/www.welovecycling.com\/wide\/wp-json\/wp\/v2\/users\/12"}],"replies":[{"embeddable":true,"href":"https:\/\/www.welovecycling.com\/wide\/wp-json\/wp\/v2\/comments?post=162758"}],"version-history":[{"count":2,"href":"https:\/\/www.welovecycling.com\/wide\/wp-json\/wp\/v2\/posts\/162758\/revisions"}],"predecessor-version":[{"id":162764,"href":"https:\/\/www.welovecycling.com\/wide\/wp-json\/wp\/v2\/posts\/162758\/revisions\/162764"}],"wp:featuredmedia":[{"embeddable":true,"href":"https:\/\/www.welovecycling.com\/wide\/wp-json\/wp\/v2\/media\/162760"}],"wp:attachment":[{"href":"https:\/\/www.welovecycling.com\/wide\/wp-json\/wp\/v2\/media?parent=162758"}],"wp:term":[{"taxonomy":"category","embeddable":true,"href":"https:\/\/www.welovecycling.com\/wide\/wp-json\/wp\/v2\/categories?post=162758"},{"taxonomy":"post_tag","embeddable":true,"href":"https:\/\/www.welovecycling.com\/wide\/wp-json\/wp\/v2\/tags?post=162758"},{"taxonomy":"global-categories","embeddable":true,"href":"https:\/\/www.welovecycling.com\/wide\/wp-json\/wp\/v2\/global-categories?post=162758"}],"curies":[{"name":"wp","href":"https:\/\/api.w.org\/{rel}","templated":true}]}}