{"id":162444,"date":"2017-11-30T12:45:53","date_gmt":"2017-11-30T12:45:53","guid":{"rendered":"https:\/\/www.welovecycling.com\/wide\/?p=162444"},"modified":"2017-11-30T12:45:53","modified_gmt":"2017-11-30T12:45:53","slug":"travelling-world-hera-van-willick-movie-banff-mountain-film-festival","status":"publish","type":"post","link":"https:\/\/www.welovecycling.com\/wide\/2017\/11\/30\/travelling-world-hera-van-willick-movie-banff-mountain-film-festival\/","title":{"rendered":"Travelling the World with Hera van Willick: My Own Movie and the Banff Mountain Film Festival"},"content":{"rendered":"<p><strong>After three \u2018turbulent\u2019 flights I arrived in Calgary in (two) pieces. Stan, who follows my blog, picked me up from the airport. This Polish man opened his home to me and before I put down my head we had a (typical Polish) lovely light meal of bread and butter, different cheeses, meat and pickles. The next morning I left for Banff.<\/strong><!--more--><\/p>\n<p>As we drove through the prairies surrounding Calgary I saw the mastodons of the Rocky Mountains rising in the distance. My heart opened. How wonderful to be back here! That vastness, so pristine. And at the same time the bitter realization that I wouldn\u2019t ride my bike here stabbed that open heart. We drove past a big poster announcing the Banff Mountain Film Festival (BMFF).<\/p>\n<p><a href=\"https:\/\/d2p6e6u75xmxt8.cloudfront.net\/2\/2017\/11\/20171026_181623.jpg\"><img loading=\"lazy\" decoding=\"async\" class=\"alignnone size-full wp-image-162450\" src=\"https:\/\/d2p6e6u75xmxt8.cloudfront.net\/2\/2017\/11\/20171026_181623.jpg\" alt=\"\" width=\"1200\" height=\"900\" \/><\/a><\/p>\n<p>After I dropped my stuff at my hosts\u2019 house I walked the so familiar route uphill towards the Banff Centre, the epic centre for the nine days of the festival. It\u2019s \u2018the day before\u2019 and an atmosphere of excitement and anticipation fills the air inside the halls and rooms of the Banff Centre. The posters are up, I see myself serenading my bicycle on a picture in the programme and I meet several friends from last year, to whom I hasty (and sometimes in vain) point out my broken collarbone before we hug.<\/p>\n<p>https:\/\/www.instagram.com\/p\/BbK82C-Aczd\/?hl=cs&#038;taken-by=heravanwillick<\/p>\n<p>My excitement to be at the festival with my own film this year is shared by my old volunteer colleagues and some of the staff. I lived up to the somewhat prestigious and challenging statement I made when I left after last years event.<\/p>\n<p>On Saturday at noon I\u2019m in the main theatre to watch the very first screenings of the festival. I almost jump up from my chair when I see a quick shot from our film in the beautiful BMFF trailer. The documentary Planet Earth II surprises me. Documentaries about animals aren\u2019t usually my thing, but this one makes the whole audience laugh, \u2018wow\u2019 in wonder and \u2018ooh\u2019 and \u2018ah\u2019 of endearment.<\/p>\n<p><a href=\"https:\/\/d2p6e6u75xmxt8.cloudfront.net\/2\/2017\/11\/23319338_10159724673485434_2916886612778056319_n.jpg\"><img loading=\"lazy\" decoding=\"async\" class=\"alignnone size-full wp-image-162455\" src=\"https:\/\/d2p6e6u75xmxt8.cloudfront.net\/2\/2017\/11\/23319338_10159724673485434_2916886612778056319_n.jpg\" alt=\"\" width=\"960\" height=\"638\" \/><\/a><\/p>\n<p>The next day is \u2018my big day\u2018. Our film will screen at 3:30 a.m. Sadly filmmaker Scott Hardesty can\u2019t be there. Having a film in the BMFF is a great achievement for an adventure filmmaker. And we did it with his first independent short film. While waiting backstage I hear the exciting music of the BMFF trailer, the adrenaline rises.<\/p>\n<p>I\u2019m given 3 minutes to introduce our film. Before I walk on to the stage I think \u2018I\u2019m gonna enjoy this. Who knows if I ever get to do this again.\u2019 I tell about how we got to make this film and why and I thank the BMFF for selecting PEDAL. Then I quickly walk of the little stairs and slide in one of the red plush chairs as the opening imagine appears on the screen. It looks good, also on this big screen, and I feel quite proud when after the credits the audience applauds.<\/p>\n<p>https:\/\/www.instagram.com\/p\/BaQo5UJgocK\/?hl=cs&#038;taken-by=heravanwillick<\/p>\n<p>The next seven days are a concatenation of catching up with old friends, meeting new people, moving and thrilling documentaries, somewhat awkward \u2018network events\u2019, sliding around snowy Banff, walking up the hills, lots of compliments and a epic wrap party.<\/p>\n<p>As a cherry on the cake, the last day I got the news that our film was selected to be in the World Tour. During the year after the festival there are 1100 BMFF events in 40 different countries, where a selection of that years festival are screened. The hosts of those events still have choice of about 30 movies, so it\u2019s not a guarantee that PEDAL will be screened all those 1100 times. But I\u2019m sure that lots of people will get to see it on the big screen.<\/p>\n<p><a href=\"https:\/\/d2p6e6u75xmxt8.cloudfront.net\/2\/2017\/11\/WhatsApp-Image-2017-11-05-at-18.51.54.jpg\"><img loading=\"lazy\" decoding=\"async\" class=\"alignnone size-full wp-image-162451\" src=\"https:\/\/d2p6e6u75xmxt8.cloudfront.net\/2\/2017\/11\/WhatsApp-Image-2017-11-05-at-18.51.54.jpg\" alt=\"\" width=\"1600\" height=\"1199\" \/><\/a><\/p>\n<p>For all those who are curious to see the film; it\u2019s not publicly online yet. Though you can watch it via www.watchslipstream.com.<\/p>\n<p>After the festival I stayed in Canmore (20km from Banff) for another week, surrounded by Rocky Mountains. My collar bone seems to heal well. I don\u2019t have to wear the sling anymore and I\u2019ve started some exercises to regain strength and flexibility. My bike is doing well and waiting restless for me at the Santos headquarters to take him for a ride.<\/p>\n<p><a href=\"https:\/\/d2p6e6u75xmxt8.cloudfront.net\/2\/2017\/11\/WhatsApp-Image-2017-11-04-at-17.47.39.jpg\"><img loading=\"lazy\" decoding=\"async\" class=\"alignnone size-full wp-image-162452\" src=\"https:\/\/d2p6e6u75xmxt8.cloudfront.net\/2\/2017\/11\/WhatsApp-Image-2017-11-04-at-17.47.39.jpg\" alt=\"\" width=\"1600\" height=\"700\" \/><\/a><\/p>\n<p>Of course I\u2019ve started exploring possibilities and routes for my next trip already a week after my crash. Nothing decided yet though\u2026 maybe I can tell you about it in my next blog.<\/p>\n","protected":false},"excerpt":{"rendered":"<p>After three \u2018turbulent\u2019 flights I arrived in Calgary in (two) pieces. Stan, who follows my blog, picked me up from [&hellip;]<\/p>\n","protected":false},"author":12,"featured_media":162445,"comment_status":"open","ping_status":"open","sticky":false,"template":"","format":"standard","meta":{"footnotes":""},"categories":[328,334],"tags":[460],"global-categories":[],"class_list":["post-162444","post","type-post","status-publish","format-standard","has-post-thumbnail","hentry","category-outdoor-mountain","category-socialising-and-culture","tag-hera-van-willick"],"yoast_head":"<!-- This site is optimized with the Yoast SEO Premium plugin v25.3 (Yoast SEO v25.9) - https:\/\/yoast.com\/wordpress\/plugins\/seo\/ -->\n<title>Travelling the World with Hera van Willick: My Own Movie and the Banff Mountain Film Festival - \u0160koda We Love Cycling<\/title>\n<meta name=\"description\" content=\"After three \u2018turbulent\u2019 flights I arrived in Calgary in (two) pieces. Stan, who follows my blog, picked me up from the airport. This Polish man opened his\" \/>\n<meta name=\"robots\" content=\"index, follow, max-snippet:-1, max-image-preview:large, max-video-preview:-1\" \/>\n<link rel=\"canonical\" href=\"https:\/\/www.welovecycling.com\/wide\/2017\/11\/30\/travelling-world-hera-van-willick-movie-banff-mountain-film-festival\/\" \/>\n<meta property=\"og:locale\" content=\"en_US\" \/>\n<meta property=\"og:type\" content=\"article\" \/>\n<meta property=\"og:title\" content=\"Travelling the World with Hera van Willick: My Own Movie and the Banff Mountain Film Festival\" \/>\n<meta property=\"og:description\" content=\"After three \u2018turbulent\u2019 flights I arrived in Calgary in (two) pieces. Stan, who follows my blog, picked me up from the airport. This Polish man opened his\" \/>\n<meta property=\"og:url\" content=\"https:\/\/www.welovecycling.com\/wide\/2017\/11\/30\/travelling-world-hera-van-willick-movie-banff-mountain-film-festival\/\" \/>\n<meta property=\"og:site_name\" content=\"\u0160koda We Love Cycling\" \/>\n<meta property=\"article:published_time\" content=\"2017-11-30T12:45:53+00:00\" \/>\n<meta property=\"og:image\" content=\"https:\/\/d2p6e6u75xmxt8.cloudfront.net\/2\/2017\/11\/CoverHera.webp\" \/>\n\t<meta property=\"og:image:width\" content=\"900\" \/>\n\t<meta property=\"og:image:height\" content=\"600\" \/>\n\t<meta property=\"og:image:type\" content=\"image\/webp\" \/>\n<meta name=\"twitter:card\" content=\"summary_large_image\" \/>\n<meta name=\"twitter:label1\" content=\"Written by\" \/>\n\t<meta name=\"twitter:data1\" content=\"Hera van Willick\" \/>\n\t<meta name=\"twitter:label2\" content=\"Est. reading time\" \/>\n\t<meta name=\"twitter:data2\" content=\"4 minutes\" \/>\n<script type=\"application\/ld+json\" class=\"yoast-schema-graph\">{\"@context\":\"https:\/\/schema.org\",\"@graph\":[{\"@type\":\"WebPage\",\"@id\":\"https:\/\/www.welovecycling.com\/wide\/2017\/11\/30\/travelling-world-hera-van-willick-movie-banff-mountain-film-festival\/\",\"url\":\"https:\/\/www.welovecycling.com\/wide\/2017\/11\/30\/travelling-world-hera-van-willick-movie-banff-mountain-film-festival\/\",\"name\":\"Travelling the World with Hera van Willick: My Own Movie and the Banff Mountain Film Festival - \u0160koda We Love Cycling\",\"isPartOf\":{\"@id\":\"https:\/\/www.welovecycling.com\/wide\/#website\"},\"primaryImageOfPage\":{\"@id\":\"https:\/\/www.welovecycling.com\/wide\/2017\/11\/30\/travelling-world-hera-van-willick-movie-banff-mountain-film-festival\/#primaryimage\"},\"image\":{\"@id\":\"https:\/\/www.welovecycling.com\/wide\/2017\/11\/30\/travelling-world-hera-van-willick-movie-banff-mountain-film-festival\/#primaryimage\"},\"thumbnailUrl\":\"https:\/\/d2p6e6u75xmxt8.cloudfront.net\/2\/2017\/11\/CoverHera.webp\",\"datePublished\":\"2017-11-30T12:45:53+00:00\",\"author\":{\"@id\":\"\"},\"description\":\"After three \u2018turbulent\u2019 flights I arrived in Calgary in (two) pieces. Stan, who follows my blog, picked me up from the airport. This Polish man opened his\",\"breadcrumb\":{\"@id\":\"https:\/\/www.welovecycling.com\/wide\/2017\/11\/30\/travelling-world-hera-van-willick-movie-banff-mountain-film-festival\/#breadcrumb\"},\"inLanguage\":\"en-US\",\"potentialAction\":[{\"@type\":\"ReadAction\",\"target\":[\"https:\/\/www.welovecycling.com\/wide\/2017\/11\/30\/travelling-world-hera-van-willick-movie-banff-mountain-film-festival\/\"]}]},{\"@type\":\"ImageObject\",\"inLanguage\":\"en-US\",\"@id\":\"https:\/\/www.welovecycling.com\/wide\/2017\/11\/30\/travelling-world-hera-van-willick-movie-banff-mountain-film-festival\/#primaryimage\",\"url\":\"https:\/\/d2p6e6u75xmxt8.cloudfront.net\/2\/2017\/11\/CoverHera.webp\",\"contentUrl\":\"https:\/\/d2p6e6u75xmxt8.cloudfront.net\/2\/2017\/11\/CoverHera.webp\",\"width\":900,\"height\":600},{\"@type\":\"BreadcrumbList\",\"@id\":\"https:\/\/www.welovecycling.com\/wide\/2017\/11\/30\/travelling-world-hera-van-willick-movie-banff-mountain-film-festival\/#breadcrumb\",\"itemListElement\":[{\"@type\":\"ListItem\",\"position\":1,\"name\":\"Home\",\"item\":\"https:\/\/www.welovecycling.com\/wide\/\"},{\"@type\":\"ListItem\",\"position\":2,\"name\":\"Travelling the World with Hera van Willick: My Own Movie and the Banff Mountain Film Festival\"}]},{\"@type\":\"WebSite\",\"@id\":\"https:\/\/www.welovecycling.com\/wide\/#website\",\"url\":\"https:\/\/www.welovecycling.com\/wide\/\",\"name\":\"\u0160koda We Love Cycling\",\"description\":\"\u0160koda We Love Cycling magazine\",\"alternateName\":\"\u0160koda WLC\",\"potentialAction\":[{\"@type\":\"SearchAction\",\"target\":{\"@type\":\"EntryPoint\",\"urlTemplate\":\"https:\/\/www.welovecycling.com\/wide\/?s={search_term_string}\"},\"query-input\":{\"@type\":\"PropertyValueSpecification\",\"valueRequired\":true,\"valueName\":\"search_term_string\"}}],\"inLanguage\":\"en-US\"},{\"@type\":\"Person\",\"@id\":\"\",\"url\":\"https:\/\/www.welovecycling.com\/wide\/author\/\"}]}<\/script>\n<!-- \/ Yoast SEO Premium plugin. -->","yoast_head_json":{"title":"Travelling the World with Hera van Willick: My Own Movie and the Banff Mountain Film Festival - \u0160koda We Love Cycling","description":"After three \u2018turbulent\u2019 flights I arrived in Calgary in (two) pieces. Stan, who follows my blog, picked me up from the airport. This Polish man opened his","robots":{"index":"index","follow":"follow","max-snippet":"max-snippet:-1","max-image-preview":"max-image-preview:large","max-video-preview":"max-video-preview:-1"},"canonical":"https:\/\/www.welovecycling.com\/wide\/2017\/11\/30\/travelling-world-hera-van-willick-movie-banff-mountain-film-festival\/","og_locale":"en_US","og_type":"article","og_title":"Travelling the World with Hera van Willick: My Own Movie and the Banff Mountain Film Festival","og_description":"After three \u2018turbulent\u2019 flights I arrived in Calgary in (two) pieces. Stan, who follows my blog, picked me up from the airport. This Polish man opened his","og_url":"https:\/\/www.welovecycling.com\/wide\/2017\/11\/30\/travelling-world-hera-van-willick-movie-banff-mountain-film-festival\/","og_site_name":"\u0160koda We Love Cycling","article_published_time":"2017-11-30T12:45:53+00:00","og_image":[{"width":900,"height":600,"url":"https:\/\/d2p6e6u75xmxt8.cloudfront.net\/2\/2017\/11\/CoverHera.webp","type":"image\/webp"}],"twitter_card":"summary_large_image","twitter_misc":{"Written by":"Hera van Willick","Est. reading time":"4 minutes"},"schema":{"@context":"https:\/\/schema.org","@graph":[{"@type":"WebPage","@id":"https:\/\/www.welovecycling.com\/wide\/2017\/11\/30\/travelling-world-hera-van-willick-movie-banff-mountain-film-festival\/","url":"https:\/\/www.welovecycling.com\/wide\/2017\/11\/30\/travelling-world-hera-van-willick-movie-banff-mountain-film-festival\/","name":"Travelling the World with Hera van Willick: My Own Movie and the Banff Mountain Film Festival - \u0160koda We Love Cycling","isPartOf":{"@id":"https:\/\/www.welovecycling.com\/wide\/#website"},"primaryImageOfPage":{"@id":"https:\/\/www.welovecycling.com\/wide\/2017\/11\/30\/travelling-world-hera-van-willick-movie-banff-mountain-film-festival\/#primaryimage"},"image":{"@id":"https:\/\/www.welovecycling.com\/wide\/2017\/11\/30\/travelling-world-hera-van-willick-movie-banff-mountain-film-festival\/#primaryimage"},"thumbnailUrl":"https:\/\/d2p6e6u75xmxt8.cloudfront.net\/2\/2017\/11\/CoverHera.webp","datePublished":"2017-11-30T12:45:53+00:00","author":{"@id":""},"description":"After three \u2018turbulent\u2019 flights I arrived in Calgary in (two) pieces. Stan, who follows my blog, picked me up from the airport. This Polish man opened his","breadcrumb":{"@id":"https:\/\/www.welovecycling.com\/wide\/2017\/11\/30\/travelling-world-hera-van-willick-movie-banff-mountain-film-festival\/#breadcrumb"},"inLanguage":"en-US","potentialAction":[{"@type":"ReadAction","target":["https:\/\/www.welovecycling.com\/wide\/2017\/11\/30\/travelling-world-hera-van-willick-movie-banff-mountain-film-festival\/"]}]},{"@type":"ImageObject","inLanguage":"en-US","@id":"https:\/\/www.welovecycling.com\/wide\/2017\/11\/30\/travelling-world-hera-van-willick-movie-banff-mountain-film-festival\/#primaryimage","url":"https:\/\/d2p6e6u75xmxt8.cloudfront.net\/2\/2017\/11\/CoverHera.webp","contentUrl":"https:\/\/d2p6e6u75xmxt8.cloudfront.net\/2\/2017\/11\/CoverHera.webp","width":900,"height":600},{"@type":"BreadcrumbList","@id":"https:\/\/www.welovecycling.com\/wide\/2017\/11\/30\/travelling-world-hera-van-willick-movie-banff-mountain-film-festival\/#breadcrumb","itemListElement":[{"@type":"ListItem","position":1,"name":"Home","item":"https:\/\/www.welovecycling.com\/wide\/"},{"@type":"ListItem","position":2,"name":"Travelling the World with Hera van Willick: My Own Movie and the Banff Mountain Film Festival"}]},{"@type":"WebSite","@id":"https:\/\/www.welovecycling.com\/wide\/#website","url":"https:\/\/www.welovecycling.com\/wide\/","name":"\u0160koda We Love Cycling","description":"\u0160koda We Love Cycling magazine","alternateName":"\u0160koda WLC","potentialAction":[{"@type":"SearchAction","target":{"@type":"EntryPoint","urlTemplate":"https:\/\/www.welovecycling.com\/wide\/?s={search_term_string}"},"query-input":{"@type":"PropertyValueSpecification","valueRequired":true,"valueName":"search_term_string"}}],"inLanguage":"en-US"},{"@type":"Person","@id":"","url":"https:\/\/www.welovecycling.com\/wide\/author\/"}]}},"_links":{"self":[{"href":"https:\/\/www.welovecycling.com\/wide\/wp-json\/wp\/v2\/posts\/162444","targetHints":{"allow":["GET"]}}],"collection":[{"href":"https:\/\/www.welovecycling.com\/wide\/wp-json\/wp\/v2\/posts"}],"about":[{"href":"https:\/\/www.welovecycling.com\/wide\/wp-json\/wp\/v2\/types\/post"}],"author":[{"embeddable":true,"href":"https:\/\/www.welovecycling.com\/wide\/wp-json\/wp\/v2\/users\/12"}],"replies":[{"embeddable":true,"href":"https:\/\/www.welovecycling.com\/wide\/wp-json\/wp\/v2\/comments?post=162444"}],"version-history":[{"count":2,"href":"https:\/\/www.welovecycling.com\/wide\/wp-json\/wp\/v2\/posts\/162444\/revisions"}],"predecessor-version":[{"id":162457,"href":"https:\/\/www.welovecycling.com\/wide\/wp-json\/wp\/v2\/posts\/162444\/revisions\/162457"}],"wp:featuredmedia":[{"embeddable":true,"href":"https:\/\/www.welovecycling.com\/wide\/wp-json\/wp\/v2\/media\/162445"}],"wp:attachment":[{"href":"https:\/\/www.welovecycling.com\/wide\/wp-json\/wp\/v2\/media?parent=162444"}],"wp:term":[{"taxonomy":"category","embeddable":true,"href":"https:\/\/www.welovecycling.com\/wide\/wp-json\/wp\/v2\/categories?post=162444"},{"taxonomy":"post_tag","embeddable":true,"href":"https:\/\/www.welovecycling.com\/wide\/wp-json\/wp\/v2\/tags?post=162444"},{"taxonomy":"global-categories","embeddable":true,"href":"https:\/\/www.welovecycling.com\/wide\/wp-json\/wp\/v2\/global-categories?post=162444"}],"curies":[{"name":"wp","href":"https:\/\/api.w.org\/{rel}","templated":true}]}}