{"id":162118,"date":"2017-11-22T12:45:55","date_gmt":"2017-11-22T12:45:55","guid":{"rendered":"https:\/\/www.welovecycling.com\/wide\/?p=162118"},"modified":"2017-11-22T12:49:31","modified_gmt":"2017-11-22T12:49:31","slug":"top-tips-beat-headwind","status":"publish","type":"post","link":"https:\/\/www.welovecycling.com\/wide\/2017\/11\/22\/top-tips-beat-headwind\/","title":{"rendered":"Top Tips to Beat a Headwind"},"content":{"rendered":"<p><strong>&#8220;You never have the wind with you \u2013 either it is against you or you&#8217;re having a good day.&#8221; All cyclists intuitively understand Daniel Behrman&#8217;s dark humour \u2013 you only notice the wind when it&#8217;s being unhelpful. Follow these tips to blow away a headwind.<\/strong><!--more--><\/p>\n<h2><strong>Mental attitude<\/strong><\/h2>\n<p>Probably the most important adjustment you can make is your philosophical approach to headwinds, just think of them the same way you think of climbing hills \u2013 they&#8217;re to be embraced, cherished, and conquered.<\/p>\n<lite-youtube videoid=c75b_98q-0c params=\"enablejsapi=1\" style=\"background-image: url('https:\/\/i.ytimg.com\/vi_webp\/c75b_98q-0c\/maxresdefault.webp');\"><\/lite-youtube>\n<p>Just look at the maniacs above for their inspirational attitude \u2013 now get out into that headwind!<\/p>\n<h2><strong>Spin in a lower gear than normal<\/strong><\/h2>\n<p>Wind is inconsistent, so attenuate your power output quickly and with ease by opting for a lower gear. Pedalling faster produces more power \u2013 which the drive chain converts into greater output torque. More torque allows you to respond faster when the wind suddenly picks up speed.<\/p>\n<div class=\"shortcode-ys-post-pinup\"><article class=\"loop-simple post-133778 post type-post status-publish format-standard has-post-thumbnail hentry category-outdoor-mountain category-socialising-and-culture\" data-postid=\"133778\" role=\"article\" data-post-id=\"133778\" data-word-count=\"403\" data-headline-length=\"25\" data-category=\"Outdoor\/Mountain\" data-author=\"Christopher Ashley\" data-published=\"2016-02-23T17:07:14+00:00\" data-published-day=\"Tuesday\">\n    <div class=\"entry-thumbnail article-thumbnail\" content=\"https:\/\/d2p6e6u75xmxt8.cloudfront.net\/2\/2016\/02\/profi13244224-150x150.webp\"><a href=\"https:\/\/www.welovecycling.com\/wide\/2016\/02\/23\/how-many-gears-do-i-need\/\" class=\"image-holder\" target=\"_self\"><img decoding=\"async\" loading=\"lazy\" class=\"\" src=\"https:\/\/d2p6e6u75xmxt8.cloudfront.net\/2\/2016\/02\/profi13244224.webp\" srcset=\"https:\/\/d2p6e6u75xmxt8.cloudfront.net\/2\/2016\/02\/profi13244224.webp 525w, https:\/\/d2p6e6u75xmxt8.cloudfront.net\/2\/2016\/02\/profi13244224-300x200.webp 300w, https:\/\/d2p6e6u75xmxt8.cloudfront.net\/2\/2016\/02\/profi13244224-272x182.webp 272w\" width=\"525\" height=\"350\" sizes=\"auto, (min-width: 1200px) 300px, (min-width: 768px) 25vw, 100vw\" alt=\"how-many-gears-do-i-need\"\/><\/a><\/div>    <div class=\"entry-meta\">\n        <a class=\"label label-secondary post-category\" href=\"https:\/\/www.welovecycling.com\/wide\/category\/outdoor-mountain\/\" title=\"Outdoor\/Mountain\">Outdoor\/Mountain<\/a>\n    <\/div>\n    <div class=\"entry-details\">\n        <a href=\"https:\/\/www.welovecycling.com\/wide\/2016\/02\/23\/how-many-gears-do-i-need\/\" class='entry-title-wrapper'>\n            <h3 class=\"entry-title\"><span>How Many Gears Do I Need?<\/span><\/h3>\n        <\/a>\n    <\/div>\n    <\/article>\n<\/div>\n<h2><strong>Keep pedalling on descents<\/strong><\/h2>\n<p>On a windless day, you can allow yourself some recovery time by coasting on descents, but in a strong headwind with no power output your bike can literally be blown off course. You won&#8217;t need much power to keep to your line, but you will need a little if the wind is blustery.<\/p>\n<p>https:\/\/www.youtube.com\/watch?v=-5j2AKgw6rg<\/p>\n<h2><strong>Tight clothing<\/strong><\/h2>\n<p>Look at what pro cyclists wear \u2013 tight clothing, and low-profile helmets. Aerodynamic performance becomes exaggerated in a strong headwind, and simply zipping up your jacket to stop it flapping will prevent you from wasting a surprising amount of energy.<\/p>\n<div class=\"shortcode-ys-post-pinup\"><article class=\"loop-simple post-146237 post type-post status-publish format-standard has-post-thumbnail hentry category-road-cycling tag-hate-rapha tag-rapha\" data-postid=\"146237\" role=\"article\" data-post-id=\"146237\" data-word-count=\"513\" data-headline-length=\"53\" data-category=\"Road cycling\" data-author=\"Adam Marsal\" data-published=\"2017-01-26T09:58:08+00:00\" data-published-day=\"Thursday\">\n    <div class=\"entry-thumbnail article-thumbnail\" content=\"https:\/\/d2p6e6u75xmxt8.cloudfront.net\/2\/2017\/01\/42244_241313-150x150.webp\"><a href=\"https:\/\/www.welovecycling.com\/wide\/2017\/01\/26\/people-love-hate-cyclists-rapha-apparel\/\" class=\"image-holder\" target=\"_self\"><img decoding=\"async\" loading=\"lazy\" class=\"\" src=\"https:\/\/d2p6e6u75xmxt8.cloudfront.net\/2\/2017\/01\/42244_241313.webp\" srcset=\"https:\/\/d2p6e6u75xmxt8.cloudfront.net\/2\/2017\/01\/42244_241313.webp 900w, https:\/\/d2p6e6u75xmxt8.cloudfront.net\/2\/2017\/01\/42244_241313-300x200.webp 300w, https:\/\/d2p6e6u75xmxt8.cloudfront.net\/2\/2017\/01\/42244_241313-768x512.webp 768w, https:\/\/d2p6e6u75xmxt8.cloudfront.net\/2\/2017\/01\/42244_241313-272x182.webp 272w\" width=\"900\" height=\"600\" sizes=\"auto, (min-width: 1200px) 300px, (min-width: 768px) 25vw, 100vw\" alt=\"people-love-hate-cyclists-rapha-apparel\"\/><\/a><\/div>    <div class=\"entry-meta\">\n        <a class=\"label label-secondary post-category\" href=\"https:\/\/www.welovecycling.com\/wide\/category\/road-cycling\/\" title=\"Road cycling\">Road cycling<\/a>\n    <\/div>\n    <div class=\"entry-details\">\n        <a href=\"https:\/\/www.welovecycling.com\/wide\/2017\/01\/26\/people-love-hate-cyclists-rapha-apparel\/\" class='entry-title-wrapper'>\n            <h3 class=\"entry-title\"><span>Why Do People Love to Hate Cyclists in Rapha Apparel?<\/span><\/h3>\n        <\/a>\n    <\/div>\n    <\/article>\n<\/div>\n<h2><strong>Avoid the drops<\/strong><\/h2>\n<p>The other aerodynamic gain is your posture on the bike, and recent studies suggest that riding on the hoods with your forearms horizontal can reduce power requirements by a staggering 13%.<\/p>\n<p>https:\/\/www.instagram.com\/p\/BWvCKsmghyw\/<\/p>\n<p>Not only is this more aerodynamic, but as your respiratory system is less compressed, over longer distances more of your energy will be converted into power to battle the headwind.<\/p>\n<h2><strong>Attack in the middle of your training rides<\/strong><\/h2>\n<p>Don&#8217;t leave the hardest part of your ride till the end. If possible, try to finish your ride with the wind behind you to cool down. Professional stage races often finish in adverse conditions for your viewing pleasure, but the cyclists still have to hop on a turbo to gradually warm down.<\/p>\n<div class=\"shortcode-ys-post-pinup\"><article class=\"loop-simple post-161292 post type-post status-publish format-standard has-post-thumbnail hentry category-outdoor-mountain tag-masiv tag-richard-gasperotti\" data-postid=\"161292\" role=\"article\" data-post-id=\"161292\" data-word-count=\"491\" data-headline-length=\"59\" data-category=\"Outdoor\/Mountain\" data-author=\"Adam Marsal\" data-published=\"2017-09-22T15:17:05+00:00\" data-published-day=\"Friday\">\n    <div class=\"entry-thumbnail article-thumbnail\" content=\"https:\/\/d2p6e6u75xmxt8.cloudfront.net\/2\/2017\/09\/masivcover-150x150.webp\"><a href=\"https:\/\/www.welovecycling.com\/wide\/2017\/09\/22\/love-cycling-members-tackling-new-czech-mtb-stage-race\/\" class=\"image-holder\" target=\"_self\"><img decoding=\"async\" loading=\"lazy\" class=\"\" src=\"https:\/\/d2p6e6u75xmxt8.cloudfront.net\/2\/2017\/09\/masivcover.webp\" srcset=\"https:\/\/d2p6e6u75xmxt8.cloudfront.net\/2\/2017\/09\/masivcover.webp 900w, https:\/\/d2p6e6u75xmxt8.cloudfront.net\/2\/2017\/09\/masivcover-300x200.webp 300w, https:\/\/d2p6e6u75xmxt8.cloudfront.net\/2\/2017\/09\/masivcover-768x512.webp 768w, https:\/\/d2p6e6u75xmxt8.cloudfront.net\/2\/2017\/09\/masivcover-272x182.webp 272w\" width=\"900\" height=\"600\" sizes=\"auto, (min-width: 1200px) 300px, (min-width: 768px) 25vw, 100vw\" alt=\"love-cycling-members-tackling-new-czech-mtb-stage-race\"\/><\/a><\/div>    <div class=\"entry-meta\">\n        <a class=\"label label-secondary post-category\" href=\"https:\/\/www.welovecycling.com\/wide\/category\/outdoor-mountain\/\" title=\"Outdoor\/Mountain\">Outdoor\/Mountain<\/a>\n    <\/div>\n    <div class=\"entry-details\">\n        <a href=\"https:\/\/www.welovecycling.com\/wide\/2017\/09\/22\/love-cycling-members-tackling-new-czech-mtb-stage-race\/\" class='entry-title-wrapper'>\n            <h3 class=\"entry-title\"><span>We Love Cycling Members Tackling a New Czech MTB Stage Race<\/span><\/h3>\n        <\/a>\n    <\/div>\n    <\/article>\n<\/div>\n<p>The same applies for the start of your rides. Either, cycle into the headwind and accept that you&#8217;re going to move at a snail&#8217;s pace, or start with the wind behind you. Once you&#8217;ve warmed up, steer your route into the headwind and drop a sledgehammer on it.<\/p>\n","protected":false},"excerpt":{"rendered":"<p>&#8220;You never have the wind with you \u2013 either it is against you or you&#8217;re having a good day.&#8221; All [&hellip;]<\/p>\n","protected":false},"author":12,"featured_media":162123,"comment_status":"open","ping_status":"open","sticky":false,"template":"","format":"standard","meta":{"footnotes":""},"categories":[329,335],"tags":[1516,508],"global-categories":[],"class_list":["post-162118","post","type-post","status-publish","format-standard","has-post-thumbnail","hentry","category-road-cycling","category-safety","tag-headwind","tag-how-to"],"yoast_head":"<!-- This site is optimized with the Yoast SEO Premium plugin v25.3 (Yoast SEO v25.9) - https:\/\/yoast.com\/wordpress\/plugins\/seo\/ -->\n<title>Top Tips to Beat a Headwind - \u0160koda We Love Cycling<\/title>\n<meta name=\"description\" content=\"&quot;You never have the wind with you \u2013 either it is against you or you&#039;re having a good day.&quot; All cyclists intuitively understand Daniel Behrman&#039;s dark\" \/>\n<meta name=\"robots\" content=\"index, follow, max-snippet:-1, max-image-preview:large, max-video-preview:-1\" \/>\n<link rel=\"canonical\" href=\"https:\/\/www.welovecycling.com\/wide\/2017\/11\/22\/top-tips-beat-headwind\/\" \/>\n<meta property=\"og:locale\" content=\"en_US\" \/>\n<meta property=\"og:type\" content=\"article\" \/>\n<meta property=\"og:title\" content=\"Top Tips to Beat a Headwind\" \/>\n<meta property=\"og:description\" content=\"&quot;You never have the wind with you \u2013 either it is against you or you&#039;re having a good day.&quot; All cyclists intuitively understand Daniel Behrman&#039;s dark\" \/>\n<meta property=\"og:url\" content=\"https:\/\/www.welovecycling.com\/wide\/2017\/11\/22\/top-tips-beat-headwind\/\" \/>\n<meta property=\"og:site_name\" content=\"\u0160koda We Love Cycling\" \/>\n<meta property=\"article:published_time\" content=\"2017-11-22T12:45:55+00:00\" \/>\n<meta property=\"article:modified_time\" content=\"2017-11-22T12:49:31+00:00\" \/>\n<meta name=\"twitter:card\" content=\"summary_large_image\" \/>\n<meta name=\"twitter:image\" content=\"https:\/\/d2p6e6u75xmxt8.cloudfront.net\/2\/2017\/11\/coverhead.webp\" \/>\n<meta name=\"twitter:label1\" content=\"Written by\" \/>\n\t<meta name=\"twitter:data1\" content=\"Adam Marsal\" \/>\n\t<meta name=\"twitter:label2\" content=\"Est. reading time\" \/>\n\t<meta name=\"twitter:data2\" content=\"2 minutes\" \/>\n<script type=\"application\/ld+json\" class=\"yoast-schema-graph\">{\"@context\":\"https:\/\/schema.org\",\"@graph\":[{\"@type\":\"WebPage\",\"@id\":\"https:\/\/www.welovecycling.com\/wide\/2017\/11\/22\/top-tips-beat-headwind\/\",\"url\":\"https:\/\/www.welovecycling.com\/wide\/2017\/11\/22\/top-tips-beat-headwind\/\",\"name\":\"Top Tips to Beat a Headwind - \u0160koda We Love Cycling\",\"isPartOf\":{\"@id\":\"https:\/\/www.welovecycling.com\/wide\/#website\"},\"primaryImageOfPage\":{\"@id\":\"https:\/\/www.welovecycling.com\/wide\/2017\/11\/22\/top-tips-beat-headwind\/#primaryimage\"},\"image\":{\"@id\":\"https:\/\/www.welovecycling.com\/wide\/2017\/11\/22\/top-tips-beat-headwind\/#primaryimage\"},\"thumbnailUrl\":\"https:\/\/d2p6e6u75xmxt8.cloudfront.net\/2\/2017\/11\/coverhead.webp\",\"datePublished\":\"2017-11-22T12:45:55+00:00\",\"dateModified\":\"2017-11-22T12:49:31+00:00\",\"author\":{\"@id\":\"\"},\"description\":\"\\\"You never have the wind with you \u2013 either it is against you or you're having a good day.\\\" All cyclists intuitively understand Daniel Behrman's dark\",\"breadcrumb\":{\"@id\":\"https:\/\/www.welovecycling.com\/wide\/2017\/11\/22\/top-tips-beat-headwind\/#breadcrumb\"},\"inLanguage\":\"en-US\",\"potentialAction\":[{\"@type\":\"ReadAction\",\"target\":[\"https:\/\/www.welovecycling.com\/wide\/2017\/11\/22\/top-tips-beat-headwind\/\"]}]},{\"@type\":\"ImageObject\",\"inLanguage\":\"en-US\",\"@id\":\"https:\/\/www.welovecycling.com\/wide\/2017\/11\/22\/top-tips-beat-headwind\/#primaryimage\",\"url\":\"https:\/\/d2p6e6u75xmxt8.cloudfront.net\/2\/2017\/11\/coverhead.webp\",\"contentUrl\":\"https:\/\/d2p6e6u75xmxt8.cloudfront.net\/2\/2017\/11\/coverhead.webp\",\"width\":900,\"height\":600},{\"@type\":\"BreadcrumbList\",\"@id\":\"https:\/\/www.welovecycling.com\/wide\/2017\/11\/22\/top-tips-beat-headwind\/#breadcrumb\",\"itemListElement\":[{\"@type\":\"ListItem\",\"position\":1,\"name\":\"Home\",\"item\":\"https:\/\/www.welovecycling.com\/wide\/\"},{\"@type\":\"ListItem\",\"position\":2,\"name\":\"Top Tips to Beat a Headwind\"}]},{\"@type\":\"WebSite\",\"@id\":\"https:\/\/www.welovecycling.com\/wide\/#website\",\"url\":\"https:\/\/www.welovecycling.com\/wide\/\",\"name\":\"\u0160koda We Love Cycling\",\"description\":\"\u0160koda We Love Cycling magazine\",\"alternateName\":\"\u0160koda WLC\",\"potentialAction\":[{\"@type\":\"SearchAction\",\"target\":{\"@type\":\"EntryPoint\",\"urlTemplate\":\"https:\/\/www.welovecycling.com\/wide\/?s={search_term_string}\"},\"query-input\":{\"@type\":\"PropertyValueSpecification\",\"valueRequired\":true,\"valueName\":\"search_term_string\"}}],\"inLanguage\":\"en-US\"},{\"@type\":\"Person\",\"@id\":\"\",\"url\":\"https:\/\/www.welovecycling.com\/wide\/author\/\"}]}<\/script>\n<!-- \/ Yoast SEO Premium plugin. -->","yoast_head_json":{"title":"Top Tips to Beat a Headwind - \u0160koda We Love Cycling","description":"\"You never have the wind with you \u2013 either it is against you or you're having a good day.\" All cyclists intuitively understand Daniel Behrman's dark","robots":{"index":"index","follow":"follow","max-snippet":"max-snippet:-1","max-image-preview":"max-image-preview:large","max-video-preview":"max-video-preview:-1"},"canonical":"https:\/\/www.welovecycling.com\/wide\/2017\/11\/22\/top-tips-beat-headwind\/","og_locale":"en_US","og_type":"article","og_title":"Top Tips to Beat a Headwind","og_description":"\"You never have the wind with you \u2013 either it is against you or you're having a good day.\" All cyclists intuitively understand Daniel Behrman's dark","og_url":"https:\/\/www.welovecycling.com\/wide\/2017\/11\/22\/top-tips-beat-headwind\/","og_site_name":"\u0160koda We Love Cycling","article_published_time":"2017-11-22T12:45:55+00:00","article_modified_time":"2017-11-22T12:49:31+00:00","twitter_card":"summary_large_image","twitter_image":"https:\/\/d2p6e6u75xmxt8.cloudfront.net\/2\/2017\/11\/coverhead.webp","twitter_misc":{"Written by":"Adam Marsal","Est. reading time":"2 minutes"},"schema":{"@context":"https:\/\/schema.org","@graph":[{"@type":"WebPage","@id":"https:\/\/www.welovecycling.com\/wide\/2017\/11\/22\/top-tips-beat-headwind\/","url":"https:\/\/www.welovecycling.com\/wide\/2017\/11\/22\/top-tips-beat-headwind\/","name":"Top Tips to Beat a Headwind - \u0160koda We Love Cycling","isPartOf":{"@id":"https:\/\/www.welovecycling.com\/wide\/#website"},"primaryImageOfPage":{"@id":"https:\/\/www.welovecycling.com\/wide\/2017\/11\/22\/top-tips-beat-headwind\/#primaryimage"},"image":{"@id":"https:\/\/www.welovecycling.com\/wide\/2017\/11\/22\/top-tips-beat-headwind\/#primaryimage"},"thumbnailUrl":"https:\/\/d2p6e6u75xmxt8.cloudfront.net\/2\/2017\/11\/coverhead.webp","datePublished":"2017-11-22T12:45:55+00:00","dateModified":"2017-11-22T12:49:31+00:00","author":{"@id":""},"description":"\"You never have the wind with you \u2013 either it is against you or you're having a good day.\" All cyclists intuitively understand Daniel Behrman's dark","breadcrumb":{"@id":"https:\/\/www.welovecycling.com\/wide\/2017\/11\/22\/top-tips-beat-headwind\/#breadcrumb"},"inLanguage":"en-US","potentialAction":[{"@type":"ReadAction","target":["https:\/\/www.welovecycling.com\/wide\/2017\/11\/22\/top-tips-beat-headwind\/"]}]},{"@type":"ImageObject","inLanguage":"en-US","@id":"https:\/\/www.welovecycling.com\/wide\/2017\/11\/22\/top-tips-beat-headwind\/#primaryimage","url":"https:\/\/d2p6e6u75xmxt8.cloudfront.net\/2\/2017\/11\/coverhead.webp","contentUrl":"https:\/\/d2p6e6u75xmxt8.cloudfront.net\/2\/2017\/11\/coverhead.webp","width":900,"height":600},{"@type":"BreadcrumbList","@id":"https:\/\/www.welovecycling.com\/wide\/2017\/11\/22\/top-tips-beat-headwind\/#breadcrumb","itemListElement":[{"@type":"ListItem","position":1,"name":"Home","item":"https:\/\/www.welovecycling.com\/wide\/"},{"@type":"ListItem","position":2,"name":"Top Tips to Beat a Headwind"}]},{"@type":"WebSite","@id":"https:\/\/www.welovecycling.com\/wide\/#website","url":"https:\/\/www.welovecycling.com\/wide\/","name":"\u0160koda We Love Cycling","description":"\u0160koda We Love Cycling magazine","alternateName":"\u0160koda WLC","potentialAction":[{"@type":"SearchAction","target":{"@type":"EntryPoint","urlTemplate":"https:\/\/www.welovecycling.com\/wide\/?s={search_term_string}"},"query-input":{"@type":"PropertyValueSpecification","valueRequired":true,"valueName":"search_term_string"}}],"inLanguage":"en-US"},{"@type":"Person","@id":"","url":"https:\/\/www.welovecycling.com\/wide\/author\/"}]}},"_links":{"self":[{"href":"https:\/\/www.welovecycling.com\/wide\/wp-json\/wp\/v2\/posts\/162118","targetHints":{"allow":["GET"]}}],"collection":[{"href":"https:\/\/www.welovecycling.com\/wide\/wp-json\/wp\/v2\/posts"}],"about":[{"href":"https:\/\/www.welovecycling.com\/wide\/wp-json\/wp\/v2\/types\/post"}],"author":[{"embeddable":true,"href":"https:\/\/www.welovecycling.com\/wide\/wp-json\/wp\/v2\/users\/12"}],"replies":[{"embeddable":true,"href":"https:\/\/www.welovecycling.com\/wide\/wp-json\/wp\/v2\/comments?post=162118"}],"version-history":[{"count":2,"href":"https:\/\/www.welovecycling.com\/wide\/wp-json\/wp\/v2\/posts\/162118\/revisions"}],"predecessor-version":[{"id":162124,"href":"https:\/\/www.welovecycling.com\/wide\/wp-json\/wp\/v2\/posts\/162118\/revisions\/162124"}],"wp:featuredmedia":[{"embeddable":true,"href":"https:\/\/www.welovecycling.com\/wide\/wp-json\/wp\/v2\/media\/162123"}],"wp:attachment":[{"href":"https:\/\/www.welovecycling.com\/wide\/wp-json\/wp\/v2\/media?parent=162118"}],"wp:term":[{"taxonomy":"category","embeddable":true,"href":"https:\/\/www.welovecycling.com\/wide\/wp-json\/wp\/v2\/categories?post=162118"},{"taxonomy":"post_tag","embeddable":true,"href":"https:\/\/www.welovecycling.com\/wide\/wp-json\/wp\/v2\/tags?post=162118"},{"taxonomy":"global-categories","embeddable":true,"href":"https:\/\/www.welovecycling.com\/wide\/wp-json\/wp\/v2\/global-categories?post=162118"}],"curies":[{"name":"wp","href":"https:\/\/api.w.org\/{rel}","templated":true}]}}