{"id":162029,"date":"2017-11-14T10:06:57","date_gmt":"2017-11-14T10:06:57","guid":{"rendered":"https:\/\/www.welovecycling.com\/wide\/?p=162029"},"modified":"2017-11-14T10:06:57","modified_gmt":"2017-11-14T10:06:57","slug":"interview-illustrators-bicycles-inspiration","status":"publish","type":"post","link":"https:\/\/www.welovecycling.com\/wide\/2017\/11\/14\/interview-illustrators-bicycles-inspiration\/","title":{"rendered":"INTERVIEW: Illustrators with Bicycles for Inspiration"},"content":{"rendered":"<p><strong>You can hardly find someone who can capture cycling with such a beauty, style, and genuineness as Czech painters Tomski&amp;Polanski. Lukas Tomek and Ilona Polanska create paintings as a duo (not to be confused with a couple) and their works attracted such icons as the production of a Hollywood director Wes Anderson or the Eurosport Channel. What is behind their popularity?<\/strong><!--more--><\/p>\n<div class=\"shortcode-ys-post-pinup\"><article class=\"loop-simple post-161721 post type-post status-publish format-standard has-post-thumbnail hentry category-family category-socialising-and-culture tag-chris-froome tag-lego tag-lego-cyclist tag-matt-stanbury tag-no-cake tag-no-glory tag-peter-sagan\" data-postid=\"161721\" role=\"article\" data-post-id=\"161721\" data-word-count=\"273\" data-headline-length=\"62\" data-category=\"Family\" data-author=\"Frantiska Blazkova\" data-published=\"2017-10-20T14:04:28+00:00\" data-published-day=\"Friday\">\n    <div class=\"entry-thumbnail article-thumbnail\" content=\"https:\/\/d2p6e6u75xmxt8.cloudfront.net\/2\/2017\/10\/fluid-150x150.webp\"><a href=\"https:\/\/www.welovecycling.com\/wide\/2017\/10\/20\/gallery-british-guy-behind-pro-cyclists-lego-figurines\/\" class=\"image-holder\" target=\"_self\"><img decoding=\"async\" loading=\"lazy\" class=\"\" src=\"https:\/\/d2p6e6u75xmxt8.cloudfront.net\/2\/2017\/10\/fluid-1024x682.webp\" srcset=\"https:\/\/d2p6e6u75xmxt8.cloudfront.net\/2\/2017\/10\/fluid.webp 1178w, https:\/\/d2p6e6u75xmxt8.cloudfront.net\/2\/2017\/10\/fluid-300x200.webp 300w, https:\/\/d2p6e6u75xmxt8.cloudfront.net\/2\/2017\/10\/fluid-1024x682.webp 1024w, https:\/\/d2p6e6u75xmxt8.cloudfront.net\/2\/2017\/10\/fluid-768x512.webp 768w, https:\/\/d2p6e6u75xmxt8.cloudfront.net\/2\/2017\/10\/fluid-272x182.webp 272w\" width=\"1024\" height=\"682\" sizes=\"auto, (min-width: 1200px) 300px, (min-width: 768px) 25vw, 100vw\" alt=\"gallery-british-guy-behind-pro-cyclists-lego-figurines\"\/><\/a><\/div>    <div class=\"entry-meta\">\n        <a class=\"label label-secondary post-category\" href=\"https:\/\/www.welovecycling.com\/wide\/category\/family\/\" title=\"Family\">Family<\/a>\n    <\/div>\n    <div class=\"entry-details\">\n        <a href=\"https:\/\/www.welovecycling.com\/wide\/2017\/10\/20\/gallery-british-guy-behind-pro-cyclists-lego-figurines\/\" class='entry-title-wrapper'>\n            <h3 class=\"entry-title\"><span>GALLERY: The British Guy Behind Pro Cyclists\u2019 LEGO Figurines<\/span><\/h3>\n        <\/a>\n    <\/div>\n    <\/article>\n<\/div>\n<p><strong><em>I saw a lot of paintings and products with your drawings that included cycling motifs. What made you interested in the sport?<\/em><\/strong><\/p>\n<p>It came naturally as we both used to cycle a lot when we were younger. Lukas comes from a part of the Czech Republic, which is called Vyso\u010dina (Bohemian-Moravian Highlands) and his hometown of Nove Mesto na Morave annually hosts the UCI World Cup in XC mountain biking. During his studies at the University of Art, he had been doing roughly 30k every day on his MTB.<\/p>\n<p><a href=\"https:\/\/d2p6e6u75xmxt8.cloudfront.net\/2\/2017\/11\/TomskiPolanski_cycling3.jpg\"><img loading=\"lazy\" decoding=\"async\" class=\"alignnone size-full wp-image-162039\" src=\"https:\/\/d2p6e6u75xmxt8.cloudfront.net\/2\/2017\/11\/TomskiPolanski_cycling3.jpg\" alt=\"\" width=\"1216\" height=\"862\" \/><\/a><\/p>\n<p><strong>Do you still cycle?<\/strong><\/p>\n<p>To be honest, we&#8217;re more drawing than cycling. Lukas rides a mountain bike when he gets back home as he prefers cycling in the countryside to the busy roads. And I\u2019m (Ilona) actually more cycling pleasure-seeker than an athlete. I hop on my Bianchi and enjoy the outlooks from the saddle.<\/p>\n<p><strong><em>Ilona, come on, you really own a Bianchi bike?<\/em><\/strong><\/p>\n<p>Of course! I know that this way I could resemble a real racer but, in fact, I&#8217;m more a cycling explorer. My boyfriend has a small company that builds handmade frames and so he says I also need to have the best as we&#8217;re both hanging around a lot of avid cyclists.<\/p>\n<p><a href=\"https:\/\/d2p6e6u75xmxt8.cloudfront.net\/2\/2017\/11\/TomskiPolanski_cycling4.jpg\"><img loading=\"lazy\" decoding=\"async\" class=\"alignnone size-full wp-image-162041\" src=\"https:\/\/d2p6e6u75xmxt8.cloudfront.net\/2\/2017\/11\/TomskiPolanski_cycling4.jpg\" alt=\"\" width=\"1365\" height=\"768\" \/><\/a><\/p>\n<p><em><strong>Do you watch big tours on TV?<\/strong><\/em><\/p>\n<p>Of course. When there are races like Giro d&#8217;Italia or the Tour de France on TV, we are happy to sit down and watch live broadcasting. As you look closer, you find incredible micro stories hidden in the background of the events. Especially, Paris-Roubaix is so fantastic that it inspired us to create two big posters of which one was chosen to illustrate a story published by the Eurosport&#8217;s official website.<\/p>\n<p><strong><em>How did you get in touch with the Eurosport Channel?<\/em><\/strong><\/p>\n<p>It was similar to what happened to us with the production of the director Wes Anderson for whom we created visuals promoting his movie The Grand Budapest Hotel at the Winter Olympic Games in Torino. Once again, somebody discovered our works posted on Behance.net and decided that our style of drawing would perfectly match the feature that was supposed to depict the legendary race from Paris to Roubaix.<\/p>\n<div id='gallery-1' class='gallery galleryid-161721 gallery-columns-2 gallery-size-large'><figure class='gallery-item'>\n\t\t\t<div class='gallery-icon landscape'>\n\t\t\t\t<a href='https:\/\/d2p6e6u75xmxt8.cloudfront.net\/2\/2017\/11\/TomskiPolanski_cycling7.webp'><img loading=\"lazy\" decoding=\"async\" width=\"1024\" height=\"1024\" src=\"https:\/\/d2p6e6u75xmxt8.cloudfront.net\/2\/2017\/11\/TomskiPolanski_cycling7-1024x1024.webp\" class=\"attachment-large size-large\" alt=\"\" srcset=\"https:\/\/d2p6e6u75xmxt8.cloudfront.net\/2\/2017\/11\/TomskiPolanski_cycling7-1024x1024.webp 1024w, https:\/\/d2p6e6u75xmxt8.cloudfront.net\/2\/2017\/11\/TomskiPolanski_cycling7-300x300.webp 300w, https:\/\/d2p6e6u75xmxt8.cloudfront.net\/2\/2017\/11\/TomskiPolanski_cycling7-150x150.webp 150w, https:\/\/d2p6e6u75xmxt8.cloudfront.net\/2\/2017\/11\/TomskiPolanski_cycling7-768x768.webp 768w, https:\/\/d2p6e6u75xmxt8.cloudfront.net\/2\/2017\/11\/TomskiPolanski_cycling7.webp 1500w\" sizes=\"auto, (max-width: 1024px) 100vw, 1024px\" \/><\/a>\n\t\t\t<\/div><\/figure><figure class='gallery-item'>\n\t\t\t<div class='gallery-icon landscape'>\n\t\t\t\t<a href='https:\/\/d2p6e6u75xmxt8.cloudfront.net\/2\/2017\/11\/TomskiPolanski_cycling9.webp'><img loading=\"lazy\" decoding=\"async\" width=\"1024\" height=\"1024\" src=\"https:\/\/d2p6e6u75xmxt8.cloudfront.net\/2\/2017\/11\/TomskiPolanski_cycling9-1024x1024.webp\" class=\"attachment-large size-large\" alt=\"\" srcset=\"https:\/\/d2p6e6u75xmxt8.cloudfront.net\/2\/2017\/11\/TomskiPolanski_cycling9-1024x1024.webp 1024w, https:\/\/d2p6e6u75xmxt8.cloudfront.net\/2\/2017\/11\/TomskiPolanski_cycling9-300x300.webp 300w, https:\/\/d2p6e6u75xmxt8.cloudfront.net\/2\/2017\/11\/TomskiPolanski_cycling9-150x150.webp 150w, https:\/\/d2p6e6u75xmxt8.cloudfront.net\/2\/2017\/11\/TomskiPolanski_cycling9-768x768.webp 768w, https:\/\/d2p6e6u75xmxt8.cloudfront.net\/2\/2017\/11\/TomskiPolanski_cycling9.webp 1500w\" sizes=\"auto, (max-width: 1024px) 100vw, 1024px\" \/><\/a>\n\t\t\t<\/div><\/figure>\n\t\t<\/div>\n\n<p><strong><em>What was your main motive?<\/em><\/strong><\/p>\n<p>The event itself is held in a fascinating landscape. On the poster, we linked the history of the mining area to the contemporary racing. When looking at the painting, you can see tough countenances of ancient miners watching modern competitors. The atmosphere of the picture should evoke the hell, which, in fact, the race held mostly on cobblestones usually is.<\/p>\n<p><em><strong>It&#8217;s possible to order the posters on your website &#8211; to which countries do you ship the most?<\/strong><\/em><\/p>\n<p>Cycling themes are very popular in all the countries with a strong cycling tradition like Italy, Germany, Switzerland, Austria or France.<\/p>\n<p><a href=\"https:\/\/d2p6e6u75xmxt8.cloudfront.net\/2\/2017\/11\/TomskiPolanski_cycling12.jpg\"><img loading=\"lazy\" decoding=\"async\" class=\"alignnone size-full wp-image-162050\" src=\"https:\/\/d2p6e6u75xmxt8.cloudfront.net\/2\/2017\/11\/TomskiPolanski_cycling12.jpg\" alt=\"\" width=\"1581\" height=\"969\" \/><\/a><\/p>\n<div id='gallery-2' class='gallery galleryid-161721 gallery-columns-2 gallery-size-large'><figure class='gallery-item'>\n\t\t\t<div class='gallery-icon landscape'>\n\t\t\t\t<a href='https:\/\/d2p6e6u75xmxt8.cloudfront.net\/2\/2017\/11\/TomskiPolanski_cycling18.webp'><img loading=\"lazy\" decoding=\"async\" width=\"1024\" height=\"683\" src=\"https:\/\/d2p6e6u75xmxt8.cloudfront.net\/2\/2017\/11\/TomskiPolanski_cycling18-1024x683.webp\" class=\"attachment-large size-large\" alt=\"\" srcset=\"https:\/\/d2p6e6u75xmxt8.cloudfront.net\/2\/2017\/11\/TomskiPolanski_cycling18-1024x683.webp 1024w, https:\/\/d2p6e6u75xmxt8.cloudfront.net\/2\/2017\/11\/TomskiPolanski_cycling18-300x200.webp 300w, https:\/\/d2p6e6u75xmxt8.cloudfront.net\/2\/2017\/11\/TomskiPolanski_cycling18-768x512.webp 768w, https:\/\/d2p6e6u75xmxt8.cloudfront.net\/2\/2017\/11\/TomskiPolanski_cycling18-272x182.webp 272w, https:\/\/d2p6e6u75xmxt8.cloudfront.net\/2\/2017\/11\/TomskiPolanski_cycling18.webp 1200w\" sizes=\"auto, (max-width: 1024px) 100vw, 1024px\" \/><\/a>\n\t\t\t<\/div><\/figure><figure class='gallery-item'>\n\t\t\t<div class='gallery-icon landscape'>\n\t\t\t\t<a href='https:\/\/d2p6e6u75xmxt8.cloudfront.net\/2\/2017\/11\/TomskiPolanski_cycling1.webp'><img loading=\"lazy\" decoding=\"async\" width=\"1024\" height=\"699\" src=\"https:\/\/d2p6e6u75xmxt8.cloudfront.net\/2\/2017\/11\/TomskiPolanski_cycling1-1024x699.webp\" class=\"attachment-large size-large\" alt=\"\" srcset=\"https:\/\/d2p6e6u75xmxt8.cloudfront.net\/2\/2017\/11\/TomskiPolanski_cycling1-1024x699.webp 1024w, https:\/\/d2p6e6u75xmxt8.cloudfront.net\/2\/2017\/11\/TomskiPolanski_cycling1-300x205.webp 300w, https:\/\/d2p6e6u75xmxt8.cloudfront.net\/2\/2017\/11\/TomskiPolanski_cycling1-768x524.webp 768w, https:\/\/d2p6e6u75xmxt8.cloudfront.net\/2\/2017\/11\/TomskiPolanski_cycling1.webp 1239w\" sizes=\"auto, (max-width: 1024px) 100vw, 1024px\" \/><\/a>\n\t\t\t<\/div><\/figure>\n\t\t<\/div>\n\n<p><em><strong>Have you ever thought about creating your own design for cycling jerseys or gear?<\/strong><\/em><\/p>\n<p>We have created jerseys for the Czech company Festka, which manufactures handmade road bike frames. We designed not only the whole biker suit for them but also drew the complete design of one bike. It was the first thing that catapulted us into cycling scene as this project was met with a huge success. There were about six hundred articles published about this bike because guys from Festka brought that piece to an exhibition in Seattle where it instantly became an eye-catcher. Actually, it was one of the first custom painted bikes created by the company and is now safely stored at their Prague headquarters.<\/p>\n<p><strong><em>Do you have some fresh cycling motifs in mind?<\/em><\/strong><\/p>\n<p>Yes, we do. We drew a series of portraits of famous people coming from our geographical area including outstanding politicians, scientists or businessmen and we have an idea to picture Peter Sagan&#8217;s triumphant ride. Hated by some and loved by others, Peter is a strongly controversial personality, which makes him an attractive object for both media and fans. His attendance is like a spice that brings more flavour to the race. Circumstances of his life write strong stories and we&#8217;re looking forward to put them on the canvas.<\/p>\n<p>For more of Tomski&amp;Polanski go to: <a href=\"http:\/\/www.tomskipolanski.com\">www.tomskipolanski.com<\/a><\/p>\n","protected":false},"excerpt":{"rendered":"<p>You can hardly find someone who can capture cycling with such a beauty, style, and genuineness as Czech painters Tomski&amp;Polanski. [&hellip;]<\/p>\n","protected":false},"author":12,"featured_media":162032,"comment_status":"open","ping_status":"open","sticky":false,"template":"","format":"standard","meta":{"footnotes":""},"categories":[334],"tags":[1495,1494,1493],"global-categories":[],"class_list":["post-162029","post","type-post","status-publish","format-standard","has-post-thumbnail","hentry","category-socialising-and-culture","tag-ilona-polanska","tag-lukas-tomek","tag-tomskipolanski"],"yoast_head":"<!-- This site is optimized with the Yoast SEO Premium plugin v25.3 (Yoast SEO v25.9) - https:\/\/yoast.com\/wordpress\/plugins\/seo\/ -->\n<title>INTERVIEW: Illustrators with Bicycles for Inspiration - \u0160koda We Love Cycling<\/title>\n<meta name=\"description\" content=\"You can hardly find someone who can capture cycling with such a beauty, style, and genuineness as Czech painters Tomski&amp;Polanski. Lukas Tomek and\" \/>\n<meta name=\"robots\" content=\"index, follow, max-snippet:-1, max-image-preview:large, max-video-preview:-1\" \/>\n<link rel=\"canonical\" href=\"https:\/\/www.welovecycling.com\/wide\/2017\/11\/14\/interview-illustrators-bicycles-inspiration\/\" \/>\n<meta property=\"og:locale\" content=\"en_US\" \/>\n<meta property=\"og:type\" content=\"article\" \/>\n<meta property=\"og:title\" content=\"INTERVIEW: Illustrators with Bicycles for Inspiration\" \/>\n<meta property=\"og:description\" content=\"You can hardly find someone who can capture cycling with such a beauty, style, and genuineness as Czech painters Tomski&amp;Polanski. Lukas Tomek and\" \/>\n<meta property=\"og:url\" content=\"https:\/\/www.welovecycling.com\/wide\/2017\/11\/14\/interview-illustrators-bicycles-inspiration\/\" \/>\n<meta property=\"og:site_name\" content=\"\u0160koda We Love Cycling\" \/>\n<meta property=\"article:published_time\" content=\"2017-11-14T10:06:57+00:00\" \/>\n<meta property=\"og:image\" content=\"https:\/\/d2p6e6u75xmxt8.cloudfront.net\/2\/2017\/11\/TomskiCover.webp\" \/>\n\t<meta property=\"og:image:width\" content=\"1187\" \/>\n\t<meta property=\"og:image:height\" content=\"791\" \/>\n\t<meta property=\"og:image:type\" content=\"image\/webp\" \/>\n<meta name=\"twitter:card\" content=\"summary_large_image\" \/>\n<meta name=\"twitter:label1\" content=\"Written by\" \/>\n\t<meta name=\"twitter:data1\" content=\"Frantiska Blazkova\" \/>\n\t<meta name=\"twitter:label2\" content=\"Est. reading time\" \/>\n\t<meta name=\"twitter:data2\" content=\"4 minutes\" \/>\n<script type=\"application\/ld+json\" class=\"yoast-schema-graph\">{\"@context\":\"https:\/\/schema.org\",\"@graph\":[{\"@type\":\"WebPage\",\"@id\":\"https:\/\/www.welovecycling.com\/wide\/2017\/11\/14\/interview-illustrators-bicycles-inspiration\/\",\"url\":\"https:\/\/www.welovecycling.com\/wide\/2017\/11\/14\/interview-illustrators-bicycles-inspiration\/\",\"name\":\"INTERVIEW: Illustrators with Bicycles for Inspiration - \u0160koda We Love Cycling\",\"isPartOf\":{\"@id\":\"https:\/\/www.welovecycling.com\/wide\/#website\"},\"primaryImageOfPage\":{\"@id\":\"https:\/\/www.welovecycling.com\/wide\/2017\/11\/14\/interview-illustrators-bicycles-inspiration\/#primaryimage\"},\"image\":{\"@id\":\"https:\/\/www.welovecycling.com\/wide\/2017\/11\/14\/interview-illustrators-bicycles-inspiration\/#primaryimage\"},\"thumbnailUrl\":\"https:\/\/d2p6e6u75xmxt8.cloudfront.net\/2\/2017\/11\/TomskiCover.webp\",\"datePublished\":\"2017-11-14T10:06:57+00:00\",\"author\":{\"@id\":\"\"},\"description\":\"You can hardly find someone who can capture cycling with such a beauty, style, and genuineness as Czech painters Tomski&amp;Polanski. Lukas Tomek and\",\"breadcrumb\":{\"@id\":\"https:\/\/www.welovecycling.com\/wide\/2017\/11\/14\/interview-illustrators-bicycles-inspiration\/#breadcrumb\"},\"inLanguage\":\"en-US\",\"potentialAction\":[{\"@type\":\"ReadAction\",\"target\":[\"https:\/\/www.welovecycling.com\/wide\/2017\/11\/14\/interview-illustrators-bicycles-inspiration\/\"]}]},{\"@type\":\"ImageObject\",\"inLanguage\":\"en-US\",\"@id\":\"https:\/\/www.welovecycling.com\/wide\/2017\/11\/14\/interview-illustrators-bicycles-inspiration\/#primaryimage\",\"url\":\"https:\/\/d2p6e6u75xmxt8.cloudfront.net\/2\/2017\/11\/TomskiCover.webp\",\"contentUrl\":\"https:\/\/d2p6e6u75xmxt8.cloudfront.net\/2\/2017\/11\/TomskiCover.webp\",\"width\":1187,\"height\":791},{\"@type\":\"BreadcrumbList\",\"@id\":\"https:\/\/www.welovecycling.com\/wide\/2017\/11\/14\/interview-illustrators-bicycles-inspiration\/#breadcrumb\",\"itemListElement\":[{\"@type\":\"ListItem\",\"position\":1,\"name\":\"Home\",\"item\":\"https:\/\/www.welovecycling.com\/wide\/\"},{\"@type\":\"ListItem\",\"position\":2,\"name\":\"INTERVIEW: Illustrators with Bicycles for Inspiration\"}]},{\"@type\":\"WebSite\",\"@id\":\"https:\/\/www.welovecycling.com\/wide\/#website\",\"url\":\"https:\/\/www.welovecycling.com\/wide\/\",\"name\":\"\u0160koda We Love Cycling\",\"description\":\"\u0160koda We Love Cycling magazine\",\"alternateName\":\"\u0160koda WLC\",\"potentialAction\":[{\"@type\":\"SearchAction\",\"target\":{\"@type\":\"EntryPoint\",\"urlTemplate\":\"https:\/\/www.welovecycling.com\/wide\/?s={search_term_string}\"},\"query-input\":{\"@type\":\"PropertyValueSpecification\",\"valueRequired\":true,\"valueName\":\"search_term_string\"}}],\"inLanguage\":\"en-US\"},{\"@type\":\"Person\",\"@id\":\"\",\"url\":\"https:\/\/www.welovecycling.com\/wide\/author\/\"}]}<\/script>\n<!-- \/ Yoast SEO Premium plugin. -->","yoast_head_json":{"title":"INTERVIEW: Illustrators with Bicycles for Inspiration - \u0160koda We Love Cycling","description":"You can hardly find someone who can capture cycling with such a beauty, style, and genuineness as Czech painters Tomski&amp;Polanski. Lukas Tomek and","robots":{"index":"index","follow":"follow","max-snippet":"max-snippet:-1","max-image-preview":"max-image-preview:large","max-video-preview":"max-video-preview:-1"},"canonical":"https:\/\/www.welovecycling.com\/wide\/2017\/11\/14\/interview-illustrators-bicycles-inspiration\/","og_locale":"en_US","og_type":"article","og_title":"INTERVIEW: Illustrators with Bicycles for Inspiration","og_description":"You can hardly find someone who can capture cycling with such a beauty, style, and genuineness as Czech painters Tomski&amp;Polanski. Lukas Tomek and","og_url":"https:\/\/www.welovecycling.com\/wide\/2017\/11\/14\/interview-illustrators-bicycles-inspiration\/","og_site_name":"\u0160koda We Love Cycling","article_published_time":"2017-11-14T10:06:57+00:00","og_image":[{"width":1187,"height":791,"url":"https:\/\/d2p6e6u75xmxt8.cloudfront.net\/2\/2017\/11\/TomskiCover.webp","type":"image\/webp"}],"twitter_card":"summary_large_image","twitter_misc":{"Written by":"Frantiska Blazkova","Est. reading time":"4 minutes"},"schema":{"@context":"https:\/\/schema.org","@graph":[{"@type":"WebPage","@id":"https:\/\/www.welovecycling.com\/wide\/2017\/11\/14\/interview-illustrators-bicycles-inspiration\/","url":"https:\/\/www.welovecycling.com\/wide\/2017\/11\/14\/interview-illustrators-bicycles-inspiration\/","name":"INTERVIEW: Illustrators with Bicycles for Inspiration - \u0160koda We Love Cycling","isPartOf":{"@id":"https:\/\/www.welovecycling.com\/wide\/#website"},"primaryImageOfPage":{"@id":"https:\/\/www.welovecycling.com\/wide\/2017\/11\/14\/interview-illustrators-bicycles-inspiration\/#primaryimage"},"image":{"@id":"https:\/\/www.welovecycling.com\/wide\/2017\/11\/14\/interview-illustrators-bicycles-inspiration\/#primaryimage"},"thumbnailUrl":"https:\/\/d2p6e6u75xmxt8.cloudfront.net\/2\/2017\/11\/TomskiCover.webp","datePublished":"2017-11-14T10:06:57+00:00","author":{"@id":""},"description":"You can hardly find someone who can capture cycling with such a beauty, style, and genuineness as Czech painters Tomski&amp;Polanski. Lukas Tomek and","breadcrumb":{"@id":"https:\/\/www.welovecycling.com\/wide\/2017\/11\/14\/interview-illustrators-bicycles-inspiration\/#breadcrumb"},"inLanguage":"en-US","potentialAction":[{"@type":"ReadAction","target":["https:\/\/www.welovecycling.com\/wide\/2017\/11\/14\/interview-illustrators-bicycles-inspiration\/"]}]},{"@type":"ImageObject","inLanguage":"en-US","@id":"https:\/\/www.welovecycling.com\/wide\/2017\/11\/14\/interview-illustrators-bicycles-inspiration\/#primaryimage","url":"https:\/\/d2p6e6u75xmxt8.cloudfront.net\/2\/2017\/11\/TomskiCover.webp","contentUrl":"https:\/\/d2p6e6u75xmxt8.cloudfront.net\/2\/2017\/11\/TomskiCover.webp","width":1187,"height":791},{"@type":"BreadcrumbList","@id":"https:\/\/www.welovecycling.com\/wide\/2017\/11\/14\/interview-illustrators-bicycles-inspiration\/#breadcrumb","itemListElement":[{"@type":"ListItem","position":1,"name":"Home","item":"https:\/\/www.welovecycling.com\/wide\/"},{"@type":"ListItem","position":2,"name":"INTERVIEW: Illustrators with Bicycles for Inspiration"}]},{"@type":"WebSite","@id":"https:\/\/www.welovecycling.com\/wide\/#website","url":"https:\/\/www.welovecycling.com\/wide\/","name":"\u0160koda We Love Cycling","description":"\u0160koda We Love Cycling magazine","alternateName":"\u0160koda WLC","potentialAction":[{"@type":"SearchAction","target":{"@type":"EntryPoint","urlTemplate":"https:\/\/www.welovecycling.com\/wide\/?s={search_term_string}"},"query-input":{"@type":"PropertyValueSpecification","valueRequired":true,"valueName":"search_term_string"}}],"inLanguage":"en-US"},{"@type":"Person","@id":"","url":"https:\/\/www.welovecycling.com\/wide\/author\/"}]}},"_links":{"self":[{"href":"https:\/\/www.welovecycling.com\/wide\/wp-json\/wp\/v2\/posts\/162029","targetHints":{"allow":["GET"]}}],"collection":[{"href":"https:\/\/www.welovecycling.com\/wide\/wp-json\/wp\/v2\/posts"}],"about":[{"href":"https:\/\/www.welovecycling.com\/wide\/wp-json\/wp\/v2\/types\/post"}],"author":[{"embeddable":true,"href":"https:\/\/www.welovecycling.com\/wide\/wp-json\/wp\/v2\/users\/12"}],"replies":[{"embeddable":true,"href":"https:\/\/www.welovecycling.com\/wide\/wp-json\/wp\/v2\/comments?post=162029"}],"version-history":[{"count":2,"href":"https:\/\/www.welovecycling.com\/wide\/wp-json\/wp\/v2\/posts\/162029\/revisions"}],"predecessor-version":[{"id":162052,"href":"https:\/\/www.welovecycling.com\/wide\/wp-json\/wp\/v2\/posts\/162029\/revisions\/162052"}],"wp:featuredmedia":[{"embeddable":true,"href":"https:\/\/www.welovecycling.com\/wide\/wp-json\/wp\/v2\/media\/162032"}],"wp:attachment":[{"href":"https:\/\/www.welovecycling.com\/wide\/wp-json\/wp\/v2\/media?parent=162029"}],"wp:term":[{"taxonomy":"category","embeddable":true,"href":"https:\/\/www.welovecycling.com\/wide\/wp-json\/wp\/v2\/categories?post=162029"},{"taxonomy":"post_tag","embeddable":true,"href":"https:\/\/www.welovecycling.com\/wide\/wp-json\/wp\/v2\/tags?post=162029"},{"taxonomy":"global-categories","embeddable":true,"href":"https:\/\/www.welovecycling.com\/wide\/wp-json\/wp\/v2\/global-categories?post=162029"}],"curies":[{"name":"wp","href":"https:\/\/api.w.org\/{rel}","templated":true}]}}