{"id":161962,"date":"2017-11-08T14:46:55","date_gmt":"2017-11-08T14:46:55","guid":{"rendered":"https:\/\/www.welovecycling.com\/wide\/?p=161962"},"modified":"2017-11-08T14:46:55","modified_gmt":"2017-11-08T14:46:55","slug":"special-bike-just-winter-yes-no","status":"publish","type":"post","link":"https:\/\/www.welovecycling.com\/wide\/2017\/11\/08\/special-bike-just-winter-yes-no\/","title":{"rendered":"Special Bike Just for Winter \u2013 Yes or No?"},"content":{"rendered":"<p>T<strong>here are plenty of reasons to avoid riding in winter. It\u2019s cold, dark, and wet &#8211; but worst of all, the roads get coated with grit that devastates your bicycle\u2019s exposed drive chain. But We Love Cycling, so here are our arguments for and against having a special winter bike.<\/strong><!--more--><\/p>\n<h2><strong>The mechanic<\/strong><\/h2>\n<p>Every mechanic knows how bad winter can be for your bike but that doesn\u2019t mean you need to buy a new one. You spent a lot of money on your carbon fibre dream-bike so don\u2019t let winter stop you from enjoying it.<\/p>\n<div class=\"shortcode-ys-post-pinup\"><article class=\"loop-simple post-25869 post type-post status-publish format-standard has-post-thumbnail hentry category-urban-cycling\" data-postid=\"25869\" role=\"article\" data-post-id=\"25869\" data-word-count=\"658\" data-headline-length=\"26\" data-category=\"Urban cycling\" data-author=\"Christopher Ashley\" data-published=\"2015-01-12T17:06:07+00:00\" data-published-day=\"Monday\">\n    <div class=\"entry-thumbnail article-thumbnail\" content=\"https:\/\/d2p6e6u75xmxt8.cloudfront.net\/2\/2015\/01\/opener11-150x150.webp\"><a href=\"https:\/\/www.welovecycling.com\/wide\/2015\/01\/12\/bike-maintenance-winter\/\" class=\"image-holder\" target=\"_self\"><img decoding=\"async\" loading=\"lazy\" class=\"\" src=\"https:\/\/d2p6e6u75xmxt8.cloudfront.net\/2\/2015\/01\/opener11.webp\" srcset=\"https:\/\/d2p6e6u75xmxt8.cloudfront.net\/2\/2015\/01\/opener11.webp 525w, https:\/\/d2p6e6u75xmxt8.cloudfront.net\/2\/2015\/01\/opener11-300x200.webp 300w, https:\/\/d2p6e6u75xmxt8.cloudfront.net\/2\/2015\/01\/opener11-272x182.webp 272w\" width=\"525\" height=\"350\" sizes=\"auto, (min-width: 1200px) 300px, (min-width: 768px) 25vw, 100vw\" alt=\"bike-maintenance-winter\"\/><\/a><\/div>    <div class=\"entry-meta\">\n        <a class=\"label label-secondary post-category\" href=\"https:\/\/www.welovecycling.com\/wide\/category\/urban-cycling\/\" title=\"Urban cycling\">Urban cycling<\/a>\n    <\/div>\n    <div class=\"entry-details\">\n        <a href=\"https:\/\/www.welovecycling.com\/wide\/2015\/01\/12\/bike-maintenance-winter\/\" class='entry-title-wrapper'>\n            <h3 class=\"entry-title\"><span>Bike maintenance in winter<\/span><\/h3>\n        <\/a>\n    <\/div>\n    <\/article>\n<\/div>\n<p>That said, you need to care for your bike through winter just the same as in the summer \u2013 but you need to be a little more conscientious about your regime. You can read our winter maintenance guide <a href=\"https:\/\/www.welovecycling.com\/wide\/2015\/01\/12\/bike-maintenance-winter\/\">HERE<\/a>, it\u2019ll make your cold weather routine a little bit easier.<\/p>\n<h2><strong>The realist<\/strong><\/h2>\n<p>Winter can wear both you and your bike down, and if you don\u2019t have a heated workshop, cleaning your bike in the garden mid-winter is a grim task. Freezing water numbs your fingers, and the loss in sensitivity increases the risk of cutting your fingers on gear cogs.<\/p>\n<div class=\"shortcode-ys-post-pinup\"><article class=\"loop-simple post-132700 post type-post status-publish format-standard has-post-thumbnail hentry category-outdoor-mountain category-road-cycling category-urban-cycling\" data-postid=\"132700\" role=\"article\" data-post-id=\"132700\" data-word-count=\"338\" data-headline-length=\"40\" data-category=\"Outdoor\/Mountain\" data-author=\"Christopher Ashley\" data-published=\"2015-12-27T11:23:08+00:00\" data-published-day=\"Sunday\">\n    <div class=\"entry-thumbnail article-thumbnail\" content=\"https:\/\/d2p6e6u75xmxt8.cloudfront.net\/2\/2015\/12\/opener23-150x150.webp\"><a href=\"https:\/\/www.welovecycling.com\/wide\/2015\/12\/27\/putting-your-summer-bike-away-for-winter\/\" class=\"image-holder\" target=\"_self\"><img decoding=\"async\" loading=\"lazy\" class=\"\" src=\"https:\/\/d2p6e6u75xmxt8.cloudfront.net\/2\/2015\/12\/opener23.webp\" srcset=\"https:\/\/d2p6e6u75xmxt8.cloudfront.net\/2\/2015\/12\/opener23.webp 525w, https:\/\/d2p6e6u75xmxt8.cloudfront.net\/2\/2015\/12\/opener23-300x200.webp 300w, https:\/\/d2p6e6u75xmxt8.cloudfront.net\/2\/2015\/12\/opener23-272x182.webp 272w\" width=\"525\" height=\"350\" sizes=\"auto, (min-width: 1200px) 300px, (min-width: 768px) 25vw, 100vw\" alt=\"putting-your-summer-bike-away-for-winter\"\/><\/a><\/div>    <div class=\"entry-meta\">\n        <a class=\"label label-secondary post-category\" href=\"https:\/\/www.welovecycling.com\/wide\/category\/outdoor-mountain\/\" title=\"Outdoor\/Mountain\">Outdoor\/Mountain<\/a>\n    <\/div>\n    <div class=\"entry-details\">\n        <a href=\"https:\/\/www.welovecycling.com\/wide\/2015\/12\/27\/putting-your-summer-bike-away-for-winter\/\" class='entry-title-wrapper'>\n            <h3 class=\"entry-title\"><span>Putting Your Summer Bike Away for Winter<\/span><\/h3>\n        <\/a>\n    <\/div>\n    <\/article>\n<\/div>\n<p>The solution for the realist is a winter-whip \u2013 a cheap aluminium framed rattler that you don\u2019t mind grinding through the salty winter slush. More importantly, a cheap bike has cheap replaceable parts. Put the S-Works Tarmac <a href=\"https:\/\/www.welovecycling.com\/wide\/2015\/12\/27\/putting-your-summer-bike-away-for-winter\/\">in storage<\/a>, and it will ride all the sweeter come Spring time.<\/p>\n<h2><strong>The collector<\/strong><\/h2>\n<p>If all winter means to you is an excuse to buy another bike, then you\u2019re a collector. Contrary to popular belief, collectors don\u2019t buy bikes for the sake of it. They buy them because every challenge thrown at cyclists is overcome through careful planning and bike design.<\/p>\n<div class=\"shortcode-ys-post-pinup\"><article class=\"loop-simple post-136824 post type-post status-publish format-standard has-post-thumbnail hentry category-outdoor-mountain category-socialising-and-culture category-urban-cycling\" data-postid=\"136824\" role=\"article\" data-post-id=\"136824\" data-word-count=\"118\" data-headline-length=\"39\" data-category=\"Outdoor\/Mountain\" data-author=\"Monica Buck\" data-published=\"2016-03-11T13:13:51+00:00\" data-published-day=\"Friday\">\n    <div class=\"entry-thumbnail article-thumbnail\" content=\"https:\/\/d2p6e6u75xmxt8.cloudfront.net\/2\/2016\/03\/Isterarasdfmage1-150x150.webp\"><a href=\"https:\/\/www.welovecycling.com\/wide\/2016\/03\/11\/15-great-ideas-for-a-bike-friendly-home\/\" class=\"image-holder\" target=\"_self\"><img decoding=\"async\" loading=\"lazy\" class=\"\" src=\"https:\/\/d2p6e6u75xmxt8.cloudfront.net\/2\/2016\/03\/Isterarasdfmage1.webp\" srcset=\"https:\/\/d2p6e6u75xmxt8.cloudfront.net\/2\/2016\/03\/Isterarasdfmage1.webp 525w, https:\/\/d2p6e6u75xmxt8.cloudfront.net\/2\/2016\/03\/Isterarasdfmage1-300x200.webp 300w, https:\/\/d2p6e6u75xmxt8.cloudfront.net\/2\/2016\/03\/Isterarasdfmage1-272x182.webp 272w\" width=\"525\" height=\"350\" sizes=\"auto, (min-width: 1200px) 300px, (min-width: 768px) 25vw, 100vw\" alt=\"15-great-ideas-for-a-bike-friendly-home\"\/><\/a><\/div>    <div class=\"entry-meta\">\n        <a class=\"label label-secondary post-category\" href=\"https:\/\/www.welovecycling.com\/wide\/category\/outdoor-mountain\/\" title=\"Outdoor\/Mountain\">Outdoor\/Mountain<\/a>\n    <\/div>\n    <div class=\"entry-details\">\n        <a href=\"https:\/\/www.welovecycling.com\/wide\/2016\/03\/11\/15-great-ideas-for-a-bike-friendly-home\/\" class='entry-title-wrapper'>\n            <h3 class=\"entry-title\"><span>15 Great Ideas for a Bike-Friendly Home<\/span><\/h3>\n        <\/a>\n    <\/div>\n    <\/article>\n<\/div>\n<p>Part realist, and part mechanic, the collector wants a bike built for winter \u2013 low maintenance but still fun to ride. Maybe a fixie, to work the body up to temperature on those cold winter mornings. Or maybe Dutch style town-bike with hub gears, and a thick protective lacquer over a steel frame.<\/p>\n<p>There\u2019s a bike for every occasion, be it gravel, cyclocross, downhill, or jump, so why not have a whip to see you through the worst of the winter?<\/p>\n","protected":false},"excerpt":{"rendered":"<p>There are plenty of reasons to avoid riding in winter. It\u2019s cold, dark, and wet &#8211; but worst of all, [&hellip;]<\/p>\n","protected":false},"author":12,"featured_media":161965,"comment_status":"open","ping_status":"open","sticky":false,"template":"","format":"standard","meta":{"footnotes":""},"categories":[332,329],"tags":[508,1473],"global-categories":[],"class_list":["post-161962","post","type-post","status-publish","format-standard","has-post-thumbnail","hentry","category-health-and-training","category-road-cycling","tag-how-to","tag-winter-bike"],"yoast_head":"<!-- This site is optimized with the Yoast SEO Premium plugin v25.3 (Yoast SEO v25.9) - https:\/\/yoast.com\/wordpress\/plugins\/seo\/ -->\n<title>Special Bike Just for Winter \u2013 Yes or No? - \u0160koda We Love Cycling<\/title>\n<meta name=\"description\" content=\"There are plenty of reasons to avoid riding in winter. It\u2019s cold, dark, and wet - but worst of all, the roads get coated with grit that devastates your\" \/>\n<meta name=\"robots\" content=\"index, follow, max-snippet:-1, max-image-preview:large, max-video-preview:-1\" \/>\n<link rel=\"canonical\" href=\"https:\/\/www.welovecycling.com\/wide\/2017\/11\/08\/special-bike-just-winter-yes-no\/\" \/>\n<meta property=\"og:locale\" content=\"en_US\" \/>\n<meta property=\"og:type\" content=\"article\" \/>\n<meta property=\"og:title\" content=\"Special Bike Just for Winter \u2013 Yes or No?\" \/>\n<meta property=\"og:description\" content=\"There are plenty of reasons to avoid riding in winter. It\u2019s cold, dark, and wet - but worst of all, the roads get coated with grit that devastates your\" \/>\n<meta property=\"og:url\" content=\"https:\/\/www.welovecycling.com\/wide\/2017\/11\/08\/special-bike-just-winter-yes-no\/\" \/>\n<meta property=\"og:site_name\" content=\"\u0160koda We Love Cycling\" \/>\n<meta property=\"article:published_time\" content=\"2017-11-08T14:46:55+00:00\" \/>\n<meta property=\"og:image\" content=\"https:\/\/d2p6e6u75xmxt8.cloudfront.net\/2\/2017\/11\/profimedia-0161858312-1.webp\" \/>\n\t<meta property=\"og:image:width\" content=\"1187\" \/>\n\t<meta property=\"og:image:height\" content=\"791\" \/>\n\t<meta property=\"og:image:type\" content=\"image\/webp\" \/>\n<meta name=\"twitter:card\" content=\"summary_large_image\" \/>\n<meta name=\"twitter:label1\" content=\"Written by\" \/>\n\t<meta name=\"twitter:data1\" content=\"Monica Buck\" \/>\n\t<meta name=\"twitter:label2\" content=\"Est. reading time\" \/>\n\t<meta name=\"twitter:data2\" content=\"2 minutes\" \/>\n<script type=\"application\/ld+json\" class=\"yoast-schema-graph\">{\"@context\":\"https:\/\/schema.org\",\"@graph\":[{\"@type\":\"WebPage\",\"@id\":\"https:\/\/www.welovecycling.com\/wide\/2017\/11\/08\/special-bike-just-winter-yes-no\/\",\"url\":\"https:\/\/www.welovecycling.com\/wide\/2017\/11\/08\/special-bike-just-winter-yes-no\/\",\"name\":\"Special Bike Just for Winter \u2013 Yes or No? - \u0160koda We Love Cycling\",\"isPartOf\":{\"@id\":\"https:\/\/www.welovecycling.com\/wide\/#website\"},\"primaryImageOfPage\":{\"@id\":\"https:\/\/www.welovecycling.com\/wide\/2017\/11\/08\/special-bike-just-winter-yes-no\/#primaryimage\"},\"image\":{\"@id\":\"https:\/\/www.welovecycling.com\/wide\/2017\/11\/08\/special-bike-just-winter-yes-no\/#primaryimage\"},\"thumbnailUrl\":\"https:\/\/d2p6e6u75xmxt8.cloudfront.net\/2\/2017\/11\/profimedia-0161858312-1.webp\",\"datePublished\":\"2017-11-08T14:46:55+00:00\",\"author\":{\"@id\":\"\"},\"description\":\"There are plenty of reasons to avoid riding in winter. It\u2019s cold, dark, and wet - but worst of all, the roads get coated with grit that devastates your\",\"breadcrumb\":{\"@id\":\"https:\/\/www.welovecycling.com\/wide\/2017\/11\/08\/special-bike-just-winter-yes-no\/#breadcrumb\"},\"inLanguage\":\"en-US\",\"potentialAction\":[{\"@type\":\"ReadAction\",\"target\":[\"https:\/\/www.welovecycling.com\/wide\/2017\/11\/08\/special-bike-just-winter-yes-no\/\"]}]},{\"@type\":\"ImageObject\",\"inLanguage\":\"en-US\",\"@id\":\"https:\/\/www.welovecycling.com\/wide\/2017\/11\/08\/special-bike-just-winter-yes-no\/#primaryimage\",\"url\":\"https:\/\/d2p6e6u75xmxt8.cloudfront.net\/2\/2017\/11\/profimedia-0161858312-1.webp\",\"contentUrl\":\"https:\/\/d2p6e6u75xmxt8.cloudfront.net\/2\/2017\/11\/profimedia-0161858312-1.webp\",\"width\":1187,\"height\":791},{\"@type\":\"BreadcrumbList\",\"@id\":\"https:\/\/www.welovecycling.com\/wide\/2017\/11\/08\/special-bike-just-winter-yes-no\/#breadcrumb\",\"itemListElement\":[{\"@type\":\"ListItem\",\"position\":1,\"name\":\"Home\",\"item\":\"https:\/\/www.welovecycling.com\/wide\/\"},{\"@type\":\"ListItem\",\"position\":2,\"name\":\"Special Bike Just for Winter \u2013 Yes or No?\"}]},{\"@type\":\"WebSite\",\"@id\":\"https:\/\/www.welovecycling.com\/wide\/#website\",\"url\":\"https:\/\/www.welovecycling.com\/wide\/\",\"name\":\"\u0160koda We Love Cycling\",\"description\":\"\u0160koda We Love Cycling magazine\",\"alternateName\":\"\u0160koda WLC\",\"potentialAction\":[{\"@type\":\"SearchAction\",\"target\":{\"@type\":\"EntryPoint\",\"urlTemplate\":\"https:\/\/www.welovecycling.com\/wide\/?s={search_term_string}\"},\"query-input\":{\"@type\":\"PropertyValueSpecification\",\"valueRequired\":true,\"valueName\":\"search_term_string\"}}],\"inLanguage\":\"en-US\"},{\"@type\":\"Person\",\"@id\":\"\",\"url\":\"https:\/\/www.welovecycling.com\/wide\/author\/\"}]}<\/script>\n<!-- \/ Yoast SEO Premium plugin. -->","yoast_head_json":{"title":"Special Bike Just for Winter \u2013 Yes or No? - \u0160koda We Love Cycling","description":"There are plenty of reasons to avoid riding in winter. It\u2019s cold, dark, and wet - but worst of all, the roads get coated with grit that devastates your","robots":{"index":"index","follow":"follow","max-snippet":"max-snippet:-1","max-image-preview":"max-image-preview:large","max-video-preview":"max-video-preview:-1"},"canonical":"https:\/\/www.welovecycling.com\/wide\/2017\/11\/08\/special-bike-just-winter-yes-no\/","og_locale":"en_US","og_type":"article","og_title":"Special Bike Just for Winter \u2013 Yes or No?","og_description":"There are plenty of reasons to avoid riding in winter. It\u2019s cold, dark, and wet - but worst of all, the roads get coated with grit that devastates your","og_url":"https:\/\/www.welovecycling.com\/wide\/2017\/11\/08\/special-bike-just-winter-yes-no\/","og_site_name":"\u0160koda We Love Cycling","article_published_time":"2017-11-08T14:46:55+00:00","og_image":[{"width":1187,"height":791,"url":"https:\/\/d2p6e6u75xmxt8.cloudfront.net\/2\/2017\/11\/profimedia-0161858312-1.webp","type":"image\/webp"}],"twitter_card":"summary_large_image","twitter_misc":{"Written by":"Monica Buck","Est. reading time":"2 minutes"},"schema":{"@context":"https:\/\/schema.org","@graph":[{"@type":"WebPage","@id":"https:\/\/www.welovecycling.com\/wide\/2017\/11\/08\/special-bike-just-winter-yes-no\/","url":"https:\/\/www.welovecycling.com\/wide\/2017\/11\/08\/special-bike-just-winter-yes-no\/","name":"Special Bike Just for Winter \u2013 Yes or No? - \u0160koda We Love Cycling","isPartOf":{"@id":"https:\/\/www.welovecycling.com\/wide\/#website"},"primaryImageOfPage":{"@id":"https:\/\/www.welovecycling.com\/wide\/2017\/11\/08\/special-bike-just-winter-yes-no\/#primaryimage"},"image":{"@id":"https:\/\/www.welovecycling.com\/wide\/2017\/11\/08\/special-bike-just-winter-yes-no\/#primaryimage"},"thumbnailUrl":"https:\/\/d2p6e6u75xmxt8.cloudfront.net\/2\/2017\/11\/profimedia-0161858312-1.webp","datePublished":"2017-11-08T14:46:55+00:00","author":{"@id":""},"description":"There are plenty of reasons to avoid riding in winter. It\u2019s cold, dark, and wet - but worst of all, the roads get coated with grit that devastates your","breadcrumb":{"@id":"https:\/\/www.welovecycling.com\/wide\/2017\/11\/08\/special-bike-just-winter-yes-no\/#breadcrumb"},"inLanguage":"en-US","potentialAction":[{"@type":"ReadAction","target":["https:\/\/www.welovecycling.com\/wide\/2017\/11\/08\/special-bike-just-winter-yes-no\/"]}]},{"@type":"ImageObject","inLanguage":"en-US","@id":"https:\/\/www.welovecycling.com\/wide\/2017\/11\/08\/special-bike-just-winter-yes-no\/#primaryimage","url":"https:\/\/d2p6e6u75xmxt8.cloudfront.net\/2\/2017\/11\/profimedia-0161858312-1.webp","contentUrl":"https:\/\/d2p6e6u75xmxt8.cloudfront.net\/2\/2017\/11\/profimedia-0161858312-1.webp","width":1187,"height":791},{"@type":"BreadcrumbList","@id":"https:\/\/www.welovecycling.com\/wide\/2017\/11\/08\/special-bike-just-winter-yes-no\/#breadcrumb","itemListElement":[{"@type":"ListItem","position":1,"name":"Home","item":"https:\/\/www.welovecycling.com\/wide\/"},{"@type":"ListItem","position":2,"name":"Special Bike Just for Winter \u2013 Yes or No?"}]},{"@type":"WebSite","@id":"https:\/\/www.welovecycling.com\/wide\/#website","url":"https:\/\/www.welovecycling.com\/wide\/","name":"\u0160koda We Love Cycling","description":"\u0160koda We Love Cycling magazine","alternateName":"\u0160koda WLC","potentialAction":[{"@type":"SearchAction","target":{"@type":"EntryPoint","urlTemplate":"https:\/\/www.welovecycling.com\/wide\/?s={search_term_string}"},"query-input":{"@type":"PropertyValueSpecification","valueRequired":true,"valueName":"search_term_string"}}],"inLanguage":"en-US"},{"@type":"Person","@id":"","url":"https:\/\/www.welovecycling.com\/wide\/author\/"}]}},"_links":{"self":[{"href":"https:\/\/www.welovecycling.com\/wide\/wp-json\/wp\/v2\/posts\/161962","targetHints":{"allow":["GET"]}}],"collection":[{"href":"https:\/\/www.welovecycling.com\/wide\/wp-json\/wp\/v2\/posts"}],"about":[{"href":"https:\/\/www.welovecycling.com\/wide\/wp-json\/wp\/v2\/types\/post"}],"author":[{"embeddable":true,"href":"https:\/\/www.welovecycling.com\/wide\/wp-json\/wp\/v2\/users\/12"}],"replies":[{"embeddable":true,"href":"https:\/\/www.welovecycling.com\/wide\/wp-json\/wp\/v2\/comments?post=161962"}],"version-history":[{"count":2,"href":"https:\/\/www.welovecycling.com\/wide\/wp-json\/wp\/v2\/posts\/161962\/revisions"}],"predecessor-version":[{"id":162425,"href":"https:\/\/www.welovecycling.com\/wide\/wp-json\/wp\/v2\/posts\/161962\/revisions\/162425"}],"wp:featuredmedia":[{"embeddable":true,"href":"https:\/\/www.welovecycling.com\/wide\/wp-json\/wp\/v2\/media\/161965"}],"wp:attachment":[{"href":"https:\/\/www.welovecycling.com\/wide\/wp-json\/wp\/v2\/media?parent=161962"}],"wp:term":[{"taxonomy":"category","embeddable":true,"href":"https:\/\/www.welovecycling.com\/wide\/wp-json\/wp\/v2\/categories?post=161962"},{"taxonomy":"post_tag","embeddable":true,"href":"https:\/\/www.welovecycling.com\/wide\/wp-json\/wp\/v2\/tags?post=161962"},{"taxonomy":"global-categories","embeddable":true,"href":"https:\/\/www.welovecycling.com\/wide\/wp-json\/wp\/v2\/global-categories?post=161962"}],"curies":[{"name":"wp","href":"https:\/\/api.w.org\/{rel}","templated":true}]}}