{"id":161741,"date":"2017-10-23T13:32:18","date_gmt":"2017-10-23T13:32:18","guid":{"rendered":"https:\/\/www.welovecycling.com\/wide\/?p=161741"},"modified":"2017-10-23T13:32:18","modified_gmt":"2017-10-23T13:32:18","slug":"movie-celebrating-mamils-cool-news-world-cycling","status":"publish","type":"post","link":"https:\/\/www.welovecycling.com\/wide\/2017\/10\/23\/movie-celebrating-mamils-cool-news-world-cycling\/","title":{"rendered":"Movie Celebrating MAMILs and Other Cool News from the World of  Cycling"},"content":{"rendered":"<p><strong>Another Monday is here and our news from the world of cycling with it! So, what did you miss?<\/strong><br \/>\n<!--more--><\/p>\n<h2><strong>Middle-aged men in Lycra got their own movie<\/strong><\/h2>\n<p>They\u2019ve shaved their legs and they\u2019re here to stay. MAMILs are a phenomenon of our era. So much so that we made our own feature film about one of them. Richard Price, about whom we filmed last year, now stars in a new documentary. Check out the trailer below and see if you can spot the familiar face.<\/p>\n<div class=\"embed-controller-wrapper\">\n<div class=\"embed-wrapper\"><iframe data-src=\"https:\/\/player.vimeo.com\/video\/233252697?dnt=1&amp;app_id=122963\" width=\"500\" height=\"281\" frameborder=\"0\" allow=\"autoplay; fullscreen; picture-in-picture; clipboard-write\"><\/iframe><\/div>\n<\/div>\n<h2><strong>Thwaites\u2019 practical wife<\/strong><\/h2>\n<p>Needless to say, he did make it.<\/p>\n<p>https:\/\/twitter.com\/Scott_Thwaites1\/status\/920005497004154882<\/p>\n<h2><strong>Brad\u2019s cyclo-cross experience<\/strong><\/h2>\n<p>Old but gold!<\/p>\n<div class=\"embed-controller-wrapper\">\n<blockquote class=\"twitter-tweet\" data-width=\"500\" data-dnt=\"true\">\n<p lang=\"en\" dir=\"ltr\">Back in 2001, the first and only time I tried cyclo-cross! \ud83d\ude0e <a href=\"https:\/\/twitter.com\/hashtag\/TBT?src=hash&amp;ref_src=twsrc%5Etfw\">#TBT<\/a> <a href=\"https:\/\/t.co\/QHgrUbOs24\">pic.twitter.com\/QHgrUbOs24<\/a><\/p>\n<p>&mdash; Brad Wiggins (@SirWiggo) <a href=\"https:\/\/twitter.com\/SirWiggo\/status\/918441187937308673?ref_src=twsrc%5Etfw\">October 12, 2017<\/a><\/p><\/blockquote>\n<p><script async data-src=\"https:\/\/platform.twitter.com\/widgets.js\" charset=\"utf-8\"><\/script><\/div>\n<h2><strong>Connor\u2019s a big guy!<\/strong><\/h2>\n<p>https:\/\/twitter.com\/conordunnealot\/status\/919936802609299456<\/p>\n<h2><strong>The after-ride treats<\/strong><\/h2>\n<p>That\u2019s what a cookie jar should look like.<\/p>\n<div class=\"embed-controller-wrapper\">\n<blockquote class=\"twitter-tweet\" data-width=\"500\" data-dnt=\"true\">\n<p lang=\"en\" dir=\"ltr\">Oh yeah! This is what I&#39;ve been looking for! The cookie trough! <a href=\"https:\/\/t.co\/B5OvNUEX8S\">pic.twitter.com\/B5OvNUEX8S<\/a><\/p>\n<p>&mdash; Alex Howes (@alex_howes) <a href=\"https:\/\/twitter.com\/alex_howes\/status\/919711463232618496?ref_src=twsrc%5Etfw\">October 15, 2017<\/a><\/p><\/blockquote>\n<p><script async data-src=\"https:\/\/platform.twitter.com\/widgets.js\" charset=\"utf-8\"><\/script><\/div>\n<h2><strong>Tour de France 2018 route<\/strong><\/h2>\n<p>The new route has been revealed in Paris and it\u2019s a nice mix of innovation and tradition. For the first time since 2015, Alpe d\u2019Huez and the famous Paris-Roubaix cobbles will return. There will be mountain stages in the Pyrenees. And a hilly 31km time trial on the final weekend. It is one of the shortest Grand Boucles in the recent years but it should still be exciting. Check out the whole route in the picture below. What do you think about it?<\/p>\n<p><a href=\"https:\/\/d2p6e6u75xmxt8.cloudfront.net\/2\/2017\/10\/dmvrzpewsaaizdq_670.jpg\"><img loading=\"lazy\" decoding=\"async\" class=\"alignnone size-full wp-image-161746\" src=\"https:\/\/d2p6e6u75xmxt8.cloudfront.net\/2\/2017\/10\/dmvrzpewsaaizdq_670.jpg\" alt=\"\" width=\"670\" height=\"776\" \/><\/a><\/p>\n","protected":false},"excerpt":{"rendered":"<p>Another Monday is here and our news from the world of cycling with it! So, what did you miss?<\/p>\n","protected":false},"author":12,"featured_media":161745,"comment_status":"open","ping_status":"open","sticky":false,"template":"","format":"standard","meta":{"footnotes":""},"categories":[329],"tags":[1432,1431,720,1433,1430],"global-categories":[],"class_list":["post-161741","post","type-post","status-publish","format-standard","has-post-thumbnail","hentry","category-road-cycling","tag-brad-wiggins","tag-conor-dunne","tag-richard-price","tag-scott-thwaites","tag-tour-de-france-2018-route"],"yoast_head":"<!-- This site is optimized with the Yoast SEO Premium plugin v25.3 (Yoast SEO v25.9) - https:\/\/yoast.com\/wordpress\/plugins\/seo\/ -->\n<title>Movie Celebrating MAMILs and Other Cool News from the World of Cycling - \u0160koda We Love Cycling<\/title>\n<meta name=\"description\" content=\"Another Monday is here and our news from the world of cycling with it! So, what did you miss? Middle-aged men in Lycra got their own movie They\u2019ve shaved\" \/>\n<meta name=\"robots\" content=\"index, follow, max-snippet:-1, max-image-preview:large, max-video-preview:-1\" \/>\n<link rel=\"canonical\" href=\"https:\/\/www.welovecycling.com\/wide\/2017\/10\/23\/movie-celebrating-mamils-cool-news-world-cycling\/\" \/>\n<meta property=\"og:locale\" content=\"en_US\" \/>\n<meta property=\"og:type\" content=\"article\" \/>\n<meta property=\"og:title\" content=\"Movie Celebrating MAMILs and Other Cool News from the World of Cycling\" \/>\n<meta property=\"og:description\" content=\"Another Monday is here and our news from the world of cycling with it! So, what did you miss? Middle-aged men in Lycra got their own movie They\u2019ve shaved\" \/>\n<meta property=\"og:url\" content=\"https:\/\/www.welovecycling.com\/wide\/2017\/10\/23\/movie-celebrating-mamils-cool-news-world-cycling\/\" \/>\n<meta property=\"og:site_name\" content=\"\u0160koda We Love Cycling\" \/>\n<meta property=\"article:published_time\" content=\"2017-10-23T13:32:18+00:00\" \/>\n<meta property=\"og:image\" content=\"https:\/\/d2p6e6u75xmxt8.cloudfront.net\/2\/2017\/10\/mamilcover.webp\" \/>\n\t<meta property=\"og:image:width\" content=\"900\" \/>\n\t<meta property=\"og:image:height\" content=\"600\" \/>\n\t<meta property=\"og:image:type\" content=\"image\/webp\" \/>\n<meta name=\"twitter:card\" content=\"summary_large_image\" \/>\n<meta name=\"twitter:label1\" content=\"Written by\" \/>\n\t<meta name=\"twitter:data1\" content=\"Martin Mrazek\" \/>\n\t<meta name=\"twitter:label2\" content=\"Est. reading time\" \/>\n\t<meta name=\"twitter:data2\" content=\"1 minute\" \/>\n<script type=\"application\/ld+json\" class=\"yoast-schema-graph\">{\"@context\":\"https:\/\/schema.org\",\"@graph\":[{\"@type\":\"WebPage\",\"@id\":\"https:\/\/www.welovecycling.com\/wide\/2017\/10\/23\/movie-celebrating-mamils-cool-news-world-cycling\/\",\"url\":\"https:\/\/www.welovecycling.com\/wide\/2017\/10\/23\/movie-celebrating-mamils-cool-news-world-cycling\/\",\"name\":\"Movie Celebrating MAMILs and Other Cool News from the World of Cycling - \u0160koda We Love Cycling\",\"isPartOf\":{\"@id\":\"https:\/\/www.welovecycling.com\/wide\/#website\"},\"primaryImageOfPage\":{\"@id\":\"https:\/\/www.welovecycling.com\/wide\/2017\/10\/23\/movie-celebrating-mamils-cool-news-world-cycling\/#primaryimage\"},\"image\":{\"@id\":\"https:\/\/www.welovecycling.com\/wide\/2017\/10\/23\/movie-celebrating-mamils-cool-news-world-cycling\/#primaryimage\"},\"thumbnailUrl\":\"https:\/\/d2p6e6u75xmxt8.cloudfront.net\/2\/2017\/10\/mamilcover.webp\",\"datePublished\":\"2017-10-23T13:32:18+00:00\",\"author\":{\"@id\":\"\"},\"description\":\"Another Monday is here and our news from the world of cycling with it! So, what did you miss? Middle-aged men in Lycra got their own movie They\u2019ve shaved\",\"breadcrumb\":{\"@id\":\"https:\/\/www.welovecycling.com\/wide\/2017\/10\/23\/movie-celebrating-mamils-cool-news-world-cycling\/#breadcrumb\"},\"inLanguage\":\"en-US\",\"potentialAction\":[{\"@type\":\"ReadAction\",\"target\":[\"https:\/\/www.welovecycling.com\/wide\/2017\/10\/23\/movie-celebrating-mamils-cool-news-world-cycling\/\"]}]},{\"@type\":\"ImageObject\",\"inLanguage\":\"en-US\",\"@id\":\"https:\/\/www.welovecycling.com\/wide\/2017\/10\/23\/movie-celebrating-mamils-cool-news-world-cycling\/#primaryimage\",\"url\":\"https:\/\/d2p6e6u75xmxt8.cloudfront.net\/2\/2017\/10\/mamilcover.webp\",\"contentUrl\":\"https:\/\/d2p6e6u75xmxt8.cloudfront.net\/2\/2017\/10\/mamilcover.webp\",\"width\":900,\"height\":600},{\"@type\":\"BreadcrumbList\",\"@id\":\"https:\/\/www.welovecycling.com\/wide\/2017\/10\/23\/movie-celebrating-mamils-cool-news-world-cycling\/#breadcrumb\",\"itemListElement\":[{\"@type\":\"ListItem\",\"position\":1,\"name\":\"Home\",\"item\":\"https:\/\/www.welovecycling.com\/wide\/\"},{\"@type\":\"ListItem\",\"position\":2,\"name\":\"Movie Celebrating MAMILs and Other Cool News from the World of Cycling\"}]},{\"@type\":\"WebSite\",\"@id\":\"https:\/\/www.welovecycling.com\/wide\/#website\",\"url\":\"https:\/\/www.welovecycling.com\/wide\/\",\"name\":\"\u0160koda We Love Cycling\",\"description\":\"\u0160koda We Love Cycling magazine\",\"alternateName\":\"\u0160koda WLC\",\"potentialAction\":[{\"@type\":\"SearchAction\",\"target\":{\"@type\":\"EntryPoint\",\"urlTemplate\":\"https:\/\/www.welovecycling.com\/wide\/?s={search_term_string}\"},\"query-input\":{\"@type\":\"PropertyValueSpecification\",\"valueRequired\":true,\"valueName\":\"search_term_string\"}}],\"inLanguage\":\"en-US\"},{\"@type\":\"Person\",\"@id\":\"\",\"url\":\"https:\/\/www.welovecycling.com\/wide\/author\/\"}]}<\/script>\n<!-- \/ Yoast SEO Premium plugin. -->","yoast_head_json":{"title":"Movie Celebrating MAMILs and Other Cool News from the World of Cycling - \u0160koda We Love Cycling","description":"Another Monday is here and our news from the world of cycling with it! So, what did you miss? Middle-aged men in Lycra got their own movie They\u2019ve shaved","robots":{"index":"index","follow":"follow","max-snippet":"max-snippet:-1","max-image-preview":"max-image-preview:large","max-video-preview":"max-video-preview:-1"},"canonical":"https:\/\/www.welovecycling.com\/wide\/2017\/10\/23\/movie-celebrating-mamils-cool-news-world-cycling\/","og_locale":"en_US","og_type":"article","og_title":"Movie Celebrating MAMILs and Other Cool News from the World of Cycling","og_description":"Another Monday is here and our news from the world of cycling with it! So, what did you miss? Middle-aged men in Lycra got their own movie They\u2019ve shaved","og_url":"https:\/\/www.welovecycling.com\/wide\/2017\/10\/23\/movie-celebrating-mamils-cool-news-world-cycling\/","og_site_name":"\u0160koda We Love Cycling","article_published_time":"2017-10-23T13:32:18+00:00","og_image":[{"width":900,"height":600,"url":"https:\/\/d2p6e6u75xmxt8.cloudfront.net\/2\/2017\/10\/mamilcover.webp","type":"image\/webp"}],"twitter_card":"summary_large_image","twitter_misc":{"Written by":"Martin Mrazek","Est. reading time":"1 minute"},"schema":{"@context":"https:\/\/schema.org","@graph":[{"@type":"WebPage","@id":"https:\/\/www.welovecycling.com\/wide\/2017\/10\/23\/movie-celebrating-mamils-cool-news-world-cycling\/","url":"https:\/\/www.welovecycling.com\/wide\/2017\/10\/23\/movie-celebrating-mamils-cool-news-world-cycling\/","name":"Movie Celebrating MAMILs and Other Cool News from the World of Cycling - \u0160koda We Love Cycling","isPartOf":{"@id":"https:\/\/www.welovecycling.com\/wide\/#website"},"primaryImageOfPage":{"@id":"https:\/\/www.welovecycling.com\/wide\/2017\/10\/23\/movie-celebrating-mamils-cool-news-world-cycling\/#primaryimage"},"image":{"@id":"https:\/\/www.welovecycling.com\/wide\/2017\/10\/23\/movie-celebrating-mamils-cool-news-world-cycling\/#primaryimage"},"thumbnailUrl":"https:\/\/d2p6e6u75xmxt8.cloudfront.net\/2\/2017\/10\/mamilcover.webp","datePublished":"2017-10-23T13:32:18+00:00","author":{"@id":""},"description":"Another Monday is here and our news from the world of cycling with it! So, what did you miss? Middle-aged men in Lycra got their own movie They\u2019ve shaved","breadcrumb":{"@id":"https:\/\/www.welovecycling.com\/wide\/2017\/10\/23\/movie-celebrating-mamils-cool-news-world-cycling\/#breadcrumb"},"inLanguage":"en-US","potentialAction":[{"@type":"ReadAction","target":["https:\/\/www.welovecycling.com\/wide\/2017\/10\/23\/movie-celebrating-mamils-cool-news-world-cycling\/"]}]},{"@type":"ImageObject","inLanguage":"en-US","@id":"https:\/\/www.welovecycling.com\/wide\/2017\/10\/23\/movie-celebrating-mamils-cool-news-world-cycling\/#primaryimage","url":"https:\/\/d2p6e6u75xmxt8.cloudfront.net\/2\/2017\/10\/mamilcover.webp","contentUrl":"https:\/\/d2p6e6u75xmxt8.cloudfront.net\/2\/2017\/10\/mamilcover.webp","width":900,"height":600},{"@type":"BreadcrumbList","@id":"https:\/\/www.welovecycling.com\/wide\/2017\/10\/23\/movie-celebrating-mamils-cool-news-world-cycling\/#breadcrumb","itemListElement":[{"@type":"ListItem","position":1,"name":"Home","item":"https:\/\/www.welovecycling.com\/wide\/"},{"@type":"ListItem","position":2,"name":"Movie Celebrating MAMILs and Other Cool News from the World of Cycling"}]},{"@type":"WebSite","@id":"https:\/\/www.welovecycling.com\/wide\/#website","url":"https:\/\/www.welovecycling.com\/wide\/","name":"\u0160koda We Love Cycling","description":"\u0160koda We Love Cycling magazine","alternateName":"\u0160koda WLC","potentialAction":[{"@type":"SearchAction","target":{"@type":"EntryPoint","urlTemplate":"https:\/\/www.welovecycling.com\/wide\/?s={search_term_string}"},"query-input":{"@type":"PropertyValueSpecification","valueRequired":true,"valueName":"search_term_string"}}],"inLanguage":"en-US"},{"@type":"Person","@id":"","url":"https:\/\/www.welovecycling.com\/wide\/author\/"}]}},"_links":{"self":[{"href":"https:\/\/www.welovecycling.com\/wide\/wp-json\/wp\/v2\/posts\/161741","targetHints":{"allow":["GET"]}}],"collection":[{"href":"https:\/\/www.welovecycling.com\/wide\/wp-json\/wp\/v2\/posts"}],"about":[{"href":"https:\/\/www.welovecycling.com\/wide\/wp-json\/wp\/v2\/types\/post"}],"author":[{"embeddable":true,"href":"https:\/\/www.welovecycling.com\/wide\/wp-json\/wp\/v2\/users\/12"}],"replies":[{"embeddable":true,"href":"https:\/\/www.welovecycling.com\/wide\/wp-json\/wp\/v2\/comments?post=161741"}],"version-history":[{"count":2,"href":"https:\/\/www.welovecycling.com\/wide\/wp-json\/wp\/v2\/posts\/161741\/revisions"}],"predecessor-version":[{"id":161747,"href":"https:\/\/www.welovecycling.com\/wide\/wp-json\/wp\/v2\/posts\/161741\/revisions\/161747"}],"wp:featuredmedia":[{"embeddable":true,"href":"https:\/\/www.welovecycling.com\/wide\/wp-json\/wp\/v2\/media\/161745"}],"wp:attachment":[{"href":"https:\/\/www.welovecycling.com\/wide\/wp-json\/wp\/v2\/media?parent=161741"}],"wp:term":[{"taxonomy":"category","embeddable":true,"href":"https:\/\/www.welovecycling.com\/wide\/wp-json\/wp\/v2\/categories?post=161741"},{"taxonomy":"post_tag","embeddable":true,"href":"https:\/\/www.welovecycling.com\/wide\/wp-json\/wp\/v2\/tags?post=161741"},{"taxonomy":"global-categories","embeddable":true,"href":"https:\/\/www.welovecycling.com\/wide\/wp-json\/wp\/v2\/global-categories?post=161741"}],"curies":[{"name":"wp","href":"https:\/\/api.w.org\/{rel}","templated":true}]}}