{"id":161735,"date":"2017-10-23T08:51:30","date_gmt":"2017-10-23T08:51:30","guid":{"rendered":"https:\/\/www.welovecycling.com\/wide\/?p=161735"},"modified":"2017-10-23T08:51:47","modified_gmt":"2017-10-23T08:51:47","slug":"barcelona-turning-cycling-city","status":"publish","type":"post","link":"https:\/\/www.welovecycling.com\/wide\/2017\/10\/23\/barcelona-turning-cycling-city\/","title":{"rendered":"How Barcelona Is Turning into a Cycling City"},"content":{"rendered":"<p><strong>Welcome to Barcelona \u2013 where the architecture is inspiring, the climate is balmy and cycling is a way of life \u2013 or at least it is now.<\/strong><!--more--><\/p>\n<p>In a city that has 60% more sunlight per year than most of its European neighbours and where Gaudi left quite a mark for all creative-minded people of generations to come, it is perhaps no wonder that an outdoor mode of transport is preferred. But that\u2019s not the only reason why the cyclists of Barcelona can enjoy improved infrastructure. The city is incentivised to improve air quality and reduce pollution and make its environment healthier for both city residents and visitors.<\/p>\n<figure id=\"attachment_161738\" aria-describedby=\"caption-attachment-161738\" style=\"width: 1250px\" class=\"wp-caption alignnone\"><a href=\"https:\/\/d2p6e6u75xmxt8.cloudfront.net\/2\/2017\/10\/profimedia-0283472445.jpg\"><img loading=\"lazy\" decoding=\"async\" class=\"size-full wp-image-161738\" src=\"https:\/\/d2p6e6u75xmxt8.cloudfront.net\/2\/2017\/10\/profimedia-0283472445.jpg\" alt=\"\" width=\"1250\" height=\"833\" \/><\/a><figcaption id=\"caption-attachment-161738\" class=\"wp-caption-text\">Cycling tour groups in the center of Barcelona in front of the City Hall.<\/figcaption><\/figure>\n<p>According to several studies, air pollution alone causes 3,500 premature deaths a year in Barcelona\u2019s metropolitan area (with a population of 3.2 million) and has severe effects on local ecosystems and agriculture, which has sparked a desire to make a change.<\/p>\n<p>Historically, Barcelona was ahead of its time when trying to create a healthy city environment, as its original grid system, designed in the late 19th century by Ildefons Cerd\u00e0, was intended to be a city that could breathe \u2013 for both ideological and public health reasons. Over time, speedy urbanisation has overwhelmed the good intentions, but now it seems that the city is going back to the original plan with health and wellbeing at the core.<\/p>\n<div class=\"shortcode-ys-post-pinup\"><article class=\"loop-simple post-144974 post type-post status-publish format-standard has-post-thumbnail hentry category-urban-cycling tag-8-house tag-bike-unfriendly tag-bike-autobahn tag-cycling-infrastructure tag-melkwegbridge tag-peace-bridge tag-san-sebastian-bicycle-tunnel tag-the-bicycle-snake tag-urbanism\" data-postid=\"144974\" role=\"article\" data-post-id=\"144974\" data-word-count=\"355\" data-headline-length=\"69\" data-category=\"Urban cycling\" data-author=\"Monica Buck\" data-published=\"2016-11-16T13:53:31+00:00\" data-published-day=\"Wednesday\">\n    <div class=\"entry-thumbnail article-thumbnail\" content=\"https:\/\/d2p6e6u75xmxt8.cloudfront.net\/2\/2016\/11\/stavby1-150x150.webp\"><a href=\"https:\/\/www.welovecycling.com\/wide\/2016\/11\/16\/top-10-pieces-cycling-infrastructure-country-right\/\" class=\"image-holder\" target=\"_self\"><img decoding=\"async\" loading=\"lazy\" class=\"\" src=\"https:\/\/d2p6e6u75xmxt8.cloudfront.net\/2\/2016\/11\/stavby1.webp\" srcset=\"https:\/\/d2p6e6u75xmxt8.cloudfront.net\/2\/2016\/11\/stavby1.webp 900w, https:\/\/d2p6e6u75xmxt8.cloudfront.net\/2\/2016\/11\/stavby1-300x200.webp 300w, https:\/\/d2p6e6u75xmxt8.cloudfront.net\/2\/2016\/11\/stavby1-768x512.webp 768w, https:\/\/d2p6e6u75xmxt8.cloudfront.net\/2\/2016\/11\/stavby1-272x182.webp 272w\" width=\"900\" height=\"600\" sizes=\"auto, (min-width: 1200px) 300px, (min-width: 768px) 25vw, 100vw\" alt=\"top-10-pieces-cycling-infrastructure-country-right\"\/><\/a><\/div>    <div class=\"entry-meta\">\n        <a class=\"label label-secondary post-category\" href=\"https:\/\/www.welovecycling.com\/wide\/category\/urban-cycling\/\" title=\"Urban cycling\">Urban cycling<\/a>\n    <\/div>\n    <div class=\"entry-details\">\n        <a href=\"https:\/\/www.welovecycling.com\/wide\/2016\/11\/16\/top-10-pieces-cycling-infrastructure-country-right\/\" class='entry-title-wrapper'>\n            <h3 class=\"entry-title\"><span>Top 10 Pieces of Cycling Infrastructure: Which Country Does It Right?<\/span><\/h3>\n        <\/a>\n    <\/div>\n    <\/article>\n<\/div>\n<p>While so many cities navel-gaze trying to find a solution to safely encourage more cyclists and improve facilities for those already passionate about cycling, since 2007, Barcelona has made heroic efforts to upgrade its biking infrastructure in order to meet the demands of 21st-century commuters. That includes construction of special bike paths with the promise to build more than 300km in the near future\u2026<\/p>\n<p>Predominantly located in long stretches outside of Barcelona\u2019s oldest and most popular districts, the separate lanes work perfectly in the wide avenues and grid street systems, which can be found in Eixample (where the plan started) and Sant Marti. The result is that they are not just practical, they\u2019re a joy to cycle along as well.<\/p>\n<p>While many cities have followed suit, Barcelona was also the first city in Europe to initiate a large-scale public bike share system with well over 400 stations scattered throughout the city.<\/p>\n<figure id=\"attachment_161739\" aria-describedby=\"caption-attachment-161739\" style=\"width: 1250px\" class=\"wp-caption alignnone\"><a href=\"https:\/\/d2p6e6u75xmxt8.cloudfront.net\/2\/2017\/10\/profimedia-0254643839.jpg\"><img loading=\"lazy\" decoding=\"async\" class=\"size-full wp-image-161739\" src=\"https:\/\/d2p6e6u75xmxt8.cloudfront.net\/2\/2017\/10\/profimedia-0254643839.jpg\" alt=\"\" width=\"1250\" height=\"920\" \/><\/a><figcaption id=\"caption-attachment-161739\" class=\"wp-caption-text\">A woman cycling on a bicycle on the Passeig Maritim, Barceloneta.<\/figcaption><\/figure>\n<p>The efforts are all part of a new mobility plan to reduce traffic by 21% and to turn secondary streets into \u2018citizen spaces\u2019 for culture, leisure and the community. The plans are intended to free up nearly 60% of streets that are currently used only by cars. That can be achieved by using the idea of superilles (superblocks) or mini neighbourhoods, around which traffic will flow, and where spaces will be repurposed to \u201cfill our city with life\u201d.<\/p>\n<p>In short, the goal is to turn Barcelona into a city for living, but one happy upshot of the makeover is that it is also fast becoming a city for cyclists.<\/p>\n","protected":false},"excerpt":{"rendered":"<p>Welcome to Barcelona \u2013 where the architecture is inspiring, the climate is balmy and cycling is a way of life [&hellip;]<\/p>\n","protected":false},"author":12,"featured_media":161737,"comment_status":"open","ping_status":"open","sticky":false,"template":"","format":"standard","meta":{"footnotes":""},"categories":[330],"tags":[980,490,620],"global-categories":[],"class_list":["post-161735","post","type-post","status-publish","format-standard","has-post-thumbnail","hentry","category-urban-cycling","tag-barcelona","tag-cycling","tag-cycling-infrastructure"],"yoast_head":"<!-- This site is optimized with the Yoast SEO Premium plugin v25.3 (Yoast SEO v25.9) - https:\/\/yoast.com\/wordpress\/plugins\/seo\/ -->\n<title>How Barcelona Is Turning into a Cycling City - \u0160koda We Love Cycling<\/title>\n<meta name=\"description\" content=\"Welcome to Barcelona \u2013 where the architecture is inspiring, the climate is balmy and cycling is a way of life \u2013 or at least it is now. In a city that has\" \/>\n<meta name=\"robots\" content=\"index, follow, max-snippet:-1, max-image-preview:large, max-video-preview:-1\" \/>\n<link rel=\"canonical\" href=\"https:\/\/www.welovecycling.com\/wide\/2017\/10\/23\/barcelona-turning-cycling-city\/\" \/>\n<meta property=\"og:locale\" content=\"en_US\" \/>\n<meta property=\"og:type\" content=\"article\" \/>\n<meta property=\"og:title\" content=\"How Barcelona Is Turning into a Cycling City\" \/>\n<meta property=\"og:description\" content=\"Welcome to Barcelona \u2013 where the architecture is inspiring, the climate is balmy and cycling is a way of life \u2013 or at least it is now. In a city that has\" \/>\n<meta property=\"og:url\" content=\"https:\/\/www.welovecycling.com\/wide\/2017\/10\/23\/barcelona-turning-cycling-city\/\" \/>\n<meta property=\"og:site_name\" content=\"\u0160koda We Love Cycling\" \/>\n<meta property=\"article:published_time\" content=\"2017-10-23T08:51:30+00:00\" \/>\n<meta property=\"article:modified_time\" content=\"2017-10-23T08:51:47+00:00\" \/>\n<meta property=\"og:image\" content=\"https:\/\/d2p6e6u75xmxt8.cloudfront.net\/2\/2017\/10\/profimedia-0055348298-1.webp\" \/>\n\t<meta property=\"og:image:width\" content=\"900\" \/>\n\t<meta property=\"og:image:height\" content=\"600\" \/>\n\t<meta property=\"og:image:type\" content=\"image\/webp\" \/>\n<meta name=\"twitter:card\" content=\"summary_large_image\" \/>\n<meta name=\"twitter:label1\" content=\"Written by\" \/>\n\t<meta name=\"twitter:data1\" content=\"Monica Buck\" \/>\n\t<meta name=\"twitter:label2\" content=\"Est. reading time\" \/>\n\t<meta name=\"twitter:data2\" content=\"3 minutes\" \/>\n<script type=\"application\/ld+json\" class=\"yoast-schema-graph\">{\"@context\":\"https:\/\/schema.org\",\"@graph\":[{\"@type\":\"WebPage\",\"@id\":\"https:\/\/www.welovecycling.com\/wide\/2017\/10\/23\/barcelona-turning-cycling-city\/\",\"url\":\"https:\/\/www.welovecycling.com\/wide\/2017\/10\/23\/barcelona-turning-cycling-city\/\",\"name\":\"How Barcelona Is Turning into a Cycling City - \u0160koda We Love Cycling\",\"isPartOf\":{\"@id\":\"https:\/\/www.welovecycling.com\/wide\/#website\"},\"primaryImageOfPage\":{\"@id\":\"https:\/\/www.welovecycling.com\/wide\/2017\/10\/23\/barcelona-turning-cycling-city\/#primaryimage\"},\"image\":{\"@id\":\"https:\/\/www.welovecycling.com\/wide\/2017\/10\/23\/barcelona-turning-cycling-city\/#primaryimage\"},\"thumbnailUrl\":\"https:\/\/d2p6e6u75xmxt8.cloudfront.net\/2\/2017\/10\/profimedia-0055348298-1.webp\",\"datePublished\":\"2017-10-23T08:51:30+00:00\",\"dateModified\":\"2017-10-23T08:51:47+00:00\",\"author\":{\"@id\":\"\"},\"description\":\"Welcome to Barcelona \u2013 where the architecture is inspiring, the climate is balmy and cycling is a way of life \u2013 or at least it is now. In a city that has\",\"breadcrumb\":{\"@id\":\"https:\/\/www.welovecycling.com\/wide\/2017\/10\/23\/barcelona-turning-cycling-city\/#breadcrumb\"},\"inLanguage\":\"en-US\",\"potentialAction\":[{\"@type\":\"ReadAction\",\"target\":[\"https:\/\/www.welovecycling.com\/wide\/2017\/10\/23\/barcelona-turning-cycling-city\/\"]}]},{\"@type\":\"ImageObject\",\"inLanguage\":\"en-US\",\"@id\":\"https:\/\/www.welovecycling.com\/wide\/2017\/10\/23\/barcelona-turning-cycling-city\/#primaryimage\",\"url\":\"https:\/\/d2p6e6u75xmxt8.cloudfront.net\/2\/2017\/10\/profimedia-0055348298-1.webp\",\"contentUrl\":\"https:\/\/d2p6e6u75xmxt8.cloudfront.net\/2\/2017\/10\/profimedia-0055348298-1.webp\",\"width\":900,\"height\":600},{\"@type\":\"BreadcrumbList\",\"@id\":\"https:\/\/www.welovecycling.com\/wide\/2017\/10\/23\/barcelona-turning-cycling-city\/#breadcrumb\",\"itemListElement\":[{\"@type\":\"ListItem\",\"position\":1,\"name\":\"Home\",\"item\":\"https:\/\/www.welovecycling.com\/wide\/\"},{\"@type\":\"ListItem\",\"position\":2,\"name\":\"How Barcelona Is Turning into a Cycling City\"}]},{\"@type\":\"WebSite\",\"@id\":\"https:\/\/www.welovecycling.com\/wide\/#website\",\"url\":\"https:\/\/www.welovecycling.com\/wide\/\",\"name\":\"\u0160koda We Love Cycling\",\"description\":\"\u0160koda We Love Cycling magazine\",\"alternateName\":\"\u0160koda WLC\",\"potentialAction\":[{\"@type\":\"SearchAction\",\"target\":{\"@type\":\"EntryPoint\",\"urlTemplate\":\"https:\/\/www.welovecycling.com\/wide\/?s={search_term_string}\"},\"query-input\":{\"@type\":\"PropertyValueSpecification\",\"valueRequired\":true,\"valueName\":\"search_term_string\"}}],\"inLanguage\":\"en-US\"},{\"@type\":\"Person\",\"@id\":\"\",\"url\":\"https:\/\/www.welovecycling.com\/wide\/author\/\"}]}<\/script>\n<!-- \/ Yoast SEO Premium plugin. -->","yoast_head_json":{"title":"How Barcelona Is Turning into a Cycling City - \u0160koda We Love Cycling","description":"Welcome to Barcelona \u2013 where the architecture is inspiring, the climate is balmy and cycling is a way of life \u2013 or at least it is now. In a city that has","robots":{"index":"index","follow":"follow","max-snippet":"max-snippet:-1","max-image-preview":"max-image-preview:large","max-video-preview":"max-video-preview:-1"},"canonical":"https:\/\/www.welovecycling.com\/wide\/2017\/10\/23\/barcelona-turning-cycling-city\/","og_locale":"en_US","og_type":"article","og_title":"How Barcelona Is Turning into a Cycling City","og_description":"Welcome to Barcelona \u2013 where the architecture is inspiring, the climate is balmy and cycling is a way of life \u2013 or at least it is now. In a city that has","og_url":"https:\/\/www.welovecycling.com\/wide\/2017\/10\/23\/barcelona-turning-cycling-city\/","og_site_name":"\u0160koda We Love Cycling","article_published_time":"2017-10-23T08:51:30+00:00","article_modified_time":"2017-10-23T08:51:47+00:00","og_image":[{"width":900,"height":600,"url":"https:\/\/d2p6e6u75xmxt8.cloudfront.net\/2\/2017\/10\/profimedia-0055348298-1.webp","type":"image\/webp"}],"twitter_card":"summary_large_image","twitter_misc":{"Written by":"Monica Buck","Est. reading time":"3 minutes"},"schema":{"@context":"https:\/\/schema.org","@graph":[{"@type":"WebPage","@id":"https:\/\/www.welovecycling.com\/wide\/2017\/10\/23\/barcelona-turning-cycling-city\/","url":"https:\/\/www.welovecycling.com\/wide\/2017\/10\/23\/barcelona-turning-cycling-city\/","name":"How Barcelona Is Turning into a Cycling City - \u0160koda We Love Cycling","isPartOf":{"@id":"https:\/\/www.welovecycling.com\/wide\/#website"},"primaryImageOfPage":{"@id":"https:\/\/www.welovecycling.com\/wide\/2017\/10\/23\/barcelona-turning-cycling-city\/#primaryimage"},"image":{"@id":"https:\/\/www.welovecycling.com\/wide\/2017\/10\/23\/barcelona-turning-cycling-city\/#primaryimage"},"thumbnailUrl":"https:\/\/d2p6e6u75xmxt8.cloudfront.net\/2\/2017\/10\/profimedia-0055348298-1.webp","datePublished":"2017-10-23T08:51:30+00:00","dateModified":"2017-10-23T08:51:47+00:00","author":{"@id":""},"description":"Welcome to Barcelona \u2013 where the architecture is inspiring, the climate is balmy and cycling is a way of life \u2013 or at least it is now. In a city that has","breadcrumb":{"@id":"https:\/\/www.welovecycling.com\/wide\/2017\/10\/23\/barcelona-turning-cycling-city\/#breadcrumb"},"inLanguage":"en-US","potentialAction":[{"@type":"ReadAction","target":["https:\/\/www.welovecycling.com\/wide\/2017\/10\/23\/barcelona-turning-cycling-city\/"]}]},{"@type":"ImageObject","inLanguage":"en-US","@id":"https:\/\/www.welovecycling.com\/wide\/2017\/10\/23\/barcelona-turning-cycling-city\/#primaryimage","url":"https:\/\/d2p6e6u75xmxt8.cloudfront.net\/2\/2017\/10\/profimedia-0055348298-1.webp","contentUrl":"https:\/\/d2p6e6u75xmxt8.cloudfront.net\/2\/2017\/10\/profimedia-0055348298-1.webp","width":900,"height":600},{"@type":"BreadcrumbList","@id":"https:\/\/www.welovecycling.com\/wide\/2017\/10\/23\/barcelona-turning-cycling-city\/#breadcrumb","itemListElement":[{"@type":"ListItem","position":1,"name":"Home","item":"https:\/\/www.welovecycling.com\/wide\/"},{"@type":"ListItem","position":2,"name":"How Barcelona Is Turning into a Cycling City"}]},{"@type":"WebSite","@id":"https:\/\/www.welovecycling.com\/wide\/#website","url":"https:\/\/www.welovecycling.com\/wide\/","name":"\u0160koda We Love Cycling","description":"\u0160koda We Love Cycling magazine","alternateName":"\u0160koda WLC","potentialAction":[{"@type":"SearchAction","target":{"@type":"EntryPoint","urlTemplate":"https:\/\/www.welovecycling.com\/wide\/?s={search_term_string}"},"query-input":{"@type":"PropertyValueSpecification","valueRequired":true,"valueName":"search_term_string"}}],"inLanguage":"en-US"},{"@type":"Person","@id":"","url":"https:\/\/www.welovecycling.com\/wide\/author\/"}]}},"_links":{"self":[{"href":"https:\/\/www.welovecycling.com\/wide\/wp-json\/wp\/v2\/posts\/161735","targetHints":{"allow":["GET"]}}],"collection":[{"href":"https:\/\/www.welovecycling.com\/wide\/wp-json\/wp\/v2\/posts"}],"about":[{"href":"https:\/\/www.welovecycling.com\/wide\/wp-json\/wp\/v2\/types\/post"}],"author":[{"embeddable":true,"href":"https:\/\/www.welovecycling.com\/wide\/wp-json\/wp\/v2\/users\/12"}],"replies":[{"embeddable":true,"href":"https:\/\/www.welovecycling.com\/wide\/wp-json\/wp\/v2\/comments?post=161735"}],"version-history":[{"count":2,"href":"https:\/\/www.welovecycling.com\/wide\/wp-json\/wp\/v2\/posts\/161735\/revisions"}],"predecessor-version":[{"id":161740,"href":"https:\/\/www.welovecycling.com\/wide\/wp-json\/wp\/v2\/posts\/161735\/revisions\/161740"}],"wp:featuredmedia":[{"embeddable":true,"href":"https:\/\/www.welovecycling.com\/wide\/wp-json\/wp\/v2\/media\/161737"}],"wp:attachment":[{"href":"https:\/\/www.welovecycling.com\/wide\/wp-json\/wp\/v2\/media?parent=161735"}],"wp:term":[{"taxonomy":"category","embeddable":true,"href":"https:\/\/www.welovecycling.com\/wide\/wp-json\/wp\/v2\/categories?post=161735"},{"taxonomy":"post_tag","embeddable":true,"href":"https:\/\/www.welovecycling.com\/wide\/wp-json\/wp\/v2\/tags?post=161735"},{"taxonomy":"global-categories","embeddable":true,"href":"https:\/\/www.welovecycling.com\/wide\/wp-json\/wp\/v2\/global-categories?post=161735"}],"curies":[{"name":"wp","href":"https:\/\/api.w.org\/{rel}","templated":true}]}}